{"id":9839,"date":"2022-08-12T17:06:42","date_gmt":"2022-08-12T14:06:42","guid":{"rendered":"https:\/\/fkzalgiris.lt\/?p=9839"},"modified":"2022-08-30T20:09:39","modified_gmt":"2022-08-30T17:09:39","slug":"sekmadieni-akistata-pries-pasikeitusius-riterius","status":"publish","type":"post","link":"https:\/\/fkzalgiris.lt\/sekmadieni-akistata-pries-pasikeitusius-riterius\/","title":{"rendered":"Sekmadien\u012f \u2013 akistata prie\u0161 pasikeitusius \u201eRiterius\u201c"},"content":{"rendered":"<p>Tarp kov\u0173 Europoje \u201e\u017dalgirio\u201c nuo \u0161iol laukia ir nuolatin\u0117s dvikovos \u0161alies pirmenyb\u0117se. Artimiausia akistata \u2013 sekmadien\u012f Vilniuje prie\u0161 \u201eRiterius\u201c.<\/p>\n<p>Rungtyn\u0117s bus \u017eaid\u017eiamos LFF stadione, j\u0173 formal\u016bs \u0161eimininkai bus \u201eRiteriai\u201c, tod\u0117l \u201e\u017dalgirio\u201c abonementai rungtyn\u0117ms negalios, var\u017eovai taip pat platina ir bilietus \u012f rungtynes.<\/p>\n<p>\u0160\u012f sezon\u0105 \u201e\u017dalgiris\u201c var\u017eovus \u012fveik\u0117 per abi tarpusavio dvikovas. Kovo m\u0117n\u0117s\u012f \u201eRiteriai\u201c nugal\u0117ti 2:0 po Marko Mili\u010dkovi\u010diaus ir Francis Kyeremeh \u012fvar\u010di\u0173 k\u0117lini\u0173 pabaigose. Gegu\u017e\u0119 \u201e\u017dalgiris\u201c laim\u0117jo 1:0, pergaling\u0105 \u012fvart\u012f \u012fmu\u0161\u0117 Mathias Oyewusi.<\/p>\n<p>Tre\u010diojoje komand\u0173 akistatoje var\u017eovams vadovaus ir tre\u010dias skirtingas treneris. Kov\u0105 prie komandos vairo buvo Glennas Stahlis, gegu\u017e\u0117s viduryje \u2013 pastar\u0105j\u012f laikinai pakeit\u0119s Vaidas Sabaliauskas. Nuo gegu\u017e\u0117s m\u0117n. pabaigos \u201eRiteriams\u201c vadovauja ispanas Pablo Villaras.<\/p>\n<p>Jo vadovaujama ekipa per 10 rungtyni\u0173 i\u0161kovojo 5 pergales, dukart su\u017eaid\u0117 lygiosiomis ir patyr\u0117 3 pralaim\u0117jimai.<\/p>\n<p>Visgi per t\u0105 period\u0105 tik 3 kartus teko \u017eaisti su pirmojo \u0161e\u0161eto ekipomis ir n\u0117 karto nepavyko laim\u0117ti. \u201eRiteriai\u201c nusileido \u201eKauno \u017dalgirio\u201c ir \u201eHegelmann\u201c komandoms, taip pat su pirmaisiais su\u017eaid\u0117 lygiosiomis.<\/p>\n<p>Turnyro lentel\u0117je \u201eRiteriai\u201c i\u0161saugojo ketvirt\u0105 pozicij\u0105, bet yra su\u017eaid\u0119 dviem rungtyn\u0117mis daugiau nei persekiojan\u010dios \u201eS\u016bduvos\u201c ir \u201eKauno \u017dalgirio\u201c komandos. Pagal prarastus ta\u0161kus \u201eRiteriai\u201c b\u016bt\u0173 penktoje vietoje.<\/p>\n<p>Komandos sud\u0117tis taip pat keit\u0117si. Ekipos gretas papild\u0117 saugai i\u0161 Serbijos Nikola Eski\u010dius ir Dejanas Mili\u010devi\u010dius, puol\u0117jas Ebuka Onah.<\/p>\n<p>Netek\u010di\u0173 taip pat netr\u016bksta. D\u0117l traum\u0173 sezonas baig\u0117si legionieriams gyn\u0117jui Olaide Badmusui ir saugui Felipe Brisolai. Gyn\u0117jas Dominykas Barauskas pasibaigus kontraktui i\u0161vyko karjeros t\u0119sti Lenkijoje, atsisveikinta su slovaku Toma\u0161u Vestenicky.<\/p>\n<p>Komandos \u0161\u012f kart\u0105 susitiks \u010dempionate, o \u0161\u012f m\u0117nes\u012f dar kart\u0105 tur\u0117t\u0173 i\u0161bandyti j\u0117gas ir \u201eHegelmann LFF taur\u0117s\u201c ketvirtfinalyje.<\/p>\n<p>\u201eOptibet A lygoje\u201c \u201e\u017dalgirio\u201c ir \u201eRiteri\u0173\u201c akistata vyks sekmadien\u012f nuo 17 val. 55 min. Rungtynes tiesiogiai transliuos TV6 televizija.<\/p>\n","protected":false},"excerpt":{"rendered":"<p>Tarp kov\u0173 Europoje \u201e\u017dalgirio\u201c nuo \u0161iol laukia ir nuolatin\u0117s dvikovos \u0161alies pirmenyb\u0117se. Artimiausia akistata \u2013 sekmadien\u012f Vilniuje prie\u0161 \u201eRiterius\u201c. Rungtyn\u0117s bus \u017eaid\u017eiamos LFF stadione, j\u0173\u2026<\/p>\n","protected":false},"author":4,"featured_media":0,"comment_status":"closed","ping_status":"closed","sticky":false,"template":"","format":"standard","meta":{"_acf_changed":false,"footnotes":""},"categories":[87],"class_list":["post-9839","post","type-post","status-publish","format-standard","hentry","category-zalgiris"],"acf":[],"yoast_head":"<!-- This site is optimized with the Yoast SEO plugin v26.8 - https:\/\/yoast.com\/product\/yoast-seo-wordpress\/ -->\n<title>Sekmadien\u012f \u2013 akistata prie\u0161 pasikeitusius \u201eRiterius\u201c - FK \u017dalgiris<\/title>\n<meta name=\"robots\" content=\"index, follow, max-snippet:-1, max-image-preview:large, max-video-preview:-1\" \/>\n<link rel=\"canonical\" href=\"https:\/\/fkzalgiris.lt\/sekmadieni-akistata-pries-pasikeitusius-riterius\/\" \/>\n<meta property=\"og:locale\" content=\"lt_LT\" \/>\n<meta property=\"og:type\" content=\"article\" \/>\n<meta property=\"og:title\" content=\"Sekmadien\u012f \u2013 akistata prie\u0161 pasikeitusius \u201eRiterius\u201c - FK \u017dalgiris\" \/>\n<meta property=\"og:description\" content=\"Tarp kov\u0173 Europoje \u201e\u017dalgirio\u201c nuo \u0161iol laukia ir nuolatin\u0117s dvikovos \u0161alies pirmenyb\u0117se. Artimiausia akistata \u2013 sekmadien\u012f Vilniuje prie\u0161 \u201eRiterius\u201c. Rungtyn\u0117s bus \u017eaid\u017eiamos LFF stadione, j\u0173\u2026\" \/>\n<meta property=\"og:url\" content=\"https:\/\/fkzalgiris.lt\/sekmadieni-akistata-pries-pasikeitusius-riterius\/\" \/>\n<meta property=\"og:site_name\" content=\"FK \u017dalgiris\" \/>\n<meta property=\"article:publisher\" content=\"https:\/\/www.facebook.com\/fkzalgiris\/\" \/>\n<meta property=\"article:published_time\" content=\"2022-08-12T14:06:42+00:00\" \/>\n<meta property=\"article:modified_time\" content=\"2022-08-30T17:09:39+00:00\" \/>\n<meta property=\"og:image\" content=\"https:\/\/fkzalgiris.lt\/wp-content\/uploads\/2024\/02\/social-horiz_Zalgiris_logo_2024.png\" \/>\n\t<meta property=\"og:image:width\" content=\"3356\" \/>\n\t<meta property=\"og:image:height\" content=\"2259\" \/>\n\t<meta property=\"og:image:type\" content=\"image\/png\" \/>\n<meta name=\"author\" content=\"J\" \/>\n<meta name=\"twitter:card\" content=\"summary_large_image\" \/>\n<meta name=\"twitter:creator\" content=\"@fkzalgiris\" \/>\n<meta name=\"twitter:site\" content=\"@fkzalgiris\" \/>\n<meta name=\"twitter:label1\" content=\"Written by\" \/>\n\t<meta name=\"twitter:data1\" content=\"J\" \/>\n\t<meta name=\"twitter:label2\" content=\"Est. reading time\" \/>\n\t<meta name=\"twitter:data2\" content=\"2 minut\u0117s\" \/>\n<script type=\"application\/ld+json\" class=\"yoast-schema-graph\">{\"@context\":\"https:\/\/schema.org\",\"@graph\":[{\"@type\":\"Article\",\"@id\":\"https:\/\/fkzalgiris.lt\/sekmadieni-akistata-pries-pasikeitusius-riterius\/#article\",\"isPartOf\":{\"@id\":\"https:\/\/fkzalgiris.lt\/sekmadieni-akistata-pries-pasikeitusius-riterius\/\"},\"author\":{\"name\":\"J\",\"@id\":\"https:\/\/fkzalgiris.lt\/#\/schema\/person\/8604babbba794a7d8767be324a3eaac8\"},\"headline\":\"Sekmadien\u012f \u2013 akistata prie\u0161 pasikeitusius \u201eRiterius\u201c\",\"datePublished\":\"2022-08-12T14:06:42+00:00\",\"dateModified\":\"2022-08-30T17:09:39+00:00\",\"mainEntityOfPage\":{\"@id\":\"https:\/\/fkzalgiris.lt\/sekmadieni-akistata-pries-pasikeitusius-riterius\/\"},\"wordCount\":316,\"publisher\":{\"@id\":\"https:\/\/fkzalgiris.lt\/#organization\"},\"articleSection\":[\"\u017dalgiris\"],\"inLanguage\":\"lt-LT\"},{\"@type\":\"WebPage\",\"@id\":\"https:\/\/fkzalgiris.lt\/sekmadieni-akistata-pries-pasikeitusius-riterius\/\",\"url\":\"https:\/\/fkzalgiris.lt\/sekmadieni-akistata-pries-pasikeitusius-riterius\/\",\"name\":\"Sekmadien\u012f \u2013 akistata prie\u0161 pasikeitusius \u201eRiterius\u201c - FK \u017dalgiris\",\"isPartOf\":{\"@id\":\"https:\/\/fkzalgiris.lt\/#website\"},\"datePublished\":\"2022-08-12T14:06:42+00:00\",\"dateModified\":\"2022-08-30T17:09:39+00:00\",\"breadcrumb\":{\"@id\":\"https:\/\/fkzalgiris.lt\/sekmadieni-akistata-pries-pasikeitusius-riterius\/#breadcrumb\"},\"inLanguage\":\"lt-LT\",\"potentialAction\":[{\"@type\":\"ReadAction\",\"target\":[\"https:\/\/fkzalgiris.lt\/sekmadieni-akistata-pries-pasikeitusius-riterius\/\"]}]},{\"@type\":\"BreadcrumbList\",\"@id\":\"https:\/\/fkzalgiris.lt\/sekmadieni-akistata-pries-pasikeitusius-riterius\/#breadcrumb\",\"itemListElement\":[{\"@type\":\"ListItem\",\"position\":1,\"name\":\"Home\",\"item\":\"https:\/\/fkzalgiris.lt\/\"},{\"@type\":\"ListItem\",\"position\":2,\"name\":\"Sekmadien\u012f \u2013 akistata prie\u0161 pasikeitusius \u201eRiterius\u201c\"}]},{\"@type\":\"WebSite\",\"@id\":\"https:\/\/fkzalgiris.lt\/#website\",\"url\":\"https:\/\/fkzalgiris.lt\/\",\"name\":\"FK \u017dalgiris\",\"description\":\"oficiali Vilniaus \u201e\u017dalgirio\u201c futbolo klubo svetain\u0117\",\"publisher\":{\"@id\":\"https:\/\/fkzalgiris.lt\/#organization\"},\"potentialAction\":[{\"@type\":\"SearchAction\",\"target\":{\"@type\":\"EntryPoint\",\"urlTemplate\":\"https:\/\/fkzalgiris.lt\/?s={search_term_string}\"},\"query-input\":{\"@type\":\"PropertyValueSpecification\",\"valueRequired\":true,\"valueName\":\"search_term_string\"}}],\"inLanguage\":\"lt-LT\"},{\"@type\":\"Organization\",\"@id\":\"https:\/\/fkzalgiris.lt\/#organization\",\"name\":\"FK \u017dalgiris\",\"url\":\"https:\/\/fkzalgiris.lt\/\",\"logo\":{\"@type\":\"ImageObject\",\"inLanguage\":\"lt-LT\",\"@id\":\"https:\/\/fkzalgiris.lt\/#\/schema\/logo\/image\/\",\"url\":\"https:\/\/fkzalgiris.lt\/wp-content\/uploads\/2024\/01\/horiz-FK-Zalgiris-logo-2015.png\",\"contentUrl\":\"https:\/\/fkzalgiris.lt\/wp-content\/uploads\/2024\/01\/horiz-FK-Zalgiris-logo-2015.png\",\"width\":3073,\"height\":2048,\"caption\":\"FK \u017dalgiris\"},\"image\":{\"@id\":\"https:\/\/fkzalgiris.lt\/#\/schema\/logo\/image\/\"},\"sameAs\":[\"https:\/\/www.facebook.com\/fkzalgiris\/\",\"https:\/\/x.com\/fkzalgiris\",\"https:\/\/www.instagram.com\/fkzalgiris\/\",\"https:\/\/www.youtube.com\/channel\/UC1ag8JLxGirltMUoLlzfZLA\"]},{\"@type\":\"Person\",\"@id\":\"https:\/\/fkzalgiris.lt\/#\/schema\/person\/8604babbba794a7d8767be324a3eaac8\",\"name\":\"J\"}]}<\/script>\n<!-- \/ Yoast SEO plugin. -->","yoast_head_json":{"title":"Sekmadien\u012f \u2013 akistata prie\u0161 pasikeitusius \u201eRiterius\u201c - FK \u017dalgiris","robots":{"index":"index","follow":"follow","max-snippet":"max-snippet:-1","max-image-preview":"max-image-preview:large","max-video-preview":"max-video-preview:-1"},"canonical":"https:\/\/fkzalgiris.lt\/sekmadieni-akistata-pries-pasikeitusius-riterius\/","og_locale":"lt_LT","og_type":"article","og_title":"Sekmadien\u012f \u2013 akistata prie\u0161 pasikeitusius \u201eRiterius\u201c - FK \u017dalgiris","og_description":"Tarp kov\u0173 Europoje \u201e\u017dalgirio\u201c nuo \u0161iol laukia ir nuolatin\u0117s dvikovos \u0161alies pirmenyb\u0117se. Artimiausia akistata \u2013 sekmadien\u012f Vilniuje prie\u0161 \u201eRiterius\u201c. Rungtyn\u0117s bus \u017eaid\u017eiamos LFF stadione, j\u0173\u2026","og_url":"https:\/\/fkzalgiris.lt\/sekmadieni-akistata-pries-pasikeitusius-riterius\/","og_site_name":"FK \u017dalgiris","article_publisher":"https:\/\/www.facebook.com\/fkzalgiris\/","article_published_time":"2022-08-12T14:06:42+00:00","article_modified_time":"2022-08-30T17:09:39+00:00","og_image":[{"width":3356,"height":2259,"url":"https:\/\/fkzalgiris.lt\/wp-content\/uploads\/2024\/02\/social-horiz_Zalgiris_logo_2024.png","type":"image\/png"}],"author":"J","twitter_card":"summary_large_image","twitter_creator":"@fkzalgiris","twitter_site":"@fkzalgiris","twitter_misc":{"Written by":"J","Est. reading time":"2 minut\u0117s"},"schema":{"@context":"https:\/\/schema.org","@graph":[{"@type":"Article","@id":"https:\/\/fkzalgiris.lt\/sekmadieni-akistata-pries-pasikeitusius-riterius\/#article","isPartOf":{"@id":"https:\/\/fkzalgiris.lt\/sekmadieni-akistata-pries-pasikeitusius-riterius\/"},"author":{"name":"J","@id":"https:\/\/fkzalgiris.lt\/#\/schema\/person\/8604babbba794a7d8767be324a3eaac8"},"headline":"Sekmadien\u012f \u2013 akistata prie\u0161 pasikeitusius \u201eRiterius\u201c","datePublished":"2022-08-12T14:06:42+00:00","dateModified":"2022-08-30T17:09:39+00:00","mainEntityOfPage":{"@id":"https:\/\/fkzalgiris.lt\/sekmadieni-akistata-pries-pasikeitusius-riterius\/"},"wordCount":316,"publisher":{"@id":"https:\/\/fkzalgiris.lt\/#organization"},"articleSection":["\u017dalgiris"],"inLanguage":"lt-LT"},{"@type":"WebPage","@id":"https:\/\/fkzalgiris.lt\/sekmadieni-akistata-pries-pasikeitusius-riterius\/","url":"https:\/\/fkzalgiris.lt\/sekmadieni-akistata-pries-pasikeitusius-riterius\/","name":"Sekmadien\u012f \u2013 akistata prie\u0161 pasikeitusius \u201eRiterius\u201c - FK \u017dalgiris","isPartOf":{"@id":"https:\/\/fkzalgiris.lt\/#website"},"datePublished":"2022-08-12T14:06:42+00:00","dateModified":"2022-08-30T17:09:39+00:00","breadcrumb":{"@id":"https:\/\/fkzalgiris.lt\/sekmadieni-akistata-pries-pasikeitusius-riterius\/#breadcrumb"},"inLanguage":"lt-LT","potentialAction":[{"@type":"ReadAction","target":["https:\/\/fkzalgiris.lt\/sekmadieni-akistata-pries-pasikeitusius-riterius\/"]}]},{"@type":"BreadcrumbList","@id":"https:\/\/fkzalgiris.lt\/sekmadieni-akistata-pries-pasikeitusius-riterius\/#breadcrumb","itemListElement":[{"@type":"ListItem","position":1,"name":"Home","item":"https:\/\/fkzalgiris.lt\/"},{"@type":"ListItem","position":2,"name":"Sekmadien\u012f \u2013 akistata prie\u0161 pasikeitusius \u201eRiterius\u201c"}]},{"@type":"WebSite","@id":"https:\/\/fkzalgiris.lt\/#website","url":"https:\/\/fkzalgiris.lt\/","name":"FK \u017dalgiris","description":"oficiali Vilniaus \u201e\u017dalgirio\u201c futbolo klubo svetain\u0117","publisher":{"@id":"https:\/\/fkzalgiris.lt\/#organization"},"potentialAction":[{"@type":"SearchAction","target":{"@type":"EntryPoint","urlTemplate":"https:\/\/fkzalgiris.lt\/?s={search_term_string}"},"query-input":{"@type":"PropertyValueSpecification","valueRequired":true,"valueName":"search_term_string"}}],"inLanguage":"lt-LT"},{"@type":"Organization","@id":"https:\/\/fkzalgiris.lt\/#organization","name":"FK \u017dalgiris","url":"https:\/\/fkzalgiris.lt\/","logo":{"@type":"ImageObject","inLanguage":"lt-LT","@id":"https:\/\/fkzalgiris.lt\/#\/schema\/logo\/image\/","url":"https:\/\/fkzalgiris.lt\/wp-content\/uploads\/2024\/01\/horiz-FK-Zalgiris-logo-2015.png","contentUrl":"https:\/\/fkzalgiris.lt\/wp-content\/uploads\/2024\/01\/horiz-FK-Zalgiris-logo-2015.png","width":3073,"height":2048,"caption":"FK \u017dalgiris"},"image":{"@id":"https:\/\/fkzalgiris.lt\/#\/schema\/logo\/image\/"},"sameAs":["https:\/\/www.facebook.com\/fkzalgiris\/","https:\/\/x.com\/fkzalgiris","https:\/\/www.instagram.com\/fkzalgiris\/","https:\/\/www.youtube.com\/channel\/UC1ag8JLxGirltMUoLlzfZLA"]},{"@type":"Person","@id":"https:\/\/fkzalgiris.lt\/#\/schema\/person\/8604babbba794a7d8767be324a3eaac8","name":"J"}]}},"_links":{"self":[{"href":"https:\/\/fkzalgiris.lt\/api\/wp\/v2\/posts\/9839","targetHints":{"allow":["GET"]}}],"collection":[{"href":"https:\/\/fkzalgiris.lt\/api\/wp\/v2\/posts"}],"about":[{"href":"https:\/\/fkzalgiris.lt\/api\/wp\/v2\/types\/post"}],"author":[{"embeddable":true,"href":"https:\/\/fkzalgiris.lt\/api\/wp\/v2\/users\/4"}],"replies":[{"embeddable":true,"href":"https:\/\/fkzalgiris.lt\/api\/wp\/v2\/comments?post=9839"}],"version-history":[{"count":5,"href":"https:\/\/fkzalgiris.lt\/api\/wp\/v2\/posts\/9839\/revisions"}],"predecessor-version":[{"id":10081,"href":"https:\/\/fkzalgiris.lt\/api\/wp\/v2\/posts\/9839\/revisions\/10081"}],"wp:attachment":[{"href":"https:\/\/fkzalgiris.lt\/api\/wp\/v2\/media?parent=9839"}],"wp:term":[{"taxonomy":"category","embeddable":true,"href":"https:\/\/fkzalgiris.lt\/api\/wp\/v2\/categories?post=9839"}],"curies":[{"name":"wp","href":"https:\/\/api.w.org\/{rel}","templated":true}]}}