{"id":9812,"date":"2022-08-10T18:42:33","date_gmt":"2022-08-10T15:42:33","guid":{"rendered":"https:\/\/fkzalgiris.lt\/?p=9812"},"modified":"2022-08-10T18:42:33","modified_gmt":"2022-08-10T15:42:33","slug":"v-ceburinas-su-tokiu-varzovu-galima-ir-reikia-zaisti","status":"publish","type":"post","link":"https:\/\/fkzalgiris.lt\/v-ceburinas-su-tokiu-varzovu-galima-ir-reikia-zaisti\/","title":{"rendered":"V. \u010ceburinas: \u201eSu tokiu var\u017eovu galima ir reikia \u017eaisti\u201c"},"content":{"rendered":"<p>Po \u010cempion\u0173 lygos tre\u010diojo atrankos etapo atsakom\u0173j\u0173 rungtyni\u0173 Vilniuje \u201e\u017dalgirio\u201c treneris Vladimiras \u010ceburinas pagyr\u0117 \u017eaid\u0117jus u\u017e plano vykdym\u0105, o komandos kapitonas Saulius Mikoli\u016bnas buvo patenkintas pirmuoju k\u0117liniu ir d\u0117kojo aistruoliams u\u017e papildomas j\u0117gas.<\/p>\n<p>\u201ePirmosios minut\u0117s parod\u0117, kad pasiruo\u0161\u0117me gerai. Dar\u0117me spaudim\u0105, k\u016br\u0117me progas. U\u017ebaigimo stadijoje kai kur tr\u016bko \u0161altakrauji\u0161kumo, ar var\u017eovo gynyba gyn\u0117si kompakti\u0161kai. Bravo \u017eaid\u0117jams, jog pri\u0117m\u0117 plan\u0105 ir jo laik\u0117si. \u012emu\u0161\u0117me, buvo prog\u0173. Bet reik\u0117jo antro \u012fvar\u010dio iki pertraukos. Kaip jau \u012fprasta, kontratakose ginam\u0117s silpnai, praradome kamuol\u012f. Praleidome \u012fvart\u012f, po to dar buvo raudona kortel\u0117, \u017einoma, ji nebuvo m\u016bs\u0173 planuose. \u017daid\u0117jai atsakingai, su atsidavimu pasirod\u0117 \u0161iose rungtyn\u0117se. Netgi kai buvo ma\u017eumoje. Taip, nepavyko atsigriebti u\u017e praleistus \u012fvar\u010dius. Ta\u010diau rimtai su\u017eaid\u0117me \u0161ias rungtynes. D\u0117kojame aistruoliams, buvo labai malonu jausti j\u0173 palaikym\u0105\u201c, &#8211; reziumavo treneris.<\/p>\n<div class=\"embed-responsive embed-responsive-16by9 mb-4\"><iframe title=\"Konferencija | \u017dalgiris -  Bodo | \u010ceburin | Post-match press conference [CC]\" src=\"https:\/\/www.youtube.com\/embed\/RRvFTodGD3s?feature=oembed\" frameborder=\"0\" allow=\"accelerometer; autoplay; clipboard-write; encrypted-media; gyroscope; picture-in-picture; web-share\" referrerpolicy=\"strict-origin-when-cross-origin\" allowfullscreen><\/iframe> <\/div>\n<p>\u201eYpa\u010d pirmajame k\u0117linyje buvome kaip komanda labai organizuota ir gynyboje, ir auk\u0161tame spaudime. Tas planas, kur\u012f tur\u0117jome prie\u0161 rungtynes pasiteisino. Ai\u0161ku, jie tur\u0117jo i\u0161\u0117jim\u0173 \u012f taak\u0105, bet visumoje pirmajame k\u0117linyje komanda tikrai parod\u0117 charakter\u012f ir kad galime \u017eaisti su tokiu var\u017eovu\u201c, &#8211; sak\u0117 S. Mikoli\u016bnas.<\/p>\n<div class=\"embed-responsive embed-responsive-16by9 mb-4\"><iframe title=\"Konferencija | \u017dalgiris -  Bodo | Mikoli\u016bnas | Post-match press conference\" src=\"https:\/\/www.youtube.com\/embed\/hQ_avwpUJAg?feature=oembed\" frameborder=\"0\" allow=\"accelerometer; autoplay; clipboard-write; encrypted-media; gyroscope; picture-in-picture; web-share\" referrerpolicy=\"strict-origin-when-cross-origin\" allowfullscreen><\/iframe> <\/div>\n<p>Paklausti, ar apmaudu d\u0117l pirm\u0173j\u0173 rungtyni\u0173 rezultato, abu \u201e\u017dalgirio\u201c nariai pripa\u017eino, jog buvo galima pasirodyti geriau.<\/p>\n<p>\u201eKaip jau min\u0117jau pirmose rungtyn\u0117se padar\u0117me labai daug klaid\u0173. Tokios kurios prived\u0117 prie praleist\u0173 \u012fvar\u010di\u0173. Ne tai kad apmaudu, bet su tokiu var\u017eovu galima ir reikia \u017eaisti, &#8211; teig\u0117 V. \u010ceburinas.<\/p>\n<p>\u201eReikia mums u\u017esigr\u016bdinti. Yra skirtumas kai \u017eaidi namuose ir i\u0161vykoje. Reik\u0117t\u0173 daugiau d\u0117mesio, rasti savyje tik\u0117jimo ir pasitik\u0117jimo ypa\u010d \u017eaid\u017eiant i\u0161vykos rungtyn\u0117se\u201c, &#8211; apie pamokas kalb\u0117jo S. Mikoli\u016bnas.<\/p>\n<p>Anot trenerio, prie\u0161 antras rungtynes daug motyvacijos nebereik\u0117jo: \u201eBuvo skaudus pralaim\u0117jimas, didelis rezultatas. Ta\u010diau jau ten apkalb\u0117jome su \u017eaid\u0117jais, dav\u0117me suprasti kad reikia ir galima su jais \u017eaisti. \u0160\u012f kart\u0105 nebereik\u0117jo daug \u017eod\u017ei\u0173. Labiau reik\u0117jo sud\u0117ti taktinius akcentus k\u0105 reikia daryti. Kiekvienas suprato, jog reikia kovoti d\u0117l pergal\u0117s. Taip, pralaim\u0117tos rungtyn\u0117s &#8211; tai ne\u012fkainojama patirtis jauniems \u017eaid\u0117jams. I\u0161 t\u0173 dviej\u0173 rungtyni\u0173 reikia pasiimti kas geriausia. Tai kad galime \u017eaisti gerai, \u017eaisti ger\u0105 futbol\u0105. Per \u0161ituos tris etapus parod\u0117me, kad mokame prisitaikyti prie var\u017eovo ir var\u017eov\u0105 versti derintis prie m\u016bs\u0173.\u201c<\/p>\n<p>S. Mikoli\u016bnas pabr\u0117\u017e\u0117, jog pasiekti lygi\u0105sias pad\u0117jo ir aistruoli\u0173 palaikymas: \u201eTikrai labai a\u010di\u016b visiems kurie at\u0117jo ir palaik\u0117 komand\u0105, net ir kai likome de\u0161imtiese, jaut\u0117si palaikymas, kad mes jumis tikime. T\u0173 papildom\u0173 j\u0117g\u0173 tikrai suteik\u0117 atsiduoti iki pabaigos maksimaliai.\u201c<\/p>\n<p>\u017diniasklaidos atstovus paklausus nuomon\u0117s apie VAR, tiek treneris, tiek kapitonas apie pa\u010di\u0105 sistem\u0105 atsiliep\u0117 teigiamai.<\/p>\n<p>\u201eManau, kad VAR neleid\u017eia padaryti kertini\u0173 klaid\u0173. Pirmajame k\u0117linyje mums tai pad\u0117jo, kur jie \u012fmu\u0161\u0117 \u012fvart\u012f, patikrino per VAR sistem\u0105 ir neu\u017eskait\u0117 \u012fvar\u010dio. Apskritai manau, kad tai reikalingas dalykas\u201c, &#8211; kalb\u0117jo S. Mikoli\u016bnas.<\/p>\n<p>\u201eGalb\u016bt tos pauz\u0117s n\u0117ra \u012fprastos. Taip yra teis\u0117jo sprendimas, bet jis gali ir per\u017ei\u016br\u0117ti epizod\u0105. Pasitarti su tais kurie yra VAR kambaryje. Galb\u016bt su VAR sprendimas konkretesnis\u201c, &#8211; sak\u0117 V. \u010ceburinas.<\/p>\n<p>Vis tik trenerio nuomone yra tam tikr\u0173 problem\u0173 \u2013 tai per\u017ei\u016brai esam\u0173 pozicij\u0173 skai\u010dius: \u201eJeigu VAR per\u017ei\u016brimas tik i\u0161 vienos kameros (pozicijos) tai \u012fdomu, &#8211; kalb\u0117jo V. \u010ceburinas &#8211; Kaip ir tas pirmas baudinys Bud\u0117je&#8230;. Tokie epizodai b\u016bna 90 proc. rungtyni\u0173. VAR nusprend\u0117, mes tur\u0117jome sutikti. Visada kai m\u016bs\u0173 naudai &#8211; gerai. Kai ne m\u016bs\u0173 naudai &#8211; VAR negerai. Kaip ir visur kitur\u201c<\/p>\n<p>\u201e\u017dalgiris\u201c europin\u012f \u017eyg\u012f t\u0119s UEFA Europos lygoje. Pirmosios rungtyn\u0117s prie\u0161 Razgrado \u201eLudogorets\u201c vyks rugpj\u016b\u010dio 18 d. sve\u010diuose, atsakomosios \u2013 rugpj\u016b\u010dio 25 d. namie.<\/p>\n<p>&nbsp;<\/p>\n","protected":false},"excerpt":{"rendered":"<p>Po \u010cempion\u0173 lygos tre\u010diojo atrankos etapo atsakom\u0173j\u0173 rungtyni\u0173 Vilniuje \u201e\u017dalgirio\u201c treneris Vladimiras \u010ceburinas pagyr\u0117 \u017eaid\u0117jus u\u017e plano vykdym\u0105, o komandos kapitonas Saulius Mikoli\u016bnas buvo patenkintas\u2026<\/p>\n","protected":false},"author":4,"featured_media":0,"comment_status":"closed","ping_status":"closed","sticky":false,"template":"","format":"standard","meta":{"_acf_changed":false,"footnotes":""},"categories":[87],"class_list":["post-9812","post","type-post","status-publish","format-standard","hentry","category-zalgiris"],"acf":[],"yoast_head":"<!-- This site is optimized with the Yoast SEO plugin v26.8 - https:\/\/yoast.com\/product\/yoast-seo-wordpress\/ -->\n<title>V. \u010ceburinas: \u201eSu tokiu var\u017eovu galima ir reikia \u017eaisti\u201c - FK \u017dalgiris<\/title>\n<meta name=\"robots\" content=\"index, follow, max-snippet:-1, max-image-preview:large, max-video-preview:-1\" \/>\n<link rel=\"canonical\" href=\"https:\/\/fkzalgiris.lt\/v-ceburinas-su-tokiu-varzovu-galima-ir-reikia-zaisti\/\" \/>\n<meta property=\"og:locale\" content=\"lt_LT\" \/>\n<meta property=\"og:type\" content=\"article\" \/>\n<meta property=\"og:title\" content=\"V. \u010ceburinas: \u201eSu tokiu var\u017eovu galima ir reikia \u017eaisti\u201c - FK \u017dalgiris\" \/>\n<meta property=\"og:description\" content=\"Po \u010cempion\u0173 lygos tre\u010diojo atrankos etapo atsakom\u0173j\u0173 rungtyni\u0173 Vilniuje \u201e\u017dalgirio\u201c treneris Vladimiras \u010ceburinas pagyr\u0117 \u017eaid\u0117jus u\u017e plano vykdym\u0105, o komandos kapitonas Saulius Mikoli\u016bnas buvo patenkintas\u2026\" \/>\n<meta property=\"og:url\" content=\"https:\/\/fkzalgiris.lt\/v-ceburinas-su-tokiu-varzovu-galima-ir-reikia-zaisti\/\" \/>\n<meta property=\"og:site_name\" content=\"FK \u017dalgiris\" \/>\n<meta property=\"article:publisher\" content=\"https:\/\/www.facebook.com\/fkzalgiris\/\" \/>\n<meta property=\"article:published_time\" content=\"2022-08-10T15:42:33+00:00\" \/>\n<meta property=\"og:image\" content=\"https:\/\/fkzalgiris.lt\/wp-content\/uploads\/2024\/02\/social-horiz_Zalgiris_logo_2024.png\" \/>\n\t<meta property=\"og:image:width\" content=\"3356\" \/>\n\t<meta property=\"og:image:height\" content=\"2259\" \/>\n\t<meta property=\"og:image:type\" content=\"image\/png\" \/>\n<meta name=\"author\" content=\"J\" \/>\n<meta name=\"twitter:card\" content=\"summary_large_image\" \/>\n<meta name=\"twitter:creator\" content=\"@fkzalgiris\" \/>\n<meta name=\"twitter:site\" content=\"@fkzalgiris\" \/>\n<meta name=\"twitter:label1\" content=\"Written by\" \/>\n\t<meta name=\"twitter:data1\" content=\"J\" \/>\n\t<meta name=\"twitter:label2\" content=\"Est. reading time\" \/>\n\t<meta name=\"twitter:data2\" content=\"3 minut\u0117s\" \/>\n<script type=\"application\/ld+json\" class=\"yoast-schema-graph\">{\"@context\":\"https:\/\/schema.org\",\"@graph\":[{\"@type\":\"Article\",\"@id\":\"https:\/\/fkzalgiris.lt\/v-ceburinas-su-tokiu-varzovu-galima-ir-reikia-zaisti\/#article\",\"isPartOf\":{\"@id\":\"https:\/\/fkzalgiris.lt\/v-ceburinas-su-tokiu-varzovu-galima-ir-reikia-zaisti\/\"},\"author\":{\"name\":\"J\",\"@id\":\"https:\/\/fkzalgiris.lt\/#\/schema\/person\/8604babbba794a7d8767be324a3eaac8\"},\"headline\":\"V. \u010ceburinas: \u201eSu tokiu var\u017eovu galima ir reikia \u017eaisti\u201c\",\"datePublished\":\"2022-08-10T15:42:33+00:00\",\"mainEntityOfPage\":{\"@id\":\"https:\/\/fkzalgiris.lt\/v-ceburinas-su-tokiu-varzovu-galima-ir-reikia-zaisti\/\"},\"wordCount\":680,\"publisher\":{\"@id\":\"https:\/\/fkzalgiris.lt\/#organization\"},\"articleSection\":[\"\u017dalgiris\"],\"inLanguage\":\"lt-LT\"},{\"@type\":\"WebPage\",\"@id\":\"https:\/\/fkzalgiris.lt\/v-ceburinas-su-tokiu-varzovu-galima-ir-reikia-zaisti\/\",\"url\":\"https:\/\/fkzalgiris.lt\/v-ceburinas-su-tokiu-varzovu-galima-ir-reikia-zaisti\/\",\"name\":\"V. \u010ceburinas: \u201eSu tokiu var\u017eovu galima ir reikia \u017eaisti\u201c - FK \u017dalgiris\",\"isPartOf\":{\"@id\":\"https:\/\/fkzalgiris.lt\/#website\"},\"datePublished\":\"2022-08-10T15:42:33+00:00\",\"breadcrumb\":{\"@id\":\"https:\/\/fkzalgiris.lt\/v-ceburinas-su-tokiu-varzovu-galima-ir-reikia-zaisti\/#breadcrumb\"},\"inLanguage\":\"lt-LT\",\"potentialAction\":[{\"@type\":\"ReadAction\",\"target\":[\"https:\/\/fkzalgiris.lt\/v-ceburinas-su-tokiu-varzovu-galima-ir-reikia-zaisti\/\"]}]},{\"@type\":\"BreadcrumbList\",\"@id\":\"https:\/\/fkzalgiris.lt\/v-ceburinas-su-tokiu-varzovu-galima-ir-reikia-zaisti\/#breadcrumb\",\"itemListElement\":[{\"@type\":\"ListItem\",\"position\":1,\"name\":\"Home\",\"item\":\"https:\/\/fkzalgiris.lt\/\"},{\"@type\":\"ListItem\",\"position\":2,\"name\":\"V. \u010ceburinas: \u201eSu tokiu var\u017eovu galima ir reikia \u017eaisti\u201c\"}]},{\"@type\":\"WebSite\",\"@id\":\"https:\/\/fkzalgiris.lt\/#website\",\"url\":\"https:\/\/fkzalgiris.lt\/\",\"name\":\"FK \u017dalgiris\",\"description\":\"oficiali Vilniaus \u201e\u017dalgirio\u201c futbolo klubo svetain\u0117\",\"publisher\":{\"@id\":\"https:\/\/fkzalgiris.lt\/#organization\"},\"potentialAction\":[{\"@type\":\"SearchAction\",\"target\":{\"@type\":\"EntryPoint\",\"urlTemplate\":\"https:\/\/fkzalgiris.lt\/?s={search_term_string}\"},\"query-input\":{\"@type\":\"PropertyValueSpecification\",\"valueRequired\":true,\"valueName\":\"search_term_string\"}}],\"inLanguage\":\"lt-LT\"},{\"@type\":\"Organization\",\"@id\":\"https:\/\/fkzalgiris.lt\/#organization\",\"name\":\"FK \u017dalgiris\",\"url\":\"https:\/\/fkzalgiris.lt\/\",\"logo\":{\"@type\":\"ImageObject\",\"inLanguage\":\"lt-LT\",\"@id\":\"https:\/\/fkzalgiris.lt\/#\/schema\/logo\/image\/\",\"url\":\"https:\/\/fkzalgiris.lt\/wp-content\/uploads\/2024\/01\/horiz-FK-Zalgiris-logo-2015.png\",\"contentUrl\":\"https:\/\/fkzalgiris.lt\/wp-content\/uploads\/2024\/01\/horiz-FK-Zalgiris-logo-2015.png\",\"width\":3073,\"height\":2048,\"caption\":\"FK \u017dalgiris\"},\"image\":{\"@id\":\"https:\/\/fkzalgiris.lt\/#\/schema\/logo\/image\/\"},\"sameAs\":[\"https:\/\/www.facebook.com\/fkzalgiris\/\",\"https:\/\/x.com\/fkzalgiris\",\"https:\/\/www.instagram.com\/fkzalgiris\/\",\"https:\/\/www.youtube.com\/channel\/UC1ag8JLxGirltMUoLlzfZLA\"]},{\"@type\":\"Person\",\"@id\":\"https:\/\/fkzalgiris.lt\/#\/schema\/person\/8604babbba794a7d8767be324a3eaac8\",\"name\":\"J\"}]}<\/script>\n<!-- \/ Yoast SEO plugin. -->","yoast_head_json":{"title":"V. \u010ceburinas: \u201eSu tokiu var\u017eovu galima ir reikia \u017eaisti\u201c - FK \u017dalgiris","robots":{"index":"index","follow":"follow","max-snippet":"max-snippet:-1","max-image-preview":"max-image-preview:large","max-video-preview":"max-video-preview:-1"},"canonical":"https:\/\/fkzalgiris.lt\/v-ceburinas-su-tokiu-varzovu-galima-ir-reikia-zaisti\/","og_locale":"lt_LT","og_type":"article","og_title":"V. \u010ceburinas: \u201eSu tokiu var\u017eovu galima ir reikia \u017eaisti\u201c - FK \u017dalgiris","og_description":"Po \u010cempion\u0173 lygos tre\u010diojo atrankos etapo atsakom\u0173j\u0173 rungtyni\u0173 Vilniuje \u201e\u017dalgirio\u201c treneris Vladimiras \u010ceburinas pagyr\u0117 \u017eaid\u0117jus u\u017e plano vykdym\u0105, o komandos kapitonas Saulius Mikoli\u016bnas buvo patenkintas\u2026","og_url":"https:\/\/fkzalgiris.lt\/v-ceburinas-su-tokiu-varzovu-galima-ir-reikia-zaisti\/","og_site_name":"FK \u017dalgiris","article_publisher":"https:\/\/www.facebook.com\/fkzalgiris\/","article_published_time":"2022-08-10T15:42:33+00:00","og_image":[{"width":3356,"height":2259,"url":"https:\/\/fkzalgiris.lt\/wp-content\/uploads\/2024\/02\/social-horiz_Zalgiris_logo_2024.png","type":"image\/png"}],"author":"J","twitter_card":"summary_large_image","twitter_creator":"@fkzalgiris","twitter_site":"@fkzalgiris","twitter_misc":{"Written by":"J","Est. reading time":"3 minut\u0117s"},"schema":{"@context":"https:\/\/schema.org","@graph":[{"@type":"Article","@id":"https:\/\/fkzalgiris.lt\/v-ceburinas-su-tokiu-varzovu-galima-ir-reikia-zaisti\/#article","isPartOf":{"@id":"https:\/\/fkzalgiris.lt\/v-ceburinas-su-tokiu-varzovu-galima-ir-reikia-zaisti\/"},"author":{"name":"J","@id":"https:\/\/fkzalgiris.lt\/#\/schema\/person\/8604babbba794a7d8767be324a3eaac8"},"headline":"V. \u010ceburinas: \u201eSu tokiu var\u017eovu galima ir reikia \u017eaisti\u201c","datePublished":"2022-08-10T15:42:33+00:00","mainEntityOfPage":{"@id":"https:\/\/fkzalgiris.lt\/v-ceburinas-su-tokiu-varzovu-galima-ir-reikia-zaisti\/"},"wordCount":680,"publisher":{"@id":"https:\/\/fkzalgiris.lt\/#organization"},"articleSection":["\u017dalgiris"],"inLanguage":"lt-LT"},{"@type":"WebPage","@id":"https:\/\/fkzalgiris.lt\/v-ceburinas-su-tokiu-varzovu-galima-ir-reikia-zaisti\/","url":"https:\/\/fkzalgiris.lt\/v-ceburinas-su-tokiu-varzovu-galima-ir-reikia-zaisti\/","name":"V. \u010ceburinas: \u201eSu tokiu var\u017eovu galima ir reikia \u017eaisti\u201c - FK \u017dalgiris","isPartOf":{"@id":"https:\/\/fkzalgiris.lt\/#website"},"datePublished":"2022-08-10T15:42:33+00:00","breadcrumb":{"@id":"https:\/\/fkzalgiris.lt\/v-ceburinas-su-tokiu-varzovu-galima-ir-reikia-zaisti\/#breadcrumb"},"inLanguage":"lt-LT","potentialAction":[{"@type":"ReadAction","target":["https:\/\/fkzalgiris.lt\/v-ceburinas-su-tokiu-varzovu-galima-ir-reikia-zaisti\/"]}]},{"@type":"BreadcrumbList","@id":"https:\/\/fkzalgiris.lt\/v-ceburinas-su-tokiu-varzovu-galima-ir-reikia-zaisti\/#breadcrumb","itemListElement":[{"@type":"ListItem","position":1,"name":"Home","item":"https:\/\/fkzalgiris.lt\/"},{"@type":"ListItem","position":2,"name":"V. \u010ceburinas: \u201eSu tokiu var\u017eovu galima ir reikia \u017eaisti\u201c"}]},{"@type":"WebSite","@id":"https:\/\/fkzalgiris.lt\/#website","url":"https:\/\/fkzalgiris.lt\/","name":"FK \u017dalgiris","description":"oficiali Vilniaus \u201e\u017dalgirio\u201c futbolo klubo svetain\u0117","publisher":{"@id":"https:\/\/fkzalgiris.lt\/#organization"},"potentialAction":[{"@type":"SearchAction","target":{"@type":"EntryPoint","urlTemplate":"https:\/\/fkzalgiris.lt\/?s={search_term_string}"},"query-input":{"@type":"PropertyValueSpecification","valueRequired":true,"valueName":"search_term_string"}}],"inLanguage":"lt-LT"},{"@type":"Organization","@id":"https:\/\/fkzalgiris.lt\/#organization","name":"FK \u017dalgiris","url":"https:\/\/fkzalgiris.lt\/","logo":{"@type":"ImageObject","inLanguage":"lt-LT","@id":"https:\/\/fkzalgiris.lt\/#\/schema\/logo\/image\/","url":"https:\/\/fkzalgiris.lt\/wp-content\/uploads\/2024\/01\/horiz-FK-Zalgiris-logo-2015.png","contentUrl":"https:\/\/fkzalgiris.lt\/wp-content\/uploads\/2024\/01\/horiz-FK-Zalgiris-logo-2015.png","width":3073,"height":2048,"caption":"FK \u017dalgiris"},"image":{"@id":"https:\/\/fkzalgiris.lt\/#\/schema\/logo\/image\/"},"sameAs":["https:\/\/www.facebook.com\/fkzalgiris\/","https:\/\/x.com\/fkzalgiris","https:\/\/www.instagram.com\/fkzalgiris\/","https:\/\/www.youtube.com\/channel\/UC1ag8JLxGirltMUoLlzfZLA"]},{"@type":"Person","@id":"https:\/\/fkzalgiris.lt\/#\/schema\/person\/8604babbba794a7d8767be324a3eaac8","name":"J"}]}},"_links":{"self":[{"href":"https:\/\/fkzalgiris.lt\/api\/wp\/v2\/posts\/9812","targetHints":{"allow":["GET"]}}],"collection":[{"href":"https:\/\/fkzalgiris.lt\/api\/wp\/v2\/posts"}],"about":[{"href":"https:\/\/fkzalgiris.lt\/api\/wp\/v2\/types\/post"}],"author":[{"embeddable":true,"href":"https:\/\/fkzalgiris.lt\/api\/wp\/v2\/users\/4"}],"replies":[{"embeddable":true,"href":"https:\/\/fkzalgiris.lt\/api\/wp\/v2\/comments?post=9812"}],"version-history":[{"count":2,"href":"https:\/\/fkzalgiris.lt\/api\/wp\/v2\/posts\/9812\/revisions"}],"predecessor-version":[{"id":9815,"href":"https:\/\/fkzalgiris.lt\/api\/wp\/v2\/posts\/9812\/revisions\/9815"}],"wp:attachment":[{"href":"https:\/\/fkzalgiris.lt\/api\/wp\/v2\/media?parent=9812"}],"wp:term":[{"taxonomy":"category","embeddable":true,"href":"https:\/\/fkzalgiris.lt\/api\/wp\/v2\/categories?post=9812"}],"curies":[{"name":"wp","href":"https:\/\/api.w.org\/{rel}","templated":true}]}}