{"id":9557,"date":"2022-07-25T13:23:59","date_gmt":"2022-07-25T10:23:59","guid":{"rendered":"https:\/\/fkzalgiris.lt\/?p=9557"},"modified":"2022-07-25T13:39:15","modified_gmt":"2022-07-25T10:39:15","slug":"penktoje-serijoje-emocijos-ir-dramos-aiksteje-ir-salia-jos-per-svarbiausias-kovas","status":"publish","type":"post","link":"https:\/\/fkzalgiris.lt\/penktoje-serijoje-emocijos-ir-dramos-aiksteje-ir-salia-jos-per-svarbiausias-kovas\/","title":{"rendered":"Penktoje serijoje &#8211; emocijos ir dramos aik\u0161t\u0117je ir \u0161alia jos per svarbiausias kovas"},"content":{"rendered":"<p>\u010cempion\u0173 lygoje dalyvaujanti \u201e\u017dalgirio\u201c komanda \u2013 per \u017eingsn\u012f nuo i\u0161svajoto tikslo \u2013 grupi\u0173 turnyro. Situacijoje, kai tikslas buvo labai arti, \u017ealgirie\u010diai bent du kartus buvo ir pra\u0117jusiais metais. Pra\u0117jusi\u0173 met\u0173 svarbiausi\u0173 rungtyni\u0173 nematyti kadrai, u\u017ekulisiai, dramos ir emocijos atskleistos dokumentikoje.<\/p>\n<p>\u0160iemet \u201e\u017dalgiris\u201c antrajame \u010cempion\u0173 lygos atrankos etape kovoje su \u201eMalmo\u201c, kur\u012f namuose \u012fveik\u0117 rezultatu 1:0. Pra\u0117jusiais metais \u0161ioje stadijoje \u017ealgirie\u010diai i\u0161vykoje ir namuose nusileido Budape\u0161to \u201eFerencvaros\u201c ekipai.<\/p>\n<p>Ta\u010diau ne dvikova su galingesniu var\u017eovu buvo did\u017eiausias sezono nusivylimas, o toliau sekusi Europos lygos akistata prie\u0161 Murska Sobotos \u201eMura\u201c.<\/p>\n<p>Slov\u0117nijoje \u201e\u017dalgiris\u201c buvo prana\u0161esnis, bet nei\u0161naudojo prog\u0173 ir su\u017eaid\u0117 lygiosiomis 0:0, o tai suteik\u0117 vilties prie\u0161 atsakom\u0105j\u012f susitikim\u0105 Vilniuje.<\/p>\n<p>Penktoji dokumentinio serialo \u201eTikslo Link 2021\u201c pasakoja, kaip \u017ealgirie\u010diai \u017eaid\u0117 antr\u0105sias rungtynes prie\u0161 \u201eFerencvaros\u201c ir po j\u0173 ruo\u0161\u0117si dvikovoms su slov\u0117nais, kokios emocijos vir\u0117 tarp treneri\u0173, \u017eaid\u0117j\u0173 prie\u0161 rungtynes, j\u0173 metu, po rungtyni\u0173 r\u016bbin\u0117je.<\/p>\n<p>Filmuotoje med\u017eiagoje \u017ei\u016brovai gali i\u0161vysti ir komi\u0161kus pokalbius komandos viduje, ir pa\u010dius rim\u010diausius aptarimus, tokius kaip trenerio Vladimiro \u010ceburino ir kapitono Sauliaus Mikoli\u016bno pokalb\u012f.<\/p>\n<p>Taip pat atskleid\u017eiamos pra\u0117jusi\u0173 met\u0173 komandos lyderio Hugo Videmonto problemos tarp min\u0117t\u0173 svarbi\u0173 rungtyni\u0173 ,emocingi pasisakymai j\u0173 metu, klubo vadov\u0117s Vilmos Venslovaitien\u0117s ritualas bei kar\u0161tos Manto Kuklio replikos b\u016bnant \u0161alia aik\u0161t\u0117s.<\/p>\n<p>Dokumentinio serialo \u201eTikslo Link 2021\u201c naujos dalys rodomos kas sekmadienio vakar\u0105, jas galima rasti \u201e\u017dalgirio\u201c \u201eYoutube\u201c paskyroje.<\/p>\n","protected":false},"excerpt":{"rendered":"<p>\u010cempion\u0173 lygoje dalyvaujanti \u201e\u017dalgirio\u201c komanda \u2013 per \u017eingsn\u012f nuo i\u0161svajoto tikslo \u2013 grupi\u0173 turnyro. Situacijoje, kai tikslas buvo labai arti, \u017ealgirie\u010diai bent du kartus buvo\u2026<\/p>\n","protected":false},"author":4,"featured_media":0,"comment_status":"closed","ping_status":"closed","sticky":false,"template":"","format":"standard","meta":{"_acf_changed":false,"footnotes":""},"categories":[87],"class_list":["post-9557","post","type-post","status-publish","format-standard","hentry","category-zalgiris"],"acf":[],"yoast_head":"<!-- This site is optimized with the Yoast SEO plugin v26.8 - https:\/\/yoast.com\/product\/yoast-seo-wordpress\/ -->\n<title>Penktoje serijoje - emocijos ir dramos aik\u0161t\u0117je ir \u0161alia jos per svarbiausias kovas - FK \u017dalgiris<\/title>\n<meta name=\"robots\" content=\"index, follow, max-snippet:-1, max-image-preview:large, max-video-preview:-1\" \/>\n<link rel=\"canonical\" href=\"https:\/\/fkzalgiris.lt\/penktoje-serijoje-emocijos-ir-dramos-aiksteje-ir-salia-jos-per-svarbiausias-kovas\/\" \/>\n<meta property=\"og:locale\" content=\"lt_LT\" \/>\n<meta property=\"og:type\" content=\"article\" \/>\n<meta property=\"og:title\" content=\"Penktoje serijoje - emocijos ir dramos aik\u0161t\u0117je ir \u0161alia jos per svarbiausias kovas - FK \u017dalgiris\" \/>\n<meta property=\"og:description\" content=\"\u010cempion\u0173 lygoje dalyvaujanti \u201e\u017dalgirio\u201c komanda \u2013 per \u017eingsn\u012f nuo i\u0161svajoto tikslo \u2013 grupi\u0173 turnyro. Situacijoje, kai tikslas buvo labai arti, \u017ealgirie\u010diai bent du kartus buvo\u2026\" \/>\n<meta property=\"og:url\" content=\"https:\/\/fkzalgiris.lt\/penktoje-serijoje-emocijos-ir-dramos-aiksteje-ir-salia-jos-per-svarbiausias-kovas\/\" \/>\n<meta property=\"og:site_name\" content=\"FK \u017dalgiris\" \/>\n<meta property=\"article:publisher\" content=\"https:\/\/www.facebook.com\/fkzalgiris\/\" \/>\n<meta property=\"article:published_time\" content=\"2022-07-25T10:23:59+00:00\" \/>\n<meta property=\"article:modified_time\" content=\"2022-07-25T10:39:15+00:00\" \/>\n<meta property=\"og:image\" content=\"https:\/\/fkzalgiris.lt\/wp-content\/uploads\/2024\/02\/social-horiz_Zalgiris_logo_2024.png\" \/>\n\t<meta property=\"og:image:width\" content=\"3356\" \/>\n\t<meta property=\"og:image:height\" content=\"2259\" \/>\n\t<meta property=\"og:image:type\" content=\"image\/png\" \/>\n<meta name=\"author\" content=\"J\" \/>\n<meta name=\"twitter:card\" content=\"summary_large_image\" \/>\n<meta name=\"twitter:creator\" content=\"@fkzalgiris\" \/>\n<meta name=\"twitter:site\" content=\"@fkzalgiris\" \/>\n<meta name=\"twitter:label1\" content=\"Written by\" \/>\n\t<meta name=\"twitter:data1\" content=\"J\" \/>\n\t<meta name=\"twitter:label2\" content=\"Est. reading time\" \/>\n\t<meta name=\"twitter:data2\" content=\"2 minut\u0117s\" \/>\n<script type=\"application\/ld+json\" class=\"yoast-schema-graph\">{\"@context\":\"https:\/\/schema.org\",\"@graph\":[{\"@type\":\"Article\",\"@id\":\"https:\/\/fkzalgiris.lt\/penktoje-serijoje-emocijos-ir-dramos-aiksteje-ir-salia-jos-per-svarbiausias-kovas\/#article\",\"isPartOf\":{\"@id\":\"https:\/\/fkzalgiris.lt\/penktoje-serijoje-emocijos-ir-dramos-aiksteje-ir-salia-jos-per-svarbiausias-kovas\/\"},\"author\":{\"name\":\"J\",\"@id\":\"https:\/\/fkzalgiris.lt\/#\/schema\/person\/8604babbba794a7d8767be324a3eaac8\"},\"headline\":\"Penktoje serijoje &#8211; emocijos ir dramos aik\u0161t\u0117je ir \u0161alia jos per svarbiausias kovas\",\"datePublished\":\"2022-07-25T10:23:59+00:00\",\"dateModified\":\"2022-07-25T10:39:15+00:00\",\"mainEntityOfPage\":{\"@id\":\"https:\/\/fkzalgiris.lt\/penktoje-serijoje-emocijos-ir-dramos-aiksteje-ir-salia-jos-per-svarbiausias-kovas\/\"},\"wordCount\":261,\"publisher\":{\"@id\":\"https:\/\/fkzalgiris.lt\/#organization\"},\"articleSection\":[\"\u017dalgiris\"],\"inLanguage\":\"lt-LT\"},{\"@type\":\"WebPage\",\"@id\":\"https:\/\/fkzalgiris.lt\/penktoje-serijoje-emocijos-ir-dramos-aiksteje-ir-salia-jos-per-svarbiausias-kovas\/\",\"url\":\"https:\/\/fkzalgiris.lt\/penktoje-serijoje-emocijos-ir-dramos-aiksteje-ir-salia-jos-per-svarbiausias-kovas\/\",\"name\":\"Penktoje serijoje - emocijos ir dramos aik\u0161t\u0117je ir \u0161alia jos per svarbiausias kovas - FK \u017dalgiris\",\"isPartOf\":{\"@id\":\"https:\/\/fkzalgiris.lt\/#website\"},\"datePublished\":\"2022-07-25T10:23:59+00:00\",\"dateModified\":\"2022-07-25T10:39:15+00:00\",\"breadcrumb\":{\"@id\":\"https:\/\/fkzalgiris.lt\/penktoje-serijoje-emocijos-ir-dramos-aiksteje-ir-salia-jos-per-svarbiausias-kovas\/#breadcrumb\"},\"inLanguage\":\"lt-LT\",\"potentialAction\":[{\"@type\":\"ReadAction\",\"target\":[\"https:\/\/fkzalgiris.lt\/penktoje-serijoje-emocijos-ir-dramos-aiksteje-ir-salia-jos-per-svarbiausias-kovas\/\"]}]},{\"@type\":\"BreadcrumbList\",\"@id\":\"https:\/\/fkzalgiris.lt\/penktoje-serijoje-emocijos-ir-dramos-aiksteje-ir-salia-jos-per-svarbiausias-kovas\/#breadcrumb\",\"itemListElement\":[{\"@type\":\"ListItem\",\"position\":1,\"name\":\"Home\",\"item\":\"https:\/\/fkzalgiris.lt\/\"},{\"@type\":\"ListItem\",\"position\":2,\"name\":\"Penktoje serijoje &#8211; emocijos ir dramos aik\u0161t\u0117je ir \u0161alia jos per svarbiausias kovas\"}]},{\"@type\":\"WebSite\",\"@id\":\"https:\/\/fkzalgiris.lt\/#website\",\"url\":\"https:\/\/fkzalgiris.lt\/\",\"name\":\"FK \u017dalgiris\",\"description\":\"oficiali Vilniaus \u201e\u017dalgirio\u201c futbolo klubo svetain\u0117\",\"publisher\":{\"@id\":\"https:\/\/fkzalgiris.lt\/#organization\"},\"potentialAction\":[{\"@type\":\"SearchAction\",\"target\":{\"@type\":\"EntryPoint\",\"urlTemplate\":\"https:\/\/fkzalgiris.lt\/?s={search_term_string}\"},\"query-input\":{\"@type\":\"PropertyValueSpecification\",\"valueRequired\":true,\"valueName\":\"search_term_string\"}}],\"inLanguage\":\"lt-LT\"},{\"@type\":\"Organization\",\"@id\":\"https:\/\/fkzalgiris.lt\/#organization\",\"name\":\"FK \u017dalgiris\",\"url\":\"https:\/\/fkzalgiris.lt\/\",\"logo\":{\"@type\":\"ImageObject\",\"inLanguage\":\"lt-LT\",\"@id\":\"https:\/\/fkzalgiris.lt\/#\/schema\/logo\/image\/\",\"url\":\"https:\/\/fkzalgiris.lt\/wp-content\/uploads\/2024\/01\/horiz-FK-Zalgiris-logo-2015.png\",\"contentUrl\":\"https:\/\/fkzalgiris.lt\/wp-content\/uploads\/2024\/01\/horiz-FK-Zalgiris-logo-2015.png\",\"width\":3073,\"height\":2048,\"caption\":\"FK \u017dalgiris\"},\"image\":{\"@id\":\"https:\/\/fkzalgiris.lt\/#\/schema\/logo\/image\/\"},\"sameAs\":[\"https:\/\/www.facebook.com\/fkzalgiris\/\",\"https:\/\/x.com\/fkzalgiris\",\"https:\/\/www.instagram.com\/fkzalgiris\/\",\"https:\/\/www.youtube.com\/channel\/UC1ag8JLxGirltMUoLlzfZLA\"]},{\"@type\":\"Person\",\"@id\":\"https:\/\/fkzalgiris.lt\/#\/schema\/person\/8604babbba794a7d8767be324a3eaac8\",\"name\":\"J\"}]}<\/script>\n<!-- \/ Yoast SEO plugin. -->","yoast_head_json":{"title":"Penktoje serijoje - emocijos ir dramos aik\u0161t\u0117je ir \u0161alia jos per svarbiausias kovas - FK \u017dalgiris","robots":{"index":"index","follow":"follow","max-snippet":"max-snippet:-1","max-image-preview":"max-image-preview:large","max-video-preview":"max-video-preview:-1"},"canonical":"https:\/\/fkzalgiris.lt\/penktoje-serijoje-emocijos-ir-dramos-aiksteje-ir-salia-jos-per-svarbiausias-kovas\/","og_locale":"lt_LT","og_type":"article","og_title":"Penktoje serijoje - emocijos ir dramos aik\u0161t\u0117je ir \u0161alia jos per svarbiausias kovas - FK \u017dalgiris","og_description":"\u010cempion\u0173 lygoje dalyvaujanti \u201e\u017dalgirio\u201c komanda \u2013 per \u017eingsn\u012f nuo i\u0161svajoto tikslo \u2013 grupi\u0173 turnyro. Situacijoje, kai tikslas buvo labai arti, \u017ealgirie\u010diai bent du kartus buvo\u2026","og_url":"https:\/\/fkzalgiris.lt\/penktoje-serijoje-emocijos-ir-dramos-aiksteje-ir-salia-jos-per-svarbiausias-kovas\/","og_site_name":"FK \u017dalgiris","article_publisher":"https:\/\/www.facebook.com\/fkzalgiris\/","article_published_time":"2022-07-25T10:23:59+00:00","article_modified_time":"2022-07-25T10:39:15+00:00","og_image":[{"width":3356,"height":2259,"url":"https:\/\/fkzalgiris.lt\/wp-content\/uploads\/2024\/02\/social-horiz_Zalgiris_logo_2024.png","type":"image\/png"}],"author":"J","twitter_card":"summary_large_image","twitter_creator":"@fkzalgiris","twitter_site":"@fkzalgiris","twitter_misc":{"Written by":"J","Est. reading time":"2 minut\u0117s"},"schema":{"@context":"https:\/\/schema.org","@graph":[{"@type":"Article","@id":"https:\/\/fkzalgiris.lt\/penktoje-serijoje-emocijos-ir-dramos-aiksteje-ir-salia-jos-per-svarbiausias-kovas\/#article","isPartOf":{"@id":"https:\/\/fkzalgiris.lt\/penktoje-serijoje-emocijos-ir-dramos-aiksteje-ir-salia-jos-per-svarbiausias-kovas\/"},"author":{"name":"J","@id":"https:\/\/fkzalgiris.lt\/#\/schema\/person\/8604babbba794a7d8767be324a3eaac8"},"headline":"Penktoje serijoje &#8211; emocijos ir dramos aik\u0161t\u0117je ir \u0161alia jos per svarbiausias kovas","datePublished":"2022-07-25T10:23:59+00:00","dateModified":"2022-07-25T10:39:15+00:00","mainEntityOfPage":{"@id":"https:\/\/fkzalgiris.lt\/penktoje-serijoje-emocijos-ir-dramos-aiksteje-ir-salia-jos-per-svarbiausias-kovas\/"},"wordCount":261,"publisher":{"@id":"https:\/\/fkzalgiris.lt\/#organization"},"articleSection":["\u017dalgiris"],"inLanguage":"lt-LT"},{"@type":"WebPage","@id":"https:\/\/fkzalgiris.lt\/penktoje-serijoje-emocijos-ir-dramos-aiksteje-ir-salia-jos-per-svarbiausias-kovas\/","url":"https:\/\/fkzalgiris.lt\/penktoje-serijoje-emocijos-ir-dramos-aiksteje-ir-salia-jos-per-svarbiausias-kovas\/","name":"Penktoje serijoje - emocijos ir dramos aik\u0161t\u0117je ir \u0161alia jos per svarbiausias kovas - FK \u017dalgiris","isPartOf":{"@id":"https:\/\/fkzalgiris.lt\/#website"},"datePublished":"2022-07-25T10:23:59+00:00","dateModified":"2022-07-25T10:39:15+00:00","breadcrumb":{"@id":"https:\/\/fkzalgiris.lt\/penktoje-serijoje-emocijos-ir-dramos-aiksteje-ir-salia-jos-per-svarbiausias-kovas\/#breadcrumb"},"inLanguage":"lt-LT","potentialAction":[{"@type":"ReadAction","target":["https:\/\/fkzalgiris.lt\/penktoje-serijoje-emocijos-ir-dramos-aiksteje-ir-salia-jos-per-svarbiausias-kovas\/"]}]},{"@type":"BreadcrumbList","@id":"https:\/\/fkzalgiris.lt\/penktoje-serijoje-emocijos-ir-dramos-aiksteje-ir-salia-jos-per-svarbiausias-kovas\/#breadcrumb","itemListElement":[{"@type":"ListItem","position":1,"name":"Home","item":"https:\/\/fkzalgiris.lt\/"},{"@type":"ListItem","position":2,"name":"Penktoje serijoje &#8211; emocijos ir dramos aik\u0161t\u0117je ir \u0161alia jos per svarbiausias kovas"}]},{"@type":"WebSite","@id":"https:\/\/fkzalgiris.lt\/#website","url":"https:\/\/fkzalgiris.lt\/","name":"FK \u017dalgiris","description":"oficiali Vilniaus \u201e\u017dalgirio\u201c futbolo klubo svetain\u0117","publisher":{"@id":"https:\/\/fkzalgiris.lt\/#organization"},"potentialAction":[{"@type":"SearchAction","target":{"@type":"EntryPoint","urlTemplate":"https:\/\/fkzalgiris.lt\/?s={search_term_string}"},"query-input":{"@type":"PropertyValueSpecification","valueRequired":true,"valueName":"search_term_string"}}],"inLanguage":"lt-LT"},{"@type":"Organization","@id":"https:\/\/fkzalgiris.lt\/#organization","name":"FK \u017dalgiris","url":"https:\/\/fkzalgiris.lt\/","logo":{"@type":"ImageObject","inLanguage":"lt-LT","@id":"https:\/\/fkzalgiris.lt\/#\/schema\/logo\/image\/","url":"https:\/\/fkzalgiris.lt\/wp-content\/uploads\/2024\/01\/horiz-FK-Zalgiris-logo-2015.png","contentUrl":"https:\/\/fkzalgiris.lt\/wp-content\/uploads\/2024\/01\/horiz-FK-Zalgiris-logo-2015.png","width":3073,"height":2048,"caption":"FK \u017dalgiris"},"image":{"@id":"https:\/\/fkzalgiris.lt\/#\/schema\/logo\/image\/"},"sameAs":["https:\/\/www.facebook.com\/fkzalgiris\/","https:\/\/x.com\/fkzalgiris","https:\/\/www.instagram.com\/fkzalgiris\/","https:\/\/www.youtube.com\/channel\/UC1ag8JLxGirltMUoLlzfZLA"]},{"@type":"Person","@id":"https:\/\/fkzalgiris.lt\/#\/schema\/person\/8604babbba794a7d8767be324a3eaac8","name":"J"}]}},"_links":{"self":[{"href":"https:\/\/fkzalgiris.lt\/api\/wp\/v2\/posts\/9557","targetHints":{"allow":["GET"]}}],"collection":[{"href":"https:\/\/fkzalgiris.lt\/api\/wp\/v2\/posts"}],"about":[{"href":"https:\/\/fkzalgiris.lt\/api\/wp\/v2\/types\/post"}],"author":[{"embeddable":true,"href":"https:\/\/fkzalgiris.lt\/api\/wp\/v2\/users\/4"}],"replies":[{"embeddable":true,"href":"https:\/\/fkzalgiris.lt\/api\/wp\/v2\/comments?post=9557"}],"version-history":[{"count":7,"href":"https:\/\/fkzalgiris.lt\/api\/wp\/v2\/posts\/9557\/revisions"}],"predecessor-version":[{"id":9565,"href":"https:\/\/fkzalgiris.lt\/api\/wp\/v2\/posts\/9557\/revisions\/9565"}],"wp:attachment":[{"href":"https:\/\/fkzalgiris.lt\/api\/wp\/v2\/media?parent=9557"}],"wp:term":[{"taxonomy":"category","embeddable":true,"href":"https:\/\/fkzalgiris.lt\/api\/wp\/v2\/categories?post=9557"}],"curies":[{"name":"wp","href":"https:\/\/api.w.org\/{rel}","templated":true}]}}