{"id":9342,"date":"2022-07-11T10:50:00","date_gmt":"2022-07-11T07:50:00","guid":{"rendered":"https:\/\/fkzalgiris.lt\/?p=9342"},"modified":"2022-07-11T10:50:00","modified_gmt":"2022-07-11T07:50:00","slug":"pries-lemiama-akistata-zvilgsnis-i-praejusio-sezono-starto-uzkulisius","status":"publish","type":"post","link":"https:\/\/fkzalgiris.lt\/pries-lemiama-akistata-zvilgsnis-i-praejusio-sezono-starto-uzkulisius\/","title":{"rendered":"Prie\u0161 lemiam\u0105 akistat\u0105 &#8211; \u017evilgsnis \u012f pra\u0117jusio sezono starto u\u017ekulisius"},"content":{"rendered":"<p>FK \u201e\u017dalgirio\u201c komanda antradien\u012f su\u017eais pirm\u0105sias nam\u0173 rungtynes UEFA turnyruose. Dar iki tol futbolo aistruoliai gali i\u0161vysti dokumentinio serialo u\u017ekulisius, kaip prasid\u0117jo \u017ealgirie\u010di\u0173 \u017eygis Europoje pernai.<\/p>\n<p>Liepos 12-\u0105j\u0105 \u201e\u017dalgiris\u201c namuose \u017eais lemiamas atsakom\u0105sias UEFA \u010cempion\u0173 lygos atrankos pirmojo etapo rungtynes prie\u0161 Kosovo \u010dempionus \u201eBallkani\u201c.<\/p>\n<p>Pirmasis etapas \u2013 itin svarbus, nes j\u012f \u012fveikusi komanda gauna ma\u017eiausiai tris papildomus \u0161ansus kelyje \u012f tiksl\u0105 \u2013 UEFA turnyr\u0173 grupi\u0173 etap\u0105.<\/p>\n<p>Beveik lygiai prie\u0161 metus \u201e\u017dalgirio\u201c taip pat lauk\u0117 pirmasis barjeras \u2013 rungtyn\u0117s su \u0160iaur\u0117s Airijos \u010dempionu \u201eLinfield\u201c. Pirmoji komand\u0173 akistata vyko Vilniuje.<\/p>\n<p>Ruo\u0161iantis \u0161iai dvikovai \u017ealgirie\u010di\u0173 stovykloje netr\u016bko dram\u0173 \u2013 traumas patyr\u0117 abu vartininkai, vienas \u017eaid\u0117jas negal\u0117jo rungtyniauti d\u0117l ligos ir vis nerado kaip pasveikti, o vienas komandos legionierius nebuvo patenkintas tuo, jog buvo kei\u010diamas.<\/p>\n<p>Did\u017eiausias sm\u016bgis i\u0161tiko likus kelioms dienoms \u2013 sostin\u0117s derbio su \u201eRiteriais\u201c paskutin\u0119 minut\u0119 traum\u0105 patyr\u0117 \u017ealgirie\u010di\u0173 tuometinis lyderis Hugo Videmontas.<\/p>\n<p>Kaip \u017ealgirie\u010diams sek\u0117si \u012fveikti \u0161iuos i\u0161\u0161\u016bkius, koks trenerio Vladimiro \u010ceburino patarimas dien\u0105 prie\u0161 rungtynes tapo kertiniu ir kurie \u017eaid\u0117jai u\u017esitrauk\u0117 trenerio nemalon\u0119 \u2013 visk\u0105 atskleid\u017eia realyb\u0117s dokumentinio serialo \u201eTikslo Link \u017dalgiris 2021\u201c tre\u010dioji dalis.<\/p>\n<p>Serialas atveria duris \u012f komandos pra\u0117jusi\u0173 met\u0173 sezon\u0105 ir pasi\u016blo ne tik i\u0161skirtinius, nematytus kadrus vaizdus i\u0161 r\u016bbin\u0117s ar pokalbius tarp treneri\u0173, \u017eaid\u0117j\u0173 treniruot\u0117se, susirinkimuose, bet ir rungtyn\u0117se.<\/p>\n<p>Pirmojoje dalyje \u017ei\u016brovai jau tur\u0117jo galimyb\u0119 i\u0161vysti \u201e\u017dalgirio\u201c 2021 met\u0173 sezono prad\u017ei\u0105, komandos formavim\u0105si ir pandemijos sukurtas problemas, antroje dalyje \u2013 sunkiausias akimirkas, aistruoli\u0173 nepasitenkinam\u0105, nesutarimus viduje ir kovoje d\u0117l \u010dempion\u0173 titulo l\u016b\u017eiu tapusi\u0173 rungtyni\u0173 epizodus i\u0161 vidaus. A\u0161tuoni\u0173 dali\u0173 seriale nauj\u0173 epizod\u0173 premjeros rodomos sekmadienio vakarais.<\/p>\n<p>\u201e\u017dalgirio\u201c ir \u201eBallkani\u201c dvikova vyks antradien\u012f 19 val. LFF stadione. Bilietus \u012f rungtynes platina \u201eBilietai.lt\u201c.<\/p>\n","protected":false},"excerpt":{"rendered":"<p>FK \u201e\u017dalgirio\u201c komanda antradien\u012f su\u017eais pirm\u0105sias nam\u0173 rungtynes UEFA turnyruose. Dar iki tol futbolo aistruoliai gali i\u0161vysti dokumentinio serialo u\u017ekulisius, kaip prasid\u0117jo \u017ealgirie\u010di\u0173 \u017eygis Europoje\u2026<\/p>\n","protected":false},"author":4,"featured_media":0,"comment_status":"closed","ping_status":"closed","sticky":false,"template":"","format":"standard","meta":{"_acf_changed":false,"footnotes":""},"categories":[87],"class_list":["post-9342","post","type-post","status-publish","format-standard","hentry","category-zalgiris"],"acf":[],"yoast_head":"<!-- This site is optimized with the Yoast SEO plugin v26.8 - https:\/\/yoast.com\/product\/yoast-seo-wordpress\/ -->\n<title>Prie\u0161 lemiam\u0105 akistat\u0105 - \u017evilgsnis \u012f pra\u0117jusio sezono starto u\u017ekulisius - FK \u017dalgiris<\/title>\n<meta name=\"robots\" content=\"index, follow, max-snippet:-1, max-image-preview:large, max-video-preview:-1\" \/>\n<link rel=\"canonical\" href=\"https:\/\/fkzalgiris.lt\/pries-lemiama-akistata-zvilgsnis-i-praejusio-sezono-starto-uzkulisius\/\" \/>\n<meta property=\"og:locale\" content=\"lt_LT\" \/>\n<meta property=\"og:type\" content=\"article\" \/>\n<meta property=\"og:title\" content=\"Prie\u0161 lemiam\u0105 akistat\u0105 - \u017evilgsnis \u012f pra\u0117jusio sezono starto u\u017ekulisius - FK \u017dalgiris\" \/>\n<meta property=\"og:description\" content=\"FK \u201e\u017dalgirio\u201c komanda antradien\u012f su\u017eais pirm\u0105sias nam\u0173 rungtynes UEFA turnyruose. Dar iki tol futbolo aistruoliai gali i\u0161vysti dokumentinio serialo u\u017ekulisius, kaip prasid\u0117jo \u017ealgirie\u010di\u0173 \u017eygis Europoje\u2026\" \/>\n<meta property=\"og:url\" content=\"https:\/\/fkzalgiris.lt\/pries-lemiama-akistata-zvilgsnis-i-praejusio-sezono-starto-uzkulisius\/\" \/>\n<meta property=\"og:site_name\" content=\"FK \u017dalgiris\" \/>\n<meta property=\"article:publisher\" content=\"https:\/\/www.facebook.com\/fkzalgiris\/\" \/>\n<meta property=\"article:published_time\" content=\"2022-07-11T07:50:00+00:00\" \/>\n<meta property=\"og:image\" content=\"https:\/\/fkzalgiris.lt\/wp-content\/uploads\/2024\/02\/social-horiz_Zalgiris_logo_2024.png\" \/>\n\t<meta property=\"og:image:width\" content=\"3356\" \/>\n\t<meta property=\"og:image:height\" content=\"2259\" \/>\n\t<meta property=\"og:image:type\" content=\"image\/png\" \/>\n<meta name=\"author\" content=\"J\" \/>\n<meta name=\"twitter:card\" content=\"summary_large_image\" \/>\n<meta name=\"twitter:creator\" content=\"@fkzalgiris\" \/>\n<meta name=\"twitter:site\" content=\"@fkzalgiris\" \/>\n<meta name=\"twitter:label1\" content=\"Written by\" \/>\n\t<meta name=\"twitter:data1\" content=\"J\" \/>\n\t<meta name=\"twitter:label2\" content=\"Est. reading time\" \/>\n\t<meta name=\"twitter:data2\" content=\"2 minut\u0117s\" \/>\n<script type=\"application\/ld+json\" class=\"yoast-schema-graph\">{\"@context\":\"https:\/\/schema.org\",\"@graph\":[{\"@type\":\"Article\",\"@id\":\"https:\/\/fkzalgiris.lt\/pries-lemiama-akistata-zvilgsnis-i-praejusio-sezono-starto-uzkulisius\/#article\",\"isPartOf\":{\"@id\":\"https:\/\/fkzalgiris.lt\/pries-lemiama-akistata-zvilgsnis-i-praejusio-sezono-starto-uzkulisius\/\"},\"author\":{\"name\":\"J\",\"@id\":\"https:\/\/fkzalgiris.lt\/#\/schema\/person\/8604babbba794a7d8767be324a3eaac8\"},\"headline\":\"Prie\u0161 lemiam\u0105 akistat\u0105 &#8211; \u017evilgsnis \u012f pra\u0117jusio sezono starto u\u017ekulisius\",\"datePublished\":\"2022-07-11T07:50:00+00:00\",\"mainEntityOfPage\":{\"@id\":\"https:\/\/fkzalgiris.lt\/pries-lemiama-akistata-zvilgsnis-i-praejusio-sezono-starto-uzkulisius\/\"},\"wordCount\":311,\"publisher\":{\"@id\":\"https:\/\/fkzalgiris.lt\/#organization\"},\"articleSection\":[\"\u017dalgiris\"],\"inLanguage\":\"lt-LT\"},{\"@type\":\"WebPage\",\"@id\":\"https:\/\/fkzalgiris.lt\/pries-lemiama-akistata-zvilgsnis-i-praejusio-sezono-starto-uzkulisius\/\",\"url\":\"https:\/\/fkzalgiris.lt\/pries-lemiama-akistata-zvilgsnis-i-praejusio-sezono-starto-uzkulisius\/\",\"name\":\"Prie\u0161 lemiam\u0105 akistat\u0105 - \u017evilgsnis \u012f pra\u0117jusio sezono starto u\u017ekulisius - FK \u017dalgiris\",\"isPartOf\":{\"@id\":\"https:\/\/fkzalgiris.lt\/#website\"},\"datePublished\":\"2022-07-11T07:50:00+00:00\",\"breadcrumb\":{\"@id\":\"https:\/\/fkzalgiris.lt\/pries-lemiama-akistata-zvilgsnis-i-praejusio-sezono-starto-uzkulisius\/#breadcrumb\"},\"inLanguage\":\"lt-LT\",\"potentialAction\":[{\"@type\":\"ReadAction\",\"target\":[\"https:\/\/fkzalgiris.lt\/pries-lemiama-akistata-zvilgsnis-i-praejusio-sezono-starto-uzkulisius\/\"]}]},{\"@type\":\"BreadcrumbList\",\"@id\":\"https:\/\/fkzalgiris.lt\/pries-lemiama-akistata-zvilgsnis-i-praejusio-sezono-starto-uzkulisius\/#breadcrumb\",\"itemListElement\":[{\"@type\":\"ListItem\",\"position\":1,\"name\":\"Home\",\"item\":\"https:\/\/fkzalgiris.lt\/\"},{\"@type\":\"ListItem\",\"position\":2,\"name\":\"Prie\u0161 lemiam\u0105 akistat\u0105 &#8211; \u017evilgsnis \u012f pra\u0117jusio sezono starto u\u017ekulisius\"}]},{\"@type\":\"WebSite\",\"@id\":\"https:\/\/fkzalgiris.lt\/#website\",\"url\":\"https:\/\/fkzalgiris.lt\/\",\"name\":\"FK \u017dalgiris\",\"description\":\"oficiali Vilniaus \u201e\u017dalgirio\u201c futbolo klubo svetain\u0117\",\"publisher\":{\"@id\":\"https:\/\/fkzalgiris.lt\/#organization\"},\"potentialAction\":[{\"@type\":\"SearchAction\",\"target\":{\"@type\":\"EntryPoint\",\"urlTemplate\":\"https:\/\/fkzalgiris.lt\/?s={search_term_string}\"},\"query-input\":{\"@type\":\"PropertyValueSpecification\",\"valueRequired\":true,\"valueName\":\"search_term_string\"}}],\"inLanguage\":\"lt-LT\"},{\"@type\":\"Organization\",\"@id\":\"https:\/\/fkzalgiris.lt\/#organization\",\"name\":\"FK \u017dalgiris\",\"url\":\"https:\/\/fkzalgiris.lt\/\",\"logo\":{\"@type\":\"ImageObject\",\"inLanguage\":\"lt-LT\",\"@id\":\"https:\/\/fkzalgiris.lt\/#\/schema\/logo\/image\/\",\"url\":\"https:\/\/fkzalgiris.lt\/wp-content\/uploads\/2024\/01\/horiz-FK-Zalgiris-logo-2015.png\",\"contentUrl\":\"https:\/\/fkzalgiris.lt\/wp-content\/uploads\/2024\/01\/horiz-FK-Zalgiris-logo-2015.png\",\"width\":3073,\"height\":2048,\"caption\":\"FK \u017dalgiris\"},\"image\":{\"@id\":\"https:\/\/fkzalgiris.lt\/#\/schema\/logo\/image\/\"},\"sameAs\":[\"https:\/\/www.facebook.com\/fkzalgiris\/\",\"https:\/\/x.com\/fkzalgiris\",\"https:\/\/www.instagram.com\/fkzalgiris\/\",\"https:\/\/www.youtube.com\/channel\/UC1ag8JLxGirltMUoLlzfZLA\"]},{\"@type\":\"Person\",\"@id\":\"https:\/\/fkzalgiris.lt\/#\/schema\/person\/8604babbba794a7d8767be324a3eaac8\",\"name\":\"J\"}]}<\/script>\n<!-- \/ Yoast SEO plugin. -->","yoast_head_json":{"title":"Prie\u0161 lemiam\u0105 akistat\u0105 - \u017evilgsnis \u012f pra\u0117jusio sezono starto u\u017ekulisius - FK \u017dalgiris","robots":{"index":"index","follow":"follow","max-snippet":"max-snippet:-1","max-image-preview":"max-image-preview:large","max-video-preview":"max-video-preview:-1"},"canonical":"https:\/\/fkzalgiris.lt\/pries-lemiama-akistata-zvilgsnis-i-praejusio-sezono-starto-uzkulisius\/","og_locale":"lt_LT","og_type":"article","og_title":"Prie\u0161 lemiam\u0105 akistat\u0105 - \u017evilgsnis \u012f pra\u0117jusio sezono starto u\u017ekulisius - FK \u017dalgiris","og_description":"FK \u201e\u017dalgirio\u201c komanda antradien\u012f su\u017eais pirm\u0105sias nam\u0173 rungtynes UEFA turnyruose. Dar iki tol futbolo aistruoliai gali i\u0161vysti dokumentinio serialo u\u017ekulisius, kaip prasid\u0117jo \u017ealgirie\u010di\u0173 \u017eygis Europoje\u2026","og_url":"https:\/\/fkzalgiris.lt\/pries-lemiama-akistata-zvilgsnis-i-praejusio-sezono-starto-uzkulisius\/","og_site_name":"FK \u017dalgiris","article_publisher":"https:\/\/www.facebook.com\/fkzalgiris\/","article_published_time":"2022-07-11T07:50:00+00:00","og_image":[{"width":3356,"height":2259,"url":"https:\/\/fkzalgiris.lt\/wp-content\/uploads\/2024\/02\/social-horiz_Zalgiris_logo_2024.png","type":"image\/png"}],"author":"J","twitter_card":"summary_large_image","twitter_creator":"@fkzalgiris","twitter_site":"@fkzalgiris","twitter_misc":{"Written by":"J","Est. reading time":"2 minut\u0117s"},"schema":{"@context":"https:\/\/schema.org","@graph":[{"@type":"Article","@id":"https:\/\/fkzalgiris.lt\/pries-lemiama-akistata-zvilgsnis-i-praejusio-sezono-starto-uzkulisius\/#article","isPartOf":{"@id":"https:\/\/fkzalgiris.lt\/pries-lemiama-akistata-zvilgsnis-i-praejusio-sezono-starto-uzkulisius\/"},"author":{"name":"J","@id":"https:\/\/fkzalgiris.lt\/#\/schema\/person\/8604babbba794a7d8767be324a3eaac8"},"headline":"Prie\u0161 lemiam\u0105 akistat\u0105 &#8211; \u017evilgsnis \u012f pra\u0117jusio sezono starto u\u017ekulisius","datePublished":"2022-07-11T07:50:00+00:00","mainEntityOfPage":{"@id":"https:\/\/fkzalgiris.lt\/pries-lemiama-akistata-zvilgsnis-i-praejusio-sezono-starto-uzkulisius\/"},"wordCount":311,"publisher":{"@id":"https:\/\/fkzalgiris.lt\/#organization"},"articleSection":["\u017dalgiris"],"inLanguage":"lt-LT"},{"@type":"WebPage","@id":"https:\/\/fkzalgiris.lt\/pries-lemiama-akistata-zvilgsnis-i-praejusio-sezono-starto-uzkulisius\/","url":"https:\/\/fkzalgiris.lt\/pries-lemiama-akistata-zvilgsnis-i-praejusio-sezono-starto-uzkulisius\/","name":"Prie\u0161 lemiam\u0105 akistat\u0105 - \u017evilgsnis \u012f pra\u0117jusio sezono starto u\u017ekulisius - FK \u017dalgiris","isPartOf":{"@id":"https:\/\/fkzalgiris.lt\/#website"},"datePublished":"2022-07-11T07:50:00+00:00","breadcrumb":{"@id":"https:\/\/fkzalgiris.lt\/pries-lemiama-akistata-zvilgsnis-i-praejusio-sezono-starto-uzkulisius\/#breadcrumb"},"inLanguage":"lt-LT","potentialAction":[{"@type":"ReadAction","target":["https:\/\/fkzalgiris.lt\/pries-lemiama-akistata-zvilgsnis-i-praejusio-sezono-starto-uzkulisius\/"]}]},{"@type":"BreadcrumbList","@id":"https:\/\/fkzalgiris.lt\/pries-lemiama-akistata-zvilgsnis-i-praejusio-sezono-starto-uzkulisius\/#breadcrumb","itemListElement":[{"@type":"ListItem","position":1,"name":"Home","item":"https:\/\/fkzalgiris.lt\/"},{"@type":"ListItem","position":2,"name":"Prie\u0161 lemiam\u0105 akistat\u0105 &#8211; \u017evilgsnis \u012f pra\u0117jusio sezono starto u\u017ekulisius"}]},{"@type":"WebSite","@id":"https:\/\/fkzalgiris.lt\/#website","url":"https:\/\/fkzalgiris.lt\/","name":"FK \u017dalgiris","description":"oficiali Vilniaus \u201e\u017dalgirio\u201c futbolo klubo svetain\u0117","publisher":{"@id":"https:\/\/fkzalgiris.lt\/#organization"},"potentialAction":[{"@type":"SearchAction","target":{"@type":"EntryPoint","urlTemplate":"https:\/\/fkzalgiris.lt\/?s={search_term_string}"},"query-input":{"@type":"PropertyValueSpecification","valueRequired":true,"valueName":"search_term_string"}}],"inLanguage":"lt-LT"},{"@type":"Organization","@id":"https:\/\/fkzalgiris.lt\/#organization","name":"FK \u017dalgiris","url":"https:\/\/fkzalgiris.lt\/","logo":{"@type":"ImageObject","inLanguage":"lt-LT","@id":"https:\/\/fkzalgiris.lt\/#\/schema\/logo\/image\/","url":"https:\/\/fkzalgiris.lt\/wp-content\/uploads\/2024\/01\/horiz-FK-Zalgiris-logo-2015.png","contentUrl":"https:\/\/fkzalgiris.lt\/wp-content\/uploads\/2024\/01\/horiz-FK-Zalgiris-logo-2015.png","width":3073,"height":2048,"caption":"FK \u017dalgiris"},"image":{"@id":"https:\/\/fkzalgiris.lt\/#\/schema\/logo\/image\/"},"sameAs":["https:\/\/www.facebook.com\/fkzalgiris\/","https:\/\/x.com\/fkzalgiris","https:\/\/www.instagram.com\/fkzalgiris\/","https:\/\/www.youtube.com\/channel\/UC1ag8JLxGirltMUoLlzfZLA"]},{"@type":"Person","@id":"https:\/\/fkzalgiris.lt\/#\/schema\/person\/8604babbba794a7d8767be324a3eaac8","name":"J"}]}},"_links":{"self":[{"href":"https:\/\/fkzalgiris.lt\/api\/wp\/v2\/posts\/9342","targetHints":{"allow":["GET"]}}],"collection":[{"href":"https:\/\/fkzalgiris.lt\/api\/wp\/v2\/posts"}],"about":[{"href":"https:\/\/fkzalgiris.lt\/api\/wp\/v2\/types\/post"}],"author":[{"embeddable":true,"href":"https:\/\/fkzalgiris.lt\/api\/wp\/v2\/users\/4"}],"replies":[{"embeddable":true,"href":"https:\/\/fkzalgiris.lt\/api\/wp\/v2\/comments?post=9342"}],"version-history":[{"count":4,"href":"https:\/\/fkzalgiris.lt\/api\/wp\/v2\/posts\/9342\/revisions"}],"predecessor-version":[{"id":9347,"href":"https:\/\/fkzalgiris.lt\/api\/wp\/v2\/posts\/9342\/revisions\/9347"}],"wp:attachment":[{"href":"https:\/\/fkzalgiris.lt\/api\/wp\/v2\/media?parent=9342"}],"wp:term":[{"taxonomy":"category","embeddable":true,"href":"https:\/\/fkzalgiris.lt\/api\/wp\/v2\/categories?post=9342"}],"curies":[{"name":"wp","href":"https:\/\/api.w.org\/{rel}","templated":true}]}}