{"id":9308,"date":"2022-07-06T07:15:56","date_gmt":"2022-07-06T04:15:56","guid":{"rendered":"https:\/\/fkzalgiris.lt\/?p=9308"},"modified":"2022-07-06T07:15:56","modified_gmt":"2022-07-06T04:15:56","slug":"o-buffas-tikiuosi-savoje-aiksteje-turesime-pranasuma","status":"publish","type":"post","link":"https:\/\/fkzalgiris.lt\/o-buffas-tikiuosi-savoje-aiksteje-turesime-pranasuma\/","title":{"rendered":"O. Buffas: \u201eTikiuosi savoje aik\u0161t\u0117je tur\u0117sime prana\u0161um\u0105\u201c"},"content":{"rendered":"<p>Po lygiosiomis 1:1 pasibaigusi\u0173 \u010cempion\u0173 lygos rungtyni\u0173 Kosove \u201e\u017dalgirio\u201c treneris Vladimiras \u010ceburinas kalb\u0117jo apie padaryt\u0105 didel\u012f klaid\u0173 kiek\u012f ir tik\u0117josi nam\u0173 sien\u0173 prana\u0161umo po savait\u0117s, o \u012fvar\u010dio autorius Oliveris Buffas sak\u0117, jog rezultatas neblogas.<\/p>\n<p>\u017dalgirie\u010diai Kosove praleido dvi kar\u0161tas dienas, ta\u010diau antrosios dienos pabaigoje tur\u0117jo i\u0161sigr\u0119\u017eti savo aprang\u0105 po smarkaus lietaus su audra.<\/p>\n<p>\u0160altas du\u0161as lauk\u0117 ir netiesiogine prasme \u2013 Kosovo \u010dempionai namuose \u012fmu\u0161\u0117 pirmieji ir grasino \u012fmu\u0161ti dar, bet O. Buffo tikslus sm\u016bgis leido Lietuvos \u010dempionams i\u0161saugoti status quo iki atsakom\u0173j\u0173 rungtyni\u0173.<\/p>\n<p>\u201eLauk\u0117me, numat\u0117me, jog kad \u201eBallkani\u201c komanda &#8211; nuo pirm\u0173 minu\u010di\u0173 agresyvi, eina \u012f priek\u012f, sukuria \u012ftamp\u0105, daug spaudimo. Taip ir atsitiko. Padar\u0117me labai daug klaid\u0173. Ai\u0161kinsim\u0117s kas tai l\u0117m\u0117 &#8211; jaudulys, veja, ar kiti faktoriai. Reik\u0117s pagal tai padaryti i\u0161vadas. Oras taip pat \u012fne\u0161\u0117 savo korektyv\u0173. Var\u017eovai \u012fmu\u0161\u0117 greit\u0105 \u012fvart\u012f. Neu\u017edar\u0117me erdv\u0117s sm\u016bgiui, nors apie tai kalb\u0117jome. Praleidome \u012fvart\u012f, bet gerai, jog ir patys \u012fmu\u0161\u0117me i\u0161 standarto. Leidome var\u017eovams sukurti \u0161ans\u0173, patys tur\u0117jome prog\u0173. Var\u017eovo atakos buvo tikrai a\u0161trios, m\u016bs\u0173 vartus nuo sm\u016bgi\u0173 gelb\u0117jo vartininkas Edvinas Gertmonas. Komandos atsidavimas buvo geras, daug veiksmo, pastang\u0173, ta\u010diau taip pat buvo daug ir klaid\u0173. Tai mums ir neleido pasiekti pozityvesnio rezultato. Visi steng\u0117si, ir kas \u017eaid\u0117 nuo prad\u017ei\u0173, ir po keitimo. Rungtyn\u0117s dabar v\u0117l prasid\u0117s nuo nulio\u201c, &#8211; apie rungtynes kalb\u0117jo V. \u010ceburinas.<\/p>\n<div class=\"embed-responsive embed-responsive-16by9 mb-4\"><iframe title=\"Trenerio komentaras | \u010ceburin | Ballkani-\u017dalgiris | Coach reaction [CC]\" src=\"https:\/\/www.youtube.com\/embed\/nathddmpCzU?feature=oembed\" frameborder=\"0\" allow=\"accelerometer; autoplay; clipboard-write; encrypted-media; gyroscope; picture-in-picture; web-share\" referrerpolicy=\"strict-origin-when-cross-origin\" allowfullscreen><\/iframe> <\/div>\n<p>\u201eRungtyni\u0173 prad\u017eia nebuvo gera, tokia kokios nenor\u0117jome. Var\u017eovai \u012fgijo pasitik\u0117jimo, o mes ne\u012fsi\u017eaid\u0117me, &#8211; vertino O. Buffas &#8211; Nemanau, kad prad\u017eia buvo nervinga, turime daug patyrusi\u0173 \u017eaid\u0117j\u0173. Ta\u010diau kartais gali taip atsitikti, nelaim\u0117jome dvikov\u0173. V\u0117lavome \u012f dvikovas, leidome jiems vien\u0105 kit\u0105 sekund\u0119 kamuolio kontrolei, Leidome prad\u0117ti atakas. Turime i\u0161analizuoti klaidas ir geriau su\u017eaisti po savait\u0117s. Ar esame rezultatu patenkinti? Saky\u010diau jis neblogas. Nor\u0117jome \u010dia laim\u0117ti. Var\u017eovai turi ger\u0105 komand\u0105 ir gali \u017eaisti ger\u0105 futbol\u0105. Kit\u0105 savait\u0119 nebus lengva.\u201c<\/p>\n<div class=\"embed-responsive embed-responsive-16by9 mb-4\"><iframe title=\"\u017daid\u0117jo komentaras | Ballkani - \u017dalgiris | Buff | Post match interview\" src=\"https:\/\/www.youtube.com\/embed\/mvOPYw5d4QM?feature=oembed\" frameborder=\"0\" allow=\"accelerometer; autoplay; clipboard-write; encrypted-media; gyroscope; picture-in-picture; web-share\" referrerpolicy=\"strict-origin-when-cross-origin\" allowfullscreen><\/iframe> <\/div>\n<p>O. Buffas \u2013 vienas i\u0161 \u017eemiausi\u0173 \u017ealgirie\u010di\u0173 pagal \u016bg\u012f, ta\u010diau \u0161\u012f sezon\u0105 jau antr\u0105 kart\u0105 pasi\u017eym\u0117jo sm\u016bgiu galva.<\/p>\n<p>\u201eGalva \u012fmu\u0161u retokai. Standartines situacijas nuolat tobuliname treniruot\u0117se. Standartin\u0117s situacijos yra svarbios. Svarbiose rungtyn\u0117se kaip \u0161ios gali pelnyti \u012fvart\u012f. Tai svarbu, daug ties tuo dirbome\u201c, &#8211; teig\u0117 \u0161veicaras.<\/p>\n<p>\u201eApie standartines situacijas daug kalb\u0117jome &#8211; kad var\u017eovai turi problem\u0173, neapsigina, neu\u017edengia, tik zonas. Kamuolys atskriejo, \u017eaid\u0117jas u\u017esi\u0117m\u0117 pozicij\u0105. Neauk\u0161tas \u017eaid\u0117jas, bet atliko savo darb\u0105 gerai\u201c, &#8211; d\u017eiaug\u0117si aukl\u0117tiniu V. \u010ceburinas.<\/p>\n<p>Tiek treneris, tiek \u017eaid\u0117jas vyl\u0117si, jog \u012fvair\u016bs faktoriai liepos 12-\u0105j\u0105 Vilniuje leis parodyti kit\u0105 \u201e\u017dalgirio\u201c veid\u0105.<\/p>\n<p>\u201eNebuvo lengva \u017eaisti ant \u0161ios vejos, ji buvo gili. Ta\u010diau ji buvo vienoda abiem komandoms. Tikiuosi tur\u0117sime prana\u0161um\u0105 ant savo aik\u0161t\u0117s ir gal\u0117sime \u017eaisti geresn\u012f futbol\u0105\u201c, &#8211; sak\u0117 O. Buffas.<\/p>\n<p>\u201e\u0160\u012f vakar\u0105 jaut\u0117me savo aistruoli\u0173 palaikym\u0105, nors j\u0173 palyginus su \u0161eimininkais nebuvo daug. Buvo labai malonu, kad jie palaik\u0117 komand\u0105. Tikiuosi, jog Vilniuje mus palaikys daug aistruoli\u0173 kad komanda tur\u0117t\u0173 nam\u0173 stadiono prana\u0161um\u0105. Jei \u017eaidi apytu\u0161\u010diame stadione, prana\u0161umas nesijau\u010dia. Tikim\u0117s, kad ateis m\u016bs\u0173 aistruoliai, kad savoje aik\u0161t\u0117je, mums \u012fprastos s\u0105lygos bus palankios\u201c, &#8211; kalb\u0117jo V. \u010ceburinas.<\/p>\n<p>Atsakomosios rungtyn\u0117s vyks liepos 12 d.\u00a0 nuo 19 val. Vilniuje, LFF stadione.<\/p>\n","protected":false},"excerpt":{"rendered":"<p>Po lygiosiomis 1:1 pasibaigusi\u0173 \u010cempion\u0173 lygos rungtyni\u0173 Kosove \u201e\u017dalgirio\u201c treneris Vladimiras \u010ceburinas kalb\u0117jo apie padaryt\u0105 didel\u012f klaid\u0173 kiek\u012f ir tik\u0117josi nam\u0173 sien\u0173 prana\u0161umo po savait\u0117s,\u2026<\/p>\n","protected":false},"author":4,"featured_media":0,"comment_status":"closed","ping_status":"closed","sticky":false,"template":"","format":"standard","meta":{"_acf_changed":false,"footnotes":""},"categories":[87],"class_list":["post-9308","post","type-post","status-publish","format-standard","hentry","category-zalgiris"],"acf":[],"yoast_head":"<!-- This site is optimized with the Yoast SEO plugin v26.8 - https:\/\/yoast.com\/product\/yoast-seo-wordpress\/ -->\n<title>O. Buffas: \u201eTikiuosi savoje aik\u0161t\u0117je tur\u0117sime prana\u0161um\u0105\u201c - FK \u017dalgiris<\/title>\n<meta name=\"robots\" content=\"index, follow, max-snippet:-1, max-image-preview:large, max-video-preview:-1\" \/>\n<link rel=\"canonical\" href=\"https:\/\/fkzalgiris.lt\/o-buffas-tikiuosi-savoje-aiksteje-turesime-pranasuma\/\" \/>\n<meta property=\"og:locale\" content=\"lt_LT\" \/>\n<meta property=\"og:type\" content=\"article\" \/>\n<meta property=\"og:title\" content=\"O. Buffas: \u201eTikiuosi savoje aik\u0161t\u0117je tur\u0117sime prana\u0161um\u0105\u201c - FK \u017dalgiris\" \/>\n<meta property=\"og:description\" content=\"Po lygiosiomis 1:1 pasibaigusi\u0173 \u010cempion\u0173 lygos rungtyni\u0173 Kosove \u201e\u017dalgirio\u201c treneris Vladimiras \u010ceburinas kalb\u0117jo apie padaryt\u0105 didel\u012f klaid\u0173 kiek\u012f ir tik\u0117josi nam\u0173 sien\u0173 prana\u0161umo po savait\u0117s,\u2026\" \/>\n<meta property=\"og:url\" content=\"https:\/\/fkzalgiris.lt\/o-buffas-tikiuosi-savoje-aiksteje-turesime-pranasuma\/\" \/>\n<meta property=\"og:site_name\" content=\"FK \u017dalgiris\" \/>\n<meta property=\"article:publisher\" content=\"https:\/\/www.facebook.com\/fkzalgiris\/\" \/>\n<meta property=\"article:published_time\" content=\"2022-07-06T04:15:56+00:00\" \/>\n<meta property=\"og:image\" content=\"https:\/\/fkzalgiris.lt\/wp-content\/uploads\/2024\/02\/social-horiz_Zalgiris_logo_2024.png\" \/>\n\t<meta property=\"og:image:width\" content=\"3356\" \/>\n\t<meta property=\"og:image:height\" content=\"2259\" \/>\n\t<meta property=\"og:image:type\" content=\"image\/png\" \/>\n<meta name=\"author\" content=\"J\" \/>\n<meta name=\"twitter:card\" content=\"summary_large_image\" \/>\n<meta name=\"twitter:creator\" content=\"@fkzalgiris\" \/>\n<meta name=\"twitter:site\" content=\"@fkzalgiris\" \/>\n<meta name=\"twitter:label1\" content=\"Written by\" \/>\n\t<meta name=\"twitter:data1\" content=\"J\" \/>\n\t<meta name=\"twitter:label2\" content=\"Est. reading time\" \/>\n\t<meta name=\"twitter:data2\" content=\"3 minut\u0117s\" \/>\n<script type=\"application\/ld+json\" class=\"yoast-schema-graph\">{\"@context\":\"https:\/\/schema.org\",\"@graph\":[{\"@type\":\"Article\",\"@id\":\"https:\/\/fkzalgiris.lt\/o-buffas-tikiuosi-savoje-aiksteje-turesime-pranasuma\/#article\",\"isPartOf\":{\"@id\":\"https:\/\/fkzalgiris.lt\/o-buffas-tikiuosi-savoje-aiksteje-turesime-pranasuma\/\"},\"author\":{\"name\":\"J\",\"@id\":\"https:\/\/fkzalgiris.lt\/#\/schema\/person\/8604babbba794a7d8767be324a3eaac8\"},\"headline\":\"O. Buffas: \u201eTikiuosi savoje aik\u0161t\u0117je tur\u0117sime prana\u0161um\u0105\u201c\",\"datePublished\":\"2022-07-06T04:15:56+00:00\",\"mainEntityOfPage\":{\"@id\":\"https:\/\/fkzalgiris.lt\/o-buffas-tikiuosi-savoje-aiksteje-turesime-pranasuma\/\"},\"wordCount\":607,\"publisher\":{\"@id\":\"https:\/\/fkzalgiris.lt\/#organization\"},\"articleSection\":[\"\u017dalgiris\"],\"inLanguage\":\"lt-LT\"},{\"@type\":\"WebPage\",\"@id\":\"https:\/\/fkzalgiris.lt\/o-buffas-tikiuosi-savoje-aiksteje-turesime-pranasuma\/\",\"url\":\"https:\/\/fkzalgiris.lt\/o-buffas-tikiuosi-savoje-aiksteje-turesime-pranasuma\/\",\"name\":\"O. Buffas: \u201eTikiuosi savoje aik\u0161t\u0117je tur\u0117sime prana\u0161um\u0105\u201c - FK \u017dalgiris\",\"isPartOf\":{\"@id\":\"https:\/\/fkzalgiris.lt\/#website\"},\"datePublished\":\"2022-07-06T04:15:56+00:00\",\"breadcrumb\":{\"@id\":\"https:\/\/fkzalgiris.lt\/o-buffas-tikiuosi-savoje-aiksteje-turesime-pranasuma\/#breadcrumb\"},\"inLanguage\":\"lt-LT\",\"potentialAction\":[{\"@type\":\"ReadAction\",\"target\":[\"https:\/\/fkzalgiris.lt\/o-buffas-tikiuosi-savoje-aiksteje-turesime-pranasuma\/\"]}]},{\"@type\":\"BreadcrumbList\",\"@id\":\"https:\/\/fkzalgiris.lt\/o-buffas-tikiuosi-savoje-aiksteje-turesime-pranasuma\/#breadcrumb\",\"itemListElement\":[{\"@type\":\"ListItem\",\"position\":1,\"name\":\"Home\",\"item\":\"https:\/\/fkzalgiris.lt\/\"},{\"@type\":\"ListItem\",\"position\":2,\"name\":\"O. Buffas: \u201eTikiuosi savoje aik\u0161t\u0117je tur\u0117sime prana\u0161um\u0105\u201c\"}]},{\"@type\":\"WebSite\",\"@id\":\"https:\/\/fkzalgiris.lt\/#website\",\"url\":\"https:\/\/fkzalgiris.lt\/\",\"name\":\"FK \u017dalgiris\",\"description\":\"oficiali Vilniaus \u201e\u017dalgirio\u201c futbolo klubo svetain\u0117\",\"publisher\":{\"@id\":\"https:\/\/fkzalgiris.lt\/#organization\"},\"potentialAction\":[{\"@type\":\"SearchAction\",\"target\":{\"@type\":\"EntryPoint\",\"urlTemplate\":\"https:\/\/fkzalgiris.lt\/?s={search_term_string}\"},\"query-input\":{\"@type\":\"PropertyValueSpecification\",\"valueRequired\":true,\"valueName\":\"search_term_string\"}}],\"inLanguage\":\"lt-LT\"},{\"@type\":\"Organization\",\"@id\":\"https:\/\/fkzalgiris.lt\/#organization\",\"name\":\"FK \u017dalgiris\",\"url\":\"https:\/\/fkzalgiris.lt\/\",\"logo\":{\"@type\":\"ImageObject\",\"inLanguage\":\"lt-LT\",\"@id\":\"https:\/\/fkzalgiris.lt\/#\/schema\/logo\/image\/\",\"url\":\"https:\/\/fkzalgiris.lt\/wp-content\/uploads\/2024\/01\/horiz-FK-Zalgiris-logo-2015.png\",\"contentUrl\":\"https:\/\/fkzalgiris.lt\/wp-content\/uploads\/2024\/01\/horiz-FK-Zalgiris-logo-2015.png\",\"width\":3073,\"height\":2048,\"caption\":\"FK \u017dalgiris\"},\"image\":{\"@id\":\"https:\/\/fkzalgiris.lt\/#\/schema\/logo\/image\/\"},\"sameAs\":[\"https:\/\/www.facebook.com\/fkzalgiris\/\",\"https:\/\/x.com\/fkzalgiris\",\"https:\/\/www.instagram.com\/fkzalgiris\/\",\"https:\/\/www.youtube.com\/channel\/UC1ag8JLxGirltMUoLlzfZLA\"]},{\"@type\":\"Person\",\"@id\":\"https:\/\/fkzalgiris.lt\/#\/schema\/person\/8604babbba794a7d8767be324a3eaac8\",\"name\":\"J\"}]}<\/script>\n<!-- \/ Yoast SEO plugin. -->","yoast_head_json":{"title":"O. Buffas: \u201eTikiuosi savoje aik\u0161t\u0117je tur\u0117sime prana\u0161um\u0105\u201c - FK \u017dalgiris","robots":{"index":"index","follow":"follow","max-snippet":"max-snippet:-1","max-image-preview":"max-image-preview:large","max-video-preview":"max-video-preview:-1"},"canonical":"https:\/\/fkzalgiris.lt\/o-buffas-tikiuosi-savoje-aiksteje-turesime-pranasuma\/","og_locale":"lt_LT","og_type":"article","og_title":"O. Buffas: \u201eTikiuosi savoje aik\u0161t\u0117je tur\u0117sime prana\u0161um\u0105\u201c - FK \u017dalgiris","og_description":"Po lygiosiomis 1:1 pasibaigusi\u0173 \u010cempion\u0173 lygos rungtyni\u0173 Kosove \u201e\u017dalgirio\u201c treneris Vladimiras \u010ceburinas kalb\u0117jo apie padaryt\u0105 didel\u012f klaid\u0173 kiek\u012f ir tik\u0117josi nam\u0173 sien\u0173 prana\u0161umo po savait\u0117s,\u2026","og_url":"https:\/\/fkzalgiris.lt\/o-buffas-tikiuosi-savoje-aiksteje-turesime-pranasuma\/","og_site_name":"FK \u017dalgiris","article_publisher":"https:\/\/www.facebook.com\/fkzalgiris\/","article_published_time":"2022-07-06T04:15:56+00:00","og_image":[{"width":3356,"height":2259,"url":"https:\/\/fkzalgiris.lt\/wp-content\/uploads\/2024\/02\/social-horiz_Zalgiris_logo_2024.png","type":"image\/png"}],"author":"J","twitter_card":"summary_large_image","twitter_creator":"@fkzalgiris","twitter_site":"@fkzalgiris","twitter_misc":{"Written by":"J","Est. reading time":"3 minut\u0117s"},"schema":{"@context":"https:\/\/schema.org","@graph":[{"@type":"Article","@id":"https:\/\/fkzalgiris.lt\/o-buffas-tikiuosi-savoje-aiksteje-turesime-pranasuma\/#article","isPartOf":{"@id":"https:\/\/fkzalgiris.lt\/o-buffas-tikiuosi-savoje-aiksteje-turesime-pranasuma\/"},"author":{"name":"J","@id":"https:\/\/fkzalgiris.lt\/#\/schema\/person\/8604babbba794a7d8767be324a3eaac8"},"headline":"O. Buffas: \u201eTikiuosi savoje aik\u0161t\u0117je tur\u0117sime prana\u0161um\u0105\u201c","datePublished":"2022-07-06T04:15:56+00:00","mainEntityOfPage":{"@id":"https:\/\/fkzalgiris.lt\/o-buffas-tikiuosi-savoje-aiksteje-turesime-pranasuma\/"},"wordCount":607,"publisher":{"@id":"https:\/\/fkzalgiris.lt\/#organization"},"articleSection":["\u017dalgiris"],"inLanguage":"lt-LT"},{"@type":"WebPage","@id":"https:\/\/fkzalgiris.lt\/o-buffas-tikiuosi-savoje-aiksteje-turesime-pranasuma\/","url":"https:\/\/fkzalgiris.lt\/o-buffas-tikiuosi-savoje-aiksteje-turesime-pranasuma\/","name":"O. Buffas: \u201eTikiuosi savoje aik\u0161t\u0117je tur\u0117sime prana\u0161um\u0105\u201c - FK \u017dalgiris","isPartOf":{"@id":"https:\/\/fkzalgiris.lt\/#website"},"datePublished":"2022-07-06T04:15:56+00:00","breadcrumb":{"@id":"https:\/\/fkzalgiris.lt\/o-buffas-tikiuosi-savoje-aiksteje-turesime-pranasuma\/#breadcrumb"},"inLanguage":"lt-LT","potentialAction":[{"@type":"ReadAction","target":["https:\/\/fkzalgiris.lt\/o-buffas-tikiuosi-savoje-aiksteje-turesime-pranasuma\/"]}]},{"@type":"BreadcrumbList","@id":"https:\/\/fkzalgiris.lt\/o-buffas-tikiuosi-savoje-aiksteje-turesime-pranasuma\/#breadcrumb","itemListElement":[{"@type":"ListItem","position":1,"name":"Home","item":"https:\/\/fkzalgiris.lt\/"},{"@type":"ListItem","position":2,"name":"O. Buffas: \u201eTikiuosi savoje aik\u0161t\u0117je tur\u0117sime prana\u0161um\u0105\u201c"}]},{"@type":"WebSite","@id":"https:\/\/fkzalgiris.lt\/#website","url":"https:\/\/fkzalgiris.lt\/","name":"FK \u017dalgiris","description":"oficiali Vilniaus \u201e\u017dalgirio\u201c futbolo klubo svetain\u0117","publisher":{"@id":"https:\/\/fkzalgiris.lt\/#organization"},"potentialAction":[{"@type":"SearchAction","target":{"@type":"EntryPoint","urlTemplate":"https:\/\/fkzalgiris.lt\/?s={search_term_string}"},"query-input":{"@type":"PropertyValueSpecification","valueRequired":true,"valueName":"search_term_string"}}],"inLanguage":"lt-LT"},{"@type":"Organization","@id":"https:\/\/fkzalgiris.lt\/#organization","name":"FK \u017dalgiris","url":"https:\/\/fkzalgiris.lt\/","logo":{"@type":"ImageObject","inLanguage":"lt-LT","@id":"https:\/\/fkzalgiris.lt\/#\/schema\/logo\/image\/","url":"https:\/\/fkzalgiris.lt\/wp-content\/uploads\/2024\/01\/horiz-FK-Zalgiris-logo-2015.png","contentUrl":"https:\/\/fkzalgiris.lt\/wp-content\/uploads\/2024\/01\/horiz-FK-Zalgiris-logo-2015.png","width":3073,"height":2048,"caption":"FK \u017dalgiris"},"image":{"@id":"https:\/\/fkzalgiris.lt\/#\/schema\/logo\/image\/"},"sameAs":["https:\/\/www.facebook.com\/fkzalgiris\/","https:\/\/x.com\/fkzalgiris","https:\/\/www.instagram.com\/fkzalgiris\/","https:\/\/www.youtube.com\/channel\/UC1ag8JLxGirltMUoLlzfZLA"]},{"@type":"Person","@id":"https:\/\/fkzalgiris.lt\/#\/schema\/person\/8604babbba794a7d8767be324a3eaac8","name":"J"}]}},"_links":{"self":[{"href":"https:\/\/fkzalgiris.lt\/api\/wp\/v2\/posts\/9308","targetHints":{"allow":["GET"]}}],"collection":[{"href":"https:\/\/fkzalgiris.lt\/api\/wp\/v2\/posts"}],"about":[{"href":"https:\/\/fkzalgiris.lt\/api\/wp\/v2\/types\/post"}],"author":[{"embeddable":true,"href":"https:\/\/fkzalgiris.lt\/api\/wp\/v2\/users\/4"}],"replies":[{"embeddable":true,"href":"https:\/\/fkzalgiris.lt\/api\/wp\/v2\/comments?post=9308"}],"version-history":[{"count":4,"href":"https:\/\/fkzalgiris.lt\/api\/wp\/v2\/posts\/9308\/revisions"}],"predecessor-version":[{"id":9314,"href":"https:\/\/fkzalgiris.lt\/api\/wp\/v2\/posts\/9308\/revisions\/9314"}],"wp:attachment":[{"href":"https:\/\/fkzalgiris.lt\/api\/wp\/v2\/media?parent=9308"}],"wp:term":[{"taxonomy":"category","embeddable":true,"href":"https:\/\/fkzalgiris.lt\/api\/wp\/v2\/categories?post=9308"}],"curies":[{"name":"wp","href":"https:\/\/api.w.org\/{rel}","templated":true}]}}