{"id":9282,"date":"2022-07-05T11:59:00","date_gmt":"2022-07-05T08:59:00","guid":{"rendered":"https:\/\/fkzalgiris.lt\/?p=9282"},"modified":"2022-07-05T13:33:11","modified_gmt":"2022-07-05T10:33:11","slug":"europinio-zygio-startas-pristinoje","status":"publish","type":"post","link":"https:\/\/fkzalgiris.lt\/europinio-zygio-startas-pristinoje\/","title":{"rendered":"Europinio \u017eygio startas &#8211; Pri\u0161tinoje"},"content":{"rendered":"<p>Ilgai laukta diena \u201e\u017dalgirio\u201c komandai ir aistruoliams at\u0117jo \u2013 antradienio vakare komanda pradeda nauj\u0105 tarptautin\u012f sezon\u0105. Pirmasis testas \u2013 Kosove prie\u0161 \u0161ios \u0161alies \u010dempion\u0105 \u201eBallkani\u201c.<\/p>\n<p>Pirmadien\u012f ryte atvyk\u0119 \u012f Kosovo sostin\u0119 Pri\u0161tin\u0105, kur vyks rungtyn\u0117s, vakare \u017ealgirie\u010diai sureng\u0117 treniruot\u0119 nacionaliniame \u201eFadil Vokrri\u201c vardo stadione.<\/p>\n<p>Nors dien\u0105 \u010dia pliek\u0117 33 laipsni\u0173 kar\u0161tis, vakare termometro stulpelis nukrito apie de\u0161imt laipsni\u0173 ir pasiruo\u0161imas rungtyn\u0117ms nesuk\u0117l\u0117 didesnio diskomforto. \u017dalgirie\u010diai negal\u0117jo sk\u0173stis ir kitomis s\u0105lygomis.<\/p>\n<p>\u201eKelion\u0117 buvo gera, patogi. Oras \u010dia geras, vie\u0161butis taip pat labai geras, maistas buvo geras. Treniruot\u0117je jaut\u0117si, jog komanda gerai pasiruo\u0161usi. Gerai pasitreniravome, laukiame rungtyni\u0173. Veja buvo gera, kiek mink\u0161ta, bet gera. Vilniuje \u017eaid\u017eiame ant dirbtin\u0117s dangos, pereiti ant nat\u016bralios visada malonu\u201c, &#8211; \u012fsp\u016bd\u017eiais po treniruot\u0117s dalinosi gyn\u0117jas Mario Paveli\u010dius.<\/p>\n<p>Prie\u0161 penkerius metus renovuotoje seno stiliaus arenoje su b\u0117gimo takais \u017eaid\u017eia ir Kosovo rinktin\u0117, per tarptautines rungtynes glaud\u017eiasi ir daugelis \u0161alies klub\u0173.<\/p>\n<p>\u201eBallkani\u201c klubas \u0161alies \u010dempionate rungtyniauja Terand\u0117je, ta\u010diau d\u0117l UEFA reikalavim\u0173 tur\u0117s \u017eaisti Pri\u0161tinoje. Nepaisant to, tikimasi jog rungtynes su \u201e\u017dalgiriu\u201c steb\u0117s 4-5 t\u016bkst. \u017ei\u016brov\u0173.<\/p>\n<p>\u017dalgirie\u010diai pastar\u0105sias kelias rungtynes \u010dempionate laim\u0117jo, ta\u010diau M. Paveli\u010dius \u012fsp\u0117jo, jog tai gali nedaug reik\u0161ti. \u201ePaskutines kelias rungtynes su\u017eaid\u0117me gerai, pasitikime savo j\u0117gomis. Ta\u010diau kiekvienos rungtyn\u0117s skirtingos, ypa\u010d \u010dia, kai tarptautin\u0117s. Bet esame gerai pasiruo\u0161\u0119.\u201c<\/p>\n<p>\u201e\u017dalgirio\u201c treneris Vladimiras \u010ceburinas prie\u0161 rungtynes buvo klausiamas apie tai, ar vilnie\u010diams suteiks prana\u0161um\u0105 tai, jog Kosove \u010dempionatas baig\u0117si prie\u0161 pora m\u0117nesi\u0173, o \u017ealgirie\u010diai paskutines rungtynes \u017eaid\u0117 penktadien\u012f.<\/p>\n<p><strong>\u201e<\/strong>Po pra\u0117jusio sezono yra pasikeitim\u0173, bet i\u0161liko \u017eaidimo filosofija. \u00a0Analizavome kaip jie \u017eaid\u017eia, pasidar\u0117me i\u0161vadas. I\u0161 kitos pus\u0117s, kadangi pas mus \u010dempionatas vyksta, var\u017eovas gali ai\u0161kiai matyti m\u016bs\u0173 \u017eaidim\u0105 ir sud\u0117t\u012f. Bus \u012fdomios rungtyn\u0117s, ir d\u0117l kovos ir d\u0117l nam\u0173 darb\u0173. Mes rungtyn\u0117ms ruo\u0161\u0117me savo nam\u0173 darbus. Rungtyn\u0117s parodys kaip bus\u201c, &#8211; sak\u0117 treneris.<\/p>\n<p>Jis pa\u017eym\u0117jo, jog nereik\u0117t\u0173 nuvertinti var\u017eov\u0173 nepaisant to, kad jie debiutuoja tokiame turnyre: \u201eVisk\u0105 pasako tai kad \u201eBallkani\u201c yra Kosovo \u010dempionai. Jie u\u017e\u0117m\u0117 pirm\u0105 viet\u0105, dalyvauja \u010cempion\u0173 lygoje. Mes \u017eaid\u017eiame i\u0161vykoje, pirmos rungtyn\u0117s. Labai svarbu parodyti tai k\u0105 sugebame.\u201c<\/p>\n<p>M. Paveli\u010dius ir komandos kapitonas Saulius Mikoli\u016bnas taip pat pateik\u0117 savo nuomon\u0119 apie var\u017eovus.<\/p>\n<p>\u201eKomanda auk\u0161to lygio, turi daug techni\u0161k\u0173, fizi\u0161kai gerai pasiruo\u0161usi\u0173 \u017eaid\u0117j\u0173. I\u0161laiko intensyv\u0173 temp\u0105 vis\u0173 rungtyni\u0173 metu, didel\u0117mis paj\u0117gomis stengiasi atakuoti. M\u016bs\u0173 u\u017edavinys bus gerai kompakti\u0161kai gintis ir j\u0173 t\u0105 entuziazm\u0105 atakuoti numal\u0161inti savo geru ir produktyviu \u017eaidimu atakoje\u201c, &#8211; sak\u0117 S. Mikolinas.<\/p>\n<p>\u201eAnalizavome var\u017eovus, j\u0173 pagrindinius \u017eaid\u0117jus. Jie ie\u0161ko galimybi\u0173 kontratakoms, giliems perdavimams. Turi greit\u0173 techni\u0161k\u0173, \u017eaid\u0117j\u0173. Norime su\u017eaisti gerai ir prie\u0161 atsakom\u0105sias rungtynes tur\u0117ti tvirt\u0105 pozicij\u0105\u201c, &#8211; kalb\u0117jo M. Paveli\u010dius.<\/p>\n<p>Pri\u0161tinoje \u017ealgirie\u010dius palaikys ir pora de\u0161im\u010di\u0173 aistruoli\u0173, kurie iki Pri\u0161tinos nusigavo skirtingais b\u016bdais \u2013 vieni skrido i\u0161 Var\u0161uvos ar kit\u0173 Europos viet\u0173, kiti sukor\u0117 pora t\u016bkstan\u010di\u0173 kilometr\u0173 traukiniais ir automobiliais.<\/p>\n<p>Rungtyn\u0117s vyks liepos 5 d. nuo 21 val. Lietuvos laiku.<\/p>\n<p>Rungtyni\u0173 transliacijos teises, kurios priklauso nam\u0173 klubui (\u0161iuo atveju FC \u201eBallkani\u201c) \u012fsigijo tik Kosovo mokamas kanalas \u201eART Motion\u201c. \u201e\u017dalgirio\u201c aistruoliai Vilniuje \u017ei\u016br\u0117ti dvikovos renkasi \u201eAction by Apollo\u201c prekybos centre \u201eOzas\u201c.<\/p>\n<p>Atsakomosios rungtyn\u0117s bus \u017eaid\u017eiamos liepos 12 d. nuo 19 val. Vilniuje, LFF stadione.<\/p>\n","protected":false},"excerpt":{"rendered":"<p>Ilgai laukta diena \u201e\u017dalgirio\u201c komandai ir aistruoliams at\u0117jo \u2013 antradienio vakare komanda pradeda nauj\u0105 tarptautin\u012f sezon\u0105. Pirmasis testas \u2013 Kosove prie\u0161 \u0161ios \u0161alies \u010dempion\u0105 \u201eBallkani\u201c.\u2026<\/p>\n","protected":false},"author":4,"featured_media":0,"comment_status":"closed","ping_status":"closed","sticky":false,"template":"","format":"standard","meta":{"_acf_changed":false,"footnotes":""},"categories":[87],"class_list":["post-9282","post","type-post","status-publish","format-standard","hentry","category-zalgiris"],"acf":[],"yoast_head":"<!-- This site is optimized with the Yoast SEO plugin v26.8 - https:\/\/yoast.com\/product\/yoast-seo-wordpress\/ -->\n<title>Europinio \u017eygio startas - Pri\u0161tinoje - FK \u017dalgiris<\/title>\n<meta name=\"robots\" content=\"index, follow, max-snippet:-1, max-image-preview:large, max-video-preview:-1\" \/>\n<link rel=\"canonical\" href=\"https:\/\/fkzalgiris.lt\/europinio-zygio-startas-pristinoje\/\" \/>\n<meta property=\"og:locale\" content=\"lt_LT\" \/>\n<meta property=\"og:type\" content=\"article\" \/>\n<meta property=\"og:title\" content=\"Europinio \u017eygio startas - Pri\u0161tinoje - FK \u017dalgiris\" \/>\n<meta property=\"og:description\" content=\"Ilgai laukta diena \u201e\u017dalgirio\u201c komandai ir aistruoliams at\u0117jo \u2013 antradienio vakare komanda pradeda nauj\u0105 tarptautin\u012f sezon\u0105. Pirmasis testas \u2013 Kosove prie\u0161 \u0161ios \u0161alies \u010dempion\u0105 \u201eBallkani\u201c.\u2026\" \/>\n<meta property=\"og:url\" content=\"https:\/\/fkzalgiris.lt\/europinio-zygio-startas-pristinoje\/\" \/>\n<meta property=\"og:site_name\" content=\"FK \u017dalgiris\" \/>\n<meta property=\"article:publisher\" content=\"https:\/\/www.facebook.com\/fkzalgiris\/\" \/>\n<meta property=\"article:published_time\" content=\"2022-07-05T08:59:00+00:00\" \/>\n<meta property=\"article:modified_time\" content=\"2022-07-05T10:33:11+00:00\" \/>\n<meta property=\"og:image\" content=\"https:\/\/fkzalgiris.lt\/wp-content\/uploads\/2024\/02\/social-horiz_Zalgiris_logo_2024.png\" \/>\n\t<meta property=\"og:image:width\" content=\"3356\" \/>\n\t<meta property=\"og:image:height\" content=\"2259\" \/>\n\t<meta property=\"og:image:type\" content=\"image\/png\" \/>\n<meta name=\"author\" content=\"J\" \/>\n<meta name=\"twitter:card\" content=\"summary_large_image\" \/>\n<meta name=\"twitter:creator\" content=\"@fkzalgiris\" \/>\n<meta name=\"twitter:site\" content=\"@fkzalgiris\" \/>\n<meta name=\"twitter:label1\" content=\"Written by\" \/>\n\t<meta name=\"twitter:data1\" content=\"J\" \/>\n\t<meta name=\"twitter:label2\" content=\"Est. reading time\" \/>\n\t<meta name=\"twitter:data2\" content=\"3 minut\u0117s\" \/>\n<script type=\"application\/ld+json\" class=\"yoast-schema-graph\">{\"@context\":\"https:\/\/schema.org\",\"@graph\":[{\"@type\":\"Article\",\"@id\":\"https:\/\/fkzalgiris.lt\/europinio-zygio-startas-pristinoje\/#article\",\"isPartOf\":{\"@id\":\"https:\/\/fkzalgiris.lt\/europinio-zygio-startas-pristinoje\/\"},\"author\":{\"name\":\"J\",\"@id\":\"https:\/\/fkzalgiris.lt\/#\/schema\/person\/8604babbba794a7d8767be324a3eaac8\"},\"headline\":\"Europinio \u017eygio startas &#8211; Pri\u0161tinoje\",\"datePublished\":\"2022-07-05T08:59:00+00:00\",\"dateModified\":\"2022-07-05T10:33:11+00:00\",\"mainEntityOfPage\":{\"@id\":\"https:\/\/fkzalgiris.lt\/europinio-zygio-startas-pristinoje\/\"},\"wordCount\":605,\"publisher\":{\"@id\":\"https:\/\/fkzalgiris.lt\/#organization\"},\"articleSection\":[\"\u017dalgiris\"],\"inLanguage\":\"lt-LT\"},{\"@type\":\"WebPage\",\"@id\":\"https:\/\/fkzalgiris.lt\/europinio-zygio-startas-pristinoje\/\",\"url\":\"https:\/\/fkzalgiris.lt\/europinio-zygio-startas-pristinoje\/\",\"name\":\"Europinio \u017eygio startas - Pri\u0161tinoje - FK \u017dalgiris\",\"isPartOf\":{\"@id\":\"https:\/\/fkzalgiris.lt\/#website\"},\"datePublished\":\"2022-07-05T08:59:00+00:00\",\"dateModified\":\"2022-07-05T10:33:11+00:00\",\"breadcrumb\":{\"@id\":\"https:\/\/fkzalgiris.lt\/europinio-zygio-startas-pristinoje\/#breadcrumb\"},\"inLanguage\":\"lt-LT\",\"potentialAction\":[{\"@type\":\"ReadAction\",\"target\":[\"https:\/\/fkzalgiris.lt\/europinio-zygio-startas-pristinoje\/\"]}]},{\"@type\":\"BreadcrumbList\",\"@id\":\"https:\/\/fkzalgiris.lt\/europinio-zygio-startas-pristinoje\/#breadcrumb\",\"itemListElement\":[{\"@type\":\"ListItem\",\"position\":1,\"name\":\"Home\",\"item\":\"https:\/\/fkzalgiris.lt\/\"},{\"@type\":\"ListItem\",\"position\":2,\"name\":\"Europinio \u017eygio startas &#8211; Pri\u0161tinoje\"}]},{\"@type\":\"WebSite\",\"@id\":\"https:\/\/fkzalgiris.lt\/#website\",\"url\":\"https:\/\/fkzalgiris.lt\/\",\"name\":\"FK \u017dalgiris\",\"description\":\"oficiali Vilniaus \u201e\u017dalgirio\u201c futbolo klubo svetain\u0117\",\"publisher\":{\"@id\":\"https:\/\/fkzalgiris.lt\/#organization\"},\"potentialAction\":[{\"@type\":\"SearchAction\",\"target\":{\"@type\":\"EntryPoint\",\"urlTemplate\":\"https:\/\/fkzalgiris.lt\/?s={search_term_string}\"},\"query-input\":{\"@type\":\"PropertyValueSpecification\",\"valueRequired\":true,\"valueName\":\"search_term_string\"}}],\"inLanguage\":\"lt-LT\"},{\"@type\":\"Organization\",\"@id\":\"https:\/\/fkzalgiris.lt\/#organization\",\"name\":\"FK \u017dalgiris\",\"url\":\"https:\/\/fkzalgiris.lt\/\",\"logo\":{\"@type\":\"ImageObject\",\"inLanguage\":\"lt-LT\",\"@id\":\"https:\/\/fkzalgiris.lt\/#\/schema\/logo\/image\/\",\"url\":\"https:\/\/fkzalgiris.lt\/wp-content\/uploads\/2024\/01\/horiz-FK-Zalgiris-logo-2015.png\",\"contentUrl\":\"https:\/\/fkzalgiris.lt\/wp-content\/uploads\/2024\/01\/horiz-FK-Zalgiris-logo-2015.png\",\"width\":3073,\"height\":2048,\"caption\":\"FK \u017dalgiris\"},\"image\":{\"@id\":\"https:\/\/fkzalgiris.lt\/#\/schema\/logo\/image\/\"},\"sameAs\":[\"https:\/\/www.facebook.com\/fkzalgiris\/\",\"https:\/\/x.com\/fkzalgiris\",\"https:\/\/www.instagram.com\/fkzalgiris\/\",\"https:\/\/www.youtube.com\/channel\/UC1ag8JLxGirltMUoLlzfZLA\"]},{\"@type\":\"Person\",\"@id\":\"https:\/\/fkzalgiris.lt\/#\/schema\/person\/8604babbba794a7d8767be324a3eaac8\",\"name\":\"J\"}]}<\/script>\n<!-- \/ Yoast SEO plugin. -->","yoast_head_json":{"title":"Europinio \u017eygio startas - Pri\u0161tinoje - FK \u017dalgiris","robots":{"index":"index","follow":"follow","max-snippet":"max-snippet:-1","max-image-preview":"max-image-preview:large","max-video-preview":"max-video-preview:-1"},"canonical":"https:\/\/fkzalgiris.lt\/europinio-zygio-startas-pristinoje\/","og_locale":"lt_LT","og_type":"article","og_title":"Europinio \u017eygio startas - Pri\u0161tinoje - FK \u017dalgiris","og_description":"Ilgai laukta diena \u201e\u017dalgirio\u201c komandai ir aistruoliams at\u0117jo \u2013 antradienio vakare komanda pradeda nauj\u0105 tarptautin\u012f sezon\u0105. Pirmasis testas \u2013 Kosove prie\u0161 \u0161ios \u0161alies \u010dempion\u0105 \u201eBallkani\u201c.\u2026","og_url":"https:\/\/fkzalgiris.lt\/europinio-zygio-startas-pristinoje\/","og_site_name":"FK \u017dalgiris","article_publisher":"https:\/\/www.facebook.com\/fkzalgiris\/","article_published_time":"2022-07-05T08:59:00+00:00","article_modified_time":"2022-07-05T10:33:11+00:00","og_image":[{"width":3356,"height":2259,"url":"https:\/\/fkzalgiris.lt\/wp-content\/uploads\/2024\/02\/social-horiz_Zalgiris_logo_2024.png","type":"image\/png"}],"author":"J","twitter_card":"summary_large_image","twitter_creator":"@fkzalgiris","twitter_site":"@fkzalgiris","twitter_misc":{"Written by":"J","Est. reading time":"3 minut\u0117s"},"schema":{"@context":"https:\/\/schema.org","@graph":[{"@type":"Article","@id":"https:\/\/fkzalgiris.lt\/europinio-zygio-startas-pristinoje\/#article","isPartOf":{"@id":"https:\/\/fkzalgiris.lt\/europinio-zygio-startas-pristinoje\/"},"author":{"name":"J","@id":"https:\/\/fkzalgiris.lt\/#\/schema\/person\/8604babbba794a7d8767be324a3eaac8"},"headline":"Europinio \u017eygio startas &#8211; Pri\u0161tinoje","datePublished":"2022-07-05T08:59:00+00:00","dateModified":"2022-07-05T10:33:11+00:00","mainEntityOfPage":{"@id":"https:\/\/fkzalgiris.lt\/europinio-zygio-startas-pristinoje\/"},"wordCount":605,"publisher":{"@id":"https:\/\/fkzalgiris.lt\/#organization"},"articleSection":["\u017dalgiris"],"inLanguage":"lt-LT"},{"@type":"WebPage","@id":"https:\/\/fkzalgiris.lt\/europinio-zygio-startas-pristinoje\/","url":"https:\/\/fkzalgiris.lt\/europinio-zygio-startas-pristinoje\/","name":"Europinio \u017eygio startas - Pri\u0161tinoje - FK \u017dalgiris","isPartOf":{"@id":"https:\/\/fkzalgiris.lt\/#website"},"datePublished":"2022-07-05T08:59:00+00:00","dateModified":"2022-07-05T10:33:11+00:00","breadcrumb":{"@id":"https:\/\/fkzalgiris.lt\/europinio-zygio-startas-pristinoje\/#breadcrumb"},"inLanguage":"lt-LT","potentialAction":[{"@type":"ReadAction","target":["https:\/\/fkzalgiris.lt\/europinio-zygio-startas-pristinoje\/"]}]},{"@type":"BreadcrumbList","@id":"https:\/\/fkzalgiris.lt\/europinio-zygio-startas-pristinoje\/#breadcrumb","itemListElement":[{"@type":"ListItem","position":1,"name":"Home","item":"https:\/\/fkzalgiris.lt\/"},{"@type":"ListItem","position":2,"name":"Europinio \u017eygio startas &#8211; Pri\u0161tinoje"}]},{"@type":"WebSite","@id":"https:\/\/fkzalgiris.lt\/#website","url":"https:\/\/fkzalgiris.lt\/","name":"FK \u017dalgiris","description":"oficiali Vilniaus \u201e\u017dalgirio\u201c futbolo klubo svetain\u0117","publisher":{"@id":"https:\/\/fkzalgiris.lt\/#organization"},"potentialAction":[{"@type":"SearchAction","target":{"@type":"EntryPoint","urlTemplate":"https:\/\/fkzalgiris.lt\/?s={search_term_string}"},"query-input":{"@type":"PropertyValueSpecification","valueRequired":true,"valueName":"search_term_string"}}],"inLanguage":"lt-LT"},{"@type":"Organization","@id":"https:\/\/fkzalgiris.lt\/#organization","name":"FK \u017dalgiris","url":"https:\/\/fkzalgiris.lt\/","logo":{"@type":"ImageObject","inLanguage":"lt-LT","@id":"https:\/\/fkzalgiris.lt\/#\/schema\/logo\/image\/","url":"https:\/\/fkzalgiris.lt\/wp-content\/uploads\/2024\/01\/horiz-FK-Zalgiris-logo-2015.png","contentUrl":"https:\/\/fkzalgiris.lt\/wp-content\/uploads\/2024\/01\/horiz-FK-Zalgiris-logo-2015.png","width":3073,"height":2048,"caption":"FK \u017dalgiris"},"image":{"@id":"https:\/\/fkzalgiris.lt\/#\/schema\/logo\/image\/"},"sameAs":["https:\/\/www.facebook.com\/fkzalgiris\/","https:\/\/x.com\/fkzalgiris","https:\/\/www.instagram.com\/fkzalgiris\/","https:\/\/www.youtube.com\/channel\/UC1ag8JLxGirltMUoLlzfZLA"]},{"@type":"Person","@id":"https:\/\/fkzalgiris.lt\/#\/schema\/person\/8604babbba794a7d8767be324a3eaac8","name":"J"}]}},"_links":{"self":[{"href":"https:\/\/fkzalgiris.lt\/api\/wp\/v2\/posts\/9282","targetHints":{"allow":["GET"]}}],"collection":[{"href":"https:\/\/fkzalgiris.lt\/api\/wp\/v2\/posts"}],"about":[{"href":"https:\/\/fkzalgiris.lt\/api\/wp\/v2\/types\/post"}],"author":[{"embeddable":true,"href":"https:\/\/fkzalgiris.lt\/api\/wp\/v2\/users\/4"}],"replies":[{"embeddable":true,"href":"https:\/\/fkzalgiris.lt\/api\/wp\/v2\/comments?post=9282"}],"version-history":[{"count":4,"href":"https:\/\/fkzalgiris.lt\/api\/wp\/v2\/posts\/9282\/revisions"}],"predecessor-version":[{"id":9287,"href":"https:\/\/fkzalgiris.lt\/api\/wp\/v2\/posts\/9282\/revisions\/9287"}],"wp:attachment":[{"href":"https:\/\/fkzalgiris.lt\/api\/wp\/v2\/media?parent=9282"}],"wp:term":[{"taxonomy":"category","embeddable":true,"href":"https:\/\/fkzalgiris.lt\/api\/wp\/v2\/categories?post=9282"}],"curies":[{"name":"wp","href":"https:\/\/api.w.org\/{rel}","templated":true}]}}