{"id":9262,"date":"2022-07-03T22:47:00","date_gmt":"2022-07-03T19:47:00","guid":{"rendered":"https:\/\/fkzalgiris.lt\/?p=9262"},"modified":"2022-07-04T18:01:18","modified_gmt":"2022-07-04T15:01:18","slug":"pirmasis-varzovas-sviezias-kosovo-lyderis-ballkani","status":"publish","type":"post","link":"https:\/\/fkzalgiris.lt\/pirmasis-varzovas-sviezias-kosovo-lyderis-ballkani\/","title":{"rendered":"Pirmasis var\u017eovas &#8211; \u0161vie\u017eias Kosovo lyderis \u201eBallkani\u201c"},"content":{"rendered":"<p>UEFA \u010cempion\u0173 lygoje antradien\u012f startuojantis \u201e\u017dalgiris\u201c keliauja \u012f savoti\u0161k\u0105 ne\u017einomyb\u0119. Art\u0117jan\u010dios rungtyn\u0117s su Kosovo \u010dempionais \u201eBallkani\u201c sve\u010diuose bus retas atvejis, kai gausi\u0105 patirt\u012f tarptautin\u0117je arenoje sukaup\u0119s Vilniaus klubas \u012fsira\u0161ys nauj\u0105 puslap\u012f \u0161alies futbolo klub\u0173 var\u017eov\u0173 geografijoje.<\/p>\n<p><strong>Akistata rinktini\u0173 lygmenyje<\/strong><\/p>\n<p>Lietuvos ir Kosovo klubai n\u0117ra \u017eaid\u0119 tarpusavyje, o tam galimyb\u0117s ilg\u0105 laik\u0105 ir nebuvo. Kosovas daugel\u012f met\u0173 siek\u0117 tarptautinio pripa\u017einimo ir j\u012f pasiek\u0117 tik neseniai FIFA ir UEFA turnyruose \u017eaid\u017eia tik nuo 2017 met\u0173. Pirmasis susitikimas suaugusi\u0173j\u0173 lygmenyje \u012fvyko 2021 metais \u2013 tuomet Kosovo rinktin\u0117 kontrolin\u0117se rungtyn\u0117se u\u017etikrintai 4:0 pranoko lietuvius.<\/p>\n<p>Ta\u010diau vienintelis ry\u0161ys su tomis rungtyn\u0117mis \u2013 tai, kad joje k\u0117lin\u012f \u017eaid\u0117 \u017ealgirietis Saulius Mikoli\u016bnas, atsargoje buvo Donatas Kazlauskas.<\/p>\n<p>Kosovo rinktin\u0117 su \u0161alies klubais tiesiogiai neturi daug bendro \u2013 \u012fprastai nacionalinei komandai atstovauja vien u\u017esienio klub\u0173 \u017eaid\u0117jai, daugiausiai i\u0161 \u012fvairi\u0173 Vakar\u0173 Europos klub\u0173.<\/p>\n<p>Rinktinei per kontrolinius ma\u010dus i\u0161 \u201eBallkani\u201c keliskart atstovav\u0119s tik gyn\u0117jas Armendas Thaqi, vien\u0105 kart\u0105 &#8211; Lumbardhas Dellova, tarp kandidat\u0173 buvo ir jaunimo rinktin\u0117s narys Q\u00ebndrimas Zyba.<\/p>\n<p><strong>Tarptautin\u0117 patirtis<\/strong><\/p>\n<p>\u201eBallkani\u201c kaip klubas tarptautin\u0117s patirties visai neturi \u2013 rungtyn\u0117s su \u201e\u017dalgiriu\u201c bus klubo debiutas tokio rango var\u017eybose.<\/p>\n<p>Kiti Kosovo klubai jau \u0161iek tiek \u017eino UEFA turnyr\u0173 skon\u012f, nes per penkis sezonus septyni yra i\u0161band\u0119 savo j\u0117gas. Per t\u0105 laikotarp\u012f laim\u0117jim\u0173 s\u0105ra\u0161as neilgas \u2013 po vien\u0105 ar daugiau kart\u0173 \u012fveiktos Andoros, Gilbraltaro, San Marino komandos, nugal\u0117ti \u0160iaur\u0117s Makedonijos, Juodkalnijos ir Velso klubai.<\/p>\n<p>Ar\u010diau staigmenos Kosovo atstovai buvo keliskart. \u201eGiljani\u201c Europos lygoje 2020 m. tik po prat\u0119simo (0:2) pralaim\u0117jo prie\u0161 Nikosijos \u201eAPOEL\u201c.<\/p>\n<p>Pra\u0117jus\u012f sezon\u0105 \u201eDrita\u201c Europos Konferencij\u0173 lygoje savo aik\u0161t\u0117je atsilaik\u0117 prie\u0161 Roterdamo \u201eFeyenoord\u201c (0:0) ir atsakomosiose rungtyn\u0117se Nyderlanduose netgi pirmavo 2:1, bet rungtyni\u0173 pabaigoje suklupo (2:3).<\/p>\n<p>\u201ePri\u0161tina\u201c Konferencij\u0173 lygos turnyre pernai gal\u0117jo tapti \u201e\u017dalgirio\u201c var\u017eove, nes pirm\u0105sias rungtynes su \u201eBodo Glimt\u201c namuose laim\u0117jo 2:1, bet sve\u010diuose var\u017eovams nusileido 0:2.<\/p>\n<p><strong>\u017dalgirie\u010dio sezonas Kosove<\/strong><\/p>\n<p>Su Kosovo lyga yra i\u0161 arti yra susipa\u017ein\u0119s \u017ealgirietis Marko Mili\u010dkovi\u010dius. 2020-2021 met\u0173 sezone jis \u017eaid\u0117 \u201eFeronikell\u201c ekipoje, per 26 rungtynes peln\u0117 5 \u012fvar\u010dius, pora kart\u0173 \u017eaid\u0117 ir prie\u0161 \u201eBallkani\u201c.<\/p>\n<p>\u201e\u017dinomiausias Kosovo klubas \u2013 \u201ePri\u0161tina\u201c, jis yra \u017eaid\u0119s ir Jugoslavijos auk\u0161\u010diausioje lygoje. T\u0173 laik\u0173 komandos \u017eaid\u0117jo Fadilo Vokkri vardu pavadintas ir Pri\u0161tinos stadionas, &#8211; pasakojo M. Mili\u010dkovi\u010dius \u2013 Bet pra\u0117jus\u012f sezon\u0105 b\u016btent \u201eBallkani\u201c pelnytai laim\u0117jo \u0161alies pirmenybes ir i\u0161kovojo teis\u0119 debiutui Europoje.\u201c<\/p>\n<p>Juodkalnie\u010dio nuomone, Lietuvos \u010dempionatas yra paj\u0117gesnis nei Kosovo: \u201eKosovo lygoje vyrauja kiek kitoks \u017eaidimas, daugiau kovos ir b\u0117gimo. Ta\u010diau \u0161ioje \u0161alyje fanai tikrai aistringi, jie labai m\u0117gsta futbol\u0105.\u201c<\/p>\n<p><img loading=\"lazy\" decoding=\"async\" class=\"alignnone wp-image-9267\" src=\"https:\/\/fkzalgiris.lt\/wp-content\/uploads\/2022\/07\/008-komanda-ballkani-283671619_3192491287655234_7036617818117918228_n.jpg\" alt=\"\" width=\"650\" height=\"433\" srcset=\"https:\/\/fkzalgiris.lt\/wp-content\/uploads\/2022\/07\/008-komanda-ballkani-283671619_3192491287655234_7036617818117918228_n.jpg 2048w, https:\/\/fkzalgiris.lt\/wp-content\/uploads\/2022\/07\/008-komanda-ballkani-283671619_3192491287655234_7036617818117918228_n-300x200.jpg 300w, https:\/\/fkzalgiris.lt\/wp-content\/uploads\/2022\/07\/008-komanda-ballkani-283671619_3192491287655234_7036617818117918228_n-1024x683.jpg 1024w, https:\/\/fkzalgiris.lt\/wp-content\/uploads\/2022\/07\/008-komanda-ballkani-283671619_3192491287655234_7036617818117918228_n-768x512.jpg 768w, https:\/\/fkzalgiris.lt\/wp-content\/uploads\/2022\/07\/008-komanda-ballkani-283671619_3192491287655234_7036617818117918228_n-1536x1024.jpg 1536w, https:\/\/fkzalgiris.lt\/wp-content\/uploads\/2022\/07\/008-komanda-ballkani-283671619_3192491287655234_7036617818117918228_n-150x100.jpg 150w, https:\/\/fkzalgiris.lt\/wp-content\/uploads\/2022\/07\/008-komanda-ballkani-283671619_3192491287655234_7036617818117918228_n-840x560.jpg 840w, https:\/\/fkzalgiris.lt\/wp-content\/uploads\/2022\/07\/008-komanda-ballkani-283671619_3192491287655234_7036617818117918228_n-570x380.jpg 570w, https:\/\/fkzalgiris.lt\/wp-content\/uploads\/2022\/07\/008-komanda-ballkani-283671619_3192491287655234_7036617818117918228_n-30x20.jpg 30w\" sizes=\"auto, (max-width: 650px) 100vw, 650px\" \/><\/p>\n<p><strong>Pirmasis titulas<br \/>\n<\/strong><br \/>\n\u201eBallkani\u201c ekipa \u012fsik\u016brusi Terand\u0117je (dar kitaip vadinam Suva Reka). Tai nedidelis, apie 60 t\u016bkstan\u010di\u0173 gyventoj\u0173 turintis miestas, apie 60 kilometr\u0173 nuo sostin\u0117s Pri\u0161tinos. Visame Kosove reziduoja beveik 2 mln. gyventoj\u0173, i\u0161 j\u0173 apie 200 t\u016bkst. yra Pri\u0161tinoje.<\/p>\n<p>\u201eBallkani\u201c savo istorij\u0105 skai\u010diuoja kaip ir \u201e\u017dalgiris\u201c \u2013 nuo 1947 met\u0173. Visgi komanda ry\u0161ki\u0173 pasiekim\u0173 neturi ir pernai laim\u0117tas titulas \u2013 vienintelis ir did\u017eiausias.<\/p>\n<p>Gegu\u017e\u0119 pasibaigusiose Kosovo pirmenyb\u0117se \u201eBallkani\u201c ekipa artimiausius var\u017eovus aplenk\u0117 12 ta\u0161k\u0173 ir pirm\u0105 kart\u0105 tapo Kosovo \u010dempione.<\/p>\n<p>Nuo to laiko komanda \u017eaid\u0117 tik kontrolines rungtynes.<\/p>\n<p><strong>Treneris lank\u0117si ir Panev\u0117\u017eyje<\/strong><\/p>\n<p>Vienas \u010dempioni\u0161kos pergal\u0117s kalvi\u0173 \u2013 treneris Iliris Daja, kuris prie komandos vairo stojo sezono viduryje nuo met\u0173 prad\u017eios. Jo vadovaujama ekipa lygoje laim\u0117jo 14 rungtyni\u0173, triskart pralaim\u0117jo ir tik kart\u0105 su\u017eaid\u0117 lygiosiomis.<\/p>\n<p>Albanas I. Daja yra dirb\u0119s \u201eElbasani\u201c komandoje, su kuria tapo \u010dempione ir \u010cempion\u0173 lygos atrankoje \u017eaid\u0117 prie\u0161 Panev\u0117\u017eio \u201eEkran\u0105\u201c. Sve\u010diuose panev\u0117\u017eie\u010diai pralaim\u0117jo 0:1, ta\u010diau atsakom\u0105j\u0105 dvikov\u0105 namuose laim\u0117jo \u012ftikinamai 3:0.<\/p>\n<p>V\u0117liau I. Daja Albanijos pirmenybes taip pat laim\u0117jo su Tiranos \u201eDinamo\u201c ir \u201eSkenderbeu\u201c.<\/p>\n<p><strong>Keli legionieriai<\/strong><\/p>\n<p>\u201eBallkani\u201c sud\u0117ties pagrind\u0105 sudaro Kosovo pilie\u010diai, taip pat yra keli turintys Albanijos pas\u0105. Vienas i\u0161 alban\u0173 \u2013 vidurio gyn\u0117jas Rustemas Hoxha patyr\u0117 sunki\u0105 traum\u0105 ir prie\u0161 \u201e\u017dalgir\u012f\u201c ne\u017eais.<\/p>\n<p>I\u0161 Juodkalnijos kil\u0119s komandos kapitonas Edvinas Kucas, vartininkas Damiras Ljuljanovi\u010dius.<\/p>\n<p>Vieninteliai \u017eaid\u0117jai ne i\u0161 Balkan\u0173 regiono \u2013 epizodin\u012f vaidmen\u012f pra\u0117jus\u012f sezon\u0105 tur\u0117j\u0119s olandas saugas Dilivio Hoffmanas, atakuojantys \u017eaid\u0117jai brazilas Lucas Cardoso ir nigerietis puol\u0117jas Theophilus Solomonas.<\/p>\n<p>T. Solomonas yra \u017eaid\u0119s ir Vengrijos, Serbijos, Albanijos, Kroatijos \u010dempionatuose, tarp savo gausyb\u0117s klub\u0173 atstovavo ir Belgrado \u201ePartizan\u201c.<\/p>\n<p>L. Cardoso yra rungtyniav\u0119s \u0160iaur\u0117s Makedonijos, Albanijos, Kosovo komandose, o pra\u0117jus\u012f sezon\u0105 Kazachstane \u017eaid\u0117 \u201eKyzyl\u017ear\u201c klube.<\/p>\n<p>\u201eBallkani\u201c ir \u201e\u017dalgirio\u201c akistata pirmajame \u010cempion\u0173 lygos atrankos etape vyks antradien\u012f, liepos 5 d. nuo 21 val. Lietuvos laiku.<\/p>\n<p>Atsakomosios rungtyn\u0117s \u2013 liepos 12 d. Vilniuje, LFF stadione.<\/p>\n","protected":false},"excerpt":{"rendered":"<p>UEFA \u010cempion\u0173 lygoje antradien\u012f startuojantis \u201e\u017dalgiris\u201c keliauja \u012f savoti\u0161k\u0105 ne\u017einomyb\u0119. Art\u0117jan\u010dios rungtyn\u0117s su Kosovo \u010dempionais \u201eBallkani\u201c sve\u010diuose bus retas atvejis, kai gausi\u0105 patirt\u012f tarptautin\u0117je arenoje\u2026<\/p>\n","protected":false},"author":4,"featured_media":0,"comment_status":"closed","ping_status":"closed","sticky":false,"template":"","format":"standard","meta":{"_acf_changed":false,"footnotes":""},"categories":[87],"class_list":["post-9262","post","type-post","status-publish","format-standard","hentry","category-zalgiris"],"acf":[],"yoast_head":"<!-- This site is optimized with the Yoast SEO plugin v26.8 - https:\/\/yoast.com\/product\/yoast-seo-wordpress\/ -->\n<title>Pirmasis var\u017eovas - \u0161vie\u017eias Kosovo lyderis \u201eBallkani\u201c - FK \u017dalgiris<\/title>\n<meta name=\"robots\" content=\"index, follow, max-snippet:-1, max-image-preview:large, max-video-preview:-1\" \/>\n<link rel=\"canonical\" href=\"https:\/\/fkzalgiris.lt\/pirmasis-varzovas-sviezias-kosovo-lyderis-ballkani\/\" \/>\n<meta property=\"og:locale\" content=\"lt_LT\" \/>\n<meta property=\"og:type\" content=\"article\" \/>\n<meta property=\"og:title\" content=\"Pirmasis var\u017eovas - \u0161vie\u017eias Kosovo lyderis \u201eBallkani\u201c - FK \u017dalgiris\" \/>\n<meta property=\"og:description\" content=\"UEFA \u010cempion\u0173 lygoje antradien\u012f startuojantis \u201e\u017dalgiris\u201c keliauja \u012f savoti\u0161k\u0105 ne\u017einomyb\u0119. Art\u0117jan\u010dios rungtyn\u0117s su Kosovo \u010dempionais \u201eBallkani\u201c sve\u010diuose bus retas atvejis, kai gausi\u0105 patirt\u012f tarptautin\u0117je arenoje\u2026\" \/>\n<meta property=\"og:url\" content=\"https:\/\/fkzalgiris.lt\/pirmasis-varzovas-sviezias-kosovo-lyderis-ballkani\/\" \/>\n<meta property=\"og:site_name\" content=\"FK \u017dalgiris\" \/>\n<meta property=\"article:publisher\" content=\"https:\/\/www.facebook.com\/fkzalgiris\/\" \/>\n<meta property=\"article:published_time\" content=\"2022-07-03T19:47:00+00:00\" \/>\n<meta property=\"article:modified_time\" content=\"2022-07-04T15:01:18+00:00\" \/>\n<meta property=\"og:image\" content=\"https:\/\/fkzalgiris.lt\/wp-content\/uploads\/2022\/07\/008-komanda-ballkani-283671619_3192491287655234_7036617818117918228_n.jpg\" \/>\n<meta name=\"author\" content=\"J\" \/>\n<meta name=\"twitter:card\" content=\"summary_large_image\" \/>\n<meta name=\"twitter:creator\" content=\"@fkzalgiris\" \/>\n<meta name=\"twitter:site\" content=\"@fkzalgiris\" \/>\n<meta name=\"twitter:label1\" content=\"Written by\" \/>\n\t<meta name=\"twitter:data1\" content=\"J\" \/>\n\t<meta name=\"twitter:label2\" content=\"Est. reading time\" \/>\n\t<meta name=\"twitter:data2\" content=\"4 minut\u0117s\" \/>\n<script type=\"application\/ld+json\" class=\"yoast-schema-graph\">{\"@context\":\"https:\/\/schema.org\",\"@graph\":[{\"@type\":\"Article\",\"@id\":\"https:\/\/fkzalgiris.lt\/pirmasis-varzovas-sviezias-kosovo-lyderis-ballkani\/#article\",\"isPartOf\":{\"@id\":\"https:\/\/fkzalgiris.lt\/pirmasis-varzovas-sviezias-kosovo-lyderis-ballkani\/\"},\"author\":{\"name\":\"J\",\"@id\":\"https:\/\/fkzalgiris.lt\/#\/schema\/person\/8604babbba794a7d8767be324a3eaac8\"},\"headline\":\"Pirmasis var\u017eovas &#8211; \u0161vie\u017eias Kosovo lyderis \u201eBallkani\u201c\",\"datePublished\":\"2022-07-03T19:47:00+00:00\",\"dateModified\":\"2022-07-04T15:01:18+00:00\",\"mainEntityOfPage\":{\"@id\":\"https:\/\/fkzalgiris.lt\/pirmasis-varzovas-sviezias-kosovo-lyderis-ballkani\/\"},\"wordCount\":787,\"publisher\":{\"@id\":\"https:\/\/fkzalgiris.lt\/#organization\"},\"image\":{\"@id\":\"https:\/\/fkzalgiris.lt\/pirmasis-varzovas-sviezias-kosovo-lyderis-ballkani\/#primaryimage\"},\"thumbnailUrl\":\"https:\/\/fkzalgiris.lt\/wp-content\/uploads\/2022\/07\/008-komanda-ballkani-283671619_3192491287655234_7036617818117918228_n.jpg\",\"articleSection\":[\"\u017dalgiris\"],\"inLanguage\":\"lt-LT\"},{\"@type\":\"WebPage\",\"@id\":\"https:\/\/fkzalgiris.lt\/pirmasis-varzovas-sviezias-kosovo-lyderis-ballkani\/\",\"url\":\"https:\/\/fkzalgiris.lt\/pirmasis-varzovas-sviezias-kosovo-lyderis-ballkani\/\",\"name\":\"Pirmasis var\u017eovas - \u0161vie\u017eias Kosovo lyderis \u201eBallkani\u201c - FK \u017dalgiris\",\"isPartOf\":{\"@id\":\"https:\/\/fkzalgiris.lt\/#website\"},\"primaryImageOfPage\":{\"@id\":\"https:\/\/fkzalgiris.lt\/pirmasis-varzovas-sviezias-kosovo-lyderis-ballkani\/#primaryimage\"},\"image\":{\"@id\":\"https:\/\/fkzalgiris.lt\/pirmasis-varzovas-sviezias-kosovo-lyderis-ballkani\/#primaryimage\"},\"thumbnailUrl\":\"https:\/\/fkzalgiris.lt\/wp-content\/uploads\/2022\/07\/008-komanda-ballkani-283671619_3192491287655234_7036617818117918228_n.jpg\",\"datePublished\":\"2022-07-03T19:47:00+00:00\",\"dateModified\":\"2022-07-04T15:01:18+00:00\",\"breadcrumb\":{\"@id\":\"https:\/\/fkzalgiris.lt\/pirmasis-varzovas-sviezias-kosovo-lyderis-ballkani\/#breadcrumb\"},\"inLanguage\":\"lt-LT\",\"potentialAction\":[{\"@type\":\"ReadAction\",\"target\":[\"https:\/\/fkzalgiris.lt\/pirmasis-varzovas-sviezias-kosovo-lyderis-ballkani\/\"]}]},{\"@type\":\"ImageObject\",\"inLanguage\":\"lt-LT\",\"@id\":\"https:\/\/fkzalgiris.lt\/pirmasis-varzovas-sviezias-kosovo-lyderis-ballkani\/#primaryimage\",\"url\":\"https:\/\/fkzalgiris.lt\/wp-content\/uploads\/2022\/07\/008-komanda-ballkani-283671619_3192491287655234_7036617818117918228_n.jpg\",\"contentUrl\":\"https:\/\/fkzalgiris.lt\/wp-content\/uploads\/2022\/07\/008-komanda-ballkani-283671619_3192491287655234_7036617818117918228_n.jpg\",\"width\":2048,\"height\":1365},{\"@type\":\"BreadcrumbList\",\"@id\":\"https:\/\/fkzalgiris.lt\/pirmasis-varzovas-sviezias-kosovo-lyderis-ballkani\/#breadcrumb\",\"itemListElement\":[{\"@type\":\"ListItem\",\"position\":1,\"name\":\"Home\",\"item\":\"https:\/\/fkzalgiris.lt\/\"},{\"@type\":\"ListItem\",\"position\":2,\"name\":\"Pirmasis var\u017eovas &#8211; \u0161vie\u017eias Kosovo lyderis \u201eBallkani\u201c\"}]},{\"@type\":\"WebSite\",\"@id\":\"https:\/\/fkzalgiris.lt\/#website\",\"url\":\"https:\/\/fkzalgiris.lt\/\",\"name\":\"FK \u017dalgiris\",\"description\":\"oficiali Vilniaus \u201e\u017dalgirio\u201c futbolo klubo svetain\u0117\",\"publisher\":{\"@id\":\"https:\/\/fkzalgiris.lt\/#organization\"},\"potentialAction\":[{\"@type\":\"SearchAction\",\"target\":{\"@type\":\"EntryPoint\",\"urlTemplate\":\"https:\/\/fkzalgiris.lt\/?s={search_term_string}\"},\"query-input\":{\"@type\":\"PropertyValueSpecification\",\"valueRequired\":true,\"valueName\":\"search_term_string\"}}],\"inLanguage\":\"lt-LT\"},{\"@type\":\"Organization\",\"@id\":\"https:\/\/fkzalgiris.lt\/#organization\",\"name\":\"FK \u017dalgiris\",\"url\":\"https:\/\/fkzalgiris.lt\/\",\"logo\":{\"@type\":\"ImageObject\",\"inLanguage\":\"lt-LT\",\"@id\":\"https:\/\/fkzalgiris.lt\/#\/schema\/logo\/image\/\",\"url\":\"https:\/\/fkzalgiris.lt\/wp-content\/uploads\/2024\/01\/horiz-FK-Zalgiris-logo-2015.png\",\"contentUrl\":\"https:\/\/fkzalgiris.lt\/wp-content\/uploads\/2024\/01\/horiz-FK-Zalgiris-logo-2015.png\",\"width\":3073,\"height\":2048,\"caption\":\"FK \u017dalgiris\"},\"image\":{\"@id\":\"https:\/\/fkzalgiris.lt\/#\/schema\/logo\/image\/\"},\"sameAs\":[\"https:\/\/www.facebook.com\/fkzalgiris\/\",\"https:\/\/x.com\/fkzalgiris\",\"https:\/\/www.instagram.com\/fkzalgiris\/\",\"https:\/\/www.youtube.com\/channel\/UC1ag8JLxGirltMUoLlzfZLA\"]},{\"@type\":\"Person\",\"@id\":\"https:\/\/fkzalgiris.lt\/#\/schema\/person\/8604babbba794a7d8767be324a3eaac8\",\"name\":\"J\"}]}<\/script>\n<!-- \/ Yoast SEO plugin. -->","yoast_head_json":{"title":"Pirmasis var\u017eovas - \u0161vie\u017eias Kosovo lyderis \u201eBallkani\u201c - FK \u017dalgiris","robots":{"index":"index","follow":"follow","max-snippet":"max-snippet:-1","max-image-preview":"max-image-preview:large","max-video-preview":"max-video-preview:-1"},"canonical":"https:\/\/fkzalgiris.lt\/pirmasis-varzovas-sviezias-kosovo-lyderis-ballkani\/","og_locale":"lt_LT","og_type":"article","og_title":"Pirmasis var\u017eovas - \u0161vie\u017eias Kosovo lyderis \u201eBallkani\u201c - FK \u017dalgiris","og_description":"UEFA \u010cempion\u0173 lygoje antradien\u012f startuojantis \u201e\u017dalgiris\u201c keliauja \u012f savoti\u0161k\u0105 ne\u017einomyb\u0119. Art\u0117jan\u010dios rungtyn\u0117s su Kosovo \u010dempionais \u201eBallkani\u201c sve\u010diuose bus retas atvejis, kai gausi\u0105 patirt\u012f tarptautin\u0117je arenoje\u2026","og_url":"https:\/\/fkzalgiris.lt\/pirmasis-varzovas-sviezias-kosovo-lyderis-ballkani\/","og_site_name":"FK \u017dalgiris","article_publisher":"https:\/\/www.facebook.com\/fkzalgiris\/","article_published_time":"2022-07-03T19:47:00+00:00","article_modified_time":"2022-07-04T15:01:18+00:00","og_image":[{"url":"https:\/\/fkzalgiris.lt\/wp-content\/uploads\/2022\/07\/008-komanda-ballkani-283671619_3192491287655234_7036617818117918228_n.jpg","type":"","width":"","height":""}],"author":"J","twitter_card":"summary_large_image","twitter_creator":"@fkzalgiris","twitter_site":"@fkzalgiris","twitter_misc":{"Written by":"J","Est. reading time":"4 minut\u0117s"},"schema":{"@context":"https:\/\/schema.org","@graph":[{"@type":"Article","@id":"https:\/\/fkzalgiris.lt\/pirmasis-varzovas-sviezias-kosovo-lyderis-ballkani\/#article","isPartOf":{"@id":"https:\/\/fkzalgiris.lt\/pirmasis-varzovas-sviezias-kosovo-lyderis-ballkani\/"},"author":{"name":"J","@id":"https:\/\/fkzalgiris.lt\/#\/schema\/person\/8604babbba794a7d8767be324a3eaac8"},"headline":"Pirmasis var\u017eovas &#8211; \u0161vie\u017eias Kosovo lyderis \u201eBallkani\u201c","datePublished":"2022-07-03T19:47:00+00:00","dateModified":"2022-07-04T15:01:18+00:00","mainEntityOfPage":{"@id":"https:\/\/fkzalgiris.lt\/pirmasis-varzovas-sviezias-kosovo-lyderis-ballkani\/"},"wordCount":787,"publisher":{"@id":"https:\/\/fkzalgiris.lt\/#organization"},"image":{"@id":"https:\/\/fkzalgiris.lt\/pirmasis-varzovas-sviezias-kosovo-lyderis-ballkani\/#primaryimage"},"thumbnailUrl":"https:\/\/fkzalgiris.lt\/wp-content\/uploads\/2022\/07\/008-komanda-ballkani-283671619_3192491287655234_7036617818117918228_n.jpg","articleSection":["\u017dalgiris"],"inLanguage":"lt-LT"},{"@type":"WebPage","@id":"https:\/\/fkzalgiris.lt\/pirmasis-varzovas-sviezias-kosovo-lyderis-ballkani\/","url":"https:\/\/fkzalgiris.lt\/pirmasis-varzovas-sviezias-kosovo-lyderis-ballkani\/","name":"Pirmasis var\u017eovas - \u0161vie\u017eias Kosovo lyderis \u201eBallkani\u201c - FK \u017dalgiris","isPartOf":{"@id":"https:\/\/fkzalgiris.lt\/#website"},"primaryImageOfPage":{"@id":"https:\/\/fkzalgiris.lt\/pirmasis-varzovas-sviezias-kosovo-lyderis-ballkani\/#primaryimage"},"image":{"@id":"https:\/\/fkzalgiris.lt\/pirmasis-varzovas-sviezias-kosovo-lyderis-ballkani\/#primaryimage"},"thumbnailUrl":"https:\/\/fkzalgiris.lt\/wp-content\/uploads\/2022\/07\/008-komanda-ballkani-283671619_3192491287655234_7036617818117918228_n.jpg","datePublished":"2022-07-03T19:47:00+00:00","dateModified":"2022-07-04T15:01:18+00:00","breadcrumb":{"@id":"https:\/\/fkzalgiris.lt\/pirmasis-varzovas-sviezias-kosovo-lyderis-ballkani\/#breadcrumb"},"inLanguage":"lt-LT","potentialAction":[{"@type":"ReadAction","target":["https:\/\/fkzalgiris.lt\/pirmasis-varzovas-sviezias-kosovo-lyderis-ballkani\/"]}]},{"@type":"ImageObject","inLanguage":"lt-LT","@id":"https:\/\/fkzalgiris.lt\/pirmasis-varzovas-sviezias-kosovo-lyderis-ballkani\/#primaryimage","url":"https:\/\/fkzalgiris.lt\/wp-content\/uploads\/2022\/07\/008-komanda-ballkani-283671619_3192491287655234_7036617818117918228_n.jpg","contentUrl":"https:\/\/fkzalgiris.lt\/wp-content\/uploads\/2022\/07\/008-komanda-ballkani-283671619_3192491287655234_7036617818117918228_n.jpg","width":2048,"height":1365},{"@type":"BreadcrumbList","@id":"https:\/\/fkzalgiris.lt\/pirmasis-varzovas-sviezias-kosovo-lyderis-ballkani\/#breadcrumb","itemListElement":[{"@type":"ListItem","position":1,"name":"Home","item":"https:\/\/fkzalgiris.lt\/"},{"@type":"ListItem","position":2,"name":"Pirmasis var\u017eovas &#8211; \u0161vie\u017eias Kosovo lyderis \u201eBallkani\u201c"}]},{"@type":"WebSite","@id":"https:\/\/fkzalgiris.lt\/#website","url":"https:\/\/fkzalgiris.lt\/","name":"FK \u017dalgiris","description":"oficiali Vilniaus \u201e\u017dalgirio\u201c futbolo klubo svetain\u0117","publisher":{"@id":"https:\/\/fkzalgiris.lt\/#organization"},"potentialAction":[{"@type":"SearchAction","target":{"@type":"EntryPoint","urlTemplate":"https:\/\/fkzalgiris.lt\/?s={search_term_string}"},"query-input":{"@type":"PropertyValueSpecification","valueRequired":true,"valueName":"search_term_string"}}],"inLanguage":"lt-LT"},{"@type":"Organization","@id":"https:\/\/fkzalgiris.lt\/#organization","name":"FK \u017dalgiris","url":"https:\/\/fkzalgiris.lt\/","logo":{"@type":"ImageObject","inLanguage":"lt-LT","@id":"https:\/\/fkzalgiris.lt\/#\/schema\/logo\/image\/","url":"https:\/\/fkzalgiris.lt\/wp-content\/uploads\/2024\/01\/horiz-FK-Zalgiris-logo-2015.png","contentUrl":"https:\/\/fkzalgiris.lt\/wp-content\/uploads\/2024\/01\/horiz-FK-Zalgiris-logo-2015.png","width":3073,"height":2048,"caption":"FK \u017dalgiris"},"image":{"@id":"https:\/\/fkzalgiris.lt\/#\/schema\/logo\/image\/"},"sameAs":["https:\/\/www.facebook.com\/fkzalgiris\/","https:\/\/x.com\/fkzalgiris","https:\/\/www.instagram.com\/fkzalgiris\/","https:\/\/www.youtube.com\/channel\/UC1ag8JLxGirltMUoLlzfZLA"]},{"@type":"Person","@id":"https:\/\/fkzalgiris.lt\/#\/schema\/person\/8604babbba794a7d8767be324a3eaac8","name":"J"}]}},"_links":{"self":[{"href":"https:\/\/fkzalgiris.lt\/api\/wp\/v2\/posts\/9262","targetHints":{"allow":["GET"]}}],"collection":[{"href":"https:\/\/fkzalgiris.lt\/api\/wp\/v2\/posts"}],"about":[{"href":"https:\/\/fkzalgiris.lt\/api\/wp\/v2\/types\/post"}],"author":[{"embeddable":true,"href":"https:\/\/fkzalgiris.lt\/api\/wp\/v2\/users\/4"}],"replies":[{"embeddable":true,"href":"https:\/\/fkzalgiris.lt\/api\/wp\/v2\/comments?post=9262"}],"version-history":[{"count":5,"href":"https:\/\/fkzalgiris.lt\/api\/wp\/v2\/posts\/9262\/revisions"}],"predecessor-version":[{"id":9280,"href":"https:\/\/fkzalgiris.lt\/api\/wp\/v2\/posts\/9262\/revisions\/9280"}],"wp:attachment":[{"href":"https:\/\/fkzalgiris.lt\/api\/wp\/v2\/media?parent=9262"}],"wp:term":[{"taxonomy":"category","embeddable":true,"href":"https:\/\/fkzalgiris.lt\/api\/wp\/v2\/categories?post=9262"}],"curies":[{"name":"wp","href":"https:\/\/api.w.org\/{rel}","templated":true}]}}