{"id":9257,"date":"2022-07-02T21:26:03","date_gmt":"2022-07-02T18:26:03","guid":{"rendered":"https:\/\/fkzalgiris.lt\/?p=9257"},"modified":"2022-07-02T21:26:53","modified_gmt":"2022-07-02T18:26:53","slug":"g-jarusevicius-emocijos-rubineje-pries-europa-bus-geros","status":"publish","type":"post","link":"https:\/\/fkzalgiris.lt\/g-jarusevicius-emocijos-rubineje-pries-europa-bus-geros\/","title":{"rendered":"G. Jarusevi\u010dius: \u201eEmocijos r\u016bbin\u0117je prie\u0161 Europ\u0105 bus geros\u201c"},"content":{"rendered":"<p>Ketvirt\u0105 pergal\u0119 i\u0161 eil\u0117s \u0161alies pirmenyb\u0117se i\u0161kovojusio \u201e\u017dalgirio\u201c treneris Vladimiras \u010ceburinas po rungtyni\u0173 prie\u0161 \u201eHegelmann\u201c sak\u0117, jog \u017eaisti nebuvo lengva ir tur\u0117jo \u0161iek tiek pastab\u0173 komandai d\u0117l pabaigos, o saugas Gustas Jarusevi\u010dius d\u017eiaug\u0117si s\u0117kmingu komandai ir sau periodu.<\/p>\n<p>\u201e\u017dalgiris\u201c penktadien\u012f \u012fveik\u0117 \u201eHegelmann\u201c ekip\u0105 rezultatu 2:1 .<\/p>\n<p>\u201ePagal t\u0105 plan\u0105 kok\u012f ruo\u0161\u0117me daug kas suveik\u0117, bet ne viskas nu\u0117jo iki u\u017ebaigimo. Buvo daug pastang\u0173, daug noro, \u012fmu\u0161ti \u012fvar\u010diai. Tas gerai. Daug moment\u0173 prie savo vart\u0173 netur\u0117jome Tur\u0117jome prana\u0161um\u0105 ir \u017eaidime, ir pagal rezultat\u0105.\u00a0 Bravo \u017eaid\u0117jams, \u0161iandien \u017eaisti buvo tikrai sunku, labai kar\u0161ta, o ant dirbtin\u0117s dangos tas jau\u010diasi dar labiau. Dabar m\u016bs\u0173 laukia dar daugiau sunkum\u0173, esame \u010cempion\u0173 lygos i\u0161vakar\u0117se. I\u0161 to k\u0105 ruo\u0161\u0117me atei\u010diai kai kas pavyko, kai kas nelabai, dar yra \u0161iek tiek laiko pataisyti\u201c, &#8211; kalb\u0117jo V. \u010ceburinas.<\/p>\n<div class=\"embed-responsive embed-responsive-16by9 mb-4\"><iframe title=\"Kitu Kampu | \u017dalgiris - Hegelmann | Behind the scenes\" src=\"https:\/\/www.youtube.com\/embed\/eZgb4zVMIlc?feature=oembed\" frameborder=\"0\" allow=\"accelerometer; autoplay; clipboard-write; encrypted-media; gyroscope; picture-in-picture; web-share\" referrerpolicy=\"strict-origin-when-cross-origin\" allowfullscreen><\/iframe> <\/div>\n<p>\u201eSud\u0117tingos rungtyn\u0117s. Daug emocij\u0173 aik\u0161t\u0117je. Buvo tikrai sud\u0117tinga. \u012emu\u0161\u0117me \u012fvar\u010dius. \u00a0Ai\u0161ku, praleidome, kaip \u012fprasta pabaigoje, sau u\u017esid\u0117jome truput\u012f spaudimo. Bet laim\u0117jome, viskas gerai\u201c, &#8211; sak\u0117 G. Jarusevi\u010dius.<\/p>\n<p>Ger\u0105 start\u0105 \u017ealgirie\u010diams u\u017etikrino Renano Oliveiros \u012fvartis 8 rungtyni\u0173 minut\u0119, o antrajame k\u0117linyje pasi\u017eym\u0117jo Gustas Jarusevi\u010dius. Tiesa, \u012ftampa i\u0161liko iki pabaigos, nes var\u017eovai 85 min. su\u0161velnino atsilikim\u0105.<\/p>\n<p>\u201eKiekvienas \u012fvartis svarbus, greitas \u012fvartis suteikia pasitik\u0117jimo. Po \u012fvar\u010dio susikaupimas buvo geras, ir \u017eaidimas viduryje, ir kra\u0161tuose veik\u0117. Ta\u010diau v\u0117liau padar\u0117me klaid\u0173 po kampinio, suteik\u0117me var\u017eovams galimyb\u0119 apsiginti. Var\u017eovai kompakti\u0161kai u\u017esidar\u0117 ir paskutin\u0117je stadijoje praradome daug kamuoli\u0173, dav\u0117me prog\u0173 \u012fmu\u0161ti\u201c, &#8211; teig\u0117 treneris.<\/p>\n<p>G. Jarusevi\u010dius antras rungtynes i\u0161 eil\u0117s \u017eaid\u0117 startin\u0117je sud\u0117tyje ir \u0161\u012f kart\u0105 pasitik\u0117jim\u0105 pateisino pergalingu \u012fvar\u010diu.<\/p>\n<p>\u201eAt\u0161oko kamuolys, nusime\u010diau truput\u012f \u012f centr\u0105, mu\u0161iau. Tarp koj\u0173 nuried\u0117jo \u012f kra\u0161t\u0105 &#8211; ir viskas. \u012evartis \u2013 komandos, ne mano. Visi dirbome, visi atsakingi u\u017e t\u0105 \u012fvart\u012f. A\u0161 tik u\u017ebaigiau, &#8211; kuklinosi saugas \u2013 Pra\u0117jusiose rungtyn\u0117se truput\u012f jaut\u0117si, kad \u017eaid\u017eiu po pertraukos. Prad\u017eioje buvo kiek sunkiau. Bet dabar jau gerai, \u0161iandien jau tikrai gerai jau\u010diausi. Kar\u0161ta, bet tikrai normaliai.\u201c<\/p>\n<p>\u201eGustas i\u0161eina \u012f startin\u0119 sud\u0117t\u012f nes treniruot\u0117se parod\u0117 jog yra to vertas. Rodome juo pasitik\u0117jim\u0105, tai svarbu. Dar ne viskas jam pavyksta skland\u017eiai. Ta\u010diau yra didelis noras. \u012evartis yra pasekm\u0117 to kad nei\u0161sijung\u0117, nesustojo. Jis \u017eaid\u017eia aik\u0161t\u0117je, gyvena aik\u0161t\u0117je. Tai svarbiausia. Linkiu jam s\u0117km\u0117s kaip ir visai komandai\u201c, &#8211; teig\u0117 V. \u010ceburinas.<\/p>\n<p>\u017dalgirie\u010diai prie\u0161 start\u0105 \u010cempion\u0173 lygoje i\u0161kovojo kelias pergales i\u0161 eil\u0117s ir \u012fsitvirtino turnyro lentel\u0117s vir\u0161\u016bn\u0117je.<\/p>\n<p>\u201eLaim\u0117ti visada svarbu ir gerai. Dabar laukia nepaprastos rungtyn\u0117s. Ta pergal\u0117 prid\u0117s u\u017etikrintumo. Kad galime, mes tam ruo\u0161\u0117m\u0117s, t\u0105 \u017einome. Pergal\u0117 svarbi\u201c, &#8211; lakoni\u0161kai kalb\u0117jo V. \u010ceburinas.<\/p>\n<p>\u201e\u0160itas pergali\u0173 periodas &#8211; svarbu. Emocijos r\u016bbin\u0117je prie\u0161 Europ\u0105 bus geros. Su papildoma energija eisime \u012f kov\u0105 su Kosovo komanda\u201c, &#8211; svarst\u0117 G. Jarusevi\u010dius.<\/p>\n<p>Antradien\u012f \u201e\u017dalgiris\u201c \u017eais \u010cempion\u0173 lygos rungtynes sve\u010diuose su Kosovo \u010dempionu \u201eBallkani\u201c. Liepos 12 d. vyks atsakomosios rungtyn\u0117s Vilniuje.<\/p>\n","protected":false},"excerpt":{"rendered":"<p>Ketvirt\u0105 pergal\u0119 i\u0161 eil\u0117s \u0161alies pirmenyb\u0117se i\u0161kovojusio \u201e\u017dalgirio\u201c treneris Vladimiras \u010ceburinas po rungtyni\u0173 prie\u0161 \u201eHegelmann\u201c sak\u0117, jog \u017eaisti nebuvo lengva ir tur\u0117jo \u0161iek tiek pastab\u0173\u2026<\/p>\n","protected":false},"author":4,"featured_media":0,"comment_status":"closed","ping_status":"closed","sticky":false,"template":"","format":"standard","meta":{"_acf_changed":false,"footnotes":""},"categories":[87],"class_list":["post-9257","post","type-post","status-publish","format-standard","hentry","category-zalgiris"],"acf":[],"yoast_head":"<!-- This site is optimized with the Yoast SEO plugin v26.8 - https:\/\/yoast.com\/product\/yoast-seo-wordpress\/ -->\n<title>G. Jarusevi\u010dius: \u201eEmocijos r\u016bbin\u0117je prie\u0161 Europ\u0105 bus geros\u201c - FK \u017dalgiris<\/title>\n<meta name=\"robots\" content=\"index, follow, max-snippet:-1, max-image-preview:large, max-video-preview:-1\" \/>\n<link rel=\"canonical\" href=\"https:\/\/fkzalgiris.lt\/g-jarusevicius-emocijos-rubineje-pries-europa-bus-geros\/\" \/>\n<meta property=\"og:locale\" content=\"lt_LT\" \/>\n<meta property=\"og:type\" content=\"article\" \/>\n<meta property=\"og:title\" content=\"G. Jarusevi\u010dius: \u201eEmocijos r\u016bbin\u0117je prie\u0161 Europ\u0105 bus geros\u201c - FK \u017dalgiris\" \/>\n<meta property=\"og:description\" content=\"Ketvirt\u0105 pergal\u0119 i\u0161 eil\u0117s \u0161alies pirmenyb\u0117se i\u0161kovojusio \u201e\u017dalgirio\u201c treneris Vladimiras \u010ceburinas po rungtyni\u0173 prie\u0161 \u201eHegelmann\u201c sak\u0117, jog \u017eaisti nebuvo lengva ir tur\u0117jo \u0161iek tiek pastab\u0173\u2026\" \/>\n<meta property=\"og:url\" content=\"https:\/\/fkzalgiris.lt\/g-jarusevicius-emocijos-rubineje-pries-europa-bus-geros\/\" \/>\n<meta property=\"og:site_name\" content=\"FK \u017dalgiris\" \/>\n<meta property=\"article:publisher\" content=\"https:\/\/www.facebook.com\/fkzalgiris\/\" \/>\n<meta property=\"article:published_time\" content=\"2022-07-02T18:26:03+00:00\" \/>\n<meta property=\"article:modified_time\" content=\"2022-07-02T18:26:53+00:00\" \/>\n<meta property=\"og:image\" content=\"https:\/\/fkzalgiris.lt\/wp-content\/uploads\/2024\/02\/social-horiz_Zalgiris_logo_2024.png\" \/>\n\t<meta property=\"og:image:width\" content=\"3356\" \/>\n\t<meta property=\"og:image:height\" content=\"2259\" \/>\n\t<meta property=\"og:image:type\" content=\"image\/png\" \/>\n<meta name=\"author\" content=\"J\" \/>\n<meta name=\"twitter:card\" content=\"summary_large_image\" \/>\n<meta name=\"twitter:creator\" content=\"@fkzalgiris\" \/>\n<meta name=\"twitter:site\" content=\"@fkzalgiris\" \/>\n<meta name=\"twitter:label1\" content=\"Written by\" \/>\n\t<meta name=\"twitter:data1\" content=\"J\" \/>\n\t<meta name=\"twitter:label2\" content=\"Est. reading time\" \/>\n\t<meta name=\"twitter:data2\" content=\"3 minut\u0117s\" \/>\n<script type=\"application\/ld+json\" class=\"yoast-schema-graph\">{\"@context\":\"https:\/\/schema.org\",\"@graph\":[{\"@type\":\"Article\",\"@id\":\"https:\/\/fkzalgiris.lt\/g-jarusevicius-emocijos-rubineje-pries-europa-bus-geros\/#article\",\"isPartOf\":{\"@id\":\"https:\/\/fkzalgiris.lt\/g-jarusevicius-emocijos-rubineje-pries-europa-bus-geros\/\"},\"author\":{\"name\":\"J\",\"@id\":\"https:\/\/fkzalgiris.lt\/#\/schema\/person\/8604babbba794a7d8767be324a3eaac8\"},\"headline\":\"G. Jarusevi\u010dius: \u201eEmocijos r\u016bbin\u0117je prie\u0161 Europ\u0105 bus geros\u201c\",\"datePublished\":\"2022-07-02T18:26:03+00:00\",\"dateModified\":\"2022-07-02T18:26:53+00:00\",\"mainEntityOfPage\":{\"@id\":\"https:\/\/fkzalgiris.lt\/g-jarusevicius-emocijos-rubineje-pries-europa-bus-geros\/\"},\"wordCount\":561,\"publisher\":{\"@id\":\"https:\/\/fkzalgiris.lt\/#organization\"},\"articleSection\":[\"\u017dalgiris\"],\"inLanguage\":\"lt-LT\"},{\"@type\":\"WebPage\",\"@id\":\"https:\/\/fkzalgiris.lt\/g-jarusevicius-emocijos-rubineje-pries-europa-bus-geros\/\",\"url\":\"https:\/\/fkzalgiris.lt\/g-jarusevicius-emocijos-rubineje-pries-europa-bus-geros\/\",\"name\":\"G. Jarusevi\u010dius: \u201eEmocijos r\u016bbin\u0117je prie\u0161 Europ\u0105 bus geros\u201c - FK \u017dalgiris\",\"isPartOf\":{\"@id\":\"https:\/\/fkzalgiris.lt\/#website\"},\"datePublished\":\"2022-07-02T18:26:03+00:00\",\"dateModified\":\"2022-07-02T18:26:53+00:00\",\"breadcrumb\":{\"@id\":\"https:\/\/fkzalgiris.lt\/g-jarusevicius-emocijos-rubineje-pries-europa-bus-geros\/#breadcrumb\"},\"inLanguage\":\"lt-LT\",\"potentialAction\":[{\"@type\":\"ReadAction\",\"target\":[\"https:\/\/fkzalgiris.lt\/g-jarusevicius-emocijos-rubineje-pries-europa-bus-geros\/\"]}]},{\"@type\":\"BreadcrumbList\",\"@id\":\"https:\/\/fkzalgiris.lt\/g-jarusevicius-emocijos-rubineje-pries-europa-bus-geros\/#breadcrumb\",\"itemListElement\":[{\"@type\":\"ListItem\",\"position\":1,\"name\":\"Home\",\"item\":\"https:\/\/fkzalgiris.lt\/\"},{\"@type\":\"ListItem\",\"position\":2,\"name\":\"G. Jarusevi\u010dius: \u201eEmocijos r\u016bbin\u0117je prie\u0161 Europ\u0105 bus geros\u201c\"}]},{\"@type\":\"WebSite\",\"@id\":\"https:\/\/fkzalgiris.lt\/#website\",\"url\":\"https:\/\/fkzalgiris.lt\/\",\"name\":\"FK \u017dalgiris\",\"description\":\"oficiali Vilniaus \u201e\u017dalgirio\u201c futbolo klubo svetain\u0117\",\"publisher\":{\"@id\":\"https:\/\/fkzalgiris.lt\/#organization\"},\"potentialAction\":[{\"@type\":\"SearchAction\",\"target\":{\"@type\":\"EntryPoint\",\"urlTemplate\":\"https:\/\/fkzalgiris.lt\/?s={search_term_string}\"},\"query-input\":{\"@type\":\"PropertyValueSpecification\",\"valueRequired\":true,\"valueName\":\"search_term_string\"}}],\"inLanguage\":\"lt-LT\"},{\"@type\":\"Organization\",\"@id\":\"https:\/\/fkzalgiris.lt\/#organization\",\"name\":\"FK \u017dalgiris\",\"url\":\"https:\/\/fkzalgiris.lt\/\",\"logo\":{\"@type\":\"ImageObject\",\"inLanguage\":\"lt-LT\",\"@id\":\"https:\/\/fkzalgiris.lt\/#\/schema\/logo\/image\/\",\"url\":\"https:\/\/fkzalgiris.lt\/wp-content\/uploads\/2024\/01\/horiz-FK-Zalgiris-logo-2015.png\",\"contentUrl\":\"https:\/\/fkzalgiris.lt\/wp-content\/uploads\/2024\/01\/horiz-FK-Zalgiris-logo-2015.png\",\"width\":3073,\"height\":2048,\"caption\":\"FK \u017dalgiris\"},\"image\":{\"@id\":\"https:\/\/fkzalgiris.lt\/#\/schema\/logo\/image\/\"},\"sameAs\":[\"https:\/\/www.facebook.com\/fkzalgiris\/\",\"https:\/\/x.com\/fkzalgiris\",\"https:\/\/www.instagram.com\/fkzalgiris\/\",\"https:\/\/www.youtube.com\/channel\/UC1ag8JLxGirltMUoLlzfZLA\"]},{\"@type\":\"Person\",\"@id\":\"https:\/\/fkzalgiris.lt\/#\/schema\/person\/8604babbba794a7d8767be324a3eaac8\",\"name\":\"J\"}]}<\/script>\n<!-- \/ Yoast SEO plugin. -->","yoast_head_json":{"title":"G. Jarusevi\u010dius: \u201eEmocijos r\u016bbin\u0117je prie\u0161 Europ\u0105 bus geros\u201c - FK \u017dalgiris","robots":{"index":"index","follow":"follow","max-snippet":"max-snippet:-1","max-image-preview":"max-image-preview:large","max-video-preview":"max-video-preview:-1"},"canonical":"https:\/\/fkzalgiris.lt\/g-jarusevicius-emocijos-rubineje-pries-europa-bus-geros\/","og_locale":"lt_LT","og_type":"article","og_title":"G. Jarusevi\u010dius: \u201eEmocijos r\u016bbin\u0117je prie\u0161 Europ\u0105 bus geros\u201c - FK \u017dalgiris","og_description":"Ketvirt\u0105 pergal\u0119 i\u0161 eil\u0117s \u0161alies pirmenyb\u0117se i\u0161kovojusio \u201e\u017dalgirio\u201c treneris Vladimiras \u010ceburinas po rungtyni\u0173 prie\u0161 \u201eHegelmann\u201c sak\u0117, jog \u017eaisti nebuvo lengva ir tur\u0117jo \u0161iek tiek pastab\u0173\u2026","og_url":"https:\/\/fkzalgiris.lt\/g-jarusevicius-emocijos-rubineje-pries-europa-bus-geros\/","og_site_name":"FK \u017dalgiris","article_publisher":"https:\/\/www.facebook.com\/fkzalgiris\/","article_published_time":"2022-07-02T18:26:03+00:00","article_modified_time":"2022-07-02T18:26:53+00:00","og_image":[{"width":3356,"height":2259,"url":"https:\/\/fkzalgiris.lt\/wp-content\/uploads\/2024\/02\/social-horiz_Zalgiris_logo_2024.png","type":"image\/png"}],"author":"J","twitter_card":"summary_large_image","twitter_creator":"@fkzalgiris","twitter_site":"@fkzalgiris","twitter_misc":{"Written by":"J","Est. reading time":"3 minut\u0117s"},"schema":{"@context":"https:\/\/schema.org","@graph":[{"@type":"Article","@id":"https:\/\/fkzalgiris.lt\/g-jarusevicius-emocijos-rubineje-pries-europa-bus-geros\/#article","isPartOf":{"@id":"https:\/\/fkzalgiris.lt\/g-jarusevicius-emocijos-rubineje-pries-europa-bus-geros\/"},"author":{"name":"J","@id":"https:\/\/fkzalgiris.lt\/#\/schema\/person\/8604babbba794a7d8767be324a3eaac8"},"headline":"G. Jarusevi\u010dius: \u201eEmocijos r\u016bbin\u0117je prie\u0161 Europ\u0105 bus geros\u201c","datePublished":"2022-07-02T18:26:03+00:00","dateModified":"2022-07-02T18:26:53+00:00","mainEntityOfPage":{"@id":"https:\/\/fkzalgiris.lt\/g-jarusevicius-emocijos-rubineje-pries-europa-bus-geros\/"},"wordCount":561,"publisher":{"@id":"https:\/\/fkzalgiris.lt\/#organization"},"articleSection":["\u017dalgiris"],"inLanguage":"lt-LT"},{"@type":"WebPage","@id":"https:\/\/fkzalgiris.lt\/g-jarusevicius-emocijos-rubineje-pries-europa-bus-geros\/","url":"https:\/\/fkzalgiris.lt\/g-jarusevicius-emocijos-rubineje-pries-europa-bus-geros\/","name":"G. Jarusevi\u010dius: \u201eEmocijos r\u016bbin\u0117je prie\u0161 Europ\u0105 bus geros\u201c - FK \u017dalgiris","isPartOf":{"@id":"https:\/\/fkzalgiris.lt\/#website"},"datePublished":"2022-07-02T18:26:03+00:00","dateModified":"2022-07-02T18:26:53+00:00","breadcrumb":{"@id":"https:\/\/fkzalgiris.lt\/g-jarusevicius-emocijos-rubineje-pries-europa-bus-geros\/#breadcrumb"},"inLanguage":"lt-LT","potentialAction":[{"@type":"ReadAction","target":["https:\/\/fkzalgiris.lt\/g-jarusevicius-emocijos-rubineje-pries-europa-bus-geros\/"]}]},{"@type":"BreadcrumbList","@id":"https:\/\/fkzalgiris.lt\/g-jarusevicius-emocijos-rubineje-pries-europa-bus-geros\/#breadcrumb","itemListElement":[{"@type":"ListItem","position":1,"name":"Home","item":"https:\/\/fkzalgiris.lt\/"},{"@type":"ListItem","position":2,"name":"G. Jarusevi\u010dius: \u201eEmocijos r\u016bbin\u0117je prie\u0161 Europ\u0105 bus geros\u201c"}]},{"@type":"WebSite","@id":"https:\/\/fkzalgiris.lt\/#website","url":"https:\/\/fkzalgiris.lt\/","name":"FK \u017dalgiris","description":"oficiali Vilniaus \u201e\u017dalgirio\u201c futbolo klubo svetain\u0117","publisher":{"@id":"https:\/\/fkzalgiris.lt\/#organization"},"potentialAction":[{"@type":"SearchAction","target":{"@type":"EntryPoint","urlTemplate":"https:\/\/fkzalgiris.lt\/?s={search_term_string}"},"query-input":{"@type":"PropertyValueSpecification","valueRequired":true,"valueName":"search_term_string"}}],"inLanguage":"lt-LT"},{"@type":"Organization","@id":"https:\/\/fkzalgiris.lt\/#organization","name":"FK \u017dalgiris","url":"https:\/\/fkzalgiris.lt\/","logo":{"@type":"ImageObject","inLanguage":"lt-LT","@id":"https:\/\/fkzalgiris.lt\/#\/schema\/logo\/image\/","url":"https:\/\/fkzalgiris.lt\/wp-content\/uploads\/2024\/01\/horiz-FK-Zalgiris-logo-2015.png","contentUrl":"https:\/\/fkzalgiris.lt\/wp-content\/uploads\/2024\/01\/horiz-FK-Zalgiris-logo-2015.png","width":3073,"height":2048,"caption":"FK \u017dalgiris"},"image":{"@id":"https:\/\/fkzalgiris.lt\/#\/schema\/logo\/image\/"},"sameAs":["https:\/\/www.facebook.com\/fkzalgiris\/","https:\/\/x.com\/fkzalgiris","https:\/\/www.instagram.com\/fkzalgiris\/","https:\/\/www.youtube.com\/channel\/UC1ag8JLxGirltMUoLlzfZLA"]},{"@type":"Person","@id":"https:\/\/fkzalgiris.lt\/#\/schema\/person\/8604babbba794a7d8767be324a3eaac8","name":"J"}]}},"_links":{"self":[{"href":"https:\/\/fkzalgiris.lt\/api\/wp\/v2\/posts\/9257","targetHints":{"allow":["GET"]}}],"collection":[{"href":"https:\/\/fkzalgiris.lt\/api\/wp\/v2\/posts"}],"about":[{"href":"https:\/\/fkzalgiris.lt\/api\/wp\/v2\/types\/post"}],"author":[{"embeddable":true,"href":"https:\/\/fkzalgiris.lt\/api\/wp\/v2\/users\/4"}],"replies":[{"embeddable":true,"href":"https:\/\/fkzalgiris.lt\/api\/wp\/v2\/comments?post=9257"}],"version-history":[{"count":3,"href":"https:\/\/fkzalgiris.lt\/api\/wp\/v2\/posts\/9257\/revisions"}],"predecessor-version":[{"id":9261,"href":"https:\/\/fkzalgiris.lt\/api\/wp\/v2\/posts\/9257\/revisions\/9261"}],"wp:attachment":[{"href":"https:\/\/fkzalgiris.lt\/api\/wp\/v2\/media?parent=9257"}],"wp:term":[{"taxonomy":"category","embeddable":true,"href":"https:\/\/fkzalgiris.lt\/api\/wp\/v2\/categories?post=9257"}],"curies":[{"name":"wp","href":"https:\/\/api.w.org\/{rel}","templated":true}]}}