{"id":9246,"date":"2022-07-01T10:16:49","date_gmt":"2022-07-01T07:16:49","guid":{"rendered":"https:\/\/fkzalgiris.lt\/?p=9246"},"modified":"2022-07-01T10:16:49","modified_gmt":"2022-07-01T07:16:49","slug":"antro-rato-pabaigoje-akistata-su-kauno-rajono-ekipa","status":"publish","type":"post","link":"https:\/\/fkzalgiris.lt\/antro-rato-pabaigoje-akistata-su-kauno-rajono-ekipa\/","title":{"rendered":"Antro rato pabaigoje &#8211; akistata su Kauno rajono ekipa"},"content":{"rendered":"<p>Antr\u0105j\u012f \u010dempionato rat\u0105 \u201e\u017dalgiris\u201c u\u017ebaigas akistata su Kauno rajono \u201eHegelmann\u201c ekipa.<\/p>\n<p>Komand\u0173 dvikovose iki \u0161iol itin reik\u0161mingas buvo nam\u0173 prana\u0161umas \u2013 \u201e\u017dalgiris laim\u0117jo visas trejas rungtynes Vilniuje, o \u201eHegelmann\u201c namuose laim\u0117jo kart\u0105 ir dukart su\u017eaid\u0117 lygiosiomis.<\/p>\n<p>Pirmoji komand\u0173 akistata baland\u012f baig\u0117si lygiosiomis 2:2. Tuomet \u201e\u017dalgiris\u201c dominavo ir tur\u0117jo dviej\u0173 \u012fvar\u010di\u0173 persvar\u0105, bet leido var\u017eovams atsilikim\u0105 su\u0161velninti, o per prid\u0117tin\u012f laik\u0105 Hugo Figueredo baudos sm\u016bgis leido kaunie\u010diams i\u0161pl\u0117\u0161ti ta\u0161k\u0105.<\/p>\n<p>18-ojo turo dvikov\u0105 komandos pasitinka gan geromis nuotaikomis \u2013 \u017ealgirie\u010diai \u017eengia pirmoje vietoje ir turi did\u017eiausi\u0105 \u0161\u012f sezon\u0105 penki\u0173 ta\u0161k\u0173 prana\u0161um\u0105 prie\u0161 persekiotojus. \u201eHegelmann\u201c dalinasi 2-3 vietas su \u201ePanev\u0117\u017eiu\u201c, o penkiais ta\u0161kais lenkia \u017eemiau esan\u010dius \u201eRiterius\u201c.<\/p>\n<p>Tiesa, Kauno rajono ekipos rezultatai po \u010dempionato pertraukos bir\u017eel\u012f buvo dvejopi. Pirmose rungtyn\u0117se 0:1 nusileista \u201eBangai\u201c, antrose i\u0161spr\u016bdo pergal\u0117 dvikovoje su \u201eS\u016bduva\u201c. Geriausios buvo tre\u010diosios rungtyn\u0117s, kuriose sve\u010diuose 3:0 \u012fveiktas tiesioginis konkurentas \u201eRiteriai\u201c.<\/p>\n<p>Kaunie\u010diams ger\u0173 vil\u010di\u0173 puolime tur\u0117t\u0173 teikti Alexas Souza ir Augustinas Klimavi\u010dius \u2013 jie peln\u0117 visus penkis \u012fvar\u010dius ir tris i\u0161 j\u0173 asistavo vienas kitam.<\/p>\n<p>Likusius du rezultatyvius perdavimus atliko komandos kapitonas Vilius Armanavi\u010dius. Sud\u0117jus \u012fvar\u010di\u0173 ir rezultatyvi\u0173 perdavim\u0173 statistik\u0105 jis lygoje pirmauja kartu su kitos Kauno komandos atstovu Michealu Thuique.<\/p>\n<p>V. Armanavi\u010dius taip pat yra pirmas lygoje pagal vidutini\u0161kai per rungtynes laim\u0117tas dvikovas (nedaug nuo jo atsilieka \u017ealgirie\u010diai Nemanja Ljubisavljevi\u010dius ir Nicolas Gorobsovas), patenka tarp 5 geriausi\u0173 pagal sukurtas progas (kur pirmauja Petaras Mami\u010dius ir Francis Kyeremeh).<\/p>\n<p>Kaunie\u010diai taip pat turi vienus geriausi\u0173 lygoje \u017eaid\u0117j\u0173 atliekant perdavimus i\u0161 kra\u0161t\u0173 \u2013 pagal \u0161\u012f rodikl\u012f Klaudijus Upstas ir Hugo Figueiredo u\u017eima antr\u0105 ir tre\u010di\u0105 vietas, nusileisdami tik P. Mami\u010diui.<\/p>\n<p>\u201eHegelmann\u201c vartininkas Ignas Pl\u016bkas \u2013 vienas i\u0161 septyni\u0173 \u017eaid\u0117j\u0173, \u0161\u012f sezon\u0105 su\u017eaidusi\u0173 visas minutes. Kauno ekipos gretose taip pat visus susitikimus rungtyniavo V. Armanavi\u010dius ir Gavi Thompsonas, beveik nekei\u010diami ir gyn\u0117jai Mantas Fridrikas, Samuelis Odeoyibo bei H. Figueredo. Nuo gegu\u017e\u0117s komandai d\u0117l traumos nepadeda iki tol vienu lyderi\u0173 puolant buv\u0119s Lazaras Saj\u010di\u010dius.<\/p>\n<p>\u201e\u017dalgirio\u201c ir \u201eHegelmann\u201c rungtyn\u0117s vyks penktadien\u012f, liepos 1 d. nuo 19 val. LFF stadione. Bilietus \u012f rungtynes platina \u201eBilietai.lt\u201c.<\/p>\n","protected":false},"excerpt":{"rendered":"<p>Antr\u0105j\u012f \u010dempionato rat\u0105 \u201e\u017dalgiris\u201c u\u017ebaigas akistata su Kauno rajono \u201eHegelmann\u201c ekipa. Komand\u0173 dvikovose iki \u0161iol itin reik\u0161mingas buvo nam\u0173 prana\u0161umas \u2013 \u201e\u017dalgiris laim\u0117jo visas trejas\u2026<\/p>\n","protected":false},"author":4,"featured_media":0,"comment_status":"closed","ping_status":"closed","sticky":false,"template":"","format":"standard","meta":{"_acf_changed":false,"footnotes":""},"categories":[87],"class_list":["post-9246","post","type-post","status-publish","format-standard","hentry","category-zalgiris"],"acf":[],"yoast_head":"<!-- This site is optimized with the Yoast SEO plugin v26.8 - https:\/\/yoast.com\/product\/yoast-seo-wordpress\/ -->\n<title>Antro rato pabaigoje - akistata su Kauno rajono ekipa - FK \u017dalgiris<\/title>\n<meta name=\"robots\" content=\"index, follow, max-snippet:-1, max-image-preview:large, max-video-preview:-1\" \/>\n<link rel=\"canonical\" href=\"https:\/\/fkzalgiris.lt\/antro-rato-pabaigoje-akistata-su-kauno-rajono-ekipa\/\" \/>\n<meta property=\"og:locale\" content=\"lt_LT\" \/>\n<meta property=\"og:type\" content=\"article\" \/>\n<meta property=\"og:title\" content=\"Antro rato pabaigoje - akistata su Kauno rajono ekipa - FK \u017dalgiris\" \/>\n<meta property=\"og:description\" content=\"Antr\u0105j\u012f \u010dempionato rat\u0105 \u201e\u017dalgiris\u201c u\u017ebaigas akistata su Kauno rajono \u201eHegelmann\u201c ekipa. Komand\u0173 dvikovose iki \u0161iol itin reik\u0161mingas buvo nam\u0173 prana\u0161umas \u2013 \u201e\u017dalgiris laim\u0117jo visas trejas\u2026\" \/>\n<meta property=\"og:url\" content=\"https:\/\/fkzalgiris.lt\/antro-rato-pabaigoje-akistata-su-kauno-rajono-ekipa\/\" \/>\n<meta property=\"og:site_name\" content=\"FK \u017dalgiris\" \/>\n<meta property=\"article:publisher\" content=\"https:\/\/www.facebook.com\/fkzalgiris\/\" \/>\n<meta property=\"article:published_time\" content=\"2022-07-01T07:16:49+00:00\" \/>\n<meta property=\"og:image\" content=\"https:\/\/fkzalgiris.lt\/wp-content\/uploads\/2024\/02\/social-horiz_Zalgiris_logo_2024.png\" \/>\n\t<meta property=\"og:image:width\" content=\"3356\" \/>\n\t<meta property=\"og:image:height\" content=\"2259\" \/>\n\t<meta property=\"og:image:type\" content=\"image\/png\" \/>\n<meta name=\"author\" content=\"J\" \/>\n<meta name=\"twitter:card\" content=\"summary_large_image\" \/>\n<meta name=\"twitter:creator\" content=\"@fkzalgiris\" \/>\n<meta name=\"twitter:site\" content=\"@fkzalgiris\" \/>\n<meta name=\"twitter:label1\" content=\"Written by\" \/>\n\t<meta name=\"twitter:data1\" content=\"J\" \/>\n\t<meta name=\"twitter:label2\" content=\"Est. reading time\" \/>\n\t<meta name=\"twitter:data2\" content=\"2 minut\u0117s\" \/>\n<script type=\"application\/ld+json\" class=\"yoast-schema-graph\">{\"@context\":\"https:\/\/schema.org\",\"@graph\":[{\"@type\":\"Article\",\"@id\":\"https:\/\/fkzalgiris.lt\/antro-rato-pabaigoje-akistata-su-kauno-rajono-ekipa\/#article\",\"isPartOf\":{\"@id\":\"https:\/\/fkzalgiris.lt\/antro-rato-pabaigoje-akistata-su-kauno-rajono-ekipa\/\"},\"author\":{\"name\":\"J\",\"@id\":\"https:\/\/fkzalgiris.lt\/#\/schema\/person\/8604babbba794a7d8767be324a3eaac8\"},\"headline\":\"Antro rato pabaigoje &#8211; akistata su Kauno rajono ekipa\",\"datePublished\":\"2022-07-01T07:16:49+00:00\",\"mainEntityOfPage\":{\"@id\":\"https:\/\/fkzalgiris.lt\/antro-rato-pabaigoje-akistata-su-kauno-rajono-ekipa\/\"},\"wordCount\":385,\"publisher\":{\"@id\":\"https:\/\/fkzalgiris.lt\/#organization\"},\"articleSection\":[\"\u017dalgiris\"],\"inLanguage\":\"lt-LT\"},{\"@type\":\"WebPage\",\"@id\":\"https:\/\/fkzalgiris.lt\/antro-rato-pabaigoje-akistata-su-kauno-rajono-ekipa\/\",\"url\":\"https:\/\/fkzalgiris.lt\/antro-rato-pabaigoje-akistata-su-kauno-rajono-ekipa\/\",\"name\":\"Antro rato pabaigoje - akistata su Kauno rajono ekipa - FK \u017dalgiris\",\"isPartOf\":{\"@id\":\"https:\/\/fkzalgiris.lt\/#website\"},\"datePublished\":\"2022-07-01T07:16:49+00:00\",\"breadcrumb\":{\"@id\":\"https:\/\/fkzalgiris.lt\/antro-rato-pabaigoje-akistata-su-kauno-rajono-ekipa\/#breadcrumb\"},\"inLanguage\":\"lt-LT\",\"potentialAction\":[{\"@type\":\"ReadAction\",\"target\":[\"https:\/\/fkzalgiris.lt\/antro-rato-pabaigoje-akistata-su-kauno-rajono-ekipa\/\"]}]},{\"@type\":\"BreadcrumbList\",\"@id\":\"https:\/\/fkzalgiris.lt\/antro-rato-pabaigoje-akistata-su-kauno-rajono-ekipa\/#breadcrumb\",\"itemListElement\":[{\"@type\":\"ListItem\",\"position\":1,\"name\":\"Home\",\"item\":\"https:\/\/fkzalgiris.lt\/\"},{\"@type\":\"ListItem\",\"position\":2,\"name\":\"Antro rato pabaigoje &#8211; akistata su Kauno rajono ekipa\"}]},{\"@type\":\"WebSite\",\"@id\":\"https:\/\/fkzalgiris.lt\/#website\",\"url\":\"https:\/\/fkzalgiris.lt\/\",\"name\":\"FK \u017dalgiris\",\"description\":\"oficiali Vilniaus \u201e\u017dalgirio\u201c futbolo klubo svetain\u0117\",\"publisher\":{\"@id\":\"https:\/\/fkzalgiris.lt\/#organization\"},\"potentialAction\":[{\"@type\":\"SearchAction\",\"target\":{\"@type\":\"EntryPoint\",\"urlTemplate\":\"https:\/\/fkzalgiris.lt\/?s={search_term_string}\"},\"query-input\":{\"@type\":\"PropertyValueSpecification\",\"valueRequired\":true,\"valueName\":\"search_term_string\"}}],\"inLanguage\":\"lt-LT\"},{\"@type\":\"Organization\",\"@id\":\"https:\/\/fkzalgiris.lt\/#organization\",\"name\":\"FK \u017dalgiris\",\"url\":\"https:\/\/fkzalgiris.lt\/\",\"logo\":{\"@type\":\"ImageObject\",\"inLanguage\":\"lt-LT\",\"@id\":\"https:\/\/fkzalgiris.lt\/#\/schema\/logo\/image\/\",\"url\":\"https:\/\/fkzalgiris.lt\/wp-content\/uploads\/2024\/01\/horiz-FK-Zalgiris-logo-2015.png\",\"contentUrl\":\"https:\/\/fkzalgiris.lt\/wp-content\/uploads\/2024\/01\/horiz-FK-Zalgiris-logo-2015.png\",\"width\":3073,\"height\":2048,\"caption\":\"FK \u017dalgiris\"},\"image\":{\"@id\":\"https:\/\/fkzalgiris.lt\/#\/schema\/logo\/image\/\"},\"sameAs\":[\"https:\/\/www.facebook.com\/fkzalgiris\/\",\"https:\/\/x.com\/fkzalgiris\",\"https:\/\/www.instagram.com\/fkzalgiris\/\",\"https:\/\/www.youtube.com\/channel\/UC1ag8JLxGirltMUoLlzfZLA\"]},{\"@type\":\"Person\",\"@id\":\"https:\/\/fkzalgiris.lt\/#\/schema\/person\/8604babbba794a7d8767be324a3eaac8\",\"name\":\"J\"}]}<\/script>\n<!-- \/ Yoast SEO plugin. -->","yoast_head_json":{"title":"Antro rato pabaigoje - akistata su Kauno rajono ekipa - FK \u017dalgiris","robots":{"index":"index","follow":"follow","max-snippet":"max-snippet:-1","max-image-preview":"max-image-preview:large","max-video-preview":"max-video-preview:-1"},"canonical":"https:\/\/fkzalgiris.lt\/antro-rato-pabaigoje-akistata-su-kauno-rajono-ekipa\/","og_locale":"lt_LT","og_type":"article","og_title":"Antro rato pabaigoje - akistata su Kauno rajono ekipa - FK \u017dalgiris","og_description":"Antr\u0105j\u012f \u010dempionato rat\u0105 \u201e\u017dalgiris\u201c u\u017ebaigas akistata su Kauno rajono \u201eHegelmann\u201c ekipa. Komand\u0173 dvikovose iki \u0161iol itin reik\u0161mingas buvo nam\u0173 prana\u0161umas \u2013 \u201e\u017dalgiris laim\u0117jo visas trejas\u2026","og_url":"https:\/\/fkzalgiris.lt\/antro-rato-pabaigoje-akistata-su-kauno-rajono-ekipa\/","og_site_name":"FK \u017dalgiris","article_publisher":"https:\/\/www.facebook.com\/fkzalgiris\/","article_published_time":"2022-07-01T07:16:49+00:00","og_image":[{"width":3356,"height":2259,"url":"https:\/\/fkzalgiris.lt\/wp-content\/uploads\/2024\/02\/social-horiz_Zalgiris_logo_2024.png","type":"image\/png"}],"author":"J","twitter_card":"summary_large_image","twitter_creator":"@fkzalgiris","twitter_site":"@fkzalgiris","twitter_misc":{"Written by":"J","Est. reading time":"2 minut\u0117s"},"schema":{"@context":"https:\/\/schema.org","@graph":[{"@type":"Article","@id":"https:\/\/fkzalgiris.lt\/antro-rato-pabaigoje-akistata-su-kauno-rajono-ekipa\/#article","isPartOf":{"@id":"https:\/\/fkzalgiris.lt\/antro-rato-pabaigoje-akistata-su-kauno-rajono-ekipa\/"},"author":{"name":"J","@id":"https:\/\/fkzalgiris.lt\/#\/schema\/person\/8604babbba794a7d8767be324a3eaac8"},"headline":"Antro rato pabaigoje &#8211; akistata su Kauno rajono ekipa","datePublished":"2022-07-01T07:16:49+00:00","mainEntityOfPage":{"@id":"https:\/\/fkzalgiris.lt\/antro-rato-pabaigoje-akistata-su-kauno-rajono-ekipa\/"},"wordCount":385,"publisher":{"@id":"https:\/\/fkzalgiris.lt\/#organization"},"articleSection":["\u017dalgiris"],"inLanguage":"lt-LT"},{"@type":"WebPage","@id":"https:\/\/fkzalgiris.lt\/antro-rato-pabaigoje-akistata-su-kauno-rajono-ekipa\/","url":"https:\/\/fkzalgiris.lt\/antro-rato-pabaigoje-akistata-su-kauno-rajono-ekipa\/","name":"Antro rato pabaigoje - akistata su Kauno rajono ekipa - FK \u017dalgiris","isPartOf":{"@id":"https:\/\/fkzalgiris.lt\/#website"},"datePublished":"2022-07-01T07:16:49+00:00","breadcrumb":{"@id":"https:\/\/fkzalgiris.lt\/antro-rato-pabaigoje-akistata-su-kauno-rajono-ekipa\/#breadcrumb"},"inLanguage":"lt-LT","potentialAction":[{"@type":"ReadAction","target":["https:\/\/fkzalgiris.lt\/antro-rato-pabaigoje-akistata-su-kauno-rajono-ekipa\/"]}]},{"@type":"BreadcrumbList","@id":"https:\/\/fkzalgiris.lt\/antro-rato-pabaigoje-akistata-su-kauno-rajono-ekipa\/#breadcrumb","itemListElement":[{"@type":"ListItem","position":1,"name":"Home","item":"https:\/\/fkzalgiris.lt\/"},{"@type":"ListItem","position":2,"name":"Antro rato pabaigoje &#8211; akistata su Kauno rajono ekipa"}]},{"@type":"WebSite","@id":"https:\/\/fkzalgiris.lt\/#website","url":"https:\/\/fkzalgiris.lt\/","name":"FK \u017dalgiris","description":"oficiali Vilniaus \u201e\u017dalgirio\u201c futbolo klubo svetain\u0117","publisher":{"@id":"https:\/\/fkzalgiris.lt\/#organization"},"potentialAction":[{"@type":"SearchAction","target":{"@type":"EntryPoint","urlTemplate":"https:\/\/fkzalgiris.lt\/?s={search_term_string}"},"query-input":{"@type":"PropertyValueSpecification","valueRequired":true,"valueName":"search_term_string"}}],"inLanguage":"lt-LT"},{"@type":"Organization","@id":"https:\/\/fkzalgiris.lt\/#organization","name":"FK \u017dalgiris","url":"https:\/\/fkzalgiris.lt\/","logo":{"@type":"ImageObject","inLanguage":"lt-LT","@id":"https:\/\/fkzalgiris.lt\/#\/schema\/logo\/image\/","url":"https:\/\/fkzalgiris.lt\/wp-content\/uploads\/2024\/01\/horiz-FK-Zalgiris-logo-2015.png","contentUrl":"https:\/\/fkzalgiris.lt\/wp-content\/uploads\/2024\/01\/horiz-FK-Zalgiris-logo-2015.png","width":3073,"height":2048,"caption":"FK \u017dalgiris"},"image":{"@id":"https:\/\/fkzalgiris.lt\/#\/schema\/logo\/image\/"},"sameAs":["https:\/\/www.facebook.com\/fkzalgiris\/","https:\/\/x.com\/fkzalgiris","https:\/\/www.instagram.com\/fkzalgiris\/","https:\/\/www.youtube.com\/channel\/UC1ag8JLxGirltMUoLlzfZLA"]},{"@type":"Person","@id":"https:\/\/fkzalgiris.lt\/#\/schema\/person\/8604babbba794a7d8767be324a3eaac8","name":"J"}]}},"_links":{"self":[{"href":"https:\/\/fkzalgiris.lt\/api\/wp\/v2\/posts\/9246","targetHints":{"allow":["GET"]}}],"collection":[{"href":"https:\/\/fkzalgiris.lt\/api\/wp\/v2\/posts"}],"about":[{"href":"https:\/\/fkzalgiris.lt\/api\/wp\/v2\/types\/post"}],"author":[{"embeddable":true,"href":"https:\/\/fkzalgiris.lt\/api\/wp\/v2\/users\/4"}],"replies":[{"embeddable":true,"href":"https:\/\/fkzalgiris.lt\/api\/wp\/v2\/comments?post=9246"}],"version-history":[{"count":3,"href":"https:\/\/fkzalgiris.lt\/api\/wp\/v2\/posts\/9246\/revisions"}],"predecessor-version":[{"id":9250,"href":"https:\/\/fkzalgiris.lt\/api\/wp\/v2\/posts\/9246\/revisions\/9250"}],"wp:attachment":[{"href":"https:\/\/fkzalgiris.lt\/api\/wp\/v2\/media?parent=9246"}],"wp:term":[{"taxonomy":"category","embeddable":true,"href":"https:\/\/fkzalgiris.lt\/api\/wp\/v2\/categories?post=9246"}],"curies":[{"name":"wp","href":"https:\/\/api.w.org\/{rel}","templated":true}]}}