{"id":9208,"date":"2022-06-28T13:30:39","date_gmt":"2022-06-28T10:30:39","guid":{"rendered":"https:\/\/fkzalgiris.lt\/?p=9208"},"modified":"2022-06-29T00:47:35","modified_gmt":"2022-06-28T21:47:35","slug":"zalgirio-2021-metu-sezonas-neregetos-apimties-ir-gylio-dokumentiniame-seriale","status":"publish","type":"post","link":"https:\/\/fkzalgiris.lt\/zalgirio-2021-metu-sezonas-neregetos-apimties-ir-gylio-dokumentiniame-seriale\/","title":{"rendered":"\u201e\u017dalgirio\u201c sezonas i\u0161 arti &#8211; nereg\u0117tos apimties ir gylio dokumentiniame seriale"},"content":{"rendered":"<p>Futbolo myl\u0117toj\u0173 \u0161i\u0105 vasar\u0105 laukia ypatingas desertas \u2013 galimyb\u0117 i\u0161vysti \u017eymiausios Lietuvos komandos u\u017ekulisius i\u0161 ar\u010diau nei bet kada iki tol.<\/p>\n<p>Antradien\u012f, bir\u017eelio 28-\u0105j\u0105, \u017ei\u016brovai tur\u0117s galimyb\u0119 pa\u017ei\u016br\u0117ti sporto dokumentikos serialo apie futbolo klubo \u201e\u017dalgiris\u201c 2021 met\u0173 sezon\u0105 pirm\u0105j\u0105 dal\u012f.<\/p>\n<p>A\u0161tuoni\u0173 dali\u0173 seriale \u017ei\u016brovai i\u0161vys tikr\u0105 ir nepagr\u0105\u017eint\u0105 \u0161alies \u010dempion\u0173 vidin\u0119 virtuv\u0119, kuri da\u017eniausiai lieka kiekvienos sporto komandos viduje: pokalbius komandos r\u016bbin\u0117je, treniruot\u0117se, rungtyn\u0117se, susirinkimuose, pasiruo\u0161im\u0105 svarbiausioms sezono kovoms, pakilimus ir nuopolius sezono eigoje.<\/p>\n<p>Pusantr\u0173 met\u0173 kurta realyb\u0117s dokumentika \u2013 vienas did\u017eiausi\u0173 tokio pob\u016bd\u017eio projekt\u0173 sporto srityje. Filmo k\u016br\u0117jai paskui komand\u0105 sek\u0117 visus metus \u2013 nuo pirmosios treniruot\u0117s sausio prad\u017eioje iki finalinio \u0161vilpuko lapkri\u010dio pabaigoje.<\/p>\n<p><img loading=\"lazy\" decoding=\"async\" class=\"alignnone wp-image-9217\" src=\"https:\/\/fkzalgiris.lt\/wp-content\/uploads\/2022\/06\/BN5U1145.jpg\" alt=\"\" width=\"650\" height=\"433\" srcset=\"https:\/\/fkzalgiris.lt\/wp-content\/uploads\/2022\/06\/BN5U1145.jpg 2048w, https:\/\/fkzalgiris.lt\/wp-content\/uploads\/2022\/06\/BN5U1145-300x200.jpg 300w, https:\/\/fkzalgiris.lt\/wp-content\/uploads\/2022\/06\/BN5U1145-1024x683.jpg 1024w, https:\/\/fkzalgiris.lt\/wp-content\/uploads\/2022\/06\/BN5U1145-768x512.jpg 768w, https:\/\/fkzalgiris.lt\/wp-content\/uploads\/2022\/06\/BN5U1145-1536x1024.jpg 1536w, https:\/\/fkzalgiris.lt\/wp-content\/uploads\/2022\/06\/BN5U1145-150x100.jpg 150w, https:\/\/fkzalgiris.lt\/wp-content\/uploads\/2022\/06\/BN5U1145-840x560.jpg 840w, https:\/\/fkzalgiris.lt\/wp-content\/uploads\/2022\/06\/BN5U1145-570x380.jpg 570w, https:\/\/fkzalgiris.lt\/wp-content\/uploads\/2022\/06\/BN5U1145-30x20.jpg 30w\" sizes=\"auto, (max-width: 650px) 100vw, 650px\" \/><\/p>\n<p>Pasak \u201e\u017dalgirio\u201c vadov\u0117s Vilmos Venslovaitien\u0117s, mintis atverti duris kameroms bei mikrofonams r\u016bbin\u0117je ir kitose jautriose komandai vietose subrendo per itin sud\u0117ting\u0105 pandemijos period\u0105.<\/p>\n<p>\u201ePandemija pakeit\u0117 m\u016bs\u0173 gyvenim\u0105, 2020 met\u0173 sezonas privert\u0117 daug k\u0105 apm\u0105styti. Futbolininkams buvo vis sud\u0117tingiau atrasti motyvacijos, kai po fizi\u0161kai ir emoci\u0161kai varginan\u010dios kasdien\u0117s treniruo\u010di\u0173 rutinos jiems teko rungtynes \u017eaisti prie tu\u0161\u010di\u0173 trib\u016bn\u0173. Toks dokumentinis serialas apie komand\u0105 jiems tapo ir papildoma motyvacija, nauja, \u012fdomi patirtis. Tuo pa\u010diu tai ir dovana m\u016bs\u0173 aistruoliams, kurie i\u0161tikimai palaik\u0117 komand\u0105 net u\u017e stadiono rib\u0173, ateidavo i\u0161reik\u0161ti palaikym\u0105 net po nes\u0117km\u0117s \u2013 k\u0105 gal\u0117site pamatyti ir seriale. Taip pat \u0161is k\u016brinys bus ir tam tikras ilgalaikis p\u0117dsakas, \u012fam\u017eintas etapas istorijoje klubo, kuris jau skai\u010diuoja 75 metus. Ta k\u0105 i\u0161vys \u017ei\u016brovai \u2013 unikalu \u0161ios komandos istorijoje, gilu ir tikra\u201c, &#8211; sak\u0117 V. Venslovaitien\u0117.<\/p>\n<p>Filmuoti komandos gyvenim\u0105 \u0117m\u0117si patirties sporto dokumentikoje sukaup\u0119s kolektyvas su re\u017eisieriumi Rimvydu \u010cekavi\u010diumi prie\u0161akyje.<\/p>\n<p><img loading=\"lazy\" decoding=\"async\" class=\"alignnone wp-image-9215\" src=\"https:\/\/fkzalgiris.lt\/wp-content\/uploads\/2022\/06\/BN5U1226.jpg\" alt=\"\" width=\"650\" height=\"433\" srcset=\"https:\/\/fkzalgiris.lt\/wp-content\/uploads\/2022\/06\/BN5U1226.jpg 2048w, https:\/\/fkzalgiris.lt\/wp-content\/uploads\/2022\/06\/BN5U1226-300x200.jpg 300w, https:\/\/fkzalgiris.lt\/wp-content\/uploads\/2022\/06\/BN5U1226-1024x683.jpg 1024w, https:\/\/fkzalgiris.lt\/wp-content\/uploads\/2022\/06\/BN5U1226-768x512.jpg 768w, https:\/\/fkzalgiris.lt\/wp-content\/uploads\/2022\/06\/BN5U1226-1536x1024.jpg 1536w, https:\/\/fkzalgiris.lt\/wp-content\/uploads\/2022\/06\/BN5U1226-150x100.jpg 150w, https:\/\/fkzalgiris.lt\/wp-content\/uploads\/2022\/06\/BN5U1226-840x560.jpg 840w, https:\/\/fkzalgiris.lt\/wp-content\/uploads\/2022\/06\/BN5U1226-570x380.jpg 570w, https:\/\/fkzalgiris.lt\/wp-content\/uploads\/2022\/06\/BN5U1226-30x20.jpg 30w\" sizes=\"auto, (max-width: 650px) 100vw, 650px\" \/><\/p>\n<p>\u201eEsame dar\u0119 vien\u0105 pana\u0161\u0173 realyb\u0117s dokumentikos projekt\u0105, ta\u010diau imdamiesi \u0161io nebuvome tikri, kaip pavyks, galutinio rezultato negal\u0117jome sp\u0117ti. Patys taip pat mok\u0117m\u0117s, tur\u0117jome prisitaikyti prie komandos. Tur\u0117jome savo id\u0117j\u0173 ta\u010diau sezono eigoje i\u0161ry\u0161k\u0117jo nauji pagrindiniai charakteriai, \u017emon\u0117s, kuriuos parod\u0117me daugiau. Dramos prasme sezonas buvo tikrai neeilinis \u2013 \u017ei\u016brovai gal\u0117s i\u0161vysti \u012fvairiausius emocij\u0173 kalnelius \u2013 bus ir didelio nusivylimo, a\u0161ar\u0173, ir triumfo. \u017di\u016brovas pamatys tikras nesuvaidintas emocijas\u201c, &#8211; kalb\u0117jo re\u017eisierius.<\/p>\n<p>Anot jo, tokios apimties dokumentika Lietuvos sporte ko gero buvo kuriama pirm\u0105 kart\u0105. K\u016br\u0117jams teko atsirinkti i\u0161 daugiau nei 500 valand\u0173 nufilmuotos med\u017eiagos, prie to prisid\u0117jo papildomi \u012fra\u0161yti garso takeliai, rungtyni\u0173 transliacijos med\u017eiaga.<\/p>\n<p>\u201eBuvo savai\u010di\u0173, kai sek\u0117me komand\u0105 nuolat \u2013 treniruot\u0117se, rungtyn\u0117se, r\u016bbin\u0117je, susirinkimuose, i\u0161vykose. Gal\u0117jome pamatyti kiek pastang\u0173 \u017eaid\u0117jai, treneriai, administracija \u012fdeda diena i\u0161 dienos, koks didelis yra komandos tempas. I\u0161 tos sukauptos med\u017eiagos reik\u0117jo visk\u0105 sutraukti \u012f kelias valandas. Tod\u0117l savaime suprantama, kad viso pilno paveikslo pateikti nebuvo \u012fmanoma, ta\u010diau steng\u0117m\u0117s parodyti pagrindinius akcentus, detales, kas \u012fdomiausia \u017ei\u016brovui. Nema\u017eas i\u0161\u0161\u016bkis buvo, kad komanda priimt\u0173, suprasti kada sustoti, kuriuo momentu atsitraukti. Steng\u0117m\u0117s b\u016bti nematomi. Pasitaik\u0117 ir akimirk\u0173, kai kartais ne visuomet \u017eaid\u0117jai ar kiti dalyviai tuo metu suvok\u0117, kad yra filmuojami. Ta\u010diau apskritai esame d\u0117kingi komandai u\u017e supratingum\u0105, atvirum\u0105\u201c, &#8211; pasakojo R. \u010cekavi\u010dius.<\/p>\n<p><img loading=\"lazy\" decoding=\"async\" class=\"alignnone wp-image-9218\" src=\"https:\/\/fkzalgiris.lt\/wp-content\/uploads\/2022\/06\/BN5U1043.jpg\" alt=\"\" width=\"650\" height=\"433\" srcset=\"https:\/\/fkzalgiris.lt\/wp-content\/uploads\/2022\/06\/BN5U1043.jpg 2048w, https:\/\/fkzalgiris.lt\/wp-content\/uploads\/2022\/06\/BN5U1043-300x200.jpg 300w, https:\/\/fkzalgiris.lt\/wp-content\/uploads\/2022\/06\/BN5U1043-1024x683.jpg 1024w, https:\/\/fkzalgiris.lt\/wp-content\/uploads\/2022\/06\/BN5U1043-768x512.jpg 768w, https:\/\/fkzalgiris.lt\/wp-content\/uploads\/2022\/06\/BN5U1043-1536x1024.jpg 1536w, https:\/\/fkzalgiris.lt\/wp-content\/uploads\/2022\/06\/BN5U1043-150x100.jpg 150w, https:\/\/fkzalgiris.lt\/wp-content\/uploads\/2022\/06\/BN5U1043-840x560.jpg 840w, https:\/\/fkzalgiris.lt\/wp-content\/uploads\/2022\/06\/BN5U1043-570x380.jpg 570w, https:\/\/fkzalgiris.lt\/wp-content\/uploads\/2022\/06\/BN5U1043-30x20.jpg 30w\" sizes=\"auto, (max-width: 650px) 100vw, 650px\" \/><\/p>\n<p>Vienas i\u0161 i\u0161skirtini\u0173 dokumentikos ypatum\u0173, kuo netgi nepasi\u017eymi daugelis \u017eenkliai didesnio biud\u017eeto k\u016brini\u0173 apie sporto komandas pasaulyje \u2013 \u017eaid\u0117jams, treneriams rungtyni\u0173 ir treniruo\u010di\u0173 metu prisegti mikrofonai, kurie leido \u012fam\u017einti j\u0173 gyvus pokalbius ar replikas.<\/p>\n<p>Mikrofon\u0105 nuo pirmos dienos tur\u0117jo komandos treneris Vladimiras \u010ceburinas, nema\u017eai kalb\u0117jo vienas komandos lyderi\u0173 emocingasis Hugo Videmontas, komandos kapitonas Saulius Mikoli\u016bnas, ilgiausiai ekipoje i\u0161 esan\u010di\u0173 \u017eaid\u0117j\u0173 atstovaujantis Mantas Kuklys, ilgametis komandos kineziterapeutas Dainius Pavilonis.<\/p>\n<p>\u201eKartais \u017ealgirie\u010diai ir u\u017esimir\u0161davo, kad yra \u012fra\u0161in\u0117jami j\u0173 pokalbiai, ar to nepasteb\u0117davo j\u0173 pa\u0161nekovai. D\u0117l to daug pokalbi\u0173 tikrai atviri, nepagra\u017einti \u2013 netgi jei kartais i\u0161spr\u016bsdavo riebesnis ar kartesnis \u017eodis\u201c, &#8211; pa\u017eym\u0117jo R. \u010cekavi\u010dius.<\/p>\n<p>Komandos \u017eaid\u0117jai, treneriai, i\u0161tikimi partneriai, aistruoliai serialo prad\u017ei\u0105 gal\u0117jo i\u0161vysti bir\u017eelio 27 d. sostin\u0117s \u201eAkropolis Apollo\u201c kino teatre vykusioje specialioje premjeroje.<\/p>\n<p><img loading=\"lazy\" decoding=\"async\" class=\"alignnone wp-image-9219\" src=\"https:\/\/fkzalgiris.lt\/wp-content\/uploads\/2022\/06\/BN5U1153.jpg\" alt=\"\" width=\"650\" height=\"433\" srcset=\"https:\/\/fkzalgiris.lt\/wp-content\/uploads\/2022\/06\/BN5U1153.jpg 2048w, https:\/\/fkzalgiris.lt\/wp-content\/uploads\/2022\/06\/BN5U1153-300x200.jpg 300w, https:\/\/fkzalgiris.lt\/wp-content\/uploads\/2022\/06\/BN5U1153-1024x683.jpg 1024w, https:\/\/fkzalgiris.lt\/wp-content\/uploads\/2022\/06\/BN5U1153-768x512.jpg 768w, https:\/\/fkzalgiris.lt\/wp-content\/uploads\/2022\/06\/BN5U1153-1536x1024.jpg 1536w, https:\/\/fkzalgiris.lt\/wp-content\/uploads\/2022\/06\/BN5U1153-150x100.jpg 150w, https:\/\/fkzalgiris.lt\/wp-content\/uploads\/2022\/06\/BN5U1153-840x560.jpg 840w, https:\/\/fkzalgiris.lt\/wp-content\/uploads\/2022\/06\/BN5U1153-570x380.jpg 570w, https:\/\/fkzalgiris.lt\/wp-content\/uploads\/2022\/06\/BN5U1153-30x20.jpg 30w\" sizes=\"auto, (max-width: 650px) 100vw, 650px\" \/><\/p>\n<p>Visuomen\u0117 tur\u0117s galimyb\u0119 antradien\u012f internetu pa\u017ei\u016br\u0117ti pirm\u0105j\u0105 dal\u012f. Ji atspindi kone sud\u0117tingiausi\u0105 \u201e\u017dalgirio\u201c 2021 met\u0173 sezono period\u0105 \u2013 naujo trenerio, \u017eaid\u0117j\u0173 integracij\u0105 komandoje, akistat\u0105 su kovido pandemija, i\u0161 to kilusius i\u0161\u0161\u016bkius ir nes\u0117kmes.<\/p>\n<p>Dokumentin\u012f serial\u0105 \u201eTikslo link\u201c bus galima \u017ei\u016br\u0117ti FK \u201e\u017dalgirio\u201c ir \u201eSporto zona\u201c socialiniuose tinkluose \u201e<a href=\"https:\/\/www.youtube.com\/channel\/UC1ag8JLxGirltMUoLlzfZLA\/videos\">Youtube<\/a>\u201c ir \u201e<a href=\"https:\/\/www.facebook.com\/fkzalgiris\">Facebook<\/a>\u201c, pradedant nuo pirmosios dalies premjeros bir\u017eelio 28 d., antradien\u012f 20 val. Pana\u0161iu laiku kas savait\u0119 \u017ei\u016brovai gal\u0117s i\u0161vysti ir vis po dar vien\u0105 epizod\u0105.<\/p>\n<p>\u201e\u017dalgirio\u201c gerb\u0117jai artimiausiu metu taip pat gal\u0117s matyti ir ne vien\u0105 intriguojan\u010di\u0105 komandos dvikov\u0105 aik\u0161t\u0117je. Liepos 1 d. vilnie\u010diai savo aik\u0161t\u0117je priims \u012f lyderius \u0161\u012f sezon\u0105 besitaikan\u010di\u0105 Kauno rajono \u201eHegelmann Litauen\u201c ekip\u0105. Liepos 5 d. laukia \u010cempion\u0173 lygos startas Kosove, o liepos 12 d. &#8211; lemiama atsakomoji dvikova Vilniuje.<\/p>\n<p><strong>Serialo anonsas:<\/strong><\/p>\n","protected":false},"excerpt":{"rendered":"<p>Futbolo myl\u0117toj\u0173 \u0161i\u0105 vasar\u0105 laukia ypatingas desertas \u2013 galimyb\u0117 i\u0161vysti \u017eymiausios Lietuvos komandos u\u017ekulisius i\u0161 ar\u010diau nei bet kada iki tol. Antradien\u012f, bir\u017eelio 28-\u0105j\u0105, \u017ei\u016brovai\u2026<\/p>\n","protected":false},"author":4,"featured_media":0,"comment_status":"closed","ping_status":"closed","sticky":false,"template":"","format":"standard","meta":{"_acf_changed":false,"footnotes":""},"categories":[87],"class_list":["post-9208","post","type-post","status-publish","format-standard","hentry","category-zalgiris"],"acf":[],"yoast_head":"<!-- This site is optimized with the Yoast SEO plugin v26.8 - https:\/\/yoast.com\/product\/yoast-seo-wordpress\/ -->\n<title>\u201e\u017dalgirio\u201c sezonas i\u0161 arti - nereg\u0117tos apimties ir gylio dokumentiniame seriale - FK \u017dalgiris<\/title>\n<meta name=\"robots\" content=\"index, follow, max-snippet:-1, max-image-preview:large, max-video-preview:-1\" \/>\n<link rel=\"canonical\" href=\"https:\/\/fkzalgiris.lt\/zalgirio-2021-metu-sezonas-neregetos-apimties-ir-gylio-dokumentiniame-seriale\/\" \/>\n<meta property=\"og:locale\" content=\"lt_LT\" \/>\n<meta property=\"og:type\" content=\"article\" \/>\n<meta property=\"og:title\" content=\"\u201e\u017dalgirio\u201c sezonas i\u0161 arti - nereg\u0117tos apimties ir gylio dokumentiniame seriale - FK \u017dalgiris\" \/>\n<meta property=\"og:description\" content=\"Futbolo myl\u0117toj\u0173 \u0161i\u0105 vasar\u0105 laukia ypatingas desertas \u2013 galimyb\u0117 i\u0161vysti \u017eymiausios Lietuvos komandos u\u017ekulisius i\u0161 ar\u010diau nei bet kada iki tol. Antradien\u012f, bir\u017eelio 28-\u0105j\u0105, \u017ei\u016brovai\u2026\" \/>\n<meta property=\"og:url\" content=\"https:\/\/fkzalgiris.lt\/zalgirio-2021-metu-sezonas-neregetos-apimties-ir-gylio-dokumentiniame-seriale\/\" \/>\n<meta property=\"og:site_name\" content=\"FK \u017dalgiris\" \/>\n<meta property=\"article:publisher\" content=\"https:\/\/www.facebook.com\/fkzalgiris\/\" \/>\n<meta property=\"article:published_time\" content=\"2022-06-28T10:30:39+00:00\" \/>\n<meta property=\"article:modified_time\" content=\"2022-06-28T21:47:35+00:00\" \/>\n<meta property=\"og:image\" content=\"https:\/\/fkzalgiris.lt\/wp-content\/uploads\/2022\/06\/BN5U1145.jpg\" \/>\n<meta name=\"author\" content=\"J\" \/>\n<meta name=\"twitter:card\" content=\"summary_large_image\" \/>\n<meta name=\"twitter:creator\" content=\"@fkzalgiris\" \/>\n<meta name=\"twitter:site\" content=\"@fkzalgiris\" \/>\n<meta name=\"twitter:label1\" content=\"Written by\" \/>\n\t<meta name=\"twitter:data1\" content=\"J\" \/>\n\t<meta name=\"twitter:label2\" content=\"Est. reading time\" \/>\n\t<meta name=\"twitter:data2\" content=\"5 minut\u0117s\" \/>\n<script type=\"application\/ld+json\" class=\"yoast-schema-graph\">{\"@context\":\"https:\/\/schema.org\",\"@graph\":[{\"@type\":\"Article\",\"@id\":\"https:\/\/fkzalgiris.lt\/zalgirio-2021-metu-sezonas-neregetos-apimties-ir-gylio-dokumentiniame-seriale\/#article\",\"isPartOf\":{\"@id\":\"https:\/\/fkzalgiris.lt\/zalgirio-2021-metu-sezonas-neregetos-apimties-ir-gylio-dokumentiniame-seriale\/\"},\"author\":{\"name\":\"J\",\"@id\":\"https:\/\/fkzalgiris.lt\/#\/schema\/person\/8604babbba794a7d8767be324a3eaac8\"},\"headline\":\"\u201e\u017dalgirio\u201c sezonas i\u0161 arti &#8211; nereg\u0117tos apimties ir gylio dokumentiniame seriale\",\"datePublished\":\"2022-06-28T10:30:39+00:00\",\"dateModified\":\"2022-06-28T21:47:35+00:00\",\"mainEntityOfPage\":{\"@id\":\"https:\/\/fkzalgiris.lt\/zalgirio-2021-metu-sezonas-neregetos-apimties-ir-gylio-dokumentiniame-seriale\/\"},\"wordCount\":865,\"publisher\":{\"@id\":\"https:\/\/fkzalgiris.lt\/#organization\"},\"image\":{\"@id\":\"https:\/\/fkzalgiris.lt\/zalgirio-2021-metu-sezonas-neregetos-apimties-ir-gylio-dokumentiniame-seriale\/#primaryimage\"},\"thumbnailUrl\":\"https:\/\/fkzalgiris.lt\/wp-content\/uploads\/2022\/06\/BN5U1145.jpg\",\"articleSection\":[\"\u017dalgiris\"],\"inLanguage\":\"lt-LT\"},{\"@type\":\"WebPage\",\"@id\":\"https:\/\/fkzalgiris.lt\/zalgirio-2021-metu-sezonas-neregetos-apimties-ir-gylio-dokumentiniame-seriale\/\",\"url\":\"https:\/\/fkzalgiris.lt\/zalgirio-2021-metu-sezonas-neregetos-apimties-ir-gylio-dokumentiniame-seriale\/\",\"name\":\"\u201e\u017dalgirio\u201c sezonas i\u0161 arti - nereg\u0117tos apimties ir gylio dokumentiniame seriale - FK \u017dalgiris\",\"isPartOf\":{\"@id\":\"https:\/\/fkzalgiris.lt\/#website\"},\"primaryImageOfPage\":{\"@id\":\"https:\/\/fkzalgiris.lt\/zalgirio-2021-metu-sezonas-neregetos-apimties-ir-gylio-dokumentiniame-seriale\/#primaryimage\"},\"image\":{\"@id\":\"https:\/\/fkzalgiris.lt\/zalgirio-2021-metu-sezonas-neregetos-apimties-ir-gylio-dokumentiniame-seriale\/#primaryimage\"},\"thumbnailUrl\":\"https:\/\/fkzalgiris.lt\/wp-content\/uploads\/2022\/06\/BN5U1145.jpg\",\"datePublished\":\"2022-06-28T10:30:39+00:00\",\"dateModified\":\"2022-06-28T21:47:35+00:00\",\"breadcrumb\":{\"@id\":\"https:\/\/fkzalgiris.lt\/zalgirio-2021-metu-sezonas-neregetos-apimties-ir-gylio-dokumentiniame-seriale\/#breadcrumb\"},\"inLanguage\":\"lt-LT\",\"potentialAction\":[{\"@type\":\"ReadAction\",\"target\":[\"https:\/\/fkzalgiris.lt\/zalgirio-2021-metu-sezonas-neregetos-apimties-ir-gylio-dokumentiniame-seriale\/\"]}]},{\"@type\":\"ImageObject\",\"inLanguage\":\"lt-LT\",\"@id\":\"https:\/\/fkzalgiris.lt\/zalgirio-2021-metu-sezonas-neregetos-apimties-ir-gylio-dokumentiniame-seriale\/#primaryimage\",\"url\":\"https:\/\/fkzalgiris.lt\/wp-content\/uploads\/2022\/06\/BN5U1145.jpg\",\"contentUrl\":\"https:\/\/fkzalgiris.lt\/wp-content\/uploads\/2022\/06\/BN5U1145.jpg\",\"width\":2048,\"height\":1365},{\"@type\":\"BreadcrumbList\",\"@id\":\"https:\/\/fkzalgiris.lt\/zalgirio-2021-metu-sezonas-neregetos-apimties-ir-gylio-dokumentiniame-seriale\/#breadcrumb\",\"itemListElement\":[{\"@type\":\"ListItem\",\"position\":1,\"name\":\"Home\",\"item\":\"https:\/\/fkzalgiris.lt\/\"},{\"@type\":\"ListItem\",\"position\":2,\"name\":\"\u201e\u017dalgirio\u201c sezonas i\u0161 arti &#8211; nereg\u0117tos apimties ir gylio dokumentiniame seriale\"}]},{\"@type\":\"WebSite\",\"@id\":\"https:\/\/fkzalgiris.lt\/#website\",\"url\":\"https:\/\/fkzalgiris.lt\/\",\"name\":\"FK \u017dalgiris\",\"description\":\"oficiali Vilniaus \u201e\u017dalgirio\u201c futbolo klubo svetain\u0117\",\"publisher\":{\"@id\":\"https:\/\/fkzalgiris.lt\/#organization\"},\"potentialAction\":[{\"@type\":\"SearchAction\",\"target\":{\"@type\":\"EntryPoint\",\"urlTemplate\":\"https:\/\/fkzalgiris.lt\/?s={search_term_string}\"},\"query-input\":{\"@type\":\"PropertyValueSpecification\",\"valueRequired\":true,\"valueName\":\"search_term_string\"}}],\"inLanguage\":\"lt-LT\"},{\"@type\":\"Organization\",\"@id\":\"https:\/\/fkzalgiris.lt\/#organization\",\"name\":\"FK \u017dalgiris\",\"url\":\"https:\/\/fkzalgiris.lt\/\",\"logo\":{\"@type\":\"ImageObject\",\"inLanguage\":\"lt-LT\",\"@id\":\"https:\/\/fkzalgiris.lt\/#\/schema\/logo\/image\/\",\"url\":\"https:\/\/fkzalgiris.lt\/wp-content\/uploads\/2024\/01\/horiz-FK-Zalgiris-logo-2015.png\",\"contentUrl\":\"https:\/\/fkzalgiris.lt\/wp-content\/uploads\/2024\/01\/horiz-FK-Zalgiris-logo-2015.png\",\"width\":3073,\"height\":2048,\"caption\":\"FK \u017dalgiris\"},\"image\":{\"@id\":\"https:\/\/fkzalgiris.lt\/#\/schema\/logo\/image\/\"},\"sameAs\":[\"https:\/\/www.facebook.com\/fkzalgiris\/\",\"https:\/\/x.com\/fkzalgiris\",\"https:\/\/www.instagram.com\/fkzalgiris\/\",\"https:\/\/www.youtube.com\/channel\/UC1ag8JLxGirltMUoLlzfZLA\"]},{\"@type\":\"Person\",\"@id\":\"https:\/\/fkzalgiris.lt\/#\/schema\/person\/8604babbba794a7d8767be324a3eaac8\",\"name\":\"J\"}]}<\/script>\n<!-- \/ Yoast SEO plugin. -->","yoast_head_json":{"title":"\u201e\u017dalgirio\u201c sezonas i\u0161 arti - nereg\u0117tos apimties ir gylio dokumentiniame seriale - FK \u017dalgiris","robots":{"index":"index","follow":"follow","max-snippet":"max-snippet:-1","max-image-preview":"max-image-preview:large","max-video-preview":"max-video-preview:-1"},"canonical":"https:\/\/fkzalgiris.lt\/zalgirio-2021-metu-sezonas-neregetos-apimties-ir-gylio-dokumentiniame-seriale\/","og_locale":"lt_LT","og_type":"article","og_title":"\u201e\u017dalgirio\u201c sezonas i\u0161 arti - nereg\u0117tos apimties ir gylio dokumentiniame seriale - FK \u017dalgiris","og_description":"Futbolo myl\u0117toj\u0173 \u0161i\u0105 vasar\u0105 laukia ypatingas desertas \u2013 galimyb\u0117 i\u0161vysti \u017eymiausios Lietuvos komandos u\u017ekulisius i\u0161 ar\u010diau nei bet kada iki tol. Antradien\u012f, bir\u017eelio 28-\u0105j\u0105, \u017ei\u016brovai\u2026","og_url":"https:\/\/fkzalgiris.lt\/zalgirio-2021-metu-sezonas-neregetos-apimties-ir-gylio-dokumentiniame-seriale\/","og_site_name":"FK \u017dalgiris","article_publisher":"https:\/\/www.facebook.com\/fkzalgiris\/","article_published_time":"2022-06-28T10:30:39+00:00","article_modified_time":"2022-06-28T21:47:35+00:00","og_image":[{"url":"https:\/\/fkzalgiris.lt\/wp-content\/uploads\/2022\/06\/BN5U1145.jpg","type":"","width":"","height":""}],"author":"J","twitter_card":"summary_large_image","twitter_creator":"@fkzalgiris","twitter_site":"@fkzalgiris","twitter_misc":{"Written by":"J","Est. reading time":"5 minut\u0117s"},"schema":{"@context":"https:\/\/schema.org","@graph":[{"@type":"Article","@id":"https:\/\/fkzalgiris.lt\/zalgirio-2021-metu-sezonas-neregetos-apimties-ir-gylio-dokumentiniame-seriale\/#article","isPartOf":{"@id":"https:\/\/fkzalgiris.lt\/zalgirio-2021-metu-sezonas-neregetos-apimties-ir-gylio-dokumentiniame-seriale\/"},"author":{"name":"J","@id":"https:\/\/fkzalgiris.lt\/#\/schema\/person\/8604babbba794a7d8767be324a3eaac8"},"headline":"\u201e\u017dalgirio\u201c sezonas i\u0161 arti &#8211; nereg\u0117tos apimties ir gylio dokumentiniame seriale","datePublished":"2022-06-28T10:30:39+00:00","dateModified":"2022-06-28T21:47:35+00:00","mainEntityOfPage":{"@id":"https:\/\/fkzalgiris.lt\/zalgirio-2021-metu-sezonas-neregetos-apimties-ir-gylio-dokumentiniame-seriale\/"},"wordCount":865,"publisher":{"@id":"https:\/\/fkzalgiris.lt\/#organization"},"image":{"@id":"https:\/\/fkzalgiris.lt\/zalgirio-2021-metu-sezonas-neregetos-apimties-ir-gylio-dokumentiniame-seriale\/#primaryimage"},"thumbnailUrl":"https:\/\/fkzalgiris.lt\/wp-content\/uploads\/2022\/06\/BN5U1145.jpg","articleSection":["\u017dalgiris"],"inLanguage":"lt-LT"},{"@type":"WebPage","@id":"https:\/\/fkzalgiris.lt\/zalgirio-2021-metu-sezonas-neregetos-apimties-ir-gylio-dokumentiniame-seriale\/","url":"https:\/\/fkzalgiris.lt\/zalgirio-2021-metu-sezonas-neregetos-apimties-ir-gylio-dokumentiniame-seriale\/","name":"\u201e\u017dalgirio\u201c sezonas i\u0161 arti - nereg\u0117tos apimties ir gylio dokumentiniame seriale - FK \u017dalgiris","isPartOf":{"@id":"https:\/\/fkzalgiris.lt\/#website"},"primaryImageOfPage":{"@id":"https:\/\/fkzalgiris.lt\/zalgirio-2021-metu-sezonas-neregetos-apimties-ir-gylio-dokumentiniame-seriale\/#primaryimage"},"image":{"@id":"https:\/\/fkzalgiris.lt\/zalgirio-2021-metu-sezonas-neregetos-apimties-ir-gylio-dokumentiniame-seriale\/#primaryimage"},"thumbnailUrl":"https:\/\/fkzalgiris.lt\/wp-content\/uploads\/2022\/06\/BN5U1145.jpg","datePublished":"2022-06-28T10:30:39+00:00","dateModified":"2022-06-28T21:47:35+00:00","breadcrumb":{"@id":"https:\/\/fkzalgiris.lt\/zalgirio-2021-metu-sezonas-neregetos-apimties-ir-gylio-dokumentiniame-seriale\/#breadcrumb"},"inLanguage":"lt-LT","potentialAction":[{"@type":"ReadAction","target":["https:\/\/fkzalgiris.lt\/zalgirio-2021-metu-sezonas-neregetos-apimties-ir-gylio-dokumentiniame-seriale\/"]}]},{"@type":"ImageObject","inLanguage":"lt-LT","@id":"https:\/\/fkzalgiris.lt\/zalgirio-2021-metu-sezonas-neregetos-apimties-ir-gylio-dokumentiniame-seriale\/#primaryimage","url":"https:\/\/fkzalgiris.lt\/wp-content\/uploads\/2022\/06\/BN5U1145.jpg","contentUrl":"https:\/\/fkzalgiris.lt\/wp-content\/uploads\/2022\/06\/BN5U1145.jpg","width":2048,"height":1365},{"@type":"BreadcrumbList","@id":"https:\/\/fkzalgiris.lt\/zalgirio-2021-metu-sezonas-neregetos-apimties-ir-gylio-dokumentiniame-seriale\/#breadcrumb","itemListElement":[{"@type":"ListItem","position":1,"name":"Home","item":"https:\/\/fkzalgiris.lt\/"},{"@type":"ListItem","position":2,"name":"\u201e\u017dalgirio\u201c sezonas i\u0161 arti &#8211; nereg\u0117tos apimties ir gylio dokumentiniame seriale"}]},{"@type":"WebSite","@id":"https:\/\/fkzalgiris.lt\/#website","url":"https:\/\/fkzalgiris.lt\/","name":"FK \u017dalgiris","description":"oficiali Vilniaus \u201e\u017dalgirio\u201c futbolo klubo svetain\u0117","publisher":{"@id":"https:\/\/fkzalgiris.lt\/#organization"},"potentialAction":[{"@type":"SearchAction","target":{"@type":"EntryPoint","urlTemplate":"https:\/\/fkzalgiris.lt\/?s={search_term_string}"},"query-input":{"@type":"PropertyValueSpecification","valueRequired":true,"valueName":"search_term_string"}}],"inLanguage":"lt-LT"},{"@type":"Organization","@id":"https:\/\/fkzalgiris.lt\/#organization","name":"FK \u017dalgiris","url":"https:\/\/fkzalgiris.lt\/","logo":{"@type":"ImageObject","inLanguage":"lt-LT","@id":"https:\/\/fkzalgiris.lt\/#\/schema\/logo\/image\/","url":"https:\/\/fkzalgiris.lt\/wp-content\/uploads\/2024\/01\/horiz-FK-Zalgiris-logo-2015.png","contentUrl":"https:\/\/fkzalgiris.lt\/wp-content\/uploads\/2024\/01\/horiz-FK-Zalgiris-logo-2015.png","width":3073,"height":2048,"caption":"FK \u017dalgiris"},"image":{"@id":"https:\/\/fkzalgiris.lt\/#\/schema\/logo\/image\/"},"sameAs":["https:\/\/www.facebook.com\/fkzalgiris\/","https:\/\/x.com\/fkzalgiris","https:\/\/www.instagram.com\/fkzalgiris\/","https:\/\/www.youtube.com\/channel\/UC1ag8JLxGirltMUoLlzfZLA"]},{"@type":"Person","@id":"https:\/\/fkzalgiris.lt\/#\/schema\/person\/8604babbba794a7d8767be324a3eaac8","name":"J"}]}},"_links":{"self":[{"href":"https:\/\/fkzalgiris.lt\/api\/wp\/v2\/posts\/9208","targetHints":{"allow":["GET"]}}],"collection":[{"href":"https:\/\/fkzalgiris.lt\/api\/wp\/v2\/posts"}],"about":[{"href":"https:\/\/fkzalgiris.lt\/api\/wp\/v2\/types\/post"}],"author":[{"embeddable":true,"href":"https:\/\/fkzalgiris.lt\/api\/wp\/v2\/users\/4"}],"replies":[{"embeddable":true,"href":"https:\/\/fkzalgiris.lt\/api\/wp\/v2\/comments?post=9208"}],"version-history":[{"count":14,"href":"https:\/\/fkzalgiris.lt\/api\/wp\/v2\/posts\/9208\/revisions"}],"predecessor-version":[{"id":9229,"href":"https:\/\/fkzalgiris.lt\/api\/wp\/v2\/posts\/9208\/revisions\/9229"}],"wp:attachment":[{"href":"https:\/\/fkzalgiris.lt\/api\/wp\/v2\/media?parent=9208"}],"wp:term":[{"taxonomy":"category","embeddable":true,"href":"https:\/\/fkzalgiris.lt\/api\/wp\/v2\/categories?post=9208"}],"curies":[{"name":"wp","href":"https:\/\/api.w.org\/{rel}","templated":true}]}}