{"id":9140,"date":"2022-06-20T16:12:11","date_gmt":"2022-06-20T13:12:11","guid":{"rendered":"https:\/\/fkzalgiris.lt\/?p=9140"},"modified":"2022-06-20T16:12:22","modified_gmt":"2022-06-20T13:12:22","slug":"renanas-oliveira-ivarciai-komandos-nuopelnas","status":"publish","type":"post","link":"https:\/\/fkzalgiris.lt\/renanas-oliveira-ivarciai-komandos-nuopelnas\/","title":{"rendered":"Renanas Oliveira: \u201e\u012evar\u010diai &#8211; komandos nuopelnas\u201c"},"content":{"rendered":"<p>\u201e\u017dalgirio\u201c treneris Vladimiras \u010ceburinas po pergal\u0117s lyderi\u0173 akistatoje su \u201ePanev\u0117\u017eiu\u201c d\u017eiaug\u0117si s\u0117kmingu pirmuoju k\u0117liniu, o du \u012fvar\u010dius peln\u0119s REnanas Oliveira nuopelnus priskyr\u0117 komandos draugams.<\/p>\n<p>Pergal\u0119 2:0 \u201e\u017dalgiriui\u201c nul\u0117m\u0117 \u012fvar\u010diai 9 ir 27 minut\u0117mis.<\/p>\n<p>\u201ePrad\u0117jome labai gerai, var\u017eovams nedav\u0117me prog\u0173. I\u0161 to k\u0105 suplanavome daug kas pavyko. Bravo visai komandai d\u0117l \u012fvar\u010di\u0173, d\u0117l pastang\u0173. Svarbu pergal\u0117, geros rungtyn\u0117s. \u00a0Yra ties kuo dirbti, k\u0105 \u012fsivertinti\u201c, &#8211; kalb\u0117jo V. \u010ceburinas.<\/p>\n<div class=\"embed-responsive embed-responsive-16by9 mb-4\"><iframe title=\"Trenerio komentaras | \u010ceburin | Panev\u0117\u017eys - \u017dalgiris | Coach reaction [CC]\" src=\"https:\/\/www.youtube.com\/embed\/LpEwyWZAxkY?feature=oembed\" frameborder=\"0\" allow=\"accelerometer; autoplay; clipboard-write; encrypted-media; gyroscope; picture-in-picture; web-share\" referrerpolicy=\"strict-origin-when-cross-origin\" allowfullscreen><\/iframe> <\/div>\n<p>\u201eGeras rungtynes su\u017eaid\u0117 visi \u017eaid\u0117jai. Padar\u0117me nam\u0173 darbus. Band\u0117me atlikti tai, ties kuo dirbome treniruot\u0117se ir matome rezultat\u0105. \u012evar\u010diai ne mano nuopelnas, o komandos. Tiesiog dar\u0117me savo u\u017eduotis. Viskas pavyko gerai aik\u0161t\u0117je. A\u0161 buvau tinkamoje vietoje pasiruo\u0161\u0119s, ta\u010diau svarbiausia buvo komandinis darbas\u201c, &#8211; kalb\u0117jo Renanas.<\/p>\n<div class=\"embed-responsive embed-responsive-16by9 mb-4\"><iframe title=\"\u017daid\u0117jo komentaras | Renan Oliveira | Player reaction\" src=\"https:\/\/www.youtube.com\/embed\/WD3ZGuXYDsA?feature=oembed\" frameborder=\"0\" allow=\"accelerometer; autoplay; clipboard-write; encrypted-media; gyroscope; picture-in-picture; web-share\" referrerpolicy=\"strict-origin-when-cross-origin\" allowfullscreen><\/iframe> <\/div>\n<p>Jam antrino ir V. \u010ceburinas: \u201eR\u016bbin\u0117je sakiau &#8211; \u012fmu\u0161a vienas, bet dirba visa komanda. Bravo Renanui, bet visa komanda su\u017eaid\u0117 geras rungtynes. Geras atsidavimas, geras rezultatyvumas. Ilg\u0105 laik\u0105 kurdavome progas, bet nesisek\u0117 \u012fmu\u0161ti. \u0160\u012f kart\u0105 j\u0173 nebuvo tiek daug, bet pakankamai.\u201c<\/p>\n<p>Treneris nebuvo patenkintas komandos \u017eaidimu ginantis po pertrtraukos. \u201eAntrajame k\u0117linyje buvo sunkios s\u0105lygos, stiprus lietus. Nepaisant to abi komandos band\u0117 \u017eaisti. Antrajame k\u0117linyje var\u017eovai buvo aktyvesni atakoje. Buvo pralaim\u0117t\u0173 dvikov\u0173, neteisingai pasirinkt\u0173 pozicij\u0173. Reikia ties tuo dirbti, neleisti toki\u0173 prog\u0173. Leidome var\u017eovams sukurti a\u0161tri\u0173 atak\u0173. Viskas gerai kas gerai baigiasi. Ties tuo reik\u0117s padirb\u0117ti\u201c, &#8211; kalb\u0117jo V. \u010ceburinas.<\/p>\n<p>Pergal\u0117 leido \u201e\u017dalgiriui\u201c pakilti \u012f pirm\u0105j\u0105 lentel\u0117s viet\u0105. \u201eLaim\u0117ti visada svarbu, d\u0117l to ir dirbame. \u017dalgiriui tai ypa\u010d svarbu. Nes turime auk\u0161tus tikslus. Pergal\u0117 prie\u0161 tiesiogin\u012f konkurent\u0105 &#8211; didelis pliusas\u201c, &#8211; pa\u017eym\u0117jo treneris.<\/p>\n<p>\u201eLabai svarbu, kad esame pirmi, d\u0117l to dirbome. Nusipelnome b\u016bti pirmoje vietoje. Var\u017eovai taip pat turi ger\u0105 komand\u0105, pirm\u0105 viet\u0105 i\u0161saugoti nelengva. Dirbame ties tuo\u201c, &#8211; sak\u0117 Renanas.<\/p>\n<p>\u201e\u017dalgirio\u201c ekip\u0105 sve\u010diuose palaik\u0117 gausiai atvyk\u0119 aistruoliai i\u0161 Vilniaus.<\/p>\n<p>\u201eD\u0117koju aistruoliams, jie mus kaip visad palaik\u0117 labai \u0161iltai. \u00a0Galiu aistruoliams pasakyti tik geriausius \u017eod\u017eius. Lietus, sniegas, ar audra jie visuomet su mumis. D\u0117l j\u0173 ne tik stengsim\u0117s bet ir turime laim\u0117ti\u201c, &#8211; sak\u0117 V. \u010ceburinas.<\/p>\n<p>\u201eAistruoliai kaip dvyliktas, papildomas \u017eaid\u0117jas mums. Jie mums prideda j\u0117g\u0173, galime kovoti dar stipriau\u201c, &#8211; sak\u0117 Renanas.<\/p>\n<p>Kitas rungtynes \u201e\u017dalgiris\u201c \u017eais tre\u010diadien\u012f 20 val. namuose su \u201eD\u017eiugu\u201c.<\/p>\n","protected":false},"excerpt":{"rendered":"<p>\u201e\u017dalgirio\u201c treneris Vladimiras \u010ceburinas po pergal\u0117s lyderi\u0173 akistatoje su \u201ePanev\u0117\u017eiu\u201c d\u017eiaug\u0117si s\u0117kmingu pirmuoju k\u0117liniu, o du \u012fvar\u010dius peln\u0119s REnanas Oliveira nuopelnus priskyr\u0117 komandos draugams. Pergal\u0119\u2026<\/p>\n","protected":false},"author":4,"featured_media":0,"comment_status":"closed","ping_status":"closed","sticky":false,"template":"","format":"standard","meta":{"_acf_changed":false,"footnotes":""},"categories":[87],"class_list":["post-9140","post","type-post","status-publish","format-standard","hentry","category-zalgiris"],"acf":[],"yoast_head":"<!-- This site is optimized with the Yoast SEO plugin v26.8 - https:\/\/yoast.com\/product\/yoast-seo-wordpress\/ -->\n<title>Renanas Oliveira: \u201e\u012evar\u010diai - komandos nuopelnas\u201c - FK \u017dalgiris<\/title>\n<meta name=\"robots\" content=\"index, follow, max-snippet:-1, max-image-preview:large, max-video-preview:-1\" \/>\n<link rel=\"canonical\" href=\"https:\/\/fkzalgiris.lt\/renanas-oliveira-ivarciai-komandos-nuopelnas\/\" \/>\n<meta property=\"og:locale\" content=\"lt_LT\" \/>\n<meta property=\"og:type\" content=\"article\" \/>\n<meta property=\"og:title\" content=\"Renanas Oliveira: \u201e\u012evar\u010diai - komandos nuopelnas\u201c - FK \u017dalgiris\" \/>\n<meta property=\"og:description\" content=\"\u201e\u017dalgirio\u201c treneris Vladimiras \u010ceburinas po pergal\u0117s lyderi\u0173 akistatoje su \u201ePanev\u0117\u017eiu\u201c d\u017eiaug\u0117si s\u0117kmingu pirmuoju k\u0117liniu, o du \u012fvar\u010dius peln\u0119s REnanas Oliveira nuopelnus priskyr\u0117 komandos draugams. Pergal\u0119\u2026\" \/>\n<meta property=\"og:url\" content=\"https:\/\/fkzalgiris.lt\/renanas-oliveira-ivarciai-komandos-nuopelnas\/\" \/>\n<meta property=\"og:site_name\" content=\"FK \u017dalgiris\" \/>\n<meta property=\"article:publisher\" content=\"https:\/\/www.facebook.com\/fkzalgiris\/\" \/>\n<meta property=\"article:published_time\" content=\"2022-06-20T13:12:11+00:00\" \/>\n<meta property=\"article:modified_time\" content=\"2022-06-20T13:12:22+00:00\" \/>\n<meta property=\"og:image\" content=\"https:\/\/fkzalgiris.lt\/wp-content\/uploads\/2024\/02\/social-horiz_Zalgiris_logo_2024.png\" \/>\n\t<meta property=\"og:image:width\" content=\"3356\" \/>\n\t<meta property=\"og:image:height\" content=\"2259\" \/>\n\t<meta property=\"og:image:type\" content=\"image\/png\" \/>\n<meta name=\"author\" content=\"J\" \/>\n<meta name=\"twitter:card\" content=\"summary_large_image\" \/>\n<meta name=\"twitter:creator\" content=\"@fkzalgiris\" \/>\n<meta name=\"twitter:site\" content=\"@fkzalgiris\" \/>\n<meta name=\"twitter:label1\" content=\"Written by\" \/>\n\t<meta name=\"twitter:data1\" content=\"J\" \/>\n\t<meta name=\"twitter:label2\" content=\"Est. reading time\" \/>\n\t<meta name=\"twitter:data2\" content=\"2 minut\u0117s\" \/>\n<script type=\"application\/ld+json\" class=\"yoast-schema-graph\">{\"@context\":\"https:\/\/schema.org\",\"@graph\":[{\"@type\":\"Article\",\"@id\":\"https:\/\/fkzalgiris.lt\/renanas-oliveira-ivarciai-komandos-nuopelnas\/#article\",\"isPartOf\":{\"@id\":\"https:\/\/fkzalgiris.lt\/renanas-oliveira-ivarciai-komandos-nuopelnas\/\"},\"author\":{\"name\":\"J\",\"@id\":\"https:\/\/fkzalgiris.lt\/#\/schema\/person\/8604babbba794a7d8767be324a3eaac8\"},\"headline\":\"Renanas Oliveira: \u201e\u012evar\u010diai &#8211; komandos nuopelnas\u201c\",\"datePublished\":\"2022-06-20T13:12:11+00:00\",\"dateModified\":\"2022-06-20T13:12:22+00:00\",\"mainEntityOfPage\":{\"@id\":\"https:\/\/fkzalgiris.lt\/renanas-oliveira-ivarciai-komandos-nuopelnas\/\"},\"wordCount\":432,\"publisher\":{\"@id\":\"https:\/\/fkzalgiris.lt\/#organization\"},\"articleSection\":[\"\u017dalgiris\"],\"inLanguage\":\"lt-LT\"},{\"@type\":\"WebPage\",\"@id\":\"https:\/\/fkzalgiris.lt\/renanas-oliveira-ivarciai-komandos-nuopelnas\/\",\"url\":\"https:\/\/fkzalgiris.lt\/renanas-oliveira-ivarciai-komandos-nuopelnas\/\",\"name\":\"Renanas Oliveira: \u201e\u012evar\u010diai - komandos nuopelnas\u201c - FK \u017dalgiris\",\"isPartOf\":{\"@id\":\"https:\/\/fkzalgiris.lt\/#website\"},\"datePublished\":\"2022-06-20T13:12:11+00:00\",\"dateModified\":\"2022-06-20T13:12:22+00:00\",\"breadcrumb\":{\"@id\":\"https:\/\/fkzalgiris.lt\/renanas-oliveira-ivarciai-komandos-nuopelnas\/#breadcrumb\"},\"inLanguage\":\"lt-LT\",\"potentialAction\":[{\"@type\":\"ReadAction\",\"target\":[\"https:\/\/fkzalgiris.lt\/renanas-oliveira-ivarciai-komandos-nuopelnas\/\"]}]},{\"@type\":\"BreadcrumbList\",\"@id\":\"https:\/\/fkzalgiris.lt\/renanas-oliveira-ivarciai-komandos-nuopelnas\/#breadcrumb\",\"itemListElement\":[{\"@type\":\"ListItem\",\"position\":1,\"name\":\"Home\",\"item\":\"https:\/\/fkzalgiris.lt\/\"},{\"@type\":\"ListItem\",\"position\":2,\"name\":\"Renanas Oliveira: \u201e\u012evar\u010diai &#8211; komandos nuopelnas\u201c\"}]},{\"@type\":\"WebSite\",\"@id\":\"https:\/\/fkzalgiris.lt\/#website\",\"url\":\"https:\/\/fkzalgiris.lt\/\",\"name\":\"FK \u017dalgiris\",\"description\":\"oficiali Vilniaus \u201e\u017dalgirio\u201c futbolo klubo svetain\u0117\",\"publisher\":{\"@id\":\"https:\/\/fkzalgiris.lt\/#organization\"},\"potentialAction\":[{\"@type\":\"SearchAction\",\"target\":{\"@type\":\"EntryPoint\",\"urlTemplate\":\"https:\/\/fkzalgiris.lt\/?s={search_term_string}\"},\"query-input\":{\"@type\":\"PropertyValueSpecification\",\"valueRequired\":true,\"valueName\":\"search_term_string\"}}],\"inLanguage\":\"lt-LT\"},{\"@type\":\"Organization\",\"@id\":\"https:\/\/fkzalgiris.lt\/#organization\",\"name\":\"FK \u017dalgiris\",\"url\":\"https:\/\/fkzalgiris.lt\/\",\"logo\":{\"@type\":\"ImageObject\",\"inLanguage\":\"lt-LT\",\"@id\":\"https:\/\/fkzalgiris.lt\/#\/schema\/logo\/image\/\",\"url\":\"https:\/\/fkzalgiris.lt\/wp-content\/uploads\/2024\/01\/horiz-FK-Zalgiris-logo-2015.png\",\"contentUrl\":\"https:\/\/fkzalgiris.lt\/wp-content\/uploads\/2024\/01\/horiz-FK-Zalgiris-logo-2015.png\",\"width\":3073,\"height\":2048,\"caption\":\"FK \u017dalgiris\"},\"image\":{\"@id\":\"https:\/\/fkzalgiris.lt\/#\/schema\/logo\/image\/\"},\"sameAs\":[\"https:\/\/www.facebook.com\/fkzalgiris\/\",\"https:\/\/x.com\/fkzalgiris\",\"https:\/\/www.instagram.com\/fkzalgiris\/\",\"https:\/\/www.youtube.com\/channel\/UC1ag8JLxGirltMUoLlzfZLA\"]},{\"@type\":\"Person\",\"@id\":\"https:\/\/fkzalgiris.lt\/#\/schema\/person\/8604babbba794a7d8767be324a3eaac8\",\"name\":\"J\"}]}<\/script>\n<!-- \/ Yoast SEO plugin. -->","yoast_head_json":{"title":"Renanas Oliveira: \u201e\u012evar\u010diai - komandos nuopelnas\u201c - FK \u017dalgiris","robots":{"index":"index","follow":"follow","max-snippet":"max-snippet:-1","max-image-preview":"max-image-preview:large","max-video-preview":"max-video-preview:-1"},"canonical":"https:\/\/fkzalgiris.lt\/renanas-oliveira-ivarciai-komandos-nuopelnas\/","og_locale":"lt_LT","og_type":"article","og_title":"Renanas Oliveira: \u201e\u012evar\u010diai - komandos nuopelnas\u201c - FK \u017dalgiris","og_description":"\u201e\u017dalgirio\u201c treneris Vladimiras \u010ceburinas po pergal\u0117s lyderi\u0173 akistatoje su \u201ePanev\u0117\u017eiu\u201c d\u017eiaug\u0117si s\u0117kmingu pirmuoju k\u0117liniu, o du \u012fvar\u010dius peln\u0119s REnanas Oliveira nuopelnus priskyr\u0117 komandos draugams. Pergal\u0119\u2026","og_url":"https:\/\/fkzalgiris.lt\/renanas-oliveira-ivarciai-komandos-nuopelnas\/","og_site_name":"FK \u017dalgiris","article_publisher":"https:\/\/www.facebook.com\/fkzalgiris\/","article_published_time":"2022-06-20T13:12:11+00:00","article_modified_time":"2022-06-20T13:12:22+00:00","og_image":[{"width":3356,"height":2259,"url":"https:\/\/fkzalgiris.lt\/wp-content\/uploads\/2024\/02\/social-horiz_Zalgiris_logo_2024.png","type":"image\/png"}],"author":"J","twitter_card":"summary_large_image","twitter_creator":"@fkzalgiris","twitter_site":"@fkzalgiris","twitter_misc":{"Written by":"J","Est. reading time":"2 minut\u0117s"},"schema":{"@context":"https:\/\/schema.org","@graph":[{"@type":"Article","@id":"https:\/\/fkzalgiris.lt\/renanas-oliveira-ivarciai-komandos-nuopelnas\/#article","isPartOf":{"@id":"https:\/\/fkzalgiris.lt\/renanas-oliveira-ivarciai-komandos-nuopelnas\/"},"author":{"name":"J","@id":"https:\/\/fkzalgiris.lt\/#\/schema\/person\/8604babbba794a7d8767be324a3eaac8"},"headline":"Renanas Oliveira: \u201e\u012evar\u010diai &#8211; komandos nuopelnas\u201c","datePublished":"2022-06-20T13:12:11+00:00","dateModified":"2022-06-20T13:12:22+00:00","mainEntityOfPage":{"@id":"https:\/\/fkzalgiris.lt\/renanas-oliveira-ivarciai-komandos-nuopelnas\/"},"wordCount":432,"publisher":{"@id":"https:\/\/fkzalgiris.lt\/#organization"},"articleSection":["\u017dalgiris"],"inLanguage":"lt-LT"},{"@type":"WebPage","@id":"https:\/\/fkzalgiris.lt\/renanas-oliveira-ivarciai-komandos-nuopelnas\/","url":"https:\/\/fkzalgiris.lt\/renanas-oliveira-ivarciai-komandos-nuopelnas\/","name":"Renanas Oliveira: \u201e\u012evar\u010diai - komandos nuopelnas\u201c - FK \u017dalgiris","isPartOf":{"@id":"https:\/\/fkzalgiris.lt\/#website"},"datePublished":"2022-06-20T13:12:11+00:00","dateModified":"2022-06-20T13:12:22+00:00","breadcrumb":{"@id":"https:\/\/fkzalgiris.lt\/renanas-oliveira-ivarciai-komandos-nuopelnas\/#breadcrumb"},"inLanguage":"lt-LT","potentialAction":[{"@type":"ReadAction","target":["https:\/\/fkzalgiris.lt\/renanas-oliveira-ivarciai-komandos-nuopelnas\/"]}]},{"@type":"BreadcrumbList","@id":"https:\/\/fkzalgiris.lt\/renanas-oliveira-ivarciai-komandos-nuopelnas\/#breadcrumb","itemListElement":[{"@type":"ListItem","position":1,"name":"Home","item":"https:\/\/fkzalgiris.lt\/"},{"@type":"ListItem","position":2,"name":"Renanas Oliveira: \u201e\u012evar\u010diai &#8211; komandos nuopelnas\u201c"}]},{"@type":"WebSite","@id":"https:\/\/fkzalgiris.lt\/#website","url":"https:\/\/fkzalgiris.lt\/","name":"FK \u017dalgiris","description":"oficiali Vilniaus \u201e\u017dalgirio\u201c futbolo klubo svetain\u0117","publisher":{"@id":"https:\/\/fkzalgiris.lt\/#organization"},"potentialAction":[{"@type":"SearchAction","target":{"@type":"EntryPoint","urlTemplate":"https:\/\/fkzalgiris.lt\/?s={search_term_string}"},"query-input":{"@type":"PropertyValueSpecification","valueRequired":true,"valueName":"search_term_string"}}],"inLanguage":"lt-LT"},{"@type":"Organization","@id":"https:\/\/fkzalgiris.lt\/#organization","name":"FK \u017dalgiris","url":"https:\/\/fkzalgiris.lt\/","logo":{"@type":"ImageObject","inLanguage":"lt-LT","@id":"https:\/\/fkzalgiris.lt\/#\/schema\/logo\/image\/","url":"https:\/\/fkzalgiris.lt\/wp-content\/uploads\/2024\/01\/horiz-FK-Zalgiris-logo-2015.png","contentUrl":"https:\/\/fkzalgiris.lt\/wp-content\/uploads\/2024\/01\/horiz-FK-Zalgiris-logo-2015.png","width":3073,"height":2048,"caption":"FK \u017dalgiris"},"image":{"@id":"https:\/\/fkzalgiris.lt\/#\/schema\/logo\/image\/"},"sameAs":["https:\/\/www.facebook.com\/fkzalgiris\/","https:\/\/x.com\/fkzalgiris","https:\/\/www.instagram.com\/fkzalgiris\/","https:\/\/www.youtube.com\/channel\/UC1ag8JLxGirltMUoLlzfZLA"]},{"@type":"Person","@id":"https:\/\/fkzalgiris.lt\/#\/schema\/person\/8604babbba794a7d8767be324a3eaac8","name":"J"}]}},"_links":{"self":[{"href":"https:\/\/fkzalgiris.lt\/api\/wp\/v2\/posts\/9140","targetHints":{"allow":["GET"]}}],"collection":[{"href":"https:\/\/fkzalgiris.lt\/api\/wp\/v2\/posts"}],"about":[{"href":"https:\/\/fkzalgiris.lt\/api\/wp\/v2\/types\/post"}],"author":[{"embeddable":true,"href":"https:\/\/fkzalgiris.lt\/api\/wp\/v2\/users\/4"}],"replies":[{"embeddable":true,"href":"https:\/\/fkzalgiris.lt\/api\/wp\/v2\/comments?post=9140"}],"version-history":[{"count":4,"href":"https:\/\/fkzalgiris.lt\/api\/wp\/v2\/posts\/9140\/revisions"}],"predecessor-version":[{"id":9145,"href":"https:\/\/fkzalgiris.lt\/api\/wp\/v2\/posts\/9140\/revisions\/9145"}],"wp:attachment":[{"href":"https:\/\/fkzalgiris.lt\/api\/wp\/v2\/media?parent=9140"}],"wp:term":[{"taxonomy":"category","embeddable":true,"href":"https:\/\/fkzalgiris.lt\/api\/wp\/v2\/categories?post=9140"}],"curies":[{"name":"wp","href":"https:\/\/api.w.org\/{rel}","templated":true}]}}