{"id":8905,"date":"2022-05-23T13:35:58","date_gmt":"2022-05-23T10:35:58","guid":{"rendered":"https:\/\/fkzalgiris.lt\/?p=8905"},"modified":"2022-05-23T14:22:35","modified_gmt":"2022-05-23T11:22:35","slug":"v-ceburinas-patys-sukureme-progu-varzovui-o-savo-neisnaudojome","status":"publish","type":"post","link":"https:\/\/fkzalgiris.lt\/v-ceburinas-patys-sukureme-progu-varzovui-o-savo-neisnaudojome\/","title":{"rendered":"V. \u010ceburinas: \u201ePatys suk\u016br\u0117me prog\u0173 var\u017eovui, o savo nei\u0161naudojome\u201c"},"content":{"rendered":"<p>\u201e\u017dalgirio\u201c treneris Vladimiras \u010ceburinas po pirmojo sezono pralaim\u0117jimo kalb\u0117jo apie nes\u0117kming\u0105 atak\u0173 u\u017ebaigim\u0105 ir \u0161iurk\u0161\u010dias klaidas.<\/p>\n<p>\u201e\u017dalgiris\u201c rungtyni\u0173 prad\u017eioje pirmavo prie\u0161 \u201eKauno \u017dalgir\u012f\u201c, ta\u010diau var\u017eovai netrukus rezultat\u0105 i\u0161lygino, o prasid\u0117jus antram k\u0117liniui \u2013 ir persv\u0117r\u0117. Dvikova baig\u0117si kaunie\u010di\u0173 pergale 2:1.<\/p>\n<p>\u201eBuvo ai\u0161ku, jog laukia sunkios rungtyn\u0117s. Tik\u0117jom\u0117s sutankintos var\u017eov\u0173 gynybos ir kontratak\u0173. \u012emu\u0161\u0117me \u012fvart\u012f, bet greitai ir praleidome po m\u016bs\u0173 klaidos. Tur\u0117jome prana\u0161um\u0105 gynyboje ir praleidome \u012fvart\u012f. Var\u017eovas prad\u0117jo \u017eaisti pla\u010diau. Privert\u0117 mus daugiau keistis.\u00a0 Suk\u016br\u0117me atak\u0173, jas prived\u0117me iki baudos aik\u0161tel\u0117s. Ta\u010diau neu\u017ebaig\u0117me atak\u0173 tiksliais perdavimais ar sm\u016bgiais, &#8211; kalb\u0117jo V. \u010ceburinqas &#8211; Antrajame k\u0117linyje prad\u0117jome agresyviau, bet suklydome. Padar\u0117me \u0161iurk\u0161\u010di\u0105 klaid\u0105. Patys suk\u016br\u0117me galimyb\u0119 var\u017eovui, praleidome \u012fvart\u012f. Vyko daug kovos, var\u017eovas primet\u0117 t\u0105 kov\u0105. Tur\u0117jome ger\u0173 prog\u0173. Praleidome ir greit\u0173 var\u017eov\u0173 kontratak\u0173. Nei\u0161naudojome savo prog\u0173 ir toks i\u0161\u0117jo rezultatas.\u201c<\/p>\n<p>Paklaustas apie tai, jog \u017ealgirie\u010diams nesiseka \u017eaisti prie\u0161 sutankint\u0105 var\u017eov\u0173 gynyb\u0105, treneris atsak\u0117: \u201ePrisivarome prie baudos aik\u0161tel\u0117s kur 8-9 \u017eaid\u0117jai. Toliau sunku ten perduoti kamuol\u012f, kova, daug var\u017eov\u0173 gyn\u0117j\u0173. Su per silpnais perdavimais susitvarko vartininkas. Kelis kartus band\u0117me i\u0161 tolim\u0173 distancij\u0173. Ta\u010diau nesp\u0117jome prie antr\u0173 kamuoli\u0173. Pra\u0117jo perdavimai i\u0161 kra\u0161t\u0173. Ta\u010diau nebuvome pirmi prie j\u0173. Tai kamuolio pajautimas, puol\u0117jo pajautimas. b\u016bti tinkamoje vietoje tinkamu laiku. Buvo prog\u0173 kurias gal\u0117jome privesti prie u\u017ebaigimo. N\u0117ra to poj\u016b\u010dio tinkamai su\u017eaisti ten. Komandos atsidavimas geras, bet to neu\u017etenka.\u201c<\/p>\n<p>Po \u0161i\u0173 rungtyni\u0173 \u201eOptibet A lygoje\u201c laukia beveik m\u0117nesio pertrauka. Ta\u010diau poilsiui \u017ealgirie\u010diai daug laiko skirti nesiruo\u0161ia.<\/p>\n<p>\u201ePer pertrauk\u0105 toliau dirbsime, su\u017eaisime kontrolines rungtynes. Dirbsime ties tuo, kuo mums reikia dirbti daugiau. Tiek gynyba nuo greit\u0173 kontratak\u0173, tiek u\u017ebaigimu. Tai svarbiausia norint laim\u0117ti\u201c, &#8211; teig\u0117 V. \u010ceburinas.<\/p>\n<p>Kitas \u010dempionato rungtynes \u201e\u017dalgiris\u201c \u017eais bir\u017eelio 19 d. Panev\u0117\u017eyje, o namuose bir\u017eelio 22 d. laukia dvikova su \u201eD\u017eiugu\u201c.<\/p>\n","protected":false},"excerpt":{"rendered":"<p>\u201e\u017dalgirio\u201c treneris Vladimiras \u010ceburinas po pirmojo sezono pralaim\u0117jimo kalb\u0117jo apie nes\u0117kming\u0105 atak\u0173 u\u017ebaigim\u0105 ir \u0161iurk\u0161\u010dias klaidas. \u201e\u017dalgiris\u201c rungtyni\u0173 prad\u017eioje pirmavo prie\u0161 \u201eKauno \u017dalgir\u012f\u201c, ta\u010diau var\u017eovai\u2026<\/p>\n","protected":false},"author":4,"featured_media":0,"comment_status":"closed","ping_status":"closed","sticky":false,"template":"","format":"standard","meta":{"_acf_changed":false,"footnotes":""},"categories":[87],"class_list":["post-8905","post","type-post","status-publish","format-standard","hentry","category-zalgiris"],"acf":[],"yoast_head":"<!-- This site is optimized with the Yoast SEO plugin v26.8 - https:\/\/yoast.com\/product\/yoast-seo-wordpress\/ -->\n<title>V. \u010ceburinas: \u201ePatys suk\u016br\u0117me prog\u0173 var\u017eovui, o savo nei\u0161naudojome\u201c - FK \u017dalgiris<\/title>\n<meta name=\"robots\" content=\"index, follow, max-snippet:-1, max-image-preview:large, max-video-preview:-1\" \/>\n<link rel=\"canonical\" href=\"https:\/\/fkzalgiris.lt\/v-ceburinas-patys-sukureme-progu-varzovui-o-savo-neisnaudojome\/\" \/>\n<meta property=\"og:locale\" content=\"lt_LT\" \/>\n<meta property=\"og:type\" content=\"article\" \/>\n<meta property=\"og:title\" content=\"V. \u010ceburinas: \u201ePatys suk\u016br\u0117me prog\u0173 var\u017eovui, o savo nei\u0161naudojome\u201c - FK \u017dalgiris\" \/>\n<meta property=\"og:description\" content=\"\u201e\u017dalgirio\u201c treneris Vladimiras \u010ceburinas po pirmojo sezono pralaim\u0117jimo kalb\u0117jo apie nes\u0117kming\u0105 atak\u0173 u\u017ebaigim\u0105 ir \u0161iurk\u0161\u010dias klaidas. \u201e\u017dalgiris\u201c rungtyni\u0173 prad\u017eioje pirmavo prie\u0161 \u201eKauno \u017dalgir\u012f\u201c, ta\u010diau var\u017eovai\u2026\" \/>\n<meta property=\"og:url\" content=\"https:\/\/fkzalgiris.lt\/v-ceburinas-patys-sukureme-progu-varzovui-o-savo-neisnaudojome\/\" \/>\n<meta property=\"og:site_name\" content=\"FK \u017dalgiris\" \/>\n<meta property=\"article:publisher\" content=\"https:\/\/www.facebook.com\/fkzalgiris\/\" \/>\n<meta property=\"article:published_time\" content=\"2022-05-23T10:35:58+00:00\" \/>\n<meta property=\"article:modified_time\" content=\"2022-05-23T11:22:35+00:00\" \/>\n<meta property=\"og:image\" content=\"https:\/\/fkzalgiris.lt\/wp-content\/uploads\/2024\/02\/social-horiz_Zalgiris_logo_2024.png\" \/>\n\t<meta property=\"og:image:width\" content=\"3356\" \/>\n\t<meta property=\"og:image:height\" content=\"2259\" \/>\n\t<meta property=\"og:image:type\" content=\"image\/png\" \/>\n<meta name=\"author\" content=\"J\" \/>\n<meta name=\"twitter:card\" content=\"summary_large_image\" \/>\n<meta name=\"twitter:creator\" content=\"@fkzalgiris\" \/>\n<meta name=\"twitter:site\" content=\"@fkzalgiris\" \/>\n<meta name=\"twitter:label1\" content=\"Written by\" \/>\n\t<meta name=\"twitter:data1\" content=\"J\" \/>\n\t<meta name=\"twitter:label2\" content=\"Est. reading time\" \/>\n\t<meta name=\"twitter:data2\" content=\"2 minut\u0117s\" \/>\n<script type=\"application\/ld+json\" class=\"yoast-schema-graph\">{\"@context\":\"https:\/\/schema.org\",\"@graph\":[{\"@type\":\"Article\",\"@id\":\"https:\/\/fkzalgiris.lt\/v-ceburinas-patys-sukureme-progu-varzovui-o-savo-neisnaudojome\/#article\",\"isPartOf\":{\"@id\":\"https:\/\/fkzalgiris.lt\/v-ceburinas-patys-sukureme-progu-varzovui-o-savo-neisnaudojome\/\"},\"author\":{\"name\":\"J\",\"@id\":\"https:\/\/fkzalgiris.lt\/#\/schema\/person\/8604babbba794a7d8767be324a3eaac8\"},\"headline\":\"V. \u010ceburinas: \u201ePatys suk\u016br\u0117me prog\u0173 var\u017eovui, o savo nei\u0161naudojome\u201c\",\"datePublished\":\"2022-05-23T10:35:58+00:00\",\"dateModified\":\"2022-05-23T11:22:35+00:00\",\"mainEntityOfPage\":{\"@id\":\"https:\/\/fkzalgiris.lt\/v-ceburinas-patys-sukureme-progu-varzovui-o-savo-neisnaudojome\/\"},\"wordCount\":369,\"publisher\":{\"@id\":\"https:\/\/fkzalgiris.lt\/#organization\"},\"articleSection\":[\"\u017dalgiris\"],\"inLanguage\":\"lt-LT\"},{\"@type\":\"WebPage\",\"@id\":\"https:\/\/fkzalgiris.lt\/v-ceburinas-patys-sukureme-progu-varzovui-o-savo-neisnaudojome\/\",\"url\":\"https:\/\/fkzalgiris.lt\/v-ceburinas-patys-sukureme-progu-varzovui-o-savo-neisnaudojome\/\",\"name\":\"V. \u010ceburinas: \u201ePatys suk\u016br\u0117me prog\u0173 var\u017eovui, o savo nei\u0161naudojome\u201c - FK \u017dalgiris\",\"isPartOf\":{\"@id\":\"https:\/\/fkzalgiris.lt\/#website\"},\"datePublished\":\"2022-05-23T10:35:58+00:00\",\"dateModified\":\"2022-05-23T11:22:35+00:00\",\"breadcrumb\":{\"@id\":\"https:\/\/fkzalgiris.lt\/v-ceburinas-patys-sukureme-progu-varzovui-o-savo-neisnaudojome\/#breadcrumb\"},\"inLanguage\":\"lt-LT\",\"potentialAction\":[{\"@type\":\"ReadAction\",\"target\":[\"https:\/\/fkzalgiris.lt\/v-ceburinas-patys-sukureme-progu-varzovui-o-savo-neisnaudojome\/\"]}]},{\"@type\":\"BreadcrumbList\",\"@id\":\"https:\/\/fkzalgiris.lt\/v-ceburinas-patys-sukureme-progu-varzovui-o-savo-neisnaudojome\/#breadcrumb\",\"itemListElement\":[{\"@type\":\"ListItem\",\"position\":1,\"name\":\"Home\",\"item\":\"https:\/\/fkzalgiris.lt\/\"},{\"@type\":\"ListItem\",\"position\":2,\"name\":\"V. \u010ceburinas: \u201ePatys suk\u016br\u0117me prog\u0173 var\u017eovui, o savo nei\u0161naudojome\u201c\"}]},{\"@type\":\"WebSite\",\"@id\":\"https:\/\/fkzalgiris.lt\/#website\",\"url\":\"https:\/\/fkzalgiris.lt\/\",\"name\":\"FK \u017dalgiris\",\"description\":\"oficiali Vilniaus \u201e\u017dalgirio\u201c futbolo klubo svetain\u0117\",\"publisher\":{\"@id\":\"https:\/\/fkzalgiris.lt\/#organization\"},\"potentialAction\":[{\"@type\":\"SearchAction\",\"target\":{\"@type\":\"EntryPoint\",\"urlTemplate\":\"https:\/\/fkzalgiris.lt\/?s={search_term_string}\"},\"query-input\":{\"@type\":\"PropertyValueSpecification\",\"valueRequired\":true,\"valueName\":\"search_term_string\"}}],\"inLanguage\":\"lt-LT\"},{\"@type\":\"Organization\",\"@id\":\"https:\/\/fkzalgiris.lt\/#organization\",\"name\":\"FK \u017dalgiris\",\"url\":\"https:\/\/fkzalgiris.lt\/\",\"logo\":{\"@type\":\"ImageObject\",\"inLanguage\":\"lt-LT\",\"@id\":\"https:\/\/fkzalgiris.lt\/#\/schema\/logo\/image\/\",\"url\":\"https:\/\/fkzalgiris.lt\/wp-content\/uploads\/2024\/01\/horiz-FK-Zalgiris-logo-2015.png\",\"contentUrl\":\"https:\/\/fkzalgiris.lt\/wp-content\/uploads\/2024\/01\/horiz-FK-Zalgiris-logo-2015.png\",\"width\":3073,\"height\":2048,\"caption\":\"FK \u017dalgiris\"},\"image\":{\"@id\":\"https:\/\/fkzalgiris.lt\/#\/schema\/logo\/image\/\"},\"sameAs\":[\"https:\/\/www.facebook.com\/fkzalgiris\/\",\"https:\/\/x.com\/fkzalgiris\",\"https:\/\/www.instagram.com\/fkzalgiris\/\",\"https:\/\/www.youtube.com\/channel\/UC1ag8JLxGirltMUoLlzfZLA\"]},{\"@type\":\"Person\",\"@id\":\"https:\/\/fkzalgiris.lt\/#\/schema\/person\/8604babbba794a7d8767be324a3eaac8\",\"name\":\"J\"}]}<\/script>\n<!-- \/ Yoast SEO plugin. -->","yoast_head_json":{"title":"V. \u010ceburinas: \u201ePatys suk\u016br\u0117me prog\u0173 var\u017eovui, o savo nei\u0161naudojome\u201c - FK \u017dalgiris","robots":{"index":"index","follow":"follow","max-snippet":"max-snippet:-1","max-image-preview":"max-image-preview:large","max-video-preview":"max-video-preview:-1"},"canonical":"https:\/\/fkzalgiris.lt\/v-ceburinas-patys-sukureme-progu-varzovui-o-savo-neisnaudojome\/","og_locale":"lt_LT","og_type":"article","og_title":"V. \u010ceburinas: \u201ePatys suk\u016br\u0117me prog\u0173 var\u017eovui, o savo nei\u0161naudojome\u201c - FK \u017dalgiris","og_description":"\u201e\u017dalgirio\u201c treneris Vladimiras \u010ceburinas po pirmojo sezono pralaim\u0117jimo kalb\u0117jo apie nes\u0117kming\u0105 atak\u0173 u\u017ebaigim\u0105 ir \u0161iurk\u0161\u010dias klaidas. \u201e\u017dalgiris\u201c rungtyni\u0173 prad\u017eioje pirmavo prie\u0161 \u201eKauno \u017dalgir\u012f\u201c, ta\u010diau var\u017eovai\u2026","og_url":"https:\/\/fkzalgiris.lt\/v-ceburinas-patys-sukureme-progu-varzovui-o-savo-neisnaudojome\/","og_site_name":"FK \u017dalgiris","article_publisher":"https:\/\/www.facebook.com\/fkzalgiris\/","article_published_time":"2022-05-23T10:35:58+00:00","article_modified_time":"2022-05-23T11:22:35+00:00","og_image":[{"width":3356,"height":2259,"url":"https:\/\/fkzalgiris.lt\/wp-content\/uploads\/2024\/02\/social-horiz_Zalgiris_logo_2024.png","type":"image\/png"}],"author":"J","twitter_card":"summary_large_image","twitter_creator":"@fkzalgiris","twitter_site":"@fkzalgiris","twitter_misc":{"Written by":"J","Est. reading time":"2 minut\u0117s"},"schema":{"@context":"https:\/\/schema.org","@graph":[{"@type":"Article","@id":"https:\/\/fkzalgiris.lt\/v-ceburinas-patys-sukureme-progu-varzovui-o-savo-neisnaudojome\/#article","isPartOf":{"@id":"https:\/\/fkzalgiris.lt\/v-ceburinas-patys-sukureme-progu-varzovui-o-savo-neisnaudojome\/"},"author":{"name":"J","@id":"https:\/\/fkzalgiris.lt\/#\/schema\/person\/8604babbba794a7d8767be324a3eaac8"},"headline":"V. \u010ceburinas: \u201ePatys suk\u016br\u0117me prog\u0173 var\u017eovui, o savo nei\u0161naudojome\u201c","datePublished":"2022-05-23T10:35:58+00:00","dateModified":"2022-05-23T11:22:35+00:00","mainEntityOfPage":{"@id":"https:\/\/fkzalgiris.lt\/v-ceburinas-patys-sukureme-progu-varzovui-o-savo-neisnaudojome\/"},"wordCount":369,"publisher":{"@id":"https:\/\/fkzalgiris.lt\/#organization"},"articleSection":["\u017dalgiris"],"inLanguage":"lt-LT"},{"@type":"WebPage","@id":"https:\/\/fkzalgiris.lt\/v-ceburinas-patys-sukureme-progu-varzovui-o-savo-neisnaudojome\/","url":"https:\/\/fkzalgiris.lt\/v-ceburinas-patys-sukureme-progu-varzovui-o-savo-neisnaudojome\/","name":"V. \u010ceburinas: \u201ePatys suk\u016br\u0117me prog\u0173 var\u017eovui, o savo nei\u0161naudojome\u201c - FK \u017dalgiris","isPartOf":{"@id":"https:\/\/fkzalgiris.lt\/#website"},"datePublished":"2022-05-23T10:35:58+00:00","dateModified":"2022-05-23T11:22:35+00:00","breadcrumb":{"@id":"https:\/\/fkzalgiris.lt\/v-ceburinas-patys-sukureme-progu-varzovui-o-savo-neisnaudojome\/#breadcrumb"},"inLanguage":"lt-LT","potentialAction":[{"@type":"ReadAction","target":["https:\/\/fkzalgiris.lt\/v-ceburinas-patys-sukureme-progu-varzovui-o-savo-neisnaudojome\/"]}]},{"@type":"BreadcrumbList","@id":"https:\/\/fkzalgiris.lt\/v-ceburinas-patys-sukureme-progu-varzovui-o-savo-neisnaudojome\/#breadcrumb","itemListElement":[{"@type":"ListItem","position":1,"name":"Home","item":"https:\/\/fkzalgiris.lt\/"},{"@type":"ListItem","position":2,"name":"V. \u010ceburinas: \u201ePatys suk\u016br\u0117me prog\u0173 var\u017eovui, o savo nei\u0161naudojome\u201c"}]},{"@type":"WebSite","@id":"https:\/\/fkzalgiris.lt\/#website","url":"https:\/\/fkzalgiris.lt\/","name":"FK \u017dalgiris","description":"oficiali Vilniaus \u201e\u017dalgirio\u201c futbolo klubo svetain\u0117","publisher":{"@id":"https:\/\/fkzalgiris.lt\/#organization"},"potentialAction":[{"@type":"SearchAction","target":{"@type":"EntryPoint","urlTemplate":"https:\/\/fkzalgiris.lt\/?s={search_term_string}"},"query-input":{"@type":"PropertyValueSpecification","valueRequired":true,"valueName":"search_term_string"}}],"inLanguage":"lt-LT"},{"@type":"Organization","@id":"https:\/\/fkzalgiris.lt\/#organization","name":"FK \u017dalgiris","url":"https:\/\/fkzalgiris.lt\/","logo":{"@type":"ImageObject","inLanguage":"lt-LT","@id":"https:\/\/fkzalgiris.lt\/#\/schema\/logo\/image\/","url":"https:\/\/fkzalgiris.lt\/wp-content\/uploads\/2024\/01\/horiz-FK-Zalgiris-logo-2015.png","contentUrl":"https:\/\/fkzalgiris.lt\/wp-content\/uploads\/2024\/01\/horiz-FK-Zalgiris-logo-2015.png","width":3073,"height":2048,"caption":"FK \u017dalgiris"},"image":{"@id":"https:\/\/fkzalgiris.lt\/#\/schema\/logo\/image\/"},"sameAs":["https:\/\/www.facebook.com\/fkzalgiris\/","https:\/\/x.com\/fkzalgiris","https:\/\/www.instagram.com\/fkzalgiris\/","https:\/\/www.youtube.com\/channel\/UC1ag8JLxGirltMUoLlzfZLA"]},{"@type":"Person","@id":"https:\/\/fkzalgiris.lt\/#\/schema\/person\/8604babbba794a7d8767be324a3eaac8","name":"J"}]}},"_links":{"self":[{"href":"https:\/\/fkzalgiris.lt\/api\/wp\/v2\/posts\/8905","targetHints":{"allow":["GET"]}}],"collection":[{"href":"https:\/\/fkzalgiris.lt\/api\/wp\/v2\/posts"}],"about":[{"href":"https:\/\/fkzalgiris.lt\/api\/wp\/v2\/types\/post"}],"author":[{"embeddable":true,"href":"https:\/\/fkzalgiris.lt\/api\/wp\/v2\/users\/4"}],"replies":[{"embeddable":true,"href":"https:\/\/fkzalgiris.lt\/api\/wp\/v2\/comments?post=8905"}],"version-history":[{"count":7,"href":"https:\/\/fkzalgiris.lt\/api\/wp\/v2\/posts\/8905\/revisions"}],"predecessor-version":[{"id":8917,"href":"https:\/\/fkzalgiris.lt\/api\/wp\/v2\/posts\/8905\/revisions\/8917"}],"wp:attachment":[{"href":"https:\/\/fkzalgiris.lt\/api\/wp\/v2\/media?parent=8905"}],"wp:term":[{"taxonomy":"category","embeddable":true,"href":"https:\/\/fkzalgiris.lt\/api\/wp\/v2\/categories?post=8905"}],"curies":[{"name":"wp","href":"https:\/\/api.w.org\/{rel}","templated":true}]}}