{"id":8788,"date":"2022-05-13T14:24:34","date_gmt":"2022-05-13T11:24:34","guid":{"rendered":"https:\/\/fkzalgiris.lt\/?p=8788"},"modified":"2022-05-13T19:39:57","modified_gmt":"2022-05-13T16:39:57","slug":"antras-derbis-su-riteriais-varzovams-netekus-trenerio","status":"publish","type":"post","link":"https:\/\/fkzalgiris.lt\/antras-derbis-su-riteriais-varzovams-netekus-trenerio\/","title":{"rendered":"Antras derbis su \u201eRiteriais\u201c &#8211; var\u017eovams netekus trenerio"},"content":{"rendered":"<p>Po de\u0161imties dien\u0173 pertraukos ir dalyvavimo taur\u0117s turnyre \u201e\u017dalgiris\u201c gr\u012f\u017eta \u012f kovas \u010dempionate, kur \u017eais formalias i\u0161vykos rungtynes su \u201eRiteriais\u201c, kurie bus dvikovos LFF stadione \u0161eimininkai.<\/p>\n<p>Jau tre\u010di\u0105 kart\u0105 \u0161\u012f sezon\u0105 \u017ealgirie\u010diai sutinka komand\u0105, kuri likus ma\u017edaug savaitei iki rungtyni\u0173 i\u0161siskyr\u0117 su vyriausiuoju treneriu. Baland\u012f pana\u0161iai \u012fvyko \u201eS\u016bduvos\u201c ir \u201eJonavos\u201c stovyklose, o \u0161\u012f kart\u0105 \u201eRiteri\u0173\u201c gretas paliko treneris Glennas Stahlis.<\/p>\n<p>Skirtumas tas, kad pirmosios dvi rokiruot\u0117s at\u0117jo po prast\u0173 rezultat\u0173, o \u201eRiteri\u0173\u201c komanda \u0161\u012f sezon\u0105 rungtyniauja s\u0117kmingiau nei pernai ir po 12 tur\u0173 \u017eengia ketvirtoje vietoje, nepernelyg daug atsilikdama nuo lyderi\u0173.<\/p>\n<p>Komandai laikinai vadovauti paskirtas Vaidas Sabaliauskas, kuris tok\u012f vaidmen\u012f tur\u0117jo ne kart\u0105 per pastaruosius trejus metus.<\/p>\n<p>Pirmose rungtyn\u0117se i\u0161\u0117jus G. Stahliui \u201eRiteriai\u201c taur\u0117s turnyre dramati\u0161kose rungtyn\u0117se pirmadien\u012f 2:1 palau\u017e\u0117 \u201e\u0160iauli\u0173\u201c komand\u0105. Pergaling\u0105 \u012fvart\u012f toje dvikovoje \u201eRiteriams\u201c 90 minut\u0119 nuo 11 metr\u0173 \u017eymos \u012fmu\u0161\u0117 Lucas Dias.<\/p>\n<p>Neapsieita be nuostoli\u0173 \u2013 L. Dias pirmajame k\u0117linyje pakeit\u0117 traum\u0105 gavus\u012f komandos kapiton\u0105 Felipe Brisola. Saugas i\u0161 Brazilijos b\u016bt\u0173 rimtas praradimas \u201eRiteriams\u201c, nes \u0161\u012f sezon\u0105 nepaisant v\u0117lyvo atvykimo greitai tapo vienu i\u0161 ekipos lyderi\u0173.<\/p>\n<p>F. Brisola debiutavo komandoje b\u016btent dvikovoje prie\u0161 \u201e\u017dalgir\u012f\u201c kovo 20 d. kai aik\u0161t\u0117je pasirod\u0117 po keitimo. Tas rungtynes \u017ealgirie\u010diai laim\u0117jo rezultatu 2:0. Dviem puikiais \u012fvar\u010diais tada pasi\u017eym\u0117jo Marko Mili\u010dkovi\u010dius ir Francis Kyeremeh.<\/p>\n<p>\u0160\u012f kart\u0105 dvikov\u0105 \u201e\u017dalgiris\u201c pasitinka i\u0161kovoj\u0119s keturias pergales i\u0161 eil\u0117s. \u201eRiteriai\u201c per pastar\u0105sias ketverias rungtynes nugal\u0117jo dukart \u2013 taur\u0117je \u201e\u0160iaulius\u201c, lygoje \u201eD\u017eiug\u0105\u201c (3:0), su\u017eaid\u0117 lygiosiomis su \u201eS\u016bduva\u201c (1:1), ir nusileido \u201ePanev\u0117\u017eiui\u201c (3:0).<\/p>\n<p>\u201eRiteri\u0173\u201c ir \u201e\u017dalgirio\u201c akistata \u201eOptibet A lygoje\u201c vyks \u0161e\u0161tadien\u012f, gegu\u017e\u0117s 14 d. nuo 15 val. Bilietais prekiaujama <a href=\"https:\/\/kakava.lt\/renginys\/riteriai-zalgiris-optibet-a-lyga\/2442\/6171\">tik internetu.<\/a><\/p>\n","protected":false},"excerpt":{"rendered":"<p>Po de\u0161imties dien\u0173 pertraukos ir dalyvavimo taur\u0117s turnyre \u201e\u017dalgiris\u201c gr\u012f\u017eta \u012f kovas \u010dempionate, kur \u017eais formalias i\u0161vykos rungtynes su \u201eRiteriais\u201c, kurie bus dvikovos LFF stadione\u2026<\/p>\n","protected":false},"author":4,"featured_media":0,"comment_status":"closed","ping_status":"closed","sticky":false,"template":"","format":"standard","meta":{"_acf_changed":false,"footnotes":""},"categories":[87],"class_list":["post-8788","post","type-post","status-publish","format-standard","hentry","category-zalgiris"],"acf":[],"yoast_head":"<!-- This site is optimized with the Yoast SEO plugin v26.8 - https:\/\/yoast.com\/product\/yoast-seo-wordpress\/ -->\n<title>Antras derbis su \u201eRiteriais\u201c - var\u017eovams netekus trenerio - FK \u017dalgiris<\/title>\n<meta name=\"robots\" content=\"index, follow, max-snippet:-1, max-image-preview:large, max-video-preview:-1\" \/>\n<link rel=\"canonical\" href=\"https:\/\/fkzalgiris.lt\/antras-derbis-su-riteriais-varzovams-netekus-trenerio\/\" \/>\n<meta property=\"og:locale\" content=\"lt_LT\" \/>\n<meta property=\"og:type\" content=\"article\" \/>\n<meta property=\"og:title\" content=\"Antras derbis su \u201eRiteriais\u201c - var\u017eovams netekus trenerio - FK \u017dalgiris\" \/>\n<meta property=\"og:description\" content=\"Po de\u0161imties dien\u0173 pertraukos ir dalyvavimo taur\u0117s turnyre \u201e\u017dalgiris\u201c gr\u012f\u017eta \u012f kovas \u010dempionate, kur \u017eais formalias i\u0161vykos rungtynes su \u201eRiteriais\u201c, kurie bus dvikovos LFF stadione\u2026\" \/>\n<meta property=\"og:url\" content=\"https:\/\/fkzalgiris.lt\/antras-derbis-su-riteriais-varzovams-netekus-trenerio\/\" \/>\n<meta property=\"og:site_name\" content=\"FK \u017dalgiris\" \/>\n<meta property=\"article:publisher\" content=\"https:\/\/www.facebook.com\/fkzalgiris\/\" \/>\n<meta property=\"article:published_time\" content=\"2022-05-13T11:24:34+00:00\" \/>\n<meta property=\"article:modified_time\" content=\"2022-05-13T16:39:57+00:00\" \/>\n<meta property=\"og:image\" content=\"https:\/\/fkzalgiris.lt\/wp-content\/uploads\/2024\/02\/social-horiz_Zalgiris_logo_2024.png\" \/>\n\t<meta property=\"og:image:width\" content=\"3356\" \/>\n\t<meta property=\"og:image:height\" content=\"2259\" \/>\n\t<meta property=\"og:image:type\" content=\"image\/png\" \/>\n<meta name=\"author\" content=\"J\" \/>\n<meta name=\"twitter:card\" content=\"summary_large_image\" \/>\n<meta name=\"twitter:creator\" content=\"@fkzalgiris\" \/>\n<meta name=\"twitter:site\" content=\"@fkzalgiris\" \/>\n<meta name=\"twitter:label1\" content=\"Written by\" \/>\n\t<meta name=\"twitter:data1\" content=\"J\" \/>\n\t<meta name=\"twitter:label2\" content=\"Est. reading time\" \/>\n\t<meta name=\"twitter:data2\" content=\"2 minut\u0117s\" \/>\n<script type=\"application\/ld+json\" class=\"yoast-schema-graph\">{\"@context\":\"https:\/\/schema.org\",\"@graph\":[{\"@type\":\"Article\",\"@id\":\"https:\/\/fkzalgiris.lt\/antras-derbis-su-riteriais-varzovams-netekus-trenerio\/#article\",\"isPartOf\":{\"@id\":\"https:\/\/fkzalgiris.lt\/antras-derbis-su-riteriais-varzovams-netekus-trenerio\/\"},\"author\":{\"name\":\"J\",\"@id\":\"https:\/\/fkzalgiris.lt\/#\/schema\/person\/8604babbba794a7d8767be324a3eaac8\"},\"headline\":\"Antras derbis su \u201eRiteriais\u201c &#8211; var\u017eovams netekus trenerio\",\"datePublished\":\"2022-05-13T11:24:34+00:00\",\"dateModified\":\"2022-05-13T16:39:57+00:00\",\"mainEntityOfPage\":{\"@id\":\"https:\/\/fkzalgiris.lt\/antras-derbis-su-riteriais-varzovams-netekus-trenerio\/\"},\"wordCount\":287,\"publisher\":{\"@id\":\"https:\/\/fkzalgiris.lt\/#organization\"},\"articleSection\":[\"\u017dalgiris\"],\"inLanguage\":\"lt-LT\"},{\"@type\":\"WebPage\",\"@id\":\"https:\/\/fkzalgiris.lt\/antras-derbis-su-riteriais-varzovams-netekus-trenerio\/\",\"url\":\"https:\/\/fkzalgiris.lt\/antras-derbis-su-riteriais-varzovams-netekus-trenerio\/\",\"name\":\"Antras derbis su \u201eRiteriais\u201c - var\u017eovams netekus trenerio - FK \u017dalgiris\",\"isPartOf\":{\"@id\":\"https:\/\/fkzalgiris.lt\/#website\"},\"datePublished\":\"2022-05-13T11:24:34+00:00\",\"dateModified\":\"2022-05-13T16:39:57+00:00\",\"breadcrumb\":{\"@id\":\"https:\/\/fkzalgiris.lt\/antras-derbis-su-riteriais-varzovams-netekus-trenerio\/#breadcrumb\"},\"inLanguage\":\"lt-LT\",\"potentialAction\":[{\"@type\":\"ReadAction\",\"target\":[\"https:\/\/fkzalgiris.lt\/antras-derbis-su-riteriais-varzovams-netekus-trenerio\/\"]}]},{\"@type\":\"BreadcrumbList\",\"@id\":\"https:\/\/fkzalgiris.lt\/antras-derbis-su-riteriais-varzovams-netekus-trenerio\/#breadcrumb\",\"itemListElement\":[{\"@type\":\"ListItem\",\"position\":1,\"name\":\"Home\",\"item\":\"https:\/\/fkzalgiris.lt\/\"},{\"@type\":\"ListItem\",\"position\":2,\"name\":\"Antras derbis su \u201eRiteriais\u201c &#8211; var\u017eovams netekus trenerio\"}]},{\"@type\":\"WebSite\",\"@id\":\"https:\/\/fkzalgiris.lt\/#website\",\"url\":\"https:\/\/fkzalgiris.lt\/\",\"name\":\"FK \u017dalgiris\",\"description\":\"oficiali Vilniaus \u201e\u017dalgirio\u201c futbolo klubo svetain\u0117\",\"publisher\":{\"@id\":\"https:\/\/fkzalgiris.lt\/#organization\"},\"potentialAction\":[{\"@type\":\"SearchAction\",\"target\":{\"@type\":\"EntryPoint\",\"urlTemplate\":\"https:\/\/fkzalgiris.lt\/?s={search_term_string}\"},\"query-input\":{\"@type\":\"PropertyValueSpecification\",\"valueRequired\":true,\"valueName\":\"search_term_string\"}}],\"inLanguage\":\"lt-LT\"},{\"@type\":\"Organization\",\"@id\":\"https:\/\/fkzalgiris.lt\/#organization\",\"name\":\"FK \u017dalgiris\",\"url\":\"https:\/\/fkzalgiris.lt\/\",\"logo\":{\"@type\":\"ImageObject\",\"inLanguage\":\"lt-LT\",\"@id\":\"https:\/\/fkzalgiris.lt\/#\/schema\/logo\/image\/\",\"url\":\"https:\/\/fkzalgiris.lt\/wp-content\/uploads\/2024\/01\/horiz-FK-Zalgiris-logo-2015.png\",\"contentUrl\":\"https:\/\/fkzalgiris.lt\/wp-content\/uploads\/2024\/01\/horiz-FK-Zalgiris-logo-2015.png\",\"width\":3073,\"height\":2048,\"caption\":\"FK \u017dalgiris\"},\"image\":{\"@id\":\"https:\/\/fkzalgiris.lt\/#\/schema\/logo\/image\/\"},\"sameAs\":[\"https:\/\/www.facebook.com\/fkzalgiris\/\",\"https:\/\/x.com\/fkzalgiris\",\"https:\/\/www.instagram.com\/fkzalgiris\/\",\"https:\/\/www.youtube.com\/channel\/UC1ag8JLxGirltMUoLlzfZLA\"]},{\"@type\":\"Person\",\"@id\":\"https:\/\/fkzalgiris.lt\/#\/schema\/person\/8604babbba794a7d8767be324a3eaac8\",\"name\":\"J\"}]}<\/script>\n<!-- \/ Yoast SEO plugin. -->","yoast_head_json":{"title":"Antras derbis su \u201eRiteriais\u201c - var\u017eovams netekus trenerio - FK \u017dalgiris","robots":{"index":"index","follow":"follow","max-snippet":"max-snippet:-1","max-image-preview":"max-image-preview:large","max-video-preview":"max-video-preview:-1"},"canonical":"https:\/\/fkzalgiris.lt\/antras-derbis-su-riteriais-varzovams-netekus-trenerio\/","og_locale":"lt_LT","og_type":"article","og_title":"Antras derbis su \u201eRiteriais\u201c - var\u017eovams netekus trenerio - FK \u017dalgiris","og_description":"Po de\u0161imties dien\u0173 pertraukos ir dalyvavimo taur\u0117s turnyre \u201e\u017dalgiris\u201c gr\u012f\u017eta \u012f kovas \u010dempionate, kur \u017eais formalias i\u0161vykos rungtynes su \u201eRiteriais\u201c, kurie bus dvikovos LFF stadione\u2026","og_url":"https:\/\/fkzalgiris.lt\/antras-derbis-su-riteriais-varzovams-netekus-trenerio\/","og_site_name":"FK \u017dalgiris","article_publisher":"https:\/\/www.facebook.com\/fkzalgiris\/","article_published_time":"2022-05-13T11:24:34+00:00","article_modified_time":"2022-05-13T16:39:57+00:00","og_image":[{"width":3356,"height":2259,"url":"https:\/\/fkzalgiris.lt\/wp-content\/uploads\/2024\/02\/social-horiz_Zalgiris_logo_2024.png","type":"image\/png"}],"author":"J","twitter_card":"summary_large_image","twitter_creator":"@fkzalgiris","twitter_site":"@fkzalgiris","twitter_misc":{"Written by":"J","Est. reading time":"2 minut\u0117s"},"schema":{"@context":"https:\/\/schema.org","@graph":[{"@type":"Article","@id":"https:\/\/fkzalgiris.lt\/antras-derbis-su-riteriais-varzovams-netekus-trenerio\/#article","isPartOf":{"@id":"https:\/\/fkzalgiris.lt\/antras-derbis-su-riteriais-varzovams-netekus-trenerio\/"},"author":{"name":"J","@id":"https:\/\/fkzalgiris.lt\/#\/schema\/person\/8604babbba794a7d8767be324a3eaac8"},"headline":"Antras derbis su \u201eRiteriais\u201c &#8211; var\u017eovams netekus trenerio","datePublished":"2022-05-13T11:24:34+00:00","dateModified":"2022-05-13T16:39:57+00:00","mainEntityOfPage":{"@id":"https:\/\/fkzalgiris.lt\/antras-derbis-su-riteriais-varzovams-netekus-trenerio\/"},"wordCount":287,"publisher":{"@id":"https:\/\/fkzalgiris.lt\/#organization"},"articleSection":["\u017dalgiris"],"inLanguage":"lt-LT"},{"@type":"WebPage","@id":"https:\/\/fkzalgiris.lt\/antras-derbis-su-riteriais-varzovams-netekus-trenerio\/","url":"https:\/\/fkzalgiris.lt\/antras-derbis-su-riteriais-varzovams-netekus-trenerio\/","name":"Antras derbis su \u201eRiteriais\u201c - var\u017eovams netekus trenerio - FK \u017dalgiris","isPartOf":{"@id":"https:\/\/fkzalgiris.lt\/#website"},"datePublished":"2022-05-13T11:24:34+00:00","dateModified":"2022-05-13T16:39:57+00:00","breadcrumb":{"@id":"https:\/\/fkzalgiris.lt\/antras-derbis-su-riteriais-varzovams-netekus-trenerio\/#breadcrumb"},"inLanguage":"lt-LT","potentialAction":[{"@type":"ReadAction","target":["https:\/\/fkzalgiris.lt\/antras-derbis-su-riteriais-varzovams-netekus-trenerio\/"]}]},{"@type":"BreadcrumbList","@id":"https:\/\/fkzalgiris.lt\/antras-derbis-su-riteriais-varzovams-netekus-trenerio\/#breadcrumb","itemListElement":[{"@type":"ListItem","position":1,"name":"Home","item":"https:\/\/fkzalgiris.lt\/"},{"@type":"ListItem","position":2,"name":"Antras derbis su \u201eRiteriais\u201c &#8211; var\u017eovams netekus trenerio"}]},{"@type":"WebSite","@id":"https:\/\/fkzalgiris.lt\/#website","url":"https:\/\/fkzalgiris.lt\/","name":"FK \u017dalgiris","description":"oficiali Vilniaus \u201e\u017dalgirio\u201c futbolo klubo svetain\u0117","publisher":{"@id":"https:\/\/fkzalgiris.lt\/#organization"},"potentialAction":[{"@type":"SearchAction","target":{"@type":"EntryPoint","urlTemplate":"https:\/\/fkzalgiris.lt\/?s={search_term_string}"},"query-input":{"@type":"PropertyValueSpecification","valueRequired":true,"valueName":"search_term_string"}}],"inLanguage":"lt-LT"},{"@type":"Organization","@id":"https:\/\/fkzalgiris.lt\/#organization","name":"FK \u017dalgiris","url":"https:\/\/fkzalgiris.lt\/","logo":{"@type":"ImageObject","inLanguage":"lt-LT","@id":"https:\/\/fkzalgiris.lt\/#\/schema\/logo\/image\/","url":"https:\/\/fkzalgiris.lt\/wp-content\/uploads\/2024\/01\/horiz-FK-Zalgiris-logo-2015.png","contentUrl":"https:\/\/fkzalgiris.lt\/wp-content\/uploads\/2024\/01\/horiz-FK-Zalgiris-logo-2015.png","width":3073,"height":2048,"caption":"FK \u017dalgiris"},"image":{"@id":"https:\/\/fkzalgiris.lt\/#\/schema\/logo\/image\/"},"sameAs":["https:\/\/www.facebook.com\/fkzalgiris\/","https:\/\/x.com\/fkzalgiris","https:\/\/www.instagram.com\/fkzalgiris\/","https:\/\/www.youtube.com\/channel\/UC1ag8JLxGirltMUoLlzfZLA"]},{"@type":"Person","@id":"https:\/\/fkzalgiris.lt\/#\/schema\/person\/8604babbba794a7d8767be324a3eaac8","name":"J"}]}},"_links":{"self":[{"href":"https:\/\/fkzalgiris.lt\/api\/wp\/v2\/posts\/8788","targetHints":{"allow":["GET"]}}],"collection":[{"href":"https:\/\/fkzalgiris.lt\/api\/wp\/v2\/posts"}],"about":[{"href":"https:\/\/fkzalgiris.lt\/api\/wp\/v2\/types\/post"}],"author":[{"embeddable":true,"href":"https:\/\/fkzalgiris.lt\/api\/wp\/v2\/users\/4"}],"replies":[{"embeddable":true,"href":"https:\/\/fkzalgiris.lt\/api\/wp\/v2\/comments?post=8788"}],"version-history":[{"count":3,"href":"https:\/\/fkzalgiris.lt\/api\/wp\/v2\/posts\/8788\/revisions"}],"predecessor-version":[{"id":8795,"href":"https:\/\/fkzalgiris.lt\/api\/wp\/v2\/posts\/8788\/revisions\/8795"}],"wp:attachment":[{"href":"https:\/\/fkzalgiris.lt\/api\/wp\/v2\/media?parent=8788"}],"wp:term":[{"taxonomy":"category","embeddable":true,"href":"https:\/\/fkzalgiris.lt\/api\/wp\/v2\/categories?post=8788"}],"curies":[{"name":"wp","href":"https:\/\/api.w.org\/{rel}","templated":true}]}}