{"id":8489,"date":"2022-04-26T09:31:17","date_gmt":"2022-04-26T06:31:17","guid":{"rendered":"https:\/\/fkzalgiris.lt\/?p=8489"},"modified":"2022-04-26T13:38:19","modified_gmt":"2022-04-26T10:38:19","slug":"a-olubi-pakviestas-i-nigerijos-jaunimo-rinktine","status":"publish","type":"post","link":"https:\/\/fkzalgiris.lt\/a-olubi-pakviestas-i-nigerijos-jaunimo-rinktine\/","title":{"rendered":"A. Olubi pakviestas \u012f Nigerijos jaunimo rinktin\u0119"},"content":{"rendered":"<p>\u201e\u017dalgirio\u201c puol\u0117jas Adamsas Olubi pakviestas \u012f Nigerijos jaunimo (U-20) rinktin\u0119 ir dalyvaus tarptautiniame turnyre.<\/p>\n<p>A. Olubi \u012ftrauktas \u012f kandidat\u0173 s\u0105ra\u0161\u0105 Nigerijos U-20 rinktin\u0117je ir prisijung\u0117 prie treniruo\u010di\u0173 stovyklos Abujoje (Nigerija) ruo\u0161iantis WAFU (Vakar\u0173 Afrikos valstybi\u0173) U-20 \u010dempionato turnyrui.<\/p>\n<p><img loading=\"lazy\" decoding=\"async\" class=\"alignnone size-full wp-image-8583\" src=\"https:\/\/fkzalgiris.lt\/wp-content\/uploads\/2022\/04\/olubi-nigerija-u20.png\" alt=\"\" width=\"640\" height=\"480\" srcset=\"https:\/\/fkzalgiris.lt\/wp-content\/uploads\/2022\/04\/olubi-nigerija-u20.png 640w, https:\/\/fkzalgiris.lt\/wp-content\/uploads\/2022\/04\/olubi-nigerija-u20-300x225.png 300w, https:\/\/fkzalgiris.lt\/wp-content\/uploads\/2022\/04\/olubi-nigerija-u20-133x100.png 133w\" sizes=\"auto, (max-width: 640px) 100vw, 640px\" \/><\/p>\n<p>Var\u017eybos vyks gegu\u017e\u0117s 7-20 dienomis Nigerio sostin\u0117je Niam\u0117juje.<\/p>\n<p>Nigerija rungtyniauja i\u0161 rytuose esan\u010di\u0173 valstybi\u0173 sudarytos B zonos turnyre, kur pateko \u012f B grup\u0119 ir \u017eais prie\u0161 Gan\u0105 bei Burkin\u0105 Fas\u0105.<\/p>\n<p>Po dvi komandas i\u0161 kiekvienos zonos pateks \u012f 2023 m. Afrikos Taut\u0173 taur\u0117s U-20 turnyr\u0105.<\/p>\n<p>19 met\u0173 A. Olubi \u201e\u017dalgirio\u201c gretas papild\u0117 pra\u0117jusiais metais. Pernai futbolininkas epizodi\u0161kai debiutavo pagrindin\u0117je ekipoje, o \u0161iemet daugiausiai atstovavo B komandai. \u201eOptibet Pirmoje lygoje\u201c jis per 5 rungtynes pasi\u017eym\u0117jo \u012fvar\u010diu ir rezultatyviu perdavimu.<\/p>\n","protected":false},"excerpt":{"rendered":"<p>\u201e\u017dalgirio\u201c puol\u0117jas Adamsas Olubi pakviestas \u012f Nigerijos jaunimo (U-20) rinktin\u0119 ir dalyvaus tarptautiniame turnyre. A. Olubi \u012ftrauktas \u012f kandidat\u0173 s\u0105ra\u0161\u0105 Nigerijos U-20 rinktin\u0117je ir prisijung\u0117\u2026<\/p>\n","protected":false},"author":4,"featured_media":0,"comment_status":"closed","ping_status":"closed","sticky":false,"template":"","format":"standard","meta":{"_acf_changed":false,"footnotes":""},"categories":[106],"class_list":["post-8489","post","type-post","status-publish","format-standard","hentry","category-rinktines"],"acf":[],"yoast_head":"<!-- This site is optimized with the Yoast SEO plugin v26.8 - https:\/\/yoast.com\/product\/yoast-seo-wordpress\/ -->\n<title>A. Olubi pakviestas \u012f Nigerijos jaunimo rinktin\u0119 - FK \u017dalgiris<\/title>\n<meta name=\"robots\" content=\"index, follow, max-snippet:-1, max-image-preview:large, max-video-preview:-1\" \/>\n<link rel=\"canonical\" href=\"https:\/\/fkzalgiris.lt\/a-olubi-pakviestas-i-nigerijos-jaunimo-rinktine\/\" \/>\n<meta property=\"og:locale\" content=\"lt_LT\" \/>\n<meta property=\"og:type\" content=\"article\" \/>\n<meta property=\"og:title\" content=\"A. Olubi pakviestas \u012f Nigerijos jaunimo rinktin\u0119 - FK \u017dalgiris\" \/>\n<meta property=\"og:description\" content=\"\u201e\u017dalgirio\u201c puol\u0117jas Adamsas Olubi pakviestas \u012f Nigerijos jaunimo (U-20) rinktin\u0119 ir dalyvaus tarptautiniame turnyre. A. Olubi \u012ftrauktas \u012f kandidat\u0173 s\u0105ra\u0161\u0105 Nigerijos U-20 rinktin\u0117je ir prisijung\u0117\u2026\" \/>\n<meta property=\"og:url\" content=\"https:\/\/fkzalgiris.lt\/a-olubi-pakviestas-i-nigerijos-jaunimo-rinktine\/\" \/>\n<meta property=\"og:site_name\" content=\"FK \u017dalgiris\" \/>\n<meta property=\"article:publisher\" content=\"https:\/\/www.facebook.com\/fkzalgiris\/\" \/>\n<meta property=\"article:published_time\" content=\"2022-04-26T06:31:17+00:00\" \/>\n<meta property=\"article:modified_time\" content=\"2022-04-26T10:38:19+00:00\" \/>\n<meta property=\"og:image\" content=\"https:\/\/fkzalgiris.lt\/wp-content\/uploads\/2022\/04\/olubi-nigerija-u20.png\" \/>\n<meta name=\"author\" content=\"J\" \/>\n<meta name=\"twitter:card\" content=\"summary_large_image\" \/>\n<meta name=\"twitter:creator\" content=\"@fkzalgiris\" \/>\n<meta name=\"twitter:site\" content=\"@fkzalgiris\" \/>\n<meta name=\"twitter:label1\" content=\"Written by\" \/>\n\t<meta name=\"twitter:data1\" content=\"J\" \/>\n\t<meta name=\"twitter:label2\" content=\"Est. reading time\" \/>\n\t<meta name=\"twitter:data2\" content=\"1 minut\u0117\" \/>\n<script type=\"application\/ld+json\" class=\"yoast-schema-graph\">{\"@context\":\"https:\/\/schema.org\",\"@graph\":[{\"@type\":\"Article\",\"@id\":\"https:\/\/fkzalgiris.lt\/a-olubi-pakviestas-i-nigerijos-jaunimo-rinktine\/#article\",\"isPartOf\":{\"@id\":\"https:\/\/fkzalgiris.lt\/a-olubi-pakviestas-i-nigerijos-jaunimo-rinktine\/\"},\"author\":{\"name\":\"J\",\"@id\":\"https:\/\/fkzalgiris.lt\/#\/schema\/person\/8604babbba794a7d8767be324a3eaac8\"},\"headline\":\"A. Olubi pakviestas \u012f Nigerijos jaunimo rinktin\u0119\",\"datePublished\":\"2022-04-26T06:31:17+00:00\",\"dateModified\":\"2022-04-26T10:38:19+00:00\",\"mainEntityOfPage\":{\"@id\":\"https:\/\/fkzalgiris.lt\/a-olubi-pakviestas-i-nigerijos-jaunimo-rinktine\/\"},\"wordCount\":132,\"publisher\":{\"@id\":\"https:\/\/fkzalgiris.lt\/#organization\"},\"image\":{\"@id\":\"https:\/\/fkzalgiris.lt\/a-olubi-pakviestas-i-nigerijos-jaunimo-rinktine\/#primaryimage\"},\"thumbnailUrl\":\"https:\/\/fkzalgiris.lt\/wp-content\/uploads\/2022\/04\/olubi-nigerija-u20.png\",\"articleSection\":[\"Rinktin\u0117s\"],\"inLanguage\":\"lt-LT\"},{\"@type\":\"WebPage\",\"@id\":\"https:\/\/fkzalgiris.lt\/a-olubi-pakviestas-i-nigerijos-jaunimo-rinktine\/\",\"url\":\"https:\/\/fkzalgiris.lt\/a-olubi-pakviestas-i-nigerijos-jaunimo-rinktine\/\",\"name\":\"A. Olubi pakviestas \u012f Nigerijos jaunimo rinktin\u0119 - FK \u017dalgiris\",\"isPartOf\":{\"@id\":\"https:\/\/fkzalgiris.lt\/#website\"},\"primaryImageOfPage\":{\"@id\":\"https:\/\/fkzalgiris.lt\/a-olubi-pakviestas-i-nigerijos-jaunimo-rinktine\/#primaryimage\"},\"image\":{\"@id\":\"https:\/\/fkzalgiris.lt\/a-olubi-pakviestas-i-nigerijos-jaunimo-rinktine\/#primaryimage\"},\"thumbnailUrl\":\"https:\/\/fkzalgiris.lt\/wp-content\/uploads\/2022\/04\/olubi-nigerija-u20.png\",\"datePublished\":\"2022-04-26T06:31:17+00:00\",\"dateModified\":\"2022-04-26T10:38:19+00:00\",\"breadcrumb\":{\"@id\":\"https:\/\/fkzalgiris.lt\/a-olubi-pakviestas-i-nigerijos-jaunimo-rinktine\/#breadcrumb\"},\"inLanguage\":\"lt-LT\",\"potentialAction\":[{\"@type\":\"ReadAction\",\"target\":[\"https:\/\/fkzalgiris.lt\/a-olubi-pakviestas-i-nigerijos-jaunimo-rinktine\/\"]}]},{\"@type\":\"ImageObject\",\"inLanguage\":\"lt-LT\",\"@id\":\"https:\/\/fkzalgiris.lt\/a-olubi-pakviestas-i-nigerijos-jaunimo-rinktine\/#primaryimage\",\"url\":\"https:\/\/fkzalgiris.lt\/wp-content\/uploads\/2022\/04\/olubi-nigerija-u20.png\",\"contentUrl\":\"https:\/\/fkzalgiris.lt\/wp-content\/uploads\/2022\/04\/olubi-nigerija-u20.png\",\"width\":640,\"height\":480},{\"@type\":\"BreadcrumbList\",\"@id\":\"https:\/\/fkzalgiris.lt\/a-olubi-pakviestas-i-nigerijos-jaunimo-rinktine\/#breadcrumb\",\"itemListElement\":[{\"@type\":\"ListItem\",\"position\":1,\"name\":\"Home\",\"item\":\"https:\/\/fkzalgiris.lt\/\"},{\"@type\":\"ListItem\",\"position\":2,\"name\":\"A. Olubi pakviestas \u012f Nigerijos jaunimo rinktin\u0119\"}]},{\"@type\":\"WebSite\",\"@id\":\"https:\/\/fkzalgiris.lt\/#website\",\"url\":\"https:\/\/fkzalgiris.lt\/\",\"name\":\"FK \u017dalgiris\",\"description\":\"oficiali Vilniaus \u201e\u017dalgirio\u201c futbolo klubo svetain\u0117\",\"publisher\":{\"@id\":\"https:\/\/fkzalgiris.lt\/#organization\"},\"potentialAction\":[{\"@type\":\"SearchAction\",\"target\":{\"@type\":\"EntryPoint\",\"urlTemplate\":\"https:\/\/fkzalgiris.lt\/?s={search_term_string}\"},\"query-input\":{\"@type\":\"PropertyValueSpecification\",\"valueRequired\":true,\"valueName\":\"search_term_string\"}}],\"inLanguage\":\"lt-LT\"},{\"@type\":\"Organization\",\"@id\":\"https:\/\/fkzalgiris.lt\/#organization\",\"name\":\"FK \u017dalgiris\",\"url\":\"https:\/\/fkzalgiris.lt\/\",\"logo\":{\"@type\":\"ImageObject\",\"inLanguage\":\"lt-LT\",\"@id\":\"https:\/\/fkzalgiris.lt\/#\/schema\/logo\/image\/\",\"url\":\"https:\/\/fkzalgiris.lt\/wp-content\/uploads\/2024\/01\/horiz-FK-Zalgiris-logo-2015.png\",\"contentUrl\":\"https:\/\/fkzalgiris.lt\/wp-content\/uploads\/2024\/01\/horiz-FK-Zalgiris-logo-2015.png\",\"width\":3073,\"height\":2048,\"caption\":\"FK \u017dalgiris\"},\"image\":{\"@id\":\"https:\/\/fkzalgiris.lt\/#\/schema\/logo\/image\/\"},\"sameAs\":[\"https:\/\/www.facebook.com\/fkzalgiris\/\",\"https:\/\/x.com\/fkzalgiris\",\"https:\/\/www.instagram.com\/fkzalgiris\/\",\"https:\/\/www.youtube.com\/channel\/UC1ag8JLxGirltMUoLlzfZLA\"]},{\"@type\":\"Person\",\"@id\":\"https:\/\/fkzalgiris.lt\/#\/schema\/person\/8604babbba794a7d8767be324a3eaac8\",\"name\":\"J\"}]}<\/script>\n<!-- \/ Yoast SEO plugin. -->","yoast_head_json":{"title":"A. Olubi pakviestas \u012f Nigerijos jaunimo rinktin\u0119 - FK \u017dalgiris","robots":{"index":"index","follow":"follow","max-snippet":"max-snippet:-1","max-image-preview":"max-image-preview:large","max-video-preview":"max-video-preview:-1"},"canonical":"https:\/\/fkzalgiris.lt\/a-olubi-pakviestas-i-nigerijos-jaunimo-rinktine\/","og_locale":"lt_LT","og_type":"article","og_title":"A. Olubi pakviestas \u012f Nigerijos jaunimo rinktin\u0119 - FK \u017dalgiris","og_description":"\u201e\u017dalgirio\u201c puol\u0117jas Adamsas Olubi pakviestas \u012f Nigerijos jaunimo (U-20) rinktin\u0119 ir dalyvaus tarptautiniame turnyre. A. Olubi \u012ftrauktas \u012f kandidat\u0173 s\u0105ra\u0161\u0105 Nigerijos U-20 rinktin\u0117je ir prisijung\u0117\u2026","og_url":"https:\/\/fkzalgiris.lt\/a-olubi-pakviestas-i-nigerijos-jaunimo-rinktine\/","og_site_name":"FK \u017dalgiris","article_publisher":"https:\/\/www.facebook.com\/fkzalgiris\/","article_published_time":"2022-04-26T06:31:17+00:00","article_modified_time":"2022-04-26T10:38:19+00:00","og_image":[{"url":"https:\/\/fkzalgiris.lt\/wp-content\/uploads\/2022\/04\/olubi-nigerija-u20.png","type":"","width":"","height":""}],"author":"J","twitter_card":"summary_large_image","twitter_creator":"@fkzalgiris","twitter_site":"@fkzalgiris","twitter_misc":{"Written by":"J","Est. reading time":"1 minut\u0117"},"schema":{"@context":"https:\/\/schema.org","@graph":[{"@type":"Article","@id":"https:\/\/fkzalgiris.lt\/a-olubi-pakviestas-i-nigerijos-jaunimo-rinktine\/#article","isPartOf":{"@id":"https:\/\/fkzalgiris.lt\/a-olubi-pakviestas-i-nigerijos-jaunimo-rinktine\/"},"author":{"name":"J","@id":"https:\/\/fkzalgiris.lt\/#\/schema\/person\/8604babbba794a7d8767be324a3eaac8"},"headline":"A. Olubi pakviestas \u012f Nigerijos jaunimo rinktin\u0119","datePublished":"2022-04-26T06:31:17+00:00","dateModified":"2022-04-26T10:38:19+00:00","mainEntityOfPage":{"@id":"https:\/\/fkzalgiris.lt\/a-olubi-pakviestas-i-nigerijos-jaunimo-rinktine\/"},"wordCount":132,"publisher":{"@id":"https:\/\/fkzalgiris.lt\/#organization"},"image":{"@id":"https:\/\/fkzalgiris.lt\/a-olubi-pakviestas-i-nigerijos-jaunimo-rinktine\/#primaryimage"},"thumbnailUrl":"https:\/\/fkzalgiris.lt\/wp-content\/uploads\/2022\/04\/olubi-nigerija-u20.png","articleSection":["Rinktin\u0117s"],"inLanguage":"lt-LT"},{"@type":"WebPage","@id":"https:\/\/fkzalgiris.lt\/a-olubi-pakviestas-i-nigerijos-jaunimo-rinktine\/","url":"https:\/\/fkzalgiris.lt\/a-olubi-pakviestas-i-nigerijos-jaunimo-rinktine\/","name":"A. Olubi pakviestas \u012f Nigerijos jaunimo rinktin\u0119 - FK \u017dalgiris","isPartOf":{"@id":"https:\/\/fkzalgiris.lt\/#website"},"primaryImageOfPage":{"@id":"https:\/\/fkzalgiris.lt\/a-olubi-pakviestas-i-nigerijos-jaunimo-rinktine\/#primaryimage"},"image":{"@id":"https:\/\/fkzalgiris.lt\/a-olubi-pakviestas-i-nigerijos-jaunimo-rinktine\/#primaryimage"},"thumbnailUrl":"https:\/\/fkzalgiris.lt\/wp-content\/uploads\/2022\/04\/olubi-nigerija-u20.png","datePublished":"2022-04-26T06:31:17+00:00","dateModified":"2022-04-26T10:38:19+00:00","breadcrumb":{"@id":"https:\/\/fkzalgiris.lt\/a-olubi-pakviestas-i-nigerijos-jaunimo-rinktine\/#breadcrumb"},"inLanguage":"lt-LT","potentialAction":[{"@type":"ReadAction","target":["https:\/\/fkzalgiris.lt\/a-olubi-pakviestas-i-nigerijos-jaunimo-rinktine\/"]}]},{"@type":"ImageObject","inLanguage":"lt-LT","@id":"https:\/\/fkzalgiris.lt\/a-olubi-pakviestas-i-nigerijos-jaunimo-rinktine\/#primaryimage","url":"https:\/\/fkzalgiris.lt\/wp-content\/uploads\/2022\/04\/olubi-nigerija-u20.png","contentUrl":"https:\/\/fkzalgiris.lt\/wp-content\/uploads\/2022\/04\/olubi-nigerija-u20.png","width":640,"height":480},{"@type":"BreadcrumbList","@id":"https:\/\/fkzalgiris.lt\/a-olubi-pakviestas-i-nigerijos-jaunimo-rinktine\/#breadcrumb","itemListElement":[{"@type":"ListItem","position":1,"name":"Home","item":"https:\/\/fkzalgiris.lt\/"},{"@type":"ListItem","position":2,"name":"A. Olubi pakviestas \u012f Nigerijos jaunimo rinktin\u0119"}]},{"@type":"WebSite","@id":"https:\/\/fkzalgiris.lt\/#website","url":"https:\/\/fkzalgiris.lt\/","name":"FK \u017dalgiris","description":"oficiali Vilniaus \u201e\u017dalgirio\u201c futbolo klubo svetain\u0117","publisher":{"@id":"https:\/\/fkzalgiris.lt\/#organization"},"potentialAction":[{"@type":"SearchAction","target":{"@type":"EntryPoint","urlTemplate":"https:\/\/fkzalgiris.lt\/?s={search_term_string}"},"query-input":{"@type":"PropertyValueSpecification","valueRequired":true,"valueName":"search_term_string"}}],"inLanguage":"lt-LT"},{"@type":"Organization","@id":"https:\/\/fkzalgiris.lt\/#organization","name":"FK \u017dalgiris","url":"https:\/\/fkzalgiris.lt\/","logo":{"@type":"ImageObject","inLanguage":"lt-LT","@id":"https:\/\/fkzalgiris.lt\/#\/schema\/logo\/image\/","url":"https:\/\/fkzalgiris.lt\/wp-content\/uploads\/2024\/01\/horiz-FK-Zalgiris-logo-2015.png","contentUrl":"https:\/\/fkzalgiris.lt\/wp-content\/uploads\/2024\/01\/horiz-FK-Zalgiris-logo-2015.png","width":3073,"height":2048,"caption":"FK \u017dalgiris"},"image":{"@id":"https:\/\/fkzalgiris.lt\/#\/schema\/logo\/image\/"},"sameAs":["https:\/\/www.facebook.com\/fkzalgiris\/","https:\/\/x.com\/fkzalgiris","https:\/\/www.instagram.com\/fkzalgiris\/","https:\/\/www.youtube.com\/channel\/UC1ag8JLxGirltMUoLlzfZLA"]},{"@type":"Person","@id":"https:\/\/fkzalgiris.lt\/#\/schema\/person\/8604babbba794a7d8767be324a3eaac8","name":"J"}]}},"_links":{"self":[{"href":"https:\/\/fkzalgiris.lt\/api\/wp\/v2\/posts\/8489","targetHints":{"allow":["GET"]}}],"collection":[{"href":"https:\/\/fkzalgiris.lt\/api\/wp\/v2\/posts"}],"about":[{"href":"https:\/\/fkzalgiris.lt\/api\/wp\/v2\/types\/post"}],"author":[{"embeddable":true,"href":"https:\/\/fkzalgiris.lt\/api\/wp\/v2\/users\/4"}],"replies":[{"embeddable":true,"href":"https:\/\/fkzalgiris.lt\/api\/wp\/v2\/comments?post=8489"}],"version-history":[{"count":5,"href":"https:\/\/fkzalgiris.lt\/api\/wp\/v2\/posts\/8489\/revisions"}],"predecessor-version":[{"id":8584,"href":"https:\/\/fkzalgiris.lt\/api\/wp\/v2\/posts\/8489\/revisions\/8584"}],"wp:attachment":[{"href":"https:\/\/fkzalgiris.lt\/api\/wp\/v2\/media?parent=8489"}],"wp:term":[{"taxonomy":"category","embeddable":true,"href":"https:\/\/fkzalgiris.lt\/api\/wp\/v2\/categories?post=8489"}],"curies":[{"name":"wp","href":"https:\/\/api.w.org\/{rel}","templated":true}]}}