{"id":8476,"date":"2022-04-22T12:00:42","date_gmt":"2022-04-22T09:00:42","guid":{"rendered":"https:\/\/fkzalgiris.lt\/?p=8476"},"modified":"2022-08-31T18:17:01","modified_gmt":"2022-08-31T15:17:01","slug":"pirmojo-rato-pabaigoje-isvyka-i-kauna","status":"publish","type":"post","link":"https:\/\/fkzalgiris.lt\/pirmojo-rato-pabaigoje-isvyka-i-kauna\/","title":{"rendered":"Pirmojo rato pabaigoje &#8211; i\u0161vyka \u012f Kaun\u0105"},"content":{"rendered":"<p>Pirm\u0105j\u012f Lietuvos \u010dempionato rat\u0105 \u201e\u017dalgiris\u201c baigs i\u0161vyka \u012f Kaun\u0105 \u2013 devintuoju var\u017eovu bus \u201eHegelmann\u201c komanda.<\/p>\n<p>\u201eHegelmann\u201c liko vienintelis var\u017eovas, su kuriuo \u0161iemet \u017ealgirie\u010diai dar nei\u0161band\u0117 j\u0117g\u0173 oficialiose rungtyn\u0117se. Abi komandos po 8 tur\u0173 \u017eengia koja kojon \u2013 kaunie\u010diai turi surink\u0119 17 ta\u0161k\u0173, \u201e\u017dalgiris\u201c \u2013 16. Praleist\u0173 \u012fvar\u010di\u0173 grafoje ekipos turi po vienodai \u2013 5, ta\u010diau Vilniaus komanda \u012fmu\u0161\u0117 daugiau \u2013 17 prie\u0161 12.<\/p>\n<p>\u0160io sezono prad\u017eioje daugelio futbolo specialist\u0173 nuomone \u201eHegelmann\u201c per pirm\u0105j\u012f rat\u0105 buvo viena i\u0161 solid\u017eiausi\u0105 \u017eaidim\u0105 demonstravusi\u0173 komand\u0173. Tai pad\u0117jo padaryti pakankamai anksti sukomplektuota komanda ir trenerio Andriaus Skerlos \u012fdirbis bei ambicijos.<\/p>\n<p>Pernai lygoje debiutav\u0119s \u201eHegelmann\u201c pasirod\u0117 s\u0117kmingai ir buvo netoli to, jog pakovot\u0173 d\u0117l ketvirtosios vietos bei kelialapio \u012f Europ\u0105. Ta\u010diau nes\u0117kminga rugs\u0117jo pabaiga ir spalio prad\u017eia \u0161ias viltis sudau\u017e\u0117.<\/p>\n<p>\u0160iemet Kauno rajono ekipa turi rimtesni\u0173 tiksl\u0173 ir savo gretas pasistiprino. Nors komand\u0105 paliko vieni pra\u0117jusio sezono lyderi\u0173 Nauris Petkevi\u010dius ir Levanas Ma\u010dara\u0161vilis (taip pat Vilius Armalas, Jose Mosquera, Aurimas Raginis, Ugnius Leke\u010dinskas, Jonas Supronas, Kyle\u2018as Spence\u2018as bei kiti), \u201eHegelmann\u201c solid\u017eiai pasipild\u0117.<\/p>\n<p>Atvyko Kauno futbolo aistruoliams gerai pa\u017e\u012fstamas vartininkas Rodrigo Josviaki, kuris anks\u010diau \u017eaid\u0117 \u201eStumbre\u201c, i\u0161 \u201ePanev\u0117\u017eio\u201c per\u0117jo Hugo Figueredo ir Ignas Kru\u017eikas, atvyko Baltarusijoje \u017eaid\u0119 gyn\u0117jas i\u0161 Nigerjios Samuelis Odeoibo bei serbas Lazaras Saj\u010di\u010dius, Bulgarijoje rungtyniav\u0119s pranc\u016bzas Salifas Cisse, brazilas Matheusas Marcondele, i\u0161 Italijos gr\u012f\u017e\u0119s jaunas puol\u0117jas Augustinas Klimavi\u010dius ir kiti.<\/p>\n<p>Reik\u0161mingus vaidmenis ir toliau atlieka ilgus metus metus Kaune \u017eaid\u017eiantys futbolininkai: Ignas Pl\u016bkas, Mantas Fridrikas, Vilius Armanavi\u010dius, Klaudijus Upstas, taip pat nigerietis\u00a0 Thompsonas Gavi.<\/p>\n<p>Ir toliau \u017eiba vienas pra\u0117jusio sezono atradim\u0173 Yukiyoshi Karashima. Jis jau peln\u0117 2 \u012fvar\u010dius, i\u0161 kuri\u0173 vienas buvo pergalingas \u2013 tikslus \u0161\u016bvis \u012f \u201eS\u016bduvos\u201c vartus. Triskart pasi\u017eym\u0117jo serbas L. Saj\u010di\u010dius.<\/p>\n<p>Didel\u0119 reik\u0161m\u0119 turi komandos kapitonas V. Armanavi\u010dius. Jo s\u0105skaitoje po 2 \u012fvar\u010dius ir 2 rezultatyvius perdavimus, taip pat jis patenka \u012f geriausi\u0173j\u0173 penket\u0105 \u010dempionate pagal sukurtas progas ir laim\u0117tas dvikovas.<\/p>\n<p>Nors Kauno ekipa neturi ai\u0161kaus atak\u0173 lyderio, atakuojant jie \u2013 viena stipriausi\u0173 lygos ekip\u0173: statisti\u0161kai u\u017eima 2-3 vietas pagal \u012fvar\u010dius, sukurtas progas, treti pagal sm\u016bgius \u012f vartus, pirmauja pagal u\u017edirbtus kampinius.<\/p>\n<p>Pernai Kaune \u201e\u017dalgiriui\u201c nepavyko \u012fveikti var\u017eovo \u2013 pirm\u0105j\u0105 dvikov\u0105 \u201eHegelmann\u201c laim\u0117jo 2:1, antroje po dramati\u0161kos pabaigos su\u017eaista lygiosiomis (1:1).<\/p>\n<p>Vilniuje pernai kaunie\u010diai pralaim\u0117jo abejas \u010dempionato rungtynes ir dvikov\u0105 taur\u0117je, o taip pat kontrolin\u0119 akistat\u0105 vasario prad\u017eioje.<\/p>\n<p>\u201eOptibet A lygos\u201c rungtyn\u0117s tarp Kauno rajono \u201eHegelmann\u201c ir \u201e\u017dalgirio\u201c vyks \u0161e\u0161tadien\u012f, baland\u017eio 23 d. 17 val. Kauno LFF treniruo\u010di\u0173 centro stadione. Rungtynes bus galima steb\u0117ti tiesiogiai internetu <a href=\"https:\/\/play.tv3.lt\/Ghost%202\/optibet-a-lyga,live-2788935\/hegelmann--zalgiris-optibet-a-lygos-rungtynes,programme-4119164\">TV3Play.lt<\/a><\/p>\n","protected":false},"excerpt":{"rendered":"<p>Pirm\u0105j\u012f Lietuvos \u010dempionato rat\u0105 \u201e\u017dalgiris\u201c baigs i\u0161vyka \u012f Kaun\u0105 \u2013 devintuoju var\u017eovu bus \u201eHegelmann\u201c komanda. \u201eHegelmann\u201c liko vienintelis var\u017eovas, su kuriuo \u0161iemet \u017ealgirie\u010diai dar nei\u0161band\u0117\u2026<\/p>\n","protected":false},"author":4,"featured_media":0,"comment_status":"closed","ping_status":"closed","sticky":false,"template":"","format":"standard","meta":{"_acf_changed":false,"footnotes":""},"categories":[87],"class_list":["post-8476","post","type-post","status-publish","format-standard","hentry","category-zalgiris"],"acf":[],"yoast_head":"<!-- This site is optimized with the Yoast SEO plugin v26.8 - https:\/\/yoast.com\/product\/yoast-seo-wordpress\/ -->\n<title>Pirmojo rato pabaigoje - i\u0161vyka \u012f Kaun\u0105 - FK \u017dalgiris<\/title>\n<meta name=\"robots\" content=\"index, follow, max-snippet:-1, max-image-preview:large, max-video-preview:-1\" \/>\n<link rel=\"canonical\" href=\"https:\/\/fkzalgiris.lt\/pirmojo-rato-pabaigoje-isvyka-i-kauna\/\" \/>\n<meta property=\"og:locale\" content=\"lt_LT\" \/>\n<meta property=\"og:type\" content=\"article\" \/>\n<meta property=\"og:title\" content=\"Pirmojo rato pabaigoje - i\u0161vyka \u012f Kaun\u0105 - FK \u017dalgiris\" \/>\n<meta property=\"og:description\" content=\"Pirm\u0105j\u012f Lietuvos \u010dempionato rat\u0105 \u201e\u017dalgiris\u201c baigs i\u0161vyka \u012f Kaun\u0105 \u2013 devintuoju var\u017eovu bus \u201eHegelmann\u201c komanda. \u201eHegelmann\u201c liko vienintelis var\u017eovas, su kuriuo \u0161iemet \u017ealgirie\u010diai dar nei\u0161band\u0117\u2026\" \/>\n<meta property=\"og:url\" content=\"https:\/\/fkzalgiris.lt\/pirmojo-rato-pabaigoje-isvyka-i-kauna\/\" \/>\n<meta property=\"og:site_name\" content=\"FK \u017dalgiris\" \/>\n<meta property=\"article:publisher\" content=\"https:\/\/www.facebook.com\/fkzalgiris\/\" \/>\n<meta property=\"article:published_time\" content=\"2022-04-22T09:00:42+00:00\" \/>\n<meta property=\"article:modified_time\" content=\"2022-08-31T15:17:01+00:00\" \/>\n<meta property=\"og:image\" content=\"https:\/\/fkzalgiris.lt\/wp-content\/uploads\/2024\/02\/social-horiz_Zalgiris_logo_2024.png\" \/>\n\t<meta property=\"og:image:width\" content=\"3356\" \/>\n\t<meta property=\"og:image:height\" content=\"2259\" \/>\n\t<meta property=\"og:image:type\" content=\"image\/png\" \/>\n<meta name=\"author\" content=\"J\" \/>\n<meta name=\"twitter:card\" content=\"summary_large_image\" \/>\n<meta name=\"twitter:creator\" content=\"@fkzalgiris\" \/>\n<meta name=\"twitter:site\" content=\"@fkzalgiris\" \/>\n<meta name=\"twitter:label1\" content=\"Written by\" \/>\n\t<meta name=\"twitter:data1\" content=\"J\" \/>\n\t<meta name=\"twitter:label2\" content=\"Est. reading time\" \/>\n\t<meta name=\"twitter:data2\" content=\"3 minut\u0117s\" \/>\n<script type=\"application\/ld+json\" class=\"yoast-schema-graph\">{\"@context\":\"https:\/\/schema.org\",\"@graph\":[{\"@type\":\"Article\",\"@id\":\"https:\/\/fkzalgiris.lt\/pirmojo-rato-pabaigoje-isvyka-i-kauna\/#article\",\"isPartOf\":{\"@id\":\"https:\/\/fkzalgiris.lt\/pirmojo-rato-pabaigoje-isvyka-i-kauna\/\"},\"author\":{\"name\":\"J\",\"@id\":\"https:\/\/fkzalgiris.lt\/#\/schema\/person\/8604babbba794a7d8767be324a3eaac8\"},\"headline\":\"Pirmojo rato pabaigoje &#8211; i\u0161vyka \u012f Kaun\u0105\",\"datePublished\":\"2022-04-22T09:00:42+00:00\",\"dateModified\":\"2022-08-31T15:17:01+00:00\",\"mainEntityOfPage\":{\"@id\":\"https:\/\/fkzalgiris.lt\/pirmojo-rato-pabaigoje-isvyka-i-kauna\/\"},\"wordCount\":460,\"publisher\":{\"@id\":\"https:\/\/fkzalgiris.lt\/#organization\"},\"articleSection\":[\"\u017dalgiris\"],\"inLanguage\":\"lt-LT\"},{\"@type\":\"WebPage\",\"@id\":\"https:\/\/fkzalgiris.lt\/pirmojo-rato-pabaigoje-isvyka-i-kauna\/\",\"url\":\"https:\/\/fkzalgiris.lt\/pirmojo-rato-pabaigoje-isvyka-i-kauna\/\",\"name\":\"Pirmojo rato pabaigoje - i\u0161vyka \u012f Kaun\u0105 - FK \u017dalgiris\",\"isPartOf\":{\"@id\":\"https:\/\/fkzalgiris.lt\/#website\"},\"datePublished\":\"2022-04-22T09:00:42+00:00\",\"dateModified\":\"2022-08-31T15:17:01+00:00\",\"breadcrumb\":{\"@id\":\"https:\/\/fkzalgiris.lt\/pirmojo-rato-pabaigoje-isvyka-i-kauna\/#breadcrumb\"},\"inLanguage\":\"lt-LT\",\"potentialAction\":[{\"@type\":\"ReadAction\",\"target\":[\"https:\/\/fkzalgiris.lt\/pirmojo-rato-pabaigoje-isvyka-i-kauna\/\"]}]},{\"@type\":\"BreadcrumbList\",\"@id\":\"https:\/\/fkzalgiris.lt\/pirmojo-rato-pabaigoje-isvyka-i-kauna\/#breadcrumb\",\"itemListElement\":[{\"@type\":\"ListItem\",\"position\":1,\"name\":\"Home\",\"item\":\"https:\/\/fkzalgiris.lt\/\"},{\"@type\":\"ListItem\",\"position\":2,\"name\":\"Pirmojo rato pabaigoje &#8211; i\u0161vyka \u012f Kaun\u0105\"}]},{\"@type\":\"WebSite\",\"@id\":\"https:\/\/fkzalgiris.lt\/#website\",\"url\":\"https:\/\/fkzalgiris.lt\/\",\"name\":\"FK \u017dalgiris\",\"description\":\"oficiali Vilniaus \u201e\u017dalgirio\u201c futbolo klubo svetain\u0117\",\"publisher\":{\"@id\":\"https:\/\/fkzalgiris.lt\/#organization\"},\"potentialAction\":[{\"@type\":\"SearchAction\",\"target\":{\"@type\":\"EntryPoint\",\"urlTemplate\":\"https:\/\/fkzalgiris.lt\/?s={search_term_string}\"},\"query-input\":{\"@type\":\"PropertyValueSpecification\",\"valueRequired\":true,\"valueName\":\"search_term_string\"}}],\"inLanguage\":\"lt-LT\"},{\"@type\":\"Organization\",\"@id\":\"https:\/\/fkzalgiris.lt\/#organization\",\"name\":\"FK \u017dalgiris\",\"url\":\"https:\/\/fkzalgiris.lt\/\",\"logo\":{\"@type\":\"ImageObject\",\"inLanguage\":\"lt-LT\",\"@id\":\"https:\/\/fkzalgiris.lt\/#\/schema\/logo\/image\/\",\"url\":\"https:\/\/fkzalgiris.lt\/wp-content\/uploads\/2024\/01\/horiz-FK-Zalgiris-logo-2015.png\",\"contentUrl\":\"https:\/\/fkzalgiris.lt\/wp-content\/uploads\/2024\/01\/horiz-FK-Zalgiris-logo-2015.png\",\"width\":3073,\"height\":2048,\"caption\":\"FK \u017dalgiris\"},\"image\":{\"@id\":\"https:\/\/fkzalgiris.lt\/#\/schema\/logo\/image\/\"},\"sameAs\":[\"https:\/\/www.facebook.com\/fkzalgiris\/\",\"https:\/\/x.com\/fkzalgiris\",\"https:\/\/www.instagram.com\/fkzalgiris\/\",\"https:\/\/www.youtube.com\/channel\/UC1ag8JLxGirltMUoLlzfZLA\"]},{\"@type\":\"Person\",\"@id\":\"https:\/\/fkzalgiris.lt\/#\/schema\/person\/8604babbba794a7d8767be324a3eaac8\",\"name\":\"J\"}]}<\/script>\n<!-- \/ Yoast SEO plugin. -->","yoast_head_json":{"title":"Pirmojo rato pabaigoje - i\u0161vyka \u012f Kaun\u0105 - FK \u017dalgiris","robots":{"index":"index","follow":"follow","max-snippet":"max-snippet:-1","max-image-preview":"max-image-preview:large","max-video-preview":"max-video-preview:-1"},"canonical":"https:\/\/fkzalgiris.lt\/pirmojo-rato-pabaigoje-isvyka-i-kauna\/","og_locale":"lt_LT","og_type":"article","og_title":"Pirmojo rato pabaigoje - i\u0161vyka \u012f Kaun\u0105 - FK \u017dalgiris","og_description":"Pirm\u0105j\u012f Lietuvos \u010dempionato rat\u0105 \u201e\u017dalgiris\u201c baigs i\u0161vyka \u012f Kaun\u0105 \u2013 devintuoju var\u017eovu bus \u201eHegelmann\u201c komanda. \u201eHegelmann\u201c liko vienintelis var\u017eovas, su kuriuo \u0161iemet \u017ealgirie\u010diai dar nei\u0161band\u0117\u2026","og_url":"https:\/\/fkzalgiris.lt\/pirmojo-rato-pabaigoje-isvyka-i-kauna\/","og_site_name":"FK \u017dalgiris","article_publisher":"https:\/\/www.facebook.com\/fkzalgiris\/","article_published_time":"2022-04-22T09:00:42+00:00","article_modified_time":"2022-08-31T15:17:01+00:00","og_image":[{"width":3356,"height":2259,"url":"https:\/\/fkzalgiris.lt\/wp-content\/uploads\/2024\/02\/social-horiz_Zalgiris_logo_2024.png","type":"image\/png"}],"author":"J","twitter_card":"summary_large_image","twitter_creator":"@fkzalgiris","twitter_site":"@fkzalgiris","twitter_misc":{"Written by":"J","Est. reading time":"3 minut\u0117s"},"schema":{"@context":"https:\/\/schema.org","@graph":[{"@type":"Article","@id":"https:\/\/fkzalgiris.lt\/pirmojo-rato-pabaigoje-isvyka-i-kauna\/#article","isPartOf":{"@id":"https:\/\/fkzalgiris.lt\/pirmojo-rato-pabaigoje-isvyka-i-kauna\/"},"author":{"name":"J","@id":"https:\/\/fkzalgiris.lt\/#\/schema\/person\/8604babbba794a7d8767be324a3eaac8"},"headline":"Pirmojo rato pabaigoje &#8211; i\u0161vyka \u012f Kaun\u0105","datePublished":"2022-04-22T09:00:42+00:00","dateModified":"2022-08-31T15:17:01+00:00","mainEntityOfPage":{"@id":"https:\/\/fkzalgiris.lt\/pirmojo-rato-pabaigoje-isvyka-i-kauna\/"},"wordCount":460,"publisher":{"@id":"https:\/\/fkzalgiris.lt\/#organization"},"articleSection":["\u017dalgiris"],"inLanguage":"lt-LT"},{"@type":"WebPage","@id":"https:\/\/fkzalgiris.lt\/pirmojo-rato-pabaigoje-isvyka-i-kauna\/","url":"https:\/\/fkzalgiris.lt\/pirmojo-rato-pabaigoje-isvyka-i-kauna\/","name":"Pirmojo rato pabaigoje - i\u0161vyka \u012f Kaun\u0105 - FK \u017dalgiris","isPartOf":{"@id":"https:\/\/fkzalgiris.lt\/#website"},"datePublished":"2022-04-22T09:00:42+00:00","dateModified":"2022-08-31T15:17:01+00:00","breadcrumb":{"@id":"https:\/\/fkzalgiris.lt\/pirmojo-rato-pabaigoje-isvyka-i-kauna\/#breadcrumb"},"inLanguage":"lt-LT","potentialAction":[{"@type":"ReadAction","target":["https:\/\/fkzalgiris.lt\/pirmojo-rato-pabaigoje-isvyka-i-kauna\/"]}]},{"@type":"BreadcrumbList","@id":"https:\/\/fkzalgiris.lt\/pirmojo-rato-pabaigoje-isvyka-i-kauna\/#breadcrumb","itemListElement":[{"@type":"ListItem","position":1,"name":"Home","item":"https:\/\/fkzalgiris.lt\/"},{"@type":"ListItem","position":2,"name":"Pirmojo rato pabaigoje &#8211; i\u0161vyka \u012f Kaun\u0105"}]},{"@type":"WebSite","@id":"https:\/\/fkzalgiris.lt\/#website","url":"https:\/\/fkzalgiris.lt\/","name":"FK \u017dalgiris","description":"oficiali Vilniaus \u201e\u017dalgirio\u201c futbolo klubo svetain\u0117","publisher":{"@id":"https:\/\/fkzalgiris.lt\/#organization"},"potentialAction":[{"@type":"SearchAction","target":{"@type":"EntryPoint","urlTemplate":"https:\/\/fkzalgiris.lt\/?s={search_term_string}"},"query-input":{"@type":"PropertyValueSpecification","valueRequired":true,"valueName":"search_term_string"}}],"inLanguage":"lt-LT"},{"@type":"Organization","@id":"https:\/\/fkzalgiris.lt\/#organization","name":"FK \u017dalgiris","url":"https:\/\/fkzalgiris.lt\/","logo":{"@type":"ImageObject","inLanguage":"lt-LT","@id":"https:\/\/fkzalgiris.lt\/#\/schema\/logo\/image\/","url":"https:\/\/fkzalgiris.lt\/wp-content\/uploads\/2024\/01\/horiz-FK-Zalgiris-logo-2015.png","contentUrl":"https:\/\/fkzalgiris.lt\/wp-content\/uploads\/2024\/01\/horiz-FK-Zalgiris-logo-2015.png","width":3073,"height":2048,"caption":"FK \u017dalgiris"},"image":{"@id":"https:\/\/fkzalgiris.lt\/#\/schema\/logo\/image\/"},"sameAs":["https:\/\/www.facebook.com\/fkzalgiris\/","https:\/\/x.com\/fkzalgiris","https:\/\/www.instagram.com\/fkzalgiris\/","https:\/\/www.youtube.com\/channel\/UC1ag8JLxGirltMUoLlzfZLA"]},{"@type":"Person","@id":"https:\/\/fkzalgiris.lt\/#\/schema\/person\/8604babbba794a7d8767be324a3eaac8","name":"J"}]}},"_links":{"self":[{"href":"https:\/\/fkzalgiris.lt\/api\/wp\/v2\/posts\/8476","targetHints":{"allow":["GET"]}}],"collection":[{"href":"https:\/\/fkzalgiris.lt\/api\/wp\/v2\/posts"}],"about":[{"href":"https:\/\/fkzalgiris.lt\/api\/wp\/v2\/types\/post"}],"author":[{"embeddable":true,"href":"https:\/\/fkzalgiris.lt\/api\/wp\/v2\/users\/4"}],"replies":[{"embeddable":true,"href":"https:\/\/fkzalgiris.lt\/api\/wp\/v2\/comments?post=8476"}],"version-history":[{"count":6,"href":"https:\/\/fkzalgiris.lt\/api\/wp\/v2\/posts\/8476\/revisions"}],"predecessor-version":[{"id":10104,"href":"https:\/\/fkzalgiris.lt\/api\/wp\/v2\/posts\/8476\/revisions\/10104"}],"wp:attachment":[{"href":"https:\/\/fkzalgiris.lt\/api\/wp\/v2\/media?parent=8476"}],"wp:term":[{"taxonomy":"category","embeddable":true,"href":"https:\/\/fkzalgiris.lt\/api\/wp\/v2\/categories?post=8476"}],"curies":[{"name":"wp","href":"https:\/\/api.w.org\/{rel}","templated":true}]}}