{"id":8153,"date":"2022-03-26T11:03:58","date_gmt":"2022-03-26T09:03:58","guid":{"rendered":"https:\/\/fkzalgiris.lt\/?p=8153"},"modified":"2023-03-23T16:57:43","modified_gmt":"2023-03-23T14:57:43","slug":"ypatinga-treniruote-su-zalgirieciais-itrauke-visus-vaikus-kartu","status":"publish","type":"post","link":"https:\/\/fkzalgiris.lt\/ypatinga-treniruote-su-zalgirieciais-itrauke-visus-vaikus-kartu\/","title":{"rendered":"Ypatinga treniruot\u0117 su \u017ealgirie\u010diais \u012ftrauk\u0117 visus vaikus kartu"},"content":{"rendered":"<p>\u201e\u017dalgirio\u201c \u017eaid\u0117jai susitiko tradicinei \u201eYpatingai treniruotei su ypatingais vaikais\u201c. \u0160\u012f kart\u0105 treniruot\u0117s buvo kitokios nei anks\u010diau, o kai kuriems tai buvo pusmet\u012f lauktas susitikimas.<\/p>\n<p>\u012e treniruot\u0119 sostin\u0117s \u201eSportima\u201c arenoje susirinko kelios de\u0161imtys vaik\u0173 i\u0161 Vilniaus lop\u0161elio-dar\u017eelio \u201eR\u016bta\u201c, specialiojo dar\u017eelio \u201e\u010ciau\u0161kutis\u201c ir \u201eAtgajos\u201d specialiosios mokyklos.<\/p>\n<p>Tradici\u0161kai treniruot\u0117se b\u016bdavo vien vaikai, turintys speciali\u0173j\u0173 ugdymosi poreiki\u0173, ta\u010diau kit\u0105met planuojant \u012fvesti \u012ftrauk\u0173j\u012f ugdym\u0105 nutarta suburti mi\u0161rias grupes.<\/p>\n<p>\u201ePakviet\u0117me ir sutrikusios raidos, ir \u012fprastos raidos vaikus kartu. Futbolininkai gavo \u012f por\u0105 po vien\u0105. Buvo didelis i\u0161\u0161\u016bkis jiems, nes jie valandai tur\u0117jo tapti mokytoj\u0173 pad\u0117j\u0117jais arba t\u0117\u010diais. Manau, kad jiems puikiai sek\u0117si, nes vaikai puikiai atliko u\u017eduotis, &#8211; d\u017eiaug\u0117si viena i\u0161 iniciatyvos organizatori\u0173, lop\u0161elio-dar\u017eelio \u201eR\u016bta\u201c ugdytoja Kristina Surdokait\u0117 &#8211; Tokias mi\u0161rias treniruotes nor\u0117t\u0173si t\u0119sti ir toliau, nes tokia m\u016bs\u0173 ateitis. Vaikai lengviau pripranta prie vieni kit\u0173, geriau vystosi socialiniai \u012fg\u016bd\u017eiai ir jie turi pavyzd\u012f \u012f k\u0105 lygiuotis.\u201c<\/p>\n<p>Dar viena naujov\u0117 \u2013 anks\u010diau vaikai atlikdavo \u012fvairias estafetes, o \u0161\u012f kart\u0105 daugiau veikl\u0173 atliko su futbolo kamuoliu. \u201e\u0160\u012f kart\u0105 daugiau d\u0117mesio skyr\u0117me futbolo elementams, tokiems kaip kamuolio varymas, stabdymas, perdavimas, sm\u016bgiavimas \u012f vartus ir netgi vartininko pozicija\u201c, &#8211; sak\u0117 K. Surdokait\u0117.<\/p>\n<p>Lapkrit\u012f, po ilgesn\u0117s pertraukos d\u0117l pandemijos, \u017ealgirie\u010diai taip pat dalyvavo ypatingoje treniruot\u0117je. Vienai dar\u017eelio aukl\u0117tinei tie \u012fsp\u016bd\u017eiai i\u0161liko iki \u0161iol.<\/p>\n<p>\u201eAt\u0117jusi \u0161\u012f kart\u0105 \u012f rengin\u012f n\u0117jo n\u0117 su vienu \u017eaid\u0117ju, kuris bekalbint\u0173, o \u0117jo pas t\u0105 kur\u012f mate prie\u0161 pus\u0119 met\u0173. Tai labai didelis \u012fsp\u016bdis, labai keista, nes mergait\u0117 yra nekalbanti. Pus\u0119 met\u0173 jai yra i\u0161lik\u0119s vaizdas kaip sportavo su tuo futbolininku. Tur\u0117jome dar vien\u0105 i\u0161\u0161\u016bk\u012f ir maloni\u0105 staigmen\u0105. Pamat\u0117me, kad mergait\u0117s m\u0105stymas gerai i\u0161lav\u0117j\u0119s, tiesiog dar nepasak\u0117. Tikim\u0117s kad ateityje ugdymo ir toki\u0173 treniruo\u010di\u0173 pagalba galb\u016bt ir pavyks kalb\u0117ti\u201c, &#8211; vyl\u0117si K. Surdokait\u0117.<\/p>\n<p>\u201eYpatingos treniruot\u0117s\u201c prad\u0117tos prie\u0161 7 metus. Kartu su vienu i\u0161 jos iniciatori\u0173 lop\u0161eliu-dar\u017eeliu \u201eR\u016bta\u201c ir Masinio futbolo asociacija rengin\u012f padeda organizuoti Lietuvos specialiosios olimpiados komitetas,<\/p>\n","protected":false},"excerpt":{"rendered":"<p>\u201e\u017dalgirio\u201c \u017eaid\u0117jai susitiko tradicinei \u201eYpatingai treniruotei su ypatingais vaikais\u201c. \u0160\u012f kart\u0105 treniruot\u0117s buvo kitokios nei anks\u010diau, o kai kuriems tai buvo pusmet\u012f lauktas susitikimas. \u012e\u2026<\/p>\n","protected":false},"author":4,"featured_media":0,"comment_status":"closed","ping_status":"closed","sticky":false,"template":"","format":"standard","meta":{"_acf_changed":false,"footnotes":""},"categories":[103],"class_list":["post-8153","post","type-post","status-publish","format-standard","hentry","category-renginiai"],"acf":[],"yoast_head":"<!-- This site is optimized with the Yoast SEO plugin v26.8 - https:\/\/yoast.com\/product\/yoast-seo-wordpress\/ -->\n<title>Ypatinga treniruot\u0117 su \u017ealgirie\u010diais \u012ftrauk\u0117 visus vaikus kartu - FK \u017dalgiris<\/title>\n<meta name=\"robots\" content=\"index, follow, max-snippet:-1, max-image-preview:large, max-video-preview:-1\" \/>\n<link rel=\"canonical\" href=\"https:\/\/fkzalgiris.lt\/ypatinga-treniruote-su-zalgirieciais-itrauke-visus-vaikus-kartu\/\" \/>\n<meta property=\"og:locale\" content=\"lt_LT\" \/>\n<meta property=\"og:type\" content=\"article\" \/>\n<meta property=\"og:title\" content=\"Ypatinga treniruot\u0117 su \u017ealgirie\u010diais \u012ftrauk\u0117 visus vaikus kartu - FK \u017dalgiris\" \/>\n<meta property=\"og:description\" content=\"\u201e\u017dalgirio\u201c \u017eaid\u0117jai susitiko tradicinei \u201eYpatingai treniruotei su ypatingais vaikais\u201c. \u0160\u012f kart\u0105 treniruot\u0117s buvo kitokios nei anks\u010diau, o kai kuriems tai buvo pusmet\u012f lauktas susitikimas. \u012e\u2026\" \/>\n<meta property=\"og:url\" content=\"https:\/\/fkzalgiris.lt\/ypatinga-treniruote-su-zalgirieciais-itrauke-visus-vaikus-kartu\/\" \/>\n<meta property=\"og:site_name\" content=\"FK \u017dalgiris\" \/>\n<meta property=\"article:publisher\" content=\"https:\/\/www.facebook.com\/fkzalgiris\/\" \/>\n<meta property=\"article:published_time\" content=\"2022-03-26T09:03:58+00:00\" \/>\n<meta property=\"article:modified_time\" content=\"2023-03-23T14:57:43+00:00\" \/>\n<meta property=\"og:image\" content=\"https:\/\/fkzalgiris.lt\/wp-content\/uploads\/2024\/02\/social-horiz_Zalgiris_logo_2024.png\" \/>\n\t<meta property=\"og:image:width\" content=\"3356\" \/>\n\t<meta property=\"og:image:height\" content=\"2259\" \/>\n\t<meta property=\"og:image:type\" content=\"image\/png\" \/>\n<meta name=\"author\" content=\"J\" \/>\n<meta name=\"twitter:card\" content=\"summary_large_image\" \/>\n<meta name=\"twitter:creator\" content=\"@fkzalgiris\" \/>\n<meta name=\"twitter:site\" content=\"@fkzalgiris\" \/>\n<meta name=\"twitter:label1\" content=\"Written by\" \/>\n\t<meta name=\"twitter:data1\" content=\"J\" \/>\n\t<meta name=\"twitter:label2\" content=\"Est. reading time\" \/>\n\t<meta name=\"twitter:data2\" content=\"2 minut\u0117s\" \/>\n<script type=\"application\/ld+json\" class=\"yoast-schema-graph\">{\"@context\":\"https:\/\/schema.org\",\"@graph\":[{\"@type\":\"Article\",\"@id\":\"https:\/\/fkzalgiris.lt\/ypatinga-treniruote-su-zalgirieciais-itrauke-visus-vaikus-kartu\/#article\",\"isPartOf\":{\"@id\":\"https:\/\/fkzalgiris.lt\/ypatinga-treniruote-su-zalgirieciais-itrauke-visus-vaikus-kartu\/\"},\"author\":{\"name\":\"J\",\"@id\":\"https:\/\/fkzalgiris.lt\/#\/schema\/person\/8604babbba794a7d8767be324a3eaac8\"},\"headline\":\"Ypatinga treniruot\u0117 su \u017ealgirie\u010diais \u012ftrauk\u0117 visus vaikus kartu\",\"datePublished\":\"2022-03-26T09:03:58+00:00\",\"dateModified\":\"2023-03-23T14:57:43+00:00\",\"mainEntityOfPage\":{\"@id\":\"https:\/\/fkzalgiris.lt\/ypatinga-treniruote-su-zalgirieciais-itrauke-visus-vaikus-kartu\/\"},\"wordCount\":375,\"publisher\":{\"@id\":\"https:\/\/fkzalgiris.lt\/#organization\"},\"articleSection\":[\"Renginiai\"],\"inLanguage\":\"lt-LT\"},{\"@type\":\"WebPage\",\"@id\":\"https:\/\/fkzalgiris.lt\/ypatinga-treniruote-su-zalgirieciais-itrauke-visus-vaikus-kartu\/\",\"url\":\"https:\/\/fkzalgiris.lt\/ypatinga-treniruote-su-zalgirieciais-itrauke-visus-vaikus-kartu\/\",\"name\":\"Ypatinga treniruot\u0117 su \u017ealgirie\u010diais \u012ftrauk\u0117 visus vaikus kartu - FK \u017dalgiris\",\"isPartOf\":{\"@id\":\"https:\/\/fkzalgiris.lt\/#website\"},\"datePublished\":\"2022-03-26T09:03:58+00:00\",\"dateModified\":\"2023-03-23T14:57:43+00:00\",\"breadcrumb\":{\"@id\":\"https:\/\/fkzalgiris.lt\/ypatinga-treniruote-su-zalgirieciais-itrauke-visus-vaikus-kartu\/#breadcrumb\"},\"inLanguage\":\"lt-LT\",\"potentialAction\":[{\"@type\":\"ReadAction\",\"target\":[\"https:\/\/fkzalgiris.lt\/ypatinga-treniruote-su-zalgirieciais-itrauke-visus-vaikus-kartu\/\"]}]},{\"@type\":\"BreadcrumbList\",\"@id\":\"https:\/\/fkzalgiris.lt\/ypatinga-treniruote-su-zalgirieciais-itrauke-visus-vaikus-kartu\/#breadcrumb\",\"itemListElement\":[{\"@type\":\"ListItem\",\"position\":1,\"name\":\"Home\",\"item\":\"https:\/\/fkzalgiris.lt\/\"},{\"@type\":\"ListItem\",\"position\":2,\"name\":\"Ypatinga treniruot\u0117 su \u017ealgirie\u010diais \u012ftrauk\u0117 visus vaikus kartu\"}]},{\"@type\":\"WebSite\",\"@id\":\"https:\/\/fkzalgiris.lt\/#website\",\"url\":\"https:\/\/fkzalgiris.lt\/\",\"name\":\"FK \u017dalgiris\",\"description\":\"oficiali Vilniaus \u201e\u017dalgirio\u201c futbolo klubo svetain\u0117\",\"publisher\":{\"@id\":\"https:\/\/fkzalgiris.lt\/#organization\"},\"potentialAction\":[{\"@type\":\"SearchAction\",\"target\":{\"@type\":\"EntryPoint\",\"urlTemplate\":\"https:\/\/fkzalgiris.lt\/?s={search_term_string}\"},\"query-input\":{\"@type\":\"PropertyValueSpecification\",\"valueRequired\":true,\"valueName\":\"search_term_string\"}}],\"inLanguage\":\"lt-LT\"},{\"@type\":\"Organization\",\"@id\":\"https:\/\/fkzalgiris.lt\/#organization\",\"name\":\"FK \u017dalgiris\",\"url\":\"https:\/\/fkzalgiris.lt\/\",\"logo\":{\"@type\":\"ImageObject\",\"inLanguage\":\"lt-LT\",\"@id\":\"https:\/\/fkzalgiris.lt\/#\/schema\/logo\/image\/\",\"url\":\"https:\/\/fkzalgiris.lt\/wp-content\/uploads\/2024\/01\/horiz-FK-Zalgiris-logo-2015.png\",\"contentUrl\":\"https:\/\/fkzalgiris.lt\/wp-content\/uploads\/2024\/01\/horiz-FK-Zalgiris-logo-2015.png\",\"width\":3073,\"height\":2048,\"caption\":\"FK \u017dalgiris\"},\"image\":{\"@id\":\"https:\/\/fkzalgiris.lt\/#\/schema\/logo\/image\/\"},\"sameAs\":[\"https:\/\/www.facebook.com\/fkzalgiris\/\",\"https:\/\/x.com\/fkzalgiris\",\"https:\/\/www.instagram.com\/fkzalgiris\/\",\"https:\/\/www.youtube.com\/channel\/UC1ag8JLxGirltMUoLlzfZLA\"]},{\"@type\":\"Person\",\"@id\":\"https:\/\/fkzalgiris.lt\/#\/schema\/person\/8604babbba794a7d8767be324a3eaac8\",\"name\":\"J\"}]}<\/script>\n<!-- \/ Yoast SEO plugin. -->","yoast_head_json":{"title":"Ypatinga treniruot\u0117 su \u017ealgirie\u010diais \u012ftrauk\u0117 visus vaikus kartu - FK \u017dalgiris","robots":{"index":"index","follow":"follow","max-snippet":"max-snippet:-1","max-image-preview":"max-image-preview:large","max-video-preview":"max-video-preview:-1"},"canonical":"https:\/\/fkzalgiris.lt\/ypatinga-treniruote-su-zalgirieciais-itrauke-visus-vaikus-kartu\/","og_locale":"lt_LT","og_type":"article","og_title":"Ypatinga treniruot\u0117 su \u017ealgirie\u010diais \u012ftrauk\u0117 visus vaikus kartu - FK \u017dalgiris","og_description":"\u201e\u017dalgirio\u201c \u017eaid\u0117jai susitiko tradicinei \u201eYpatingai treniruotei su ypatingais vaikais\u201c. \u0160\u012f kart\u0105 treniruot\u0117s buvo kitokios nei anks\u010diau, o kai kuriems tai buvo pusmet\u012f lauktas susitikimas. \u012e\u2026","og_url":"https:\/\/fkzalgiris.lt\/ypatinga-treniruote-su-zalgirieciais-itrauke-visus-vaikus-kartu\/","og_site_name":"FK \u017dalgiris","article_publisher":"https:\/\/www.facebook.com\/fkzalgiris\/","article_published_time":"2022-03-26T09:03:58+00:00","article_modified_time":"2023-03-23T14:57:43+00:00","og_image":[{"width":3356,"height":2259,"url":"https:\/\/fkzalgiris.lt\/wp-content\/uploads\/2024\/02\/social-horiz_Zalgiris_logo_2024.png","type":"image\/png"}],"author":"J","twitter_card":"summary_large_image","twitter_creator":"@fkzalgiris","twitter_site":"@fkzalgiris","twitter_misc":{"Written by":"J","Est. reading time":"2 minut\u0117s"},"schema":{"@context":"https:\/\/schema.org","@graph":[{"@type":"Article","@id":"https:\/\/fkzalgiris.lt\/ypatinga-treniruote-su-zalgirieciais-itrauke-visus-vaikus-kartu\/#article","isPartOf":{"@id":"https:\/\/fkzalgiris.lt\/ypatinga-treniruote-su-zalgirieciais-itrauke-visus-vaikus-kartu\/"},"author":{"name":"J","@id":"https:\/\/fkzalgiris.lt\/#\/schema\/person\/8604babbba794a7d8767be324a3eaac8"},"headline":"Ypatinga treniruot\u0117 su \u017ealgirie\u010diais \u012ftrauk\u0117 visus vaikus kartu","datePublished":"2022-03-26T09:03:58+00:00","dateModified":"2023-03-23T14:57:43+00:00","mainEntityOfPage":{"@id":"https:\/\/fkzalgiris.lt\/ypatinga-treniruote-su-zalgirieciais-itrauke-visus-vaikus-kartu\/"},"wordCount":375,"publisher":{"@id":"https:\/\/fkzalgiris.lt\/#organization"},"articleSection":["Renginiai"],"inLanguage":"lt-LT"},{"@type":"WebPage","@id":"https:\/\/fkzalgiris.lt\/ypatinga-treniruote-su-zalgirieciais-itrauke-visus-vaikus-kartu\/","url":"https:\/\/fkzalgiris.lt\/ypatinga-treniruote-su-zalgirieciais-itrauke-visus-vaikus-kartu\/","name":"Ypatinga treniruot\u0117 su \u017ealgirie\u010diais \u012ftrauk\u0117 visus vaikus kartu - FK \u017dalgiris","isPartOf":{"@id":"https:\/\/fkzalgiris.lt\/#website"},"datePublished":"2022-03-26T09:03:58+00:00","dateModified":"2023-03-23T14:57:43+00:00","breadcrumb":{"@id":"https:\/\/fkzalgiris.lt\/ypatinga-treniruote-su-zalgirieciais-itrauke-visus-vaikus-kartu\/#breadcrumb"},"inLanguage":"lt-LT","potentialAction":[{"@type":"ReadAction","target":["https:\/\/fkzalgiris.lt\/ypatinga-treniruote-su-zalgirieciais-itrauke-visus-vaikus-kartu\/"]}]},{"@type":"BreadcrumbList","@id":"https:\/\/fkzalgiris.lt\/ypatinga-treniruote-su-zalgirieciais-itrauke-visus-vaikus-kartu\/#breadcrumb","itemListElement":[{"@type":"ListItem","position":1,"name":"Home","item":"https:\/\/fkzalgiris.lt\/"},{"@type":"ListItem","position":2,"name":"Ypatinga treniruot\u0117 su \u017ealgirie\u010diais \u012ftrauk\u0117 visus vaikus kartu"}]},{"@type":"WebSite","@id":"https:\/\/fkzalgiris.lt\/#website","url":"https:\/\/fkzalgiris.lt\/","name":"FK \u017dalgiris","description":"oficiali Vilniaus \u201e\u017dalgirio\u201c futbolo klubo svetain\u0117","publisher":{"@id":"https:\/\/fkzalgiris.lt\/#organization"},"potentialAction":[{"@type":"SearchAction","target":{"@type":"EntryPoint","urlTemplate":"https:\/\/fkzalgiris.lt\/?s={search_term_string}"},"query-input":{"@type":"PropertyValueSpecification","valueRequired":true,"valueName":"search_term_string"}}],"inLanguage":"lt-LT"},{"@type":"Organization","@id":"https:\/\/fkzalgiris.lt\/#organization","name":"FK \u017dalgiris","url":"https:\/\/fkzalgiris.lt\/","logo":{"@type":"ImageObject","inLanguage":"lt-LT","@id":"https:\/\/fkzalgiris.lt\/#\/schema\/logo\/image\/","url":"https:\/\/fkzalgiris.lt\/wp-content\/uploads\/2024\/01\/horiz-FK-Zalgiris-logo-2015.png","contentUrl":"https:\/\/fkzalgiris.lt\/wp-content\/uploads\/2024\/01\/horiz-FK-Zalgiris-logo-2015.png","width":3073,"height":2048,"caption":"FK \u017dalgiris"},"image":{"@id":"https:\/\/fkzalgiris.lt\/#\/schema\/logo\/image\/"},"sameAs":["https:\/\/www.facebook.com\/fkzalgiris\/","https:\/\/x.com\/fkzalgiris","https:\/\/www.instagram.com\/fkzalgiris\/","https:\/\/www.youtube.com\/channel\/UC1ag8JLxGirltMUoLlzfZLA"]},{"@type":"Person","@id":"https:\/\/fkzalgiris.lt\/#\/schema\/person\/8604babbba794a7d8767be324a3eaac8","name":"J"}]}},"_links":{"self":[{"href":"https:\/\/fkzalgiris.lt\/api\/wp\/v2\/posts\/8153","targetHints":{"allow":["GET"]}}],"collection":[{"href":"https:\/\/fkzalgiris.lt\/api\/wp\/v2\/posts"}],"about":[{"href":"https:\/\/fkzalgiris.lt\/api\/wp\/v2\/types\/post"}],"author":[{"embeddable":true,"href":"https:\/\/fkzalgiris.lt\/api\/wp\/v2\/users\/4"}],"replies":[{"embeddable":true,"href":"https:\/\/fkzalgiris.lt\/api\/wp\/v2\/comments?post=8153"}],"version-history":[{"count":6,"href":"https:\/\/fkzalgiris.lt\/api\/wp\/v2\/posts\/8153\/revisions"}],"predecessor-version":[{"id":12034,"href":"https:\/\/fkzalgiris.lt\/api\/wp\/v2\/posts\/8153\/revisions\/12034"}],"wp:attachment":[{"href":"https:\/\/fkzalgiris.lt\/api\/wp\/v2\/media?parent=8153"}],"wp:term":[{"taxonomy":"category","embeddable":true,"href":"https:\/\/fkzalgiris.lt\/api\/wp\/v2\/categories?post=8153"}],"curies":[{"name":"wp","href":"https:\/\/api.w.org\/{rel}","templated":true}]}}