{"id":8110,"date":"2022-03-23T21:52:42","date_gmt":"2022-03-23T19:52:42","guid":{"rendered":"https:\/\/fkzalgiris.lt\/?p=8110"},"modified":"2022-03-23T21:54:29","modified_gmt":"2022-03-23T19:54:29","slug":"ukrainiecius-priemes-s-mikoliunas-prasau-padeti-juos-integruoti","status":"publish","type":"post","link":"https:\/\/fkzalgiris.lt\/ukrainiecius-priemes-s-mikoliunas-prasau-padeti-juos-integruoti\/","title":{"rendered":"Ukrainie\u010dius pri\u0117m\u0119s S. Mikoli\u016bnas: \u201ePra\u0161au pad\u0117ti juos integruoti\u201c"},"content":{"rendered":"<p class=\"text-lead\">\u201e\u017dalgirio\u201c kapitonas Saulius Mikoli\u016bnas nema\u017e\u0105 karjeros dal\u012f yra praleid\u0119s dabar karo draskomoje Ukrainoje. Kalb\u0117damas su \u017eurnalistais prie\u0161 Lietuvos futbolo rinktin\u0117s treniruot\u0119 Vilniuje futbolininkas atskleid\u0117 ir pats \u012f namus pri\u0117m\u0119s ukrainie\u010di\u0173 bei i\u0161sak\u0117 pra\u0161ym\u0105 Lietuvos \u017emon\u0117ms.<\/p>\n<p>\u201eSiaubinga situacija, matome, kaip ken\u010dia Ukrainos tauta, bet d\u017eiugu d\u0117l Lietuvos \u017emoni\u0173, kaip vieningai visi nusiteik\u0119 pad\u0117ti, kaip tik \u012fmanoma jiems. Tai tikrai ukrainie\u010diai jau\u010dia. Taip, turiu ten daug draug\u0173, daugeliui j\u0173 teko i\u0161ve\u017eti \u0161eimas \u012f kitas \u0161alis, o patiems ginti savo laisv\u0119. Kai kurie i\u0161 j\u0173 su automatais stovi postuose ir saugo, nerimas d\u0117l j\u0173, nuolat palaikau kontakt\u0105.<\/p>\n<p>Pats asmeni\u0161kai ir mano \u0161eima kaip \u012fmanydami stengiam\u0117s pad\u0117ti. Pri\u0117m\u0117me kelet\u0105 \u017emoni\u0173. Vieno komandos draugo vaik\u0105, kuris irgi yra futbolininkas, suteik\u0117me jam galimyb\u0119 sportuoti \u201e\u017dalgiryje\u201c su jaunimo komanda. Taip pat turiu, kaip a\u0161 vadinu, savo antr\u0105 mam\u0105 Ukrainoje. D\u017eiaugiuosi, kad pavyko parsigabenti j\u0105 \u010dia, pas save.<\/p>\n<p>J\u0173 tokia vidin\u0117 psichologin\u0117 b\u016bsena tikrai yra bloga, jie nusimin\u0119, labai i\u0161gyvena. Noriu d\u0117l to labai papra\u0161yti Lietuvos \u017emoni\u0173, kad kaip \u012fmanydami stengtum\u0117m\u0117s juos integruoti, kad tie \u017emon\u0117s kuo grei\u010diau gal\u0117t\u0173 imtis kokios nors veiklos, kad juos atitolintume nuo tos b\u016bsenos\u201c, \u2013 LRT.lt cituojamas S. Mikoli\u016bnas.<\/p>\n<p>Lietuvos rinktin\u0117 dabar rengiasi vasaros Taut\u0173 lygos turnyrui ir su\u017eais vejas draugi\u0161kas rungtynes. Kovo 25 d. rinktin\u0117 i\u0161vykoje \u017eais su San Marinu, o kovo 29 d. taip pat i\u0161vykoje \u2013 su Airija.<\/p>\n<p>\u201eKol kas padar\u0117me tik kelias treniruotes, \u017eaid\u0117jai kei\u010diasi, ateina jaunimas, kart\u0173 kaitos nei\u0161vengsi, tai yra nat\u016bralu. Stengiam\u0117s senbuviai jaunim\u0105 kaip \u012fmanoma geriau integruoti, kad visi kartu sugeb\u0117tume kilti \u012f vir\u0161\u0173\u201c, \u2013 teig\u0117 S. Mikoli\u016bnas.<\/p>\n<p>Paklaustas apie galimai paskutinius metus rinktin\u0117je, vienas vyriausi\u0173 komandos \u017eaid\u0117j\u0173 teig\u0117, kad dar ne\u017eino: \u201e\u017di\u016br\u0117sime, kiek b\u016bsiu reikalingas, tiek galb\u016bt ir \u017eaisiu.\u201c<\/p>\n<p><a href=\"https:\/\/www.lrt.lt\/naujienos\/sportas\/10\/1651408\/pats-ukrainiecius-i-namus-priemes-saulius-mikoliunas-turi-prasyma-lietuvos-zmonems\">\u0160altinis: LRT.lt<\/a><\/p>\n<p><strong>Paremti ukrainie\u010dius galite:<\/strong><br \/>\n<a href=\"https:\/\/stipruskartu.lt\/\"><strong>www.stipruskartu.lt<\/strong><\/a><br \/>\n<a href=\"https:\/\/www.aukok.lt\/\"><strong>www.aukok.lt<\/strong><\/a><br \/>\n<a href=\"https:\/\/www.blue-yellow.lt\/\"><strong>www.blueyellow.lt<\/strong><\/a><\/p>\n","protected":false},"excerpt":{"rendered":"<p>\u201e\u017dalgirio\u201c kapitonas Saulius Mikoli\u016bnas nema\u017e\u0105 karjeros dal\u012f yra praleid\u0119s dabar karo draskomoje Ukrainoje. Kalb\u0117damas su \u017eurnalistais prie\u0161 Lietuvos futbolo rinktin\u0117s treniruot\u0119 Vilniuje futbolininkas atskleid\u0117 ir\u2026<\/p>\n","protected":false},"author":4,"featured_media":0,"comment_status":"closed","ping_status":"closed","sticky":false,"template":"","format":"standard","meta":{"_acf_changed":false,"footnotes":""},"categories":[87],"class_list":["post-8110","post","type-post","status-publish","format-standard","hentry","category-zalgiris"],"acf":[],"yoast_head":"<!-- This site is optimized with the Yoast SEO plugin v26.8 - https:\/\/yoast.com\/product\/yoast-seo-wordpress\/ -->\n<title>Ukrainie\u010dius pri\u0117m\u0119s S. Mikoli\u016bnas: \u201ePra\u0161au pad\u0117ti juos integruoti\u201c - FK \u017dalgiris<\/title>\n<meta name=\"robots\" content=\"index, follow, max-snippet:-1, max-image-preview:large, max-video-preview:-1\" \/>\n<link rel=\"canonical\" href=\"https:\/\/fkzalgiris.lt\/ukrainiecius-priemes-s-mikoliunas-prasau-padeti-juos-integruoti\/\" \/>\n<meta property=\"og:locale\" content=\"lt_LT\" \/>\n<meta property=\"og:type\" content=\"article\" \/>\n<meta property=\"og:title\" content=\"Ukrainie\u010dius pri\u0117m\u0119s S. Mikoli\u016bnas: \u201ePra\u0161au pad\u0117ti juos integruoti\u201c - FK \u017dalgiris\" \/>\n<meta property=\"og:description\" content=\"\u201e\u017dalgirio\u201c kapitonas Saulius Mikoli\u016bnas nema\u017e\u0105 karjeros dal\u012f yra praleid\u0119s dabar karo draskomoje Ukrainoje. Kalb\u0117damas su \u017eurnalistais prie\u0161 Lietuvos futbolo rinktin\u0117s treniruot\u0119 Vilniuje futbolininkas atskleid\u0117 ir\u2026\" \/>\n<meta property=\"og:url\" content=\"https:\/\/fkzalgiris.lt\/ukrainiecius-priemes-s-mikoliunas-prasau-padeti-juos-integruoti\/\" \/>\n<meta property=\"og:site_name\" content=\"FK \u017dalgiris\" \/>\n<meta property=\"article:publisher\" content=\"https:\/\/www.facebook.com\/fkzalgiris\/\" \/>\n<meta property=\"article:published_time\" content=\"2022-03-23T19:52:42+00:00\" \/>\n<meta property=\"article:modified_time\" content=\"2022-03-23T19:54:29+00:00\" \/>\n<meta property=\"og:image\" content=\"https:\/\/fkzalgiris.lt\/wp-content\/uploads\/2024\/02\/social-horiz_Zalgiris_logo_2024.png\" \/>\n\t<meta property=\"og:image:width\" content=\"3356\" \/>\n\t<meta property=\"og:image:height\" content=\"2259\" \/>\n\t<meta property=\"og:image:type\" content=\"image\/png\" \/>\n<meta name=\"author\" content=\"J\" \/>\n<meta name=\"twitter:card\" content=\"summary_large_image\" \/>\n<meta name=\"twitter:creator\" content=\"@fkzalgiris\" \/>\n<meta name=\"twitter:site\" content=\"@fkzalgiris\" \/>\n<meta name=\"twitter:label1\" content=\"Written by\" \/>\n\t<meta name=\"twitter:data1\" content=\"J\" \/>\n\t<meta name=\"twitter:label2\" content=\"Est. reading time\" \/>\n\t<meta name=\"twitter:data2\" content=\"2 minut\u0117s\" \/>\n<script type=\"application\/ld+json\" class=\"yoast-schema-graph\">{\"@context\":\"https:\/\/schema.org\",\"@graph\":[{\"@type\":\"Article\",\"@id\":\"https:\/\/fkzalgiris.lt\/ukrainiecius-priemes-s-mikoliunas-prasau-padeti-juos-integruoti\/#article\",\"isPartOf\":{\"@id\":\"https:\/\/fkzalgiris.lt\/ukrainiecius-priemes-s-mikoliunas-prasau-padeti-juos-integruoti\/\"},\"author\":{\"name\":\"J\",\"@id\":\"https:\/\/fkzalgiris.lt\/#\/schema\/person\/8604babbba794a7d8767be324a3eaac8\"},\"headline\":\"Ukrainie\u010dius pri\u0117m\u0119s S. Mikoli\u016bnas: \u201ePra\u0161au pad\u0117ti juos integruoti\u201c\",\"datePublished\":\"2022-03-23T19:52:42+00:00\",\"dateModified\":\"2022-03-23T19:54:29+00:00\",\"mainEntityOfPage\":{\"@id\":\"https:\/\/fkzalgiris.lt\/ukrainiecius-priemes-s-mikoliunas-prasau-padeti-juos-integruoti\/\"},\"wordCount\":353,\"publisher\":{\"@id\":\"https:\/\/fkzalgiris.lt\/#organization\"},\"articleSection\":[\"\u017dalgiris\"],\"inLanguage\":\"lt-LT\"},{\"@type\":\"WebPage\",\"@id\":\"https:\/\/fkzalgiris.lt\/ukrainiecius-priemes-s-mikoliunas-prasau-padeti-juos-integruoti\/\",\"url\":\"https:\/\/fkzalgiris.lt\/ukrainiecius-priemes-s-mikoliunas-prasau-padeti-juos-integruoti\/\",\"name\":\"Ukrainie\u010dius pri\u0117m\u0119s S. Mikoli\u016bnas: \u201ePra\u0161au pad\u0117ti juos integruoti\u201c - FK \u017dalgiris\",\"isPartOf\":{\"@id\":\"https:\/\/fkzalgiris.lt\/#website\"},\"datePublished\":\"2022-03-23T19:52:42+00:00\",\"dateModified\":\"2022-03-23T19:54:29+00:00\",\"breadcrumb\":{\"@id\":\"https:\/\/fkzalgiris.lt\/ukrainiecius-priemes-s-mikoliunas-prasau-padeti-juos-integruoti\/#breadcrumb\"},\"inLanguage\":\"lt-LT\",\"potentialAction\":[{\"@type\":\"ReadAction\",\"target\":[\"https:\/\/fkzalgiris.lt\/ukrainiecius-priemes-s-mikoliunas-prasau-padeti-juos-integruoti\/\"]}]},{\"@type\":\"BreadcrumbList\",\"@id\":\"https:\/\/fkzalgiris.lt\/ukrainiecius-priemes-s-mikoliunas-prasau-padeti-juos-integruoti\/#breadcrumb\",\"itemListElement\":[{\"@type\":\"ListItem\",\"position\":1,\"name\":\"Home\",\"item\":\"https:\/\/fkzalgiris.lt\/\"},{\"@type\":\"ListItem\",\"position\":2,\"name\":\"Ukrainie\u010dius pri\u0117m\u0119s S. Mikoli\u016bnas: \u201ePra\u0161au pad\u0117ti juos integruoti\u201c\"}]},{\"@type\":\"WebSite\",\"@id\":\"https:\/\/fkzalgiris.lt\/#website\",\"url\":\"https:\/\/fkzalgiris.lt\/\",\"name\":\"FK \u017dalgiris\",\"description\":\"oficiali Vilniaus \u201e\u017dalgirio\u201c futbolo klubo svetain\u0117\",\"publisher\":{\"@id\":\"https:\/\/fkzalgiris.lt\/#organization\"},\"potentialAction\":[{\"@type\":\"SearchAction\",\"target\":{\"@type\":\"EntryPoint\",\"urlTemplate\":\"https:\/\/fkzalgiris.lt\/?s={search_term_string}\"},\"query-input\":{\"@type\":\"PropertyValueSpecification\",\"valueRequired\":true,\"valueName\":\"search_term_string\"}}],\"inLanguage\":\"lt-LT\"},{\"@type\":\"Organization\",\"@id\":\"https:\/\/fkzalgiris.lt\/#organization\",\"name\":\"FK \u017dalgiris\",\"url\":\"https:\/\/fkzalgiris.lt\/\",\"logo\":{\"@type\":\"ImageObject\",\"inLanguage\":\"lt-LT\",\"@id\":\"https:\/\/fkzalgiris.lt\/#\/schema\/logo\/image\/\",\"url\":\"https:\/\/fkzalgiris.lt\/wp-content\/uploads\/2024\/01\/horiz-FK-Zalgiris-logo-2015.png\",\"contentUrl\":\"https:\/\/fkzalgiris.lt\/wp-content\/uploads\/2024\/01\/horiz-FK-Zalgiris-logo-2015.png\",\"width\":3073,\"height\":2048,\"caption\":\"FK \u017dalgiris\"},\"image\":{\"@id\":\"https:\/\/fkzalgiris.lt\/#\/schema\/logo\/image\/\"},\"sameAs\":[\"https:\/\/www.facebook.com\/fkzalgiris\/\",\"https:\/\/x.com\/fkzalgiris\",\"https:\/\/www.instagram.com\/fkzalgiris\/\",\"https:\/\/www.youtube.com\/channel\/UC1ag8JLxGirltMUoLlzfZLA\"]},{\"@type\":\"Person\",\"@id\":\"https:\/\/fkzalgiris.lt\/#\/schema\/person\/8604babbba794a7d8767be324a3eaac8\",\"name\":\"J\"}]}<\/script>\n<!-- \/ Yoast SEO plugin. -->","yoast_head_json":{"title":"Ukrainie\u010dius pri\u0117m\u0119s S. Mikoli\u016bnas: \u201ePra\u0161au pad\u0117ti juos integruoti\u201c - FK \u017dalgiris","robots":{"index":"index","follow":"follow","max-snippet":"max-snippet:-1","max-image-preview":"max-image-preview:large","max-video-preview":"max-video-preview:-1"},"canonical":"https:\/\/fkzalgiris.lt\/ukrainiecius-priemes-s-mikoliunas-prasau-padeti-juos-integruoti\/","og_locale":"lt_LT","og_type":"article","og_title":"Ukrainie\u010dius pri\u0117m\u0119s S. Mikoli\u016bnas: \u201ePra\u0161au pad\u0117ti juos integruoti\u201c - FK \u017dalgiris","og_description":"\u201e\u017dalgirio\u201c kapitonas Saulius Mikoli\u016bnas nema\u017e\u0105 karjeros dal\u012f yra praleid\u0119s dabar karo draskomoje Ukrainoje. Kalb\u0117damas su \u017eurnalistais prie\u0161 Lietuvos futbolo rinktin\u0117s treniruot\u0119 Vilniuje futbolininkas atskleid\u0117 ir\u2026","og_url":"https:\/\/fkzalgiris.lt\/ukrainiecius-priemes-s-mikoliunas-prasau-padeti-juos-integruoti\/","og_site_name":"FK \u017dalgiris","article_publisher":"https:\/\/www.facebook.com\/fkzalgiris\/","article_published_time":"2022-03-23T19:52:42+00:00","article_modified_time":"2022-03-23T19:54:29+00:00","og_image":[{"width":3356,"height":2259,"url":"https:\/\/fkzalgiris.lt\/wp-content\/uploads\/2024\/02\/social-horiz_Zalgiris_logo_2024.png","type":"image\/png"}],"author":"J","twitter_card":"summary_large_image","twitter_creator":"@fkzalgiris","twitter_site":"@fkzalgiris","twitter_misc":{"Written by":"J","Est. reading time":"2 minut\u0117s"},"schema":{"@context":"https:\/\/schema.org","@graph":[{"@type":"Article","@id":"https:\/\/fkzalgiris.lt\/ukrainiecius-priemes-s-mikoliunas-prasau-padeti-juos-integruoti\/#article","isPartOf":{"@id":"https:\/\/fkzalgiris.lt\/ukrainiecius-priemes-s-mikoliunas-prasau-padeti-juos-integruoti\/"},"author":{"name":"J","@id":"https:\/\/fkzalgiris.lt\/#\/schema\/person\/8604babbba794a7d8767be324a3eaac8"},"headline":"Ukrainie\u010dius pri\u0117m\u0119s S. Mikoli\u016bnas: \u201ePra\u0161au pad\u0117ti juos integruoti\u201c","datePublished":"2022-03-23T19:52:42+00:00","dateModified":"2022-03-23T19:54:29+00:00","mainEntityOfPage":{"@id":"https:\/\/fkzalgiris.lt\/ukrainiecius-priemes-s-mikoliunas-prasau-padeti-juos-integruoti\/"},"wordCount":353,"publisher":{"@id":"https:\/\/fkzalgiris.lt\/#organization"},"articleSection":["\u017dalgiris"],"inLanguage":"lt-LT"},{"@type":"WebPage","@id":"https:\/\/fkzalgiris.lt\/ukrainiecius-priemes-s-mikoliunas-prasau-padeti-juos-integruoti\/","url":"https:\/\/fkzalgiris.lt\/ukrainiecius-priemes-s-mikoliunas-prasau-padeti-juos-integruoti\/","name":"Ukrainie\u010dius pri\u0117m\u0119s S. Mikoli\u016bnas: \u201ePra\u0161au pad\u0117ti juos integruoti\u201c - FK \u017dalgiris","isPartOf":{"@id":"https:\/\/fkzalgiris.lt\/#website"},"datePublished":"2022-03-23T19:52:42+00:00","dateModified":"2022-03-23T19:54:29+00:00","breadcrumb":{"@id":"https:\/\/fkzalgiris.lt\/ukrainiecius-priemes-s-mikoliunas-prasau-padeti-juos-integruoti\/#breadcrumb"},"inLanguage":"lt-LT","potentialAction":[{"@type":"ReadAction","target":["https:\/\/fkzalgiris.lt\/ukrainiecius-priemes-s-mikoliunas-prasau-padeti-juos-integruoti\/"]}]},{"@type":"BreadcrumbList","@id":"https:\/\/fkzalgiris.lt\/ukrainiecius-priemes-s-mikoliunas-prasau-padeti-juos-integruoti\/#breadcrumb","itemListElement":[{"@type":"ListItem","position":1,"name":"Home","item":"https:\/\/fkzalgiris.lt\/"},{"@type":"ListItem","position":2,"name":"Ukrainie\u010dius pri\u0117m\u0119s S. Mikoli\u016bnas: \u201ePra\u0161au pad\u0117ti juos integruoti\u201c"}]},{"@type":"WebSite","@id":"https:\/\/fkzalgiris.lt\/#website","url":"https:\/\/fkzalgiris.lt\/","name":"FK \u017dalgiris","description":"oficiali Vilniaus \u201e\u017dalgirio\u201c futbolo klubo svetain\u0117","publisher":{"@id":"https:\/\/fkzalgiris.lt\/#organization"},"potentialAction":[{"@type":"SearchAction","target":{"@type":"EntryPoint","urlTemplate":"https:\/\/fkzalgiris.lt\/?s={search_term_string}"},"query-input":{"@type":"PropertyValueSpecification","valueRequired":true,"valueName":"search_term_string"}}],"inLanguage":"lt-LT"},{"@type":"Organization","@id":"https:\/\/fkzalgiris.lt\/#organization","name":"FK \u017dalgiris","url":"https:\/\/fkzalgiris.lt\/","logo":{"@type":"ImageObject","inLanguage":"lt-LT","@id":"https:\/\/fkzalgiris.lt\/#\/schema\/logo\/image\/","url":"https:\/\/fkzalgiris.lt\/wp-content\/uploads\/2024\/01\/horiz-FK-Zalgiris-logo-2015.png","contentUrl":"https:\/\/fkzalgiris.lt\/wp-content\/uploads\/2024\/01\/horiz-FK-Zalgiris-logo-2015.png","width":3073,"height":2048,"caption":"FK \u017dalgiris"},"image":{"@id":"https:\/\/fkzalgiris.lt\/#\/schema\/logo\/image\/"},"sameAs":["https:\/\/www.facebook.com\/fkzalgiris\/","https:\/\/x.com\/fkzalgiris","https:\/\/www.instagram.com\/fkzalgiris\/","https:\/\/www.youtube.com\/channel\/UC1ag8JLxGirltMUoLlzfZLA"]},{"@type":"Person","@id":"https:\/\/fkzalgiris.lt\/#\/schema\/person\/8604babbba794a7d8767be324a3eaac8","name":"J"}]}},"_links":{"self":[{"href":"https:\/\/fkzalgiris.lt\/api\/wp\/v2\/posts\/8110","targetHints":{"allow":["GET"]}}],"collection":[{"href":"https:\/\/fkzalgiris.lt\/api\/wp\/v2\/posts"}],"about":[{"href":"https:\/\/fkzalgiris.lt\/api\/wp\/v2\/types\/post"}],"author":[{"embeddable":true,"href":"https:\/\/fkzalgiris.lt\/api\/wp\/v2\/users\/4"}],"replies":[{"embeddable":true,"href":"https:\/\/fkzalgiris.lt\/api\/wp\/v2\/comments?post=8110"}],"version-history":[{"count":2,"href":"https:\/\/fkzalgiris.lt\/api\/wp\/v2\/posts\/8110\/revisions"}],"predecessor-version":[{"id":8115,"href":"https:\/\/fkzalgiris.lt\/api\/wp\/v2\/posts\/8110\/revisions\/8115"}],"wp:attachment":[{"href":"https:\/\/fkzalgiris.lt\/api\/wp\/v2\/media?parent=8110"}],"wp:term":[{"taxonomy":"category","embeddable":true,"href":"https:\/\/fkzalgiris.lt\/api\/wp\/v2\/categories?post=8110"}],"curies":[{"name":"wp","href":"https:\/\/api.w.org\/{rel}","templated":true}]}}