{"id":8018,"date":"2022-03-19T18:02:32","date_gmt":"2022-03-19T16:02:32","guid":{"rendered":"https:\/\/fkzalgiris.lt\/?p=8018"},"modified":"2022-03-19T18:02:32","modified_gmt":"2022-03-19T16:02:32","slug":"turo-rinktineje-m-kuklys","status":"publish","type":"post","link":"https:\/\/fkzalgiris.lt\/turo-rinktineje-m-kuklys\/","title":{"rendered":"Turo rinktin\u0117je &#8211; M. Kuklys"},"content":{"rendered":"<p style=\"text-align: left;\">\u012e \u201eOptibet A lygos\u201c 3 turo simbolin\u0119 rinktin\u0119 pateko \u017ealgirietis Mantas Kuklys.<\/p>\n<p>Turo rinktin\u0117:<\/p>\n<p>Rafaelis Broetto (\u201ePanev\u0117\u017eys\u201c):\u00a0Vartininkas i\u0161 Brazilijos ir toliau n\u0117ra praleid\u0119s n\u0117 vieno \u012fvar\u010dio, o pastarosiose rungtyn\u0117se sureng\u0117 geriausi\u0105 pasirodym\u0105 \u0161iemet. R. Broetto pirmame k\u0117linyje atr\u0117m\u0117 var\u017eovo baudin\u012f, o po pertraukos apsigyn\u0117 dar nuo keli\u0173 pavojing\u0173 sm\u016bgi\u0173.<\/p>\n<p>Ernestas Pilypas (FA \u201e\u0160iauliai\u201c)<b>:<\/b>\u00a0Pastar\u0105j\u012f kart\u0105 2016 metais Lietuvos \u010dempionate rungtyniav\u0119s de\u0161iniojo kra\u0161to gyn\u0117jas s\u0117kmingai sugr\u012f\u017eo \u012f \u201eOptibet A lyg\u0105\u201c. Naudingai prie\u0161 \u201eJonav\u0105\u201c rungtyniav\u0119s \u0161iaulietis laim\u0117jo 77 proc. dvikov\u0173 ir svariai prisid\u0117jo prie i\u0161saugot\u0173 \u201esaus\u0173\u201c vart\u0173.<\/p>\n<p>Joshua Akpudje (\u201ePanev\u0117\u017eys\u201c):\u00a0Fizi\u0161kai tvirtai sud\u0117tas vidurio gyn\u0117jas dvikovoje su Kauno rajono \u201eHegelmann\u201c ekipa blokavo ne vien\u0105 oponent\u0173 sm\u016bg\u012f ir laim\u0117jo did\u017ei\u0105j\u0105 dal\u012f dvikov\u0173 baudos aik\u0161tel\u0117je. Jei ne puikus nigerie\u010dio \u017eaidimas \u201eantrame auk\u0161te\u201c, vargu, ar panev\u0117\u017eie\u010diai b\u016bt\u0173 atsilaik\u0119 nepraleid\u0119 \u012fvar\u010dio.<\/p>\n<p>Plamenas Dimovas (Vilniaus \u201eRiteriai\u201c):\u00a0Legionierius i\u0161 Bulgarijos labai solid\u017eiai debiutavo sostin\u0117s ekipoje. Dar ne optimalios sportin\u0117s formos P. Dimovas, pasinaudodamas savo patirtimi, u\u017etikrintai \u017eaid\u0117 prie\u0161 Marijampol\u0117s \u201eS\u016bduv\u0105\u201c ir laim\u0117jo net 86 proc. dvikov\u0173.<\/p>\n<p>Aleksandras Lev\u0161inas (Vilniaus \u201eRiteriai\u201c):\u00a0Jeigu \u0161io visaginie\u010dio nekamuos traumos, A. Lev\u0161inas gali tapti vienu i\u0161 geriausi\u0173 kairi\u0173j\u0173 kra\u0161to gyn\u0117j\u0173 \u201eOptibet A lygoje\u201c. \u201eRiteri\u0173\u201c atstovas atliko rezultatyv\u0173 perdavim\u0105 bei gra\u017eiu reidu \u012ftvirtino antr\u0105 i\u0161 eil\u0117s komandos pergal\u0119.<\/p>\n<p>Benas Anisas (\u201eKauno \u017dalgiris\u201c):\u00a0Ne itin atsiskleid\u0119s Garg\u017ed\u0173 \u201eBangoje\u201c, ma\u017eeiki\u0161kis Kauno ekipoje rungtyniauja starto sud\u0117tyje ir pastarajame susitikime pasirod\u0117 s\u0117kmingai. B. Anisas peln\u0117 savo pirm\u0105 \u012fvart\u012f su \u201eKauno \u017dalgirio\u201c mar\u0161kin\u0117liais Lietuvos \u010dempionate, o taip pat pasi\u017eym\u0117jo 4 sm\u016bgiais bei 3 \u201eraktiniais\u201c perdavimais.<\/p>\n<p><iframe loading=\"lazy\" src=\"https:\/\/www.facebook.com\/plugins\/post.php?href=https%3A%2F%2Fwww.facebook.com%2Falygalt%2Fposts%2F10158119400702041&amp;show_text=true&amp;width=500\" width=\"100%\" height=\"\" frameborder=\"0\" scrolling=\"no\" allowfullscreen=\"allowfullscreen\" data-mce-fragment=\"1\"><\/iframe><\/p>\n<p><strong>Mantas Kuklys (Vilniaus \u201e\u017dalgiris\u201c):\u00a0<\/strong>\u012e starto sud\u0117t\u012f sugr\u012f\u017e\u0119s 34-eri\u0173 vidurio saugas netruko atidaryti \u012fvar\u010di\u0173 s\u0105skaitos \u0161iame sezone. Pasinaudoj\u0119s var\u017eovo klaida, M. Kuklys nukreip\u0117 kamuol\u012f \u012f Garg\u017ed\u0173 \u201eBangos\u201c vartus ir taip pat atliko 2 \u201eraktinius\u201c perdavimus.<\/p>\n<p>Danielis Romanovskis (FA \u201e\u0160iauliai\u201c):\u00a0Tarpsezoniu prie Saul\u0117s miesto ekipos prisijung\u0119s vilnietis peln\u0117 \u012fvart\u012f jau su penktos komandos mar\u0161kin\u0117liais, kuriai atstovauja. Be taiklaus sm\u016bgio akistatoje su \u201eJonava\u201c, vidurio saugas kontratakos metu atliko rezultatyv\u0173 perdavim\u0105.<\/p>\n<p>Ernestas Veliulis (\u201ePanev\u0117\u017eys\u201c):\u00a0Panev\u0117\u017eie\u010diams Kaune ma\u010das klost\u0117si labai sunkiai \u2013 nema\u017e\u0105 laiko dal\u012f teko atkakliai gintis, o rungtyni\u0173 negal\u0117jus\u012f t\u0119sti lyder\u012f Elivelto pakeit\u0117 E. Veliulis. Vis tik b\u016btent laiku \u012f baudos aik\u0161tel\u0119 \u012fkirt\u0119s saugas ir tapo pergalingo \u012fvar\u010dio autoriumi.<\/p>\n<p>Michaelas Thuique (\u201eKauno \u017dalgiris\u201c): Labai naudingai pra\u0117jusiame sezone rungtyniav\u0119s brazilas tre\u010diose \u0161i\u0173 met\u0173 rungtyn\u0117se i\u0161siskyr\u0117 \u012fvar\u010diu. Tai toli gra\u017eu nebuvo patsefektingiausias M. Thuique pasirodymas, ta\u010diau ir 3-iajame ture puol\u0117jai kaln\u0173 nenuvert\u0117.<\/p>\n<p>Art\u016bras Dol\u017enikovas (Vilniaus \u201eRiteriai\u201c):\u00a0Ver\u017eliai rungtyniav\u0119s \u201eRiteri\u0173\u201c futbolininkas individualiu meistri\u0161kumu susik\u016br\u0117 sau prog\u0105 bei peln\u0117 gra\u017e\u0173 \u012fvart\u012f, be to, suk\u016br\u0117 puiki\u0105 prog\u0105 naudingai \u017eaidusiam, ta\u010diau taikliu sm\u016bgiu taip ir nepasi\u017eym\u0117jusiam Gy\u010diui Paulauskui. Jei A. Dol\u017enikovo nekamuos traumos, tai gali b\u016bti vienas ry\u0161kiausi\u0173 \u0161io sezono \u201eOptibet A lygos\u201c \u017eaid\u0117j\u0173.<\/p>\n","protected":false},"excerpt":{"rendered":"<p>\u012e \u201eOptibet A lygos\u201c 3 turo simbolin\u0119 rinktin\u0119 pateko \u017ealgirietis Mantas Kuklys. Turo rinktin\u0117: Rafaelis Broetto (\u201ePanev\u0117\u017eys\u201c):\u00a0Vartininkas i\u0161 Brazilijos ir toliau n\u0117ra praleid\u0119s n\u0117 vieno\u2026<\/p>\n","protected":false},"author":4,"featured_media":0,"comment_status":"closed","ping_status":"closed","sticky":false,"template":"","format":"standard","meta":{"_acf_changed":false,"footnotes":""},"categories":[87],"class_list":["post-8018","post","type-post","status-publish","format-standard","hentry","category-zalgiris"],"acf":[],"yoast_head":"<!-- This site is optimized with the Yoast SEO plugin v26.8 - https:\/\/yoast.com\/product\/yoast-seo-wordpress\/ -->\n<title>Turo rinktin\u0117je - M. Kuklys - FK \u017dalgiris<\/title>\n<meta name=\"robots\" content=\"index, follow, max-snippet:-1, max-image-preview:large, max-video-preview:-1\" \/>\n<link rel=\"canonical\" href=\"https:\/\/fkzalgiris.lt\/turo-rinktineje-m-kuklys\/\" \/>\n<meta property=\"og:locale\" content=\"lt_LT\" \/>\n<meta property=\"og:type\" content=\"article\" \/>\n<meta property=\"og:title\" content=\"Turo rinktin\u0117je - M. Kuklys - FK \u017dalgiris\" \/>\n<meta property=\"og:description\" content=\"\u012e \u201eOptibet A lygos\u201c 3 turo simbolin\u0119 rinktin\u0119 pateko \u017ealgirietis Mantas Kuklys. Turo rinktin\u0117: Rafaelis Broetto (\u201ePanev\u0117\u017eys\u201c):\u00a0Vartininkas i\u0161 Brazilijos ir toliau n\u0117ra praleid\u0119s n\u0117 vieno\u2026\" \/>\n<meta property=\"og:url\" content=\"https:\/\/fkzalgiris.lt\/turo-rinktineje-m-kuklys\/\" \/>\n<meta property=\"og:site_name\" content=\"FK \u017dalgiris\" \/>\n<meta property=\"article:publisher\" content=\"https:\/\/www.facebook.com\/fkzalgiris\/\" \/>\n<meta property=\"article:published_time\" content=\"2022-03-19T16:02:32+00:00\" \/>\n<meta property=\"og:image\" content=\"https:\/\/fkzalgiris.lt\/wp-content\/uploads\/2024\/02\/social-horiz_Zalgiris_logo_2024.png\" \/>\n\t<meta property=\"og:image:width\" content=\"3356\" \/>\n\t<meta property=\"og:image:height\" content=\"2259\" \/>\n\t<meta property=\"og:image:type\" content=\"image\/png\" \/>\n<meta name=\"author\" content=\"J\" \/>\n<meta name=\"twitter:card\" content=\"summary_large_image\" \/>\n<meta name=\"twitter:creator\" content=\"@fkzalgiris\" \/>\n<meta name=\"twitter:site\" content=\"@fkzalgiris\" \/>\n<meta name=\"twitter:label1\" content=\"Written by\" \/>\n\t<meta name=\"twitter:data1\" content=\"J\" \/>\n\t<meta name=\"twitter:label2\" content=\"Est. reading time\" \/>\n\t<meta name=\"twitter:data2\" content=\"3 minut\u0117s\" \/>\n<script type=\"application\/ld+json\" class=\"yoast-schema-graph\">{\"@context\":\"https:\/\/schema.org\",\"@graph\":[{\"@type\":\"Article\",\"@id\":\"https:\/\/fkzalgiris.lt\/turo-rinktineje-m-kuklys\/#article\",\"isPartOf\":{\"@id\":\"https:\/\/fkzalgiris.lt\/turo-rinktineje-m-kuklys\/\"},\"author\":{\"name\":\"J\",\"@id\":\"https:\/\/fkzalgiris.lt\/#\/schema\/person\/8604babbba794a7d8767be324a3eaac8\"},\"headline\":\"Turo rinktin\u0117je &#8211; M. Kuklys\",\"datePublished\":\"2022-03-19T16:02:32+00:00\",\"mainEntityOfPage\":{\"@id\":\"https:\/\/fkzalgiris.lt\/turo-rinktineje-m-kuklys\/\"},\"wordCount\":526,\"publisher\":{\"@id\":\"https:\/\/fkzalgiris.lt\/#organization\"},\"articleSection\":[\"\u017dalgiris\"],\"inLanguage\":\"lt-LT\"},{\"@type\":\"WebPage\",\"@id\":\"https:\/\/fkzalgiris.lt\/turo-rinktineje-m-kuklys\/\",\"url\":\"https:\/\/fkzalgiris.lt\/turo-rinktineje-m-kuklys\/\",\"name\":\"Turo rinktin\u0117je - M. Kuklys - FK \u017dalgiris\",\"isPartOf\":{\"@id\":\"https:\/\/fkzalgiris.lt\/#website\"},\"datePublished\":\"2022-03-19T16:02:32+00:00\",\"breadcrumb\":{\"@id\":\"https:\/\/fkzalgiris.lt\/turo-rinktineje-m-kuklys\/#breadcrumb\"},\"inLanguage\":\"lt-LT\",\"potentialAction\":[{\"@type\":\"ReadAction\",\"target\":[\"https:\/\/fkzalgiris.lt\/turo-rinktineje-m-kuklys\/\"]}]},{\"@type\":\"BreadcrumbList\",\"@id\":\"https:\/\/fkzalgiris.lt\/turo-rinktineje-m-kuklys\/#breadcrumb\",\"itemListElement\":[{\"@type\":\"ListItem\",\"position\":1,\"name\":\"Home\",\"item\":\"https:\/\/fkzalgiris.lt\/\"},{\"@type\":\"ListItem\",\"position\":2,\"name\":\"Turo rinktin\u0117je &#8211; M. Kuklys\"}]},{\"@type\":\"WebSite\",\"@id\":\"https:\/\/fkzalgiris.lt\/#website\",\"url\":\"https:\/\/fkzalgiris.lt\/\",\"name\":\"FK \u017dalgiris\",\"description\":\"oficiali Vilniaus \u201e\u017dalgirio\u201c futbolo klubo svetain\u0117\",\"publisher\":{\"@id\":\"https:\/\/fkzalgiris.lt\/#organization\"},\"potentialAction\":[{\"@type\":\"SearchAction\",\"target\":{\"@type\":\"EntryPoint\",\"urlTemplate\":\"https:\/\/fkzalgiris.lt\/?s={search_term_string}\"},\"query-input\":{\"@type\":\"PropertyValueSpecification\",\"valueRequired\":true,\"valueName\":\"search_term_string\"}}],\"inLanguage\":\"lt-LT\"},{\"@type\":\"Organization\",\"@id\":\"https:\/\/fkzalgiris.lt\/#organization\",\"name\":\"FK \u017dalgiris\",\"url\":\"https:\/\/fkzalgiris.lt\/\",\"logo\":{\"@type\":\"ImageObject\",\"inLanguage\":\"lt-LT\",\"@id\":\"https:\/\/fkzalgiris.lt\/#\/schema\/logo\/image\/\",\"url\":\"https:\/\/fkzalgiris.lt\/wp-content\/uploads\/2024\/01\/horiz-FK-Zalgiris-logo-2015.png\",\"contentUrl\":\"https:\/\/fkzalgiris.lt\/wp-content\/uploads\/2024\/01\/horiz-FK-Zalgiris-logo-2015.png\",\"width\":3073,\"height\":2048,\"caption\":\"FK \u017dalgiris\"},\"image\":{\"@id\":\"https:\/\/fkzalgiris.lt\/#\/schema\/logo\/image\/\"},\"sameAs\":[\"https:\/\/www.facebook.com\/fkzalgiris\/\",\"https:\/\/x.com\/fkzalgiris\",\"https:\/\/www.instagram.com\/fkzalgiris\/\",\"https:\/\/www.youtube.com\/channel\/UC1ag8JLxGirltMUoLlzfZLA\"]},{\"@type\":\"Person\",\"@id\":\"https:\/\/fkzalgiris.lt\/#\/schema\/person\/8604babbba794a7d8767be324a3eaac8\",\"name\":\"J\"}]}<\/script>\n<!-- \/ Yoast SEO plugin. -->","yoast_head_json":{"title":"Turo rinktin\u0117je - M. Kuklys - FK \u017dalgiris","robots":{"index":"index","follow":"follow","max-snippet":"max-snippet:-1","max-image-preview":"max-image-preview:large","max-video-preview":"max-video-preview:-1"},"canonical":"https:\/\/fkzalgiris.lt\/turo-rinktineje-m-kuklys\/","og_locale":"lt_LT","og_type":"article","og_title":"Turo rinktin\u0117je - M. Kuklys - FK \u017dalgiris","og_description":"\u012e \u201eOptibet A lygos\u201c 3 turo simbolin\u0119 rinktin\u0119 pateko \u017ealgirietis Mantas Kuklys. Turo rinktin\u0117: Rafaelis Broetto (\u201ePanev\u0117\u017eys\u201c):\u00a0Vartininkas i\u0161 Brazilijos ir toliau n\u0117ra praleid\u0119s n\u0117 vieno\u2026","og_url":"https:\/\/fkzalgiris.lt\/turo-rinktineje-m-kuklys\/","og_site_name":"FK \u017dalgiris","article_publisher":"https:\/\/www.facebook.com\/fkzalgiris\/","article_published_time":"2022-03-19T16:02:32+00:00","og_image":[{"width":3356,"height":2259,"url":"https:\/\/fkzalgiris.lt\/wp-content\/uploads\/2024\/02\/social-horiz_Zalgiris_logo_2024.png","type":"image\/png"}],"author":"J","twitter_card":"summary_large_image","twitter_creator":"@fkzalgiris","twitter_site":"@fkzalgiris","twitter_misc":{"Written by":"J","Est. reading time":"3 minut\u0117s"},"schema":{"@context":"https:\/\/schema.org","@graph":[{"@type":"Article","@id":"https:\/\/fkzalgiris.lt\/turo-rinktineje-m-kuklys\/#article","isPartOf":{"@id":"https:\/\/fkzalgiris.lt\/turo-rinktineje-m-kuklys\/"},"author":{"name":"J","@id":"https:\/\/fkzalgiris.lt\/#\/schema\/person\/8604babbba794a7d8767be324a3eaac8"},"headline":"Turo rinktin\u0117je &#8211; M. Kuklys","datePublished":"2022-03-19T16:02:32+00:00","mainEntityOfPage":{"@id":"https:\/\/fkzalgiris.lt\/turo-rinktineje-m-kuklys\/"},"wordCount":526,"publisher":{"@id":"https:\/\/fkzalgiris.lt\/#organization"},"articleSection":["\u017dalgiris"],"inLanguage":"lt-LT"},{"@type":"WebPage","@id":"https:\/\/fkzalgiris.lt\/turo-rinktineje-m-kuklys\/","url":"https:\/\/fkzalgiris.lt\/turo-rinktineje-m-kuklys\/","name":"Turo rinktin\u0117je - M. Kuklys - FK \u017dalgiris","isPartOf":{"@id":"https:\/\/fkzalgiris.lt\/#website"},"datePublished":"2022-03-19T16:02:32+00:00","breadcrumb":{"@id":"https:\/\/fkzalgiris.lt\/turo-rinktineje-m-kuklys\/#breadcrumb"},"inLanguage":"lt-LT","potentialAction":[{"@type":"ReadAction","target":["https:\/\/fkzalgiris.lt\/turo-rinktineje-m-kuklys\/"]}]},{"@type":"BreadcrumbList","@id":"https:\/\/fkzalgiris.lt\/turo-rinktineje-m-kuklys\/#breadcrumb","itemListElement":[{"@type":"ListItem","position":1,"name":"Home","item":"https:\/\/fkzalgiris.lt\/"},{"@type":"ListItem","position":2,"name":"Turo rinktin\u0117je &#8211; M. Kuklys"}]},{"@type":"WebSite","@id":"https:\/\/fkzalgiris.lt\/#website","url":"https:\/\/fkzalgiris.lt\/","name":"FK \u017dalgiris","description":"oficiali Vilniaus \u201e\u017dalgirio\u201c futbolo klubo svetain\u0117","publisher":{"@id":"https:\/\/fkzalgiris.lt\/#organization"},"potentialAction":[{"@type":"SearchAction","target":{"@type":"EntryPoint","urlTemplate":"https:\/\/fkzalgiris.lt\/?s={search_term_string}"},"query-input":{"@type":"PropertyValueSpecification","valueRequired":true,"valueName":"search_term_string"}}],"inLanguage":"lt-LT"},{"@type":"Organization","@id":"https:\/\/fkzalgiris.lt\/#organization","name":"FK \u017dalgiris","url":"https:\/\/fkzalgiris.lt\/","logo":{"@type":"ImageObject","inLanguage":"lt-LT","@id":"https:\/\/fkzalgiris.lt\/#\/schema\/logo\/image\/","url":"https:\/\/fkzalgiris.lt\/wp-content\/uploads\/2024\/01\/horiz-FK-Zalgiris-logo-2015.png","contentUrl":"https:\/\/fkzalgiris.lt\/wp-content\/uploads\/2024\/01\/horiz-FK-Zalgiris-logo-2015.png","width":3073,"height":2048,"caption":"FK \u017dalgiris"},"image":{"@id":"https:\/\/fkzalgiris.lt\/#\/schema\/logo\/image\/"},"sameAs":["https:\/\/www.facebook.com\/fkzalgiris\/","https:\/\/x.com\/fkzalgiris","https:\/\/www.instagram.com\/fkzalgiris\/","https:\/\/www.youtube.com\/channel\/UC1ag8JLxGirltMUoLlzfZLA"]},{"@type":"Person","@id":"https:\/\/fkzalgiris.lt\/#\/schema\/person\/8604babbba794a7d8767be324a3eaac8","name":"J"}]}},"_links":{"self":[{"href":"https:\/\/fkzalgiris.lt\/api\/wp\/v2\/posts\/8018","targetHints":{"allow":["GET"]}}],"collection":[{"href":"https:\/\/fkzalgiris.lt\/api\/wp\/v2\/posts"}],"about":[{"href":"https:\/\/fkzalgiris.lt\/api\/wp\/v2\/types\/post"}],"author":[{"embeddable":true,"href":"https:\/\/fkzalgiris.lt\/api\/wp\/v2\/users\/4"}],"replies":[{"embeddable":true,"href":"https:\/\/fkzalgiris.lt\/api\/wp\/v2\/comments?post=8018"}],"version-history":[{"count":2,"href":"https:\/\/fkzalgiris.lt\/api\/wp\/v2\/posts\/8018\/revisions"}],"predecessor-version":[{"id":8021,"href":"https:\/\/fkzalgiris.lt\/api\/wp\/v2\/posts\/8018\/revisions\/8021"}],"wp:attachment":[{"href":"https:\/\/fkzalgiris.lt\/api\/wp\/v2\/media?parent=8018"}],"wp:term":[{"taxonomy":"category","embeddable":true,"href":"https:\/\/fkzalgiris.lt\/api\/wp\/v2\/categories?post=8018"}],"curies":[{"name":"wp","href":"https:\/\/api.w.org\/{rel}","templated":true}]}}