{"id":7950,"date":"2022-03-17T12:36:33","date_gmt":"2022-03-17T10:36:33","guid":{"rendered":"https:\/\/fkzalgiris.lt\/?p=7950"},"modified":"2022-03-18T11:44:39","modified_gmt":"2022-03-18T09:44:39","slug":"rinktinei-atstovaus-keturi-zalgirieciai","status":"publish","type":"post","link":"https:\/\/fkzalgiris.lt\/rinktinei-atstovaus-keturi-zalgirieciai\/","title":{"rendered":"Vyr\u0173 rinktinei atstovaus keturi \u017ealgirie\u010diai"},"content":{"rendered":"<p>\u012e Lietuvos vyr\u0173 rinktin\u0119 pakviesti keturi \u017ealgirie\u010diai: Edvinas Gertmonas, Saulius Mikoli\u016bnas, Donatas Kazlauskas ir Ovidijus Verbickas.<\/p>\n<p>S. Mikoli\u016bnas pastar\u0105j\u012f kart\u0105 rinktine atstovavo 2021 met\u0173 bir\u017eel\u012f. Pra\u0117jusi\u0173 met\u0173 ruden\u012f d\u0117l traumos jis rinktin\u0117je ne\u017eaid\u0117.<\/p>\n<p>Pirm\u0105 kart\u0105 \u0161iemet Lietuvos rinktin\u0117 \u012f stovykl\u0105 rinksis nuo kitos savait\u0117s. Kovo pabaigoje lietuvi\u0173 laukia dvejos kontrolin\u0117s rungtyn\u0117s.<\/p>\n<p>Kovo 25 d. Lietuva sve\u010diuose \u017eais su San Marino ekipa, o kovo 29 d. \u2013 su Airijos rinktine.<\/p>\n<p>Rinktin\u0117je taip pat bus buv\u0119 \u017ealgirie\u010diai D\u017eiugas Bartkus, Ignas Pl\u016bkas, Rolandas Baravykas, Egidijus Vaitk\u016bnas, Linas Klimavi\u010dius, Justas Lasickas.<\/p>\n<p><iframe loading=\"lazy\" style=\"border: none; overflow: hidden;\" src=\"https:\/\/www.facebook.com\/plugins\/post.php?href=https%3A%2F%2Fwww.facebook.com%2FLTUfutbolas%2Fposts%2F4611532325617550&amp;show_text=true&amp;width=500\" width=\"500\" height=\"610\" frameborder=\"0\" scrolling=\"no\" allowfullscreen=\"allowfullscreen\"><\/iframe><\/p>\n","protected":false},"excerpt":{"rendered":"<p>\u012e Lietuvos vyr\u0173 rinktin\u0119 pakviesti keturi \u017ealgirie\u010diai: Edvinas Gertmonas, Saulius Mikoli\u016bnas, Donatas Kazlauskas ir Ovidijus Verbickas. S. Mikoli\u016bnas pastar\u0105j\u012f kart\u0105 rinktine atstovavo 2021 met\u0173 bir\u017eel\u012f.\u2026<\/p>\n","protected":false},"author":4,"featured_media":0,"comment_status":"closed","ping_status":"closed","sticky":false,"template":"","format":"standard","meta":{"_acf_changed":false,"footnotes":""},"categories":[87],"class_list":["post-7950","post","type-post","status-publish","format-standard","hentry","category-zalgiris"],"acf":[],"yoast_head":"<!-- This site is optimized with the Yoast SEO plugin v26.8 - https:\/\/yoast.com\/product\/yoast-seo-wordpress\/ -->\n<title>Vyr\u0173 rinktinei atstovaus keturi \u017ealgirie\u010diai - FK \u017dalgiris<\/title>\n<meta name=\"robots\" content=\"index, follow, max-snippet:-1, max-image-preview:large, max-video-preview:-1\" \/>\n<link rel=\"canonical\" href=\"https:\/\/fkzalgiris.lt\/rinktinei-atstovaus-keturi-zalgirieciai\/\" \/>\n<meta property=\"og:locale\" content=\"lt_LT\" \/>\n<meta property=\"og:type\" content=\"article\" \/>\n<meta property=\"og:title\" content=\"Vyr\u0173 rinktinei atstovaus keturi \u017ealgirie\u010diai - FK \u017dalgiris\" \/>\n<meta property=\"og:description\" content=\"\u012e Lietuvos vyr\u0173 rinktin\u0119 pakviesti keturi \u017ealgirie\u010diai: Edvinas Gertmonas, Saulius Mikoli\u016bnas, Donatas Kazlauskas ir Ovidijus Verbickas. S. Mikoli\u016bnas pastar\u0105j\u012f kart\u0105 rinktine atstovavo 2021 met\u0173 bir\u017eel\u012f.\u2026\" \/>\n<meta property=\"og:url\" content=\"https:\/\/fkzalgiris.lt\/rinktinei-atstovaus-keturi-zalgirieciai\/\" \/>\n<meta property=\"og:site_name\" content=\"FK \u017dalgiris\" \/>\n<meta property=\"article:publisher\" content=\"https:\/\/www.facebook.com\/fkzalgiris\/\" \/>\n<meta property=\"article:published_time\" content=\"2022-03-17T10:36:33+00:00\" \/>\n<meta property=\"article:modified_time\" content=\"2022-03-18T09:44:39+00:00\" \/>\n<meta property=\"og:image\" content=\"https:\/\/fkzalgiris.lt\/wp-content\/uploads\/2024\/02\/social-horiz_Zalgiris_logo_2024.png\" \/>\n\t<meta property=\"og:image:width\" content=\"3356\" \/>\n\t<meta property=\"og:image:height\" content=\"2259\" \/>\n\t<meta property=\"og:image:type\" content=\"image\/png\" \/>\n<meta name=\"author\" content=\"J\" \/>\n<meta name=\"twitter:card\" content=\"summary_large_image\" \/>\n<meta name=\"twitter:creator\" content=\"@fkzalgiris\" \/>\n<meta name=\"twitter:site\" content=\"@fkzalgiris\" \/>\n<meta name=\"twitter:label1\" content=\"Written by\" \/>\n\t<meta name=\"twitter:data1\" content=\"J\" \/>\n\t<meta name=\"twitter:label2\" content=\"Est. reading time\" \/>\n\t<meta name=\"twitter:data2\" content=\"1 minut\u0117\" \/>\n<script type=\"application\/ld+json\" class=\"yoast-schema-graph\">{\"@context\":\"https:\/\/schema.org\",\"@graph\":[{\"@type\":\"Article\",\"@id\":\"https:\/\/fkzalgiris.lt\/rinktinei-atstovaus-keturi-zalgirieciai\/#article\",\"isPartOf\":{\"@id\":\"https:\/\/fkzalgiris.lt\/rinktinei-atstovaus-keturi-zalgirieciai\/\"},\"author\":{\"name\":\"J\",\"@id\":\"https:\/\/fkzalgiris.lt\/#\/schema\/person\/8604babbba794a7d8767be324a3eaac8\"},\"headline\":\"Vyr\u0173 rinktinei atstovaus keturi \u017ealgirie\u010diai\",\"datePublished\":\"2022-03-17T10:36:33+00:00\",\"dateModified\":\"2022-03-18T09:44:39+00:00\",\"mainEntityOfPage\":{\"@id\":\"https:\/\/fkzalgiris.lt\/rinktinei-atstovaus-keturi-zalgirieciai\/\"},\"wordCount\":106,\"publisher\":{\"@id\":\"https:\/\/fkzalgiris.lt\/#organization\"},\"articleSection\":[\"\u017dalgiris\"],\"inLanguage\":\"lt-LT\"},{\"@type\":\"WebPage\",\"@id\":\"https:\/\/fkzalgiris.lt\/rinktinei-atstovaus-keturi-zalgirieciai\/\",\"url\":\"https:\/\/fkzalgiris.lt\/rinktinei-atstovaus-keturi-zalgirieciai\/\",\"name\":\"Vyr\u0173 rinktinei atstovaus keturi \u017ealgirie\u010diai - FK \u017dalgiris\",\"isPartOf\":{\"@id\":\"https:\/\/fkzalgiris.lt\/#website\"},\"datePublished\":\"2022-03-17T10:36:33+00:00\",\"dateModified\":\"2022-03-18T09:44:39+00:00\",\"breadcrumb\":{\"@id\":\"https:\/\/fkzalgiris.lt\/rinktinei-atstovaus-keturi-zalgirieciai\/#breadcrumb\"},\"inLanguage\":\"lt-LT\",\"potentialAction\":[{\"@type\":\"ReadAction\",\"target\":[\"https:\/\/fkzalgiris.lt\/rinktinei-atstovaus-keturi-zalgirieciai\/\"]}]},{\"@type\":\"BreadcrumbList\",\"@id\":\"https:\/\/fkzalgiris.lt\/rinktinei-atstovaus-keturi-zalgirieciai\/#breadcrumb\",\"itemListElement\":[{\"@type\":\"ListItem\",\"position\":1,\"name\":\"Home\",\"item\":\"https:\/\/fkzalgiris.lt\/\"},{\"@type\":\"ListItem\",\"position\":2,\"name\":\"Vyr\u0173 rinktinei atstovaus keturi \u017ealgirie\u010diai\"}]},{\"@type\":\"WebSite\",\"@id\":\"https:\/\/fkzalgiris.lt\/#website\",\"url\":\"https:\/\/fkzalgiris.lt\/\",\"name\":\"FK \u017dalgiris\",\"description\":\"oficiali Vilniaus \u201e\u017dalgirio\u201c futbolo klubo svetain\u0117\",\"publisher\":{\"@id\":\"https:\/\/fkzalgiris.lt\/#organization\"},\"potentialAction\":[{\"@type\":\"SearchAction\",\"target\":{\"@type\":\"EntryPoint\",\"urlTemplate\":\"https:\/\/fkzalgiris.lt\/?s={search_term_string}\"},\"query-input\":{\"@type\":\"PropertyValueSpecification\",\"valueRequired\":true,\"valueName\":\"search_term_string\"}}],\"inLanguage\":\"lt-LT\"},{\"@type\":\"Organization\",\"@id\":\"https:\/\/fkzalgiris.lt\/#organization\",\"name\":\"FK \u017dalgiris\",\"url\":\"https:\/\/fkzalgiris.lt\/\",\"logo\":{\"@type\":\"ImageObject\",\"inLanguage\":\"lt-LT\",\"@id\":\"https:\/\/fkzalgiris.lt\/#\/schema\/logo\/image\/\",\"url\":\"https:\/\/fkzalgiris.lt\/wp-content\/uploads\/2024\/01\/horiz-FK-Zalgiris-logo-2015.png\",\"contentUrl\":\"https:\/\/fkzalgiris.lt\/wp-content\/uploads\/2024\/01\/horiz-FK-Zalgiris-logo-2015.png\",\"width\":3073,\"height\":2048,\"caption\":\"FK \u017dalgiris\"},\"image\":{\"@id\":\"https:\/\/fkzalgiris.lt\/#\/schema\/logo\/image\/\"},\"sameAs\":[\"https:\/\/www.facebook.com\/fkzalgiris\/\",\"https:\/\/x.com\/fkzalgiris\",\"https:\/\/www.instagram.com\/fkzalgiris\/\",\"https:\/\/www.youtube.com\/channel\/UC1ag8JLxGirltMUoLlzfZLA\"]},{\"@type\":\"Person\",\"@id\":\"https:\/\/fkzalgiris.lt\/#\/schema\/person\/8604babbba794a7d8767be324a3eaac8\",\"name\":\"J\"}]}<\/script>\n<!-- \/ Yoast SEO plugin. -->","yoast_head_json":{"title":"Vyr\u0173 rinktinei atstovaus keturi \u017ealgirie\u010diai - FK \u017dalgiris","robots":{"index":"index","follow":"follow","max-snippet":"max-snippet:-1","max-image-preview":"max-image-preview:large","max-video-preview":"max-video-preview:-1"},"canonical":"https:\/\/fkzalgiris.lt\/rinktinei-atstovaus-keturi-zalgirieciai\/","og_locale":"lt_LT","og_type":"article","og_title":"Vyr\u0173 rinktinei atstovaus keturi \u017ealgirie\u010diai - FK \u017dalgiris","og_description":"\u012e Lietuvos vyr\u0173 rinktin\u0119 pakviesti keturi \u017ealgirie\u010diai: Edvinas Gertmonas, Saulius Mikoli\u016bnas, Donatas Kazlauskas ir Ovidijus Verbickas. S. Mikoli\u016bnas pastar\u0105j\u012f kart\u0105 rinktine atstovavo 2021 met\u0173 bir\u017eel\u012f.\u2026","og_url":"https:\/\/fkzalgiris.lt\/rinktinei-atstovaus-keturi-zalgirieciai\/","og_site_name":"FK \u017dalgiris","article_publisher":"https:\/\/www.facebook.com\/fkzalgiris\/","article_published_time":"2022-03-17T10:36:33+00:00","article_modified_time":"2022-03-18T09:44:39+00:00","og_image":[{"width":3356,"height":2259,"url":"https:\/\/fkzalgiris.lt\/wp-content\/uploads\/2024\/02\/social-horiz_Zalgiris_logo_2024.png","type":"image\/png"}],"author":"J","twitter_card":"summary_large_image","twitter_creator":"@fkzalgiris","twitter_site":"@fkzalgiris","twitter_misc":{"Written by":"J","Est. reading time":"1 minut\u0117"},"schema":{"@context":"https:\/\/schema.org","@graph":[{"@type":"Article","@id":"https:\/\/fkzalgiris.lt\/rinktinei-atstovaus-keturi-zalgirieciai\/#article","isPartOf":{"@id":"https:\/\/fkzalgiris.lt\/rinktinei-atstovaus-keturi-zalgirieciai\/"},"author":{"name":"J","@id":"https:\/\/fkzalgiris.lt\/#\/schema\/person\/8604babbba794a7d8767be324a3eaac8"},"headline":"Vyr\u0173 rinktinei atstovaus keturi \u017ealgirie\u010diai","datePublished":"2022-03-17T10:36:33+00:00","dateModified":"2022-03-18T09:44:39+00:00","mainEntityOfPage":{"@id":"https:\/\/fkzalgiris.lt\/rinktinei-atstovaus-keturi-zalgirieciai\/"},"wordCount":106,"publisher":{"@id":"https:\/\/fkzalgiris.lt\/#organization"},"articleSection":["\u017dalgiris"],"inLanguage":"lt-LT"},{"@type":"WebPage","@id":"https:\/\/fkzalgiris.lt\/rinktinei-atstovaus-keturi-zalgirieciai\/","url":"https:\/\/fkzalgiris.lt\/rinktinei-atstovaus-keturi-zalgirieciai\/","name":"Vyr\u0173 rinktinei atstovaus keturi \u017ealgirie\u010diai - FK \u017dalgiris","isPartOf":{"@id":"https:\/\/fkzalgiris.lt\/#website"},"datePublished":"2022-03-17T10:36:33+00:00","dateModified":"2022-03-18T09:44:39+00:00","breadcrumb":{"@id":"https:\/\/fkzalgiris.lt\/rinktinei-atstovaus-keturi-zalgirieciai\/#breadcrumb"},"inLanguage":"lt-LT","potentialAction":[{"@type":"ReadAction","target":["https:\/\/fkzalgiris.lt\/rinktinei-atstovaus-keturi-zalgirieciai\/"]}]},{"@type":"BreadcrumbList","@id":"https:\/\/fkzalgiris.lt\/rinktinei-atstovaus-keturi-zalgirieciai\/#breadcrumb","itemListElement":[{"@type":"ListItem","position":1,"name":"Home","item":"https:\/\/fkzalgiris.lt\/"},{"@type":"ListItem","position":2,"name":"Vyr\u0173 rinktinei atstovaus keturi \u017ealgirie\u010diai"}]},{"@type":"WebSite","@id":"https:\/\/fkzalgiris.lt\/#website","url":"https:\/\/fkzalgiris.lt\/","name":"FK \u017dalgiris","description":"oficiali Vilniaus \u201e\u017dalgirio\u201c futbolo klubo svetain\u0117","publisher":{"@id":"https:\/\/fkzalgiris.lt\/#organization"},"potentialAction":[{"@type":"SearchAction","target":{"@type":"EntryPoint","urlTemplate":"https:\/\/fkzalgiris.lt\/?s={search_term_string}"},"query-input":{"@type":"PropertyValueSpecification","valueRequired":true,"valueName":"search_term_string"}}],"inLanguage":"lt-LT"},{"@type":"Organization","@id":"https:\/\/fkzalgiris.lt\/#organization","name":"FK \u017dalgiris","url":"https:\/\/fkzalgiris.lt\/","logo":{"@type":"ImageObject","inLanguage":"lt-LT","@id":"https:\/\/fkzalgiris.lt\/#\/schema\/logo\/image\/","url":"https:\/\/fkzalgiris.lt\/wp-content\/uploads\/2024\/01\/horiz-FK-Zalgiris-logo-2015.png","contentUrl":"https:\/\/fkzalgiris.lt\/wp-content\/uploads\/2024\/01\/horiz-FK-Zalgiris-logo-2015.png","width":3073,"height":2048,"caption":"FK \u017dalgiris"},"image":{"@id":"https:\/\/fkzalgiris.lt\/#\/schema\/logo\/image\/"},"sameAs":["https:\/\/www.facebook.com\/fkzalgiris\/","https:\/\/x.com\/fkzalgiris","https:\/\/www.instagram.com\/fkzalgiris\/","https:\/\/www.youtube.com\/channel\/UC1ag8JLxGirltMUoLlzfZLA"]},{"@type":"Person","@id":"https:\/\/fkzalgiris.lt\/#\/schema\/person\/8604babbba794a7d8767be324a3eaac8","name":"J"}]}},"_links":{"self":[{"href":"https:\/\/fkzalgiris.lt\/api\/wp\/v2\/posts\/7950","targetHints":{"allow":["GET"]}}],"collection":[{"href":"https:\/\/fkzalgiris.lt\/api\/wp\/v2\/posts"}],"about":[{"href":"https:\/\/fkzalgiris.lt\/api\/wp\/v2\/types\/post"}],"author":[{"embeddable":true,"href":"https:\/\/fkzalgiris.lt\/api\/wp\/v2\/users\/4"}],"replies":[{"embeddable":true,"href":"https:\/\/fkzalgiris.lt\/api\/wp\/v2\/comments?post=7950"}],"version-history":[{"count":6,"href":"https:\/\/fkzalgiris.lt\/api\/wp\/v2\/posts\/7950\/revisions"}],"predecessor-version":[{"id":8002,"href":"https:\/\/fkzalgiris.lt\/api\/wp\/v2\/posts\/7950\/revisions\/8002"}],"wp:attachment":[{"href":"https:\/\/fkzalgiris.lt\/api\/wp\/v2\/media?parent=7950"}],"wp:term":[{"taxonomy":"category","embeddable":true,"href":"https:\/\/fkzalgiris.lt\/api\/wp\/v2\/categories?post=7950"}],"curies":[{"name":"wp","href":"https:\/\/api.w.org\/{rel}","templated":true}]}}