{"id":7943,"date":"2022-03-16T20:54:09","date_gmt":"2022-03-16T18:54:09","guid":{"rendered":"https:\/\/fkzalgiris.lt\/?p=7943"},"modified":"2022-03-17T10:14:46","modified_gmt":"2022-03-17T08:14:46","slug":"gargzduose-pergale-nuleme-du-ivarciai-pirmajame-kelinyje","status":"publish","type":"post","link":"https:\/\/fkzalgiris.lt\/gargzduose-pergale-nuleme-du-ivarciai-pirmajame-kelinyje\/","title":{"rendered":"Garg\u017eduose pergal\u0119 nul\u0117m\u0117 du \u012fvar\u010diai pirmajame k\u0117linyje"},"content":{"rendered":"<p>Antr\u0105 pergal\u0119 i\u0161 trij\u0173 i\u0161kovoj\u0119s \u201e\u017dalgiris\u201c gr\u012f\u017eo \u012f Lietuvos \u010dempionato vir\u0161\u016bn\u0119. Vilnie\u010diai Garg\u017eduose 2:0 \u012ftikinamai nugal\u0117jo \u201eBangos\u201c komand\u0105.<\/p>\n<p>Pirmajame k\u0117linyje \u012fvar\u010dius peln\u0117 Mantas Kuklys ir Petaras Mami\u010dius.<\/p>\n<p>\u201e\u017dalgirio\u201c sud\u0117tyje po paskutini\u0173 rungtyni\u0173 \u012fvyko keturi pasikeitimai. Nuo prad\u017ei\u0173 rungtynes prad\u0117jo Mantas Kuklys, Gustas Jarusevi\u010dius, Saulius Mikoli\u016bnas ir Fabienas Ourega.<\/p>\n<p>Pirm\u0105 kart\u0105 \u0161iemet rungtynes lauke \u017eaid\u0119 \u017ealgirie\u010diai \u012f priek\u012f i\u0161siver\u017e\u0117 15 minut\u0119 \u2013 po G. Jarusevi\u010diaus perdavimo var\u017eov\u0173 gyn\u0117jas nesustabd\u0117 kamuolio, \u0161is atiteko M. Kukliui ir patyr\u0119s saugas sm\u016bgiavo tiksliai \u012f vart\u0173 kamp\u0105.<\/p>\n<p>21 min. ger\u0105 \u0161ans\u0105 tur\u0117jo ir \u0161eimininkai, bet po Shogo Yoshikawa sm\u016bgio galva vartus puikiai gelb\u0117jo Edvinas Gertmonas.<\/p>\n<p>V\u0117liau \u201eBangos\u201c vartininkas atr\u0117m\u0117 G. Jarusevi\u010diaus, S. Mikoli\u016bno sm\u016bgius, galva \u0161alia vart\u0173 sm\u016bgiavo F. Ourega, o 27 min. krito antrasis \u012fvartis.<\/p>\n<p>Po F. Kyeremeh perdavimo i\u0161 de\u0161inio kra\u0161to kamuolys atsid\u016br\u0117 kairiajame baudos aik\u0161tel\u0117s kra\u0161te, kur po Petaro Mami\u010diaus sm\u016bgio kamuolys i\u0161 prad\u017ei\u0173 pataik\u0117 \u012f virpst\u0105, bet at\u0161oko gyn\u0117jui ir \u0161is \u012fmu\u0161\u0117 \u012f vartus.<\/p>\n<p>Prie\u0161 pertrauk\u0105 F. Ourega ir F. Kyeremeh sm\u016bgius atr\u0117m\u0117 \u201eBangos\u201c vartininkas Kornelijus Smilingis, o \u0161eimininkai tur\u0117jo dar vien\u0105 \u0161ans\u0105, laimei Jeffersonas Reisas mu\u0161\u0117 pro \u0161al\u012f.<\/p>\n<p>Antrajame k\u0117linyje \u201e\u017dalgiris\u201c daug atakavo, bet vis pritr\u016bkdavo tikslumo. Netiksliai galva mu\u0161\u0117 J. Tadi\u010dius, \u012f neginamus vartus sm\u016bgiav\u0119s F. Kyeremeh pataik\u0117 \u012f skersin\u012f. K\u0117linio viduryje po Nicolas Gorobsovo galingo sm\u016bgio apsigyn\u0117 vartininkas.<\/p>\n<p>Rungtyni\u0173 pabaigoje geras \u0161ansais nepasinaudojo po keitimo aik\u0161t\u0117je pasirod\u0119 Marko MIli\u010dkovi\u010dius, Mathias Oyewusi \u2013 j\u0173 sm\u016bgius atr\u0117m\u0117 vartininkas, taip pat \u0161alia vart\u0173 mu\u0161\u0117 Jakubas Sylvestras.<\/p>\n<p>Kitas rungtynes \u201e\u017dalgiris\u201c \u017eais kovo 20 d. namuose su \u201eRiteriais\u201c.<\/p>\n","protected":false},"excerpt":{"rendered":"<p>Antr\u0105 pergal\u0119 i\u0161 trij\u0173 i\u0161kovoj\u0119s \u201e\u017dalgiris\u201c gr\u012f\u017eo \u012f Lietuvos \u010dempionato vir\u0161\u016bn\u0119. Vilnie\u010diai Garg\u017eduose 2:0 \u012ftikinamai nugal\u0117jo \u201eBangos\u201c komand\u0105. Pirmajame k\u0117linyje \u012fvar\u010dius peln\u0117 Mantas Kuklys ir\u2026<\/p>\n","protected":false},"author":4,"featured_media":0,"comment_status":"closed","ping_status":"closed","sticky":false,"template":"","format":"standard","meta":{"_acf_changed":false,"footnotes":""},"categories":[87],"class_list":["post-7943","post","type-post","status-publish","format-standard","hentry","category-zalgiris"],"acf":[],"yoast_head":"<!-- This site is optimized with the Yoast SEO plugin v26.8 - https:\/\/yoast.com\/product\/yoast-seo-wordpress\/ -->\n<title>Garg\u017eduose pergal\u0119 nul\u0117m\u0117 du \u012fvar\u010diai pirmajame k\u0117linyje - FK \u017dalgiris<\/title>\n<meta name=\"robots\" content=\"index, follow, max-snippet:-1, max-image-preview:large, max-video-preview:-1\" \/>\n<link rel=\"canonical\" href=\"https:\/\/fkzalgiris.lt\/gargzduose-pergale-nuleme-du-ivarciai-pirmajame-kelinyje\/\" \/>\n<meta property=\"og:locale\" content=\"lt_LT\" \/>\n<meta property=\"og:type\" content=\"article\" \/>\n<meta property=\"og:title\" content=\"Garg\u017eduose pergal\u0119 nul\u0117m\u0117 du \u012fvar\u010diai pirmajame k\u0117linyje - FK \u017dalgiris\" \/>\n<meta property=\"og:description\" content=\"Antr\u0105 pergal\u0119 i\u0161 trij\u0173 i\u0161kovoj\u0119s \u201e\u017dalgiris\u201c gr\u012f\u017eo \u012f Lietuvos \u010dempionato vir\u0161\u016bn\u0119. Vilnie\u010diai Garg\u017eduose 2:0 \u012ftikinamai nugal\u0117jo \u201eBangos\u201c komand\u0105. Pirmajame k\u0117linyje \u012fvar\u010dius peln\u0117 Mantas Kuklys ir\u2026\" \/>\n<meta property=\"og:url\" content=\"https:\/\/fkzalgiris.lt\/gargzduose-pergale-nuleme-du-ivarciai-pirmajame-kelinyje\/\" \/>\n<meta property=\"og:site_name\" content=\"FK \u017dalgiris\" \/>\n<meta property=\"article:publisher\" content=\"https:\/\/www.facebook.com\/fkzalgiris\/\" \/>\n<meta property=\"article:published_time\" content=\"2022-03-16T18:54:09+00:00\" \/>\n<meta property=\"article:modified_time\" content=\"2022-03-17T08:14:46+00:00\" \/>\n<meta property=\"og:image\" content=\"https:\/\/fkzalgiris.lt\/wp-content\/uploads\/2024\/02\/social-horiz_Zalgiris_logo_2024.png\" \/>\n\t<meta property=\"og:image:width\" content=\"3356\" \/>\n\t<meta property=\"og:image:height\" content=\"2259\" \/>\n\t<meta property=\"og:image:type\" content=\"image\/png\" \/>\n<meta name=\"author\" content=\"J\" \/>\n<meta name=\"twitter:card\" content=\"summary_large_image\" \/>\n<meta name=\"twitter:creator\" content=\"@fkzalgiris\" \/>\n<meta name=\"twitter:site\" content=\"@fkzalgiris\" \/>\n<meta name=\"twitter:label1\" content=\"Written by\" \/>\n\t<meta name=\"twitter:data1\" content=\"J\" \/>\n\t<meta name=\"twitter:label2\" content=\"Est. reading time\" \/>\n\t<meta name=\"twitter:data2\" content=\"1 minut\u0117\" \/>\n<script type=\"application\/ld+json\" class=\"yoast-schema-graph\">{\"@context\":\"https:\/\/schema.org\",\"@graph\":[{\"@type\":\"Article\",\"@id\":\"https:\/\/fkzalgiris.lt\/gargzduose-pergale-nuleme-du-ivarciai-pirmajame-kelinyje\/#article\",\"isPartOf\":{\"@id\":\"https:\/\/fkzalgiris.lt\/gargzduose-pergale-nuleme-du-ivarciai-pirmajame-kelinyje\/\"},\"author\":{\"name\":\"J\",\"@id\":\"https:\/\/fkzalgiris.lt\/#\/schema\/person\/8604babbba794a7d8767be324a3eaac8\"},\"headline\":\"Garg\u017eduose pergal\u0119 nul\u0117m\u0117 du \u012fvar\u010diai pirmajame k\u0117linyje\",\"datePublished\":\"2022-03-16T18:54:09+00:00\",\"dateModified\":\"2022-03-17T08:14:46+00:00\",\"mainEntityOfPage\":{\"@id\":\"https:\/\/fkzalgiris.lt\/gargzduose-pergale-nuleme-du-ivarciai-pirmajame-kelinyje\/\"},\"wordCount\":299,\"publisher\":{\"@id\":\"https:\/\/fkzalgiris.lt\/#organization\"},\"articleSection\":[\"\u017dalgiris\"],\"inLanguage\":\"lt-LT\"},{\"@type\":\"WebPage\",\"@id\":\"https:\/\/fkzalgiris.lt\/gargzduose-pergale-nuleme-du-ivarciai-pirmajame-kelinyje\/\",\"url\":\"https:\/\/fkzalgiris.lt\/gargzduose-pergale-nuleme-du-ivarciai-pirmajame-kelinyje\/\",\"name\":\"Garg\u017eduose pergal\u0119 nul\u0117m\u0117 du \u012fvar\u010diai pirmajame k\u0117linyje - FK \u017dalgiris\",\"isPartOf\":{\"@id\":\"https:\/\/fkzalgiris.lt\/#website\"},\"datePublished\":\"2022-03-16T18:54:09+00:00\",\"dateModified\":\"2022-03-17T08:14:46+00:00\",\"breadcrumb\":{\"@id\":\"https:\/\/fkzalgiris.lt\/gargzduose-pergale-nuleme-du-ivarciai-pirmajame-kelinyje\/#breadcrumb\"},\"inLanguage\":\"lt-LT\",\"potentialAction\":[{\"@type\":\"ReadAction\",\"target\":[\"https:\/\/fkzalgiris.lt\/gargzduose-pergale-nuleme-du-ivarciai-pirmajame-kelinyje\/\"]}]},{\"@type\":\"BreadcrumbList\",\"@id\":\"https:\/\/fkzalgiris.lt\/gargzduose-pergale-nuleme-du-ivarciai-pirmajame-kelinyje\/#breadcrumb\",\"itemListElement\":[{\"@type\":\"ListItem\",\"position\":1,\"name\":\"Home\",\"item\":\"https:\/\/fkzalgiris.lt\/\"},{\"@type\":\"ListItem\",\"position\":2,\"name\":\"Garg\u017eduose pergal\u0119 nul\u0117m\u0117 du \u012fvar\u010diai pirmajame k\u0117linyje\"}]},{\"@type\":\"WebSite\",\"@id\":\"https:\/\/fkzalgiris.lt\/#website\",\"url\":\"https:\/\/fkzalgiris.lt\/\",\"name\":\"FK \u017dalgiris\",\"description\":\"oficiali Vilniaus \u201e\u017dalgirio\u201c futbolo klubo svetain\u0117\",\"publisher\":{\"@id\":\"https:\/\/fkzalgiris.lt\/#organization\"},\"potentialAction\":[{\"@type\":\"SearchAction\",\"target\":{\"@type\":\"EntryPoint\",\"urlTemplate\":\"https:\/\/fkzalgiris.lt\/?s={search_term_string}\"},\"query-input\":{\"@type\":\"PropertyValueSpecification\",\"valueRequired\":true,\"valueName\":\"search_term_string\"}}],\"inLanguage\":\"lt-LT\"},{\"@type\":\"Organization\",\"@id\":\"https:\/\/fkzalgiris.lt\/#organization\",\"name\":\"FK \u017dalgiris\",\"url\":\"https:\/\/fkzalgiris.lt\/\",\"logo\":{\"@type\":\"ImageObject\",\"inLanguage\":\"lt-LT\",\"@id\":\"https:\/\/fkzalgiris.lt\/#\/schema\/logo\/image\/\",\"url\":\"https:\/\/fkzalgiris.lt\/wp-content\/uploads\/2024\/01\/horiz-FK-Zalgiris-logo-2015.png\",\"contentUrl\":\"https:\/\/fkzalgiris.lt\/wp-content\/uploads\/2024\/01\/horiz-FK-Zalgiris-logo-2015.png\",\"width\":3073,\"height\":2048,\"caption\":\"FK \u017dalgiris\"},\"image\":{\"@id\":\"https:\/\/fkzalgiris.lt\/#\/schema\/logo\/image\/\"},\"sameAs\":[\"https:\/\/www.facebook.com\/fkzalgiris\/\",\"https:\/\/x.com\/fkzalgiris\",\"https:\/\/www.instagram.com\/fkzalgiris\/\",\"https:\/\/www.youtube.com\/channel\/UC1ag8JLxGirltMUoLlzfZLA\"]},{\"@type\":\"Person\",\"@id\":\"https:\/\/fkzalgiris.lt\/#\/schema\/person\/8604babbba794a7d8767be324a3eaac8\",\"name\":\"J\"}]}<\/script>\n<!-- \/ Yoast SEO plugin. -->","yoast_head_json":{"title":"Garg\u017eduose pergal\u0119 nul\u0117m\u0117 du \u012fvar\u010diai pirmajame k\u0117linyje - FK \u017dalgiris","robots":{"index":"index","follow":"follow","max-snippet":"max-snippet:-1","max-image-preview":"max-image-preview:large","max-video-preview":"max-video-preview:-1"},"canonical":"https:\/\/fkzalgiris.lt\/gargzduose-pergale-nuleme-du-ivarciai-pirmajame-kelinyje\/","og_locale":"lt_LT","og_type":"article","og_title":"Garg\u017eduose pergal\u0119 nul\u0117m\u0117 du \u012fvar\u010diai pirmajame k\u0117linyje - FK \u017dalgiris","og_description":"Antr\u0105 pergal\u0119 i\u0161 trij\u0173 i\u0161kovoj\u0119s \u201e\u017dalgiris\u201c gr\u012f\u017eo \u012f Lietuvos \u010dempionato vir\u0161\u016bn\u0119. Vilnie\u010diai Garg\u017eduose 2:0 \u012ftikinamai nugal\u0117jo \u201eBangos\u201c komand\u0105. Pirmajame k\u0117linyje \u012fvar\u010dius peln\u0117 Mantas Kuklys ir\u2026","og_url":"https:\/\/fkzalgiris.lt\/gargzduose-pergale-nuleme-du-ivarciai-pirmajame-kelinyje\/","og_site_name":"FK \u017dalgiris","article_publisher":"https:\/\/www.facebook.com\/fkzalgiris\/","article_published_time":"2022-03-16T18:54:09+00:00","article_modified_time":"2022-03-17T08:14:46+00:00","og_image":[{"width":3356,"height":2259,"url":"https:\/\/fkzalgiris.lt\/wp-content\/uploads\/2024\/02\/social-horiz_Zalgiris_logo_2024.png","type":"image\/png"}],"author":"J","twitter_card":"summary_large_image","twitter_creator":"@fkzalgiris","twitter_site":"@fkzalgiris","twitter_misc":{"Written by":"J","Est. reading time":"1 minut\u0117"},"schema":{"@context":"https:\/\/schema.org","@graph":[{"@type":"Article","@id":"https:\/\/fkzalgiris.lt\/gargzduose-pergale-nuleme-du-ivarciai-pirmajame-kelinyje\/#article","isPartOf":{"@id":"https:\/\/fkzalgiris.lt\/gargzduose-pergale-nuleme-du-ivarciai-pirmajame-kelinyje\/"},"author":{"name":"J","@id":"https:\/\/fkzalgiris.lt\/#\/schema\/person\/8604babbba794a7d8767be324a3eaac8"},"headline":"Garg\u017eduose pergal\u0119 nul\u0117m\u0117 du \u012fvar\u010diai pirmajame k\u0117linyje","datePublished":"2022-03-16T18:54:09+00:00","dateModified":"2022-03-17T08:14:46+00:00","mainEntityOfPage":{"@id":"https:\/\/fkzalgiris.lt\/gargzduose-pergale-nuleme-du-ivarciai-pirmajame-kelinyje\/"},"wordCount":299,"publisher":{"@id":"https:\/\/fkzalgiris.lt\/#organization"},"articleSection":["\u017dalgiris"],"inLanguage":"lt-LT"},{"@type":"WebPage","@id":"https:\/\/fkzalgiris.lt\/gargzduose-pergale-nuleme-du-ivarciai-pirmajame-kelinyje\/","url":"https:\/\/fkzalgiris.lt\/gargzduose-pergale-nuleme-du-ivarciai-pirmajame-kelinyje\/","name":"Garg\u017eduose pergal\u0119 nul\u0117m\u0117 du \u012fvar\u010diai pirmajame k\u0117linyje - FK \u017dalgiris","isPartOf":{"@id":"https:\/\/fkzalgiris.lt\/#website"},"datePublished":"2022-03-16T18:54:09+00:00","dateModified":"2022-03-17T08:14:46+00:00","breadcrumb":{"@id":"https:\/\/fkzalgiris.lt\/gargzduose-pergale-nuleme-du-ivarciai-pirmajame-kelinyje\/#breadcrumb"},"inLanguage":"lt-LT","potentialAction":[{"@type":"ReadAction","target":["https:\/\/fkzalgiris.lt\/gargzduose-pergale-nuleme-du-ivarciai-pirmajame-kelinyje\/"]}]},{"@type":"BreadcrumbList","@id":"https:\/\/fkzalgiris.lt\/gargzduose-pergale-nuleme-du-ivarciai-pirmajame-kelinyje\/#breadcrumb","itemListElement":[{"@type":"ListItem","position":1,"name":"Home","item":"https:\/\/fkzalgiris.lt\/"},{"@type":"ListItem","position":2,"name":"Garg\u017eduose pergal\u0119 nul\u0117m\u0117 du \u012fvar\u010diai pirmajame k\u0117linyje"}]},{"@type":"WebSite","@id":"https:\/\/fkzalgiris.lt\/#website","url":"https:\/\/fkzalgiris.lt\/","name":"FK \u017dalgiris","description":"oficiali Vilniaus \u201e\u017dalgirio\u201c futbolo klubo svetain\u0117","publisher":{"@id":"https:\/\/fkzalgiris.lt\/#organization"},"potentialAction":[{"@type":"SearchAction","target":{"@type":"EntryPoint","urlTemplate":"https:\/\/fkzalgiris.lt\/?s={search_term_string}"},"query-input":{"@type":"PropertyValueSpecification","valueRequired":true,"valueName":"search_term_string"}}],"inLanguage":"lt-LT"},{"@type":"Organization","@id":"https:\/\/fkzalgiris.lt\/#organization","name":"FK \u017dalgiris","url":"https:\/\/fkzalgiris.lt\/","logo":{"@type":"ImageObject","inLanguage":"lt-LT","@id":"https:\/\/fkzalgiris.lt\/#\/schema\/logo\/image\/","url":"https:\/\/fkzalgiris.lt\/wp-content\/uploads\/2024\/01\/horiz-FK-Zalgiris-logo-2015.png","contentUrl":"https:\/\/fkzalgiris.lt\/wp-content\/uploads\/2024\/01\/horiz-FK-Zalgiris-logo-2015.png","width":3073,"height":2048,"caption":"FK \u017dalgiris"},"image":{"@id":"https:\/\/fkzalgiris.lt\/#\/schema\/logo\/image\/"},"sameAs":["https:\/\/www.facebook.com\/fkzalgiris\/","https:\/\/x.com\/fkzalgiris","https:\/\/www.instagram.com\/fkzalgiris\/","https:\/\/www.youtube.com\/channel\/UC1ag8JLxGirltMUoLlzfZLA"]},{"@type":"Person","@id":"https:\/\/fkzalgiris.lt\/#\/schema\/person\/8604babbba794a7d8767be324a3eaac8","name":"J"}]}},"_links":{"self":[{"href":"https:\/\/fkzalgiris.lt\/api\/wp\/v2\/posts\/7943","targetHints":{"allow":["GET"]}}],"collection":[{"href":"https:\/\/fkzalgiris.lt\/api\/wp\/v2\/posts"}],"about":[{"href":"https:\/\/fkzalgiris.lt\/api\/wp\/v2\/types\/post"}],"author":[{"embeddable":true,"href":"https:\/\/fkzalgiris.lt\/api\/wp\/v2\/users\/4"}],"replies":[{"embeddable":true,"href":"https:\/\/fkzalgiris.lt\/api\/wp\/v2\/comments?post=7943"}],"version-history":[{"count":5,"href":"https:\/\/fkzalgiris.lt\/api\/wp\/v2\/posts\/7943\/revisions"}],"predecessor-version":[{"id":7949,"href":"https:\/\/fkzalgiris.lt\/api\/wp\/v2\/posts\/7943\/revisions\/7949"}],"wp:attachment":[{"href":"https:\/\/fkzalgiris.lt\/api\/wp\/v2\/media?parent=7943"}],"wp:term":[{"taxonomy":"category","embeddable":true,"href":"https:\/\/fkzalgiris.lt\/api\/wp\/v2\/categories?post=7943"}],"curies":[{"name":"wp","href":"https:\/\/api.w.org\/{rel}","templated":true}]}}