{"id":7696,"date":"2022-02-28T21:22:33","date_gmt":"2022-02-28T19:22:33","guid":{"rendered":"https:\/\/fkzalgiris.lt\/?p=7696"},"modified":"2022-03-01T09:23:25","modified_gmt":"2022-03-01T07:23:25","slug":"buves-zalgirietis-is-ukrainos-karas-neisgalvotas-ir-jis-labai-baisus","status":"publish","type":"post","link":"https:\/\/fkzalgiris.lt\/buves-zalgirietis-is-ukrainos-karas-neisgalvotas-ir-jis-labai-baisus\/","title":{"rendered":"Buv\u0119s \u017ealgirietis i\u0161 Ukrainos: \u201eKaras nei\u0161galvotas ir jis labai baisus\u201c"},"content":{"rendered":"<p>\u201eBroliai lietuviai, a\u010di\u016b Jums u\u017e param\u0105. Tik mes kartu galime visk\u0105 sustabdyti!\u201c, &#8211; teig\u0117 buv\u0119s \u017ealgirietis Romanas Roman\u010dukas, kuris savo gimtajame mieste vakar\u0173 Ukrainoje \u012fsira\u0161\u0117 \u012f gynybos paj\u0117gas ir taip pat padeda globoti b\u0117gan\u010dius nuo karo.<\/p>\n<p>Jis &#8211; vienintelis u\u017esienietis, kuris atstovavo \u201e\u017dalgiriui\u201c ir Lietuvos futbolo antrajame divizione, ir auk\u0161\u010diausioje lygoje. Tada pad\u0117j\u0119s komandai pakilti i\u0161 pelen\u0173 ir atgimti, dabar jis d\u0117koja m\u016bs\u0173 \u0161aliai ir pra\u0161o toliau palaikyti Ukrain\u0105.<\/p>\n<p>R. Roman\u010dukas \u201e\u017dalgirio\u201c ekipoje be atlygio rungtyniavo 2009 met\u0173 pirmoje pus\u0117je, kai aistruoli\u0173 i\u0161laikomai komandai teko \u017eaisti Pirmoje lygoje. V\u0117liau, po laikotarpio t\u0117vyn\u0117je, jis v\u0117l atvyko \u012f Vilni\u0173 ir \u201e\u017dalgiryje\u201c \u017eaid\u0117 2010 met\u0173 sezone, komandai sugr\u012f\u017eus \u012f A lyg\u0105. Futbolo aistruoliams ir tuo metu su ekipa dirbusiems \u017emon\u0117ms jis \u012fsimin\u0117 savo kovingumu, kai eidavo \u012f aik\u0161t\u0119 nepaisydamas skausmo.<\/p>\n<p><img loading=\"lazy\" decoding=\"async\" class=\"wp-image-7700\" src=\"https:\/\/fkzalgiris.lt\/wp-content\/uploads\/2022\/02\/IMG_6402-1024x683.jpg\" alt=\"\" width=\"654\" height=\"436\" srcset=\"https:\/\/fkzalgiris.lt\/wp-content\/uploads\/2022\/02\/IMG_6402-1024x683.jpg 1024w, https:\/\/fkzalgiris.lt\/wp-content\/uploads\/2022\/02\/IMG_6402-300x200.jpg 300w, https:\/\/fkzalgiris.lt\/wp-content\/uploads\/2022\/02\/IMG_6402-768x512.jpg 768w, https:\/\/fkzalgiris.lt\/wp-content\/uploads\/2022\/02\/IMG_6402-1536x1024.jpg 1536w, https:\/\/fkzalgiris.lt\/wp-content\/uploads\/2022\/02\/IMG_6402-150x100.jpg 150w, https:\/\/fkzalgiris.lt\/wp-content\/uploads\/2022\/02\/IMG_6402-840x560.jpg 840w, https:\/\/fkzalgiris.lt\/wp-content\/uploads\/2022\/02\/IMG_6402-570x380.jpg 570w, https:\/\/fkzalgiris.lt\/wp-content\/uploads\/2022\/02\/IMG_6402-30x20.jpg 30w, https:\/\/fkzalgiris.lt\/wp-content\/uploads\/2022\/02\/IMG_6402.jpg 1600w\" sizes=\"auto, (max-width: 654px) 100vw, 654px\" \/><\/p>\n<p>\u201eLaikas \u201e\u017dalgiryje\u201c buvo nuostabus, su komanda iki pat sezono pabaigos kovojome d\u0117l auk\u0161\u010diausi\u0173 apdovanojim\u0173, pasiek\u0117me bronz\u0105. Su vyrukais bendrauju iki \u0161iol, nors pra\u0117jo 12 met\u0173. J\u016bs\u0173 aistruoliai, geriausi Lietuvoje ir kelia malonius prisiminimus iki \u0161iol\u201c, &#8211; prisimin\u0117 ukrainietis.<\/p>\n<p>Baig\u0119s profesionalaus \u017eaid\u0117jo karjer\u0105 R. Roman\u010dukas liko prie futbolo. Jis dabar yra gimtojo miesto Kovelio (kuris \u012fsik\u016br\u0119s Ukrainos vakaruose, netoli Baltarusijos ir Lenkijos sien\u0173) futbolo klubo prezidentas.<\/p>\n<p>Kaip pasakojo ukrainietis, vietos futbolo klubo akademij\u0105 lanko 500 \u0161imtai vaik\u0173, dar 300 u\u017esiimdavo \u012fvairiais sportais \u010dia \u012fkurtame moderniame sporto klube. \u201eTa\u010diau visa tai buvo iki karo. Dabar m\u016bs\u0173 sporto sal\u0117se gyvena pab\u0117g\u0117liai i\u0161 Kijevo\u201c, &#8211; pasakojo vyras.<\/p>\n<p>Nors nuo sienos su Baltarusija, kur dislokuotos didel\u0117s prie\u0161i\u0161kos karin\u0117s paj\u0117gos, Kovelio miest\u0105 skiria tik apie 50 kilometr\u0173, R. Roman\u010dukas nutar\u0117 pasilikti.<\/p>\n<p>\u201eNiekur nei\u0161vykau. \u012esira\u0161iau \u012f teritorin\u0119 gynyb\u0105. Kartu su \u017emona ir trimis vaikais likome savo gimtajame mieste. Nors Baltarusijos siena netoli, nebijome, nes esame ant savo \u017eem\u0117s. Kovosime ir neatiduosime savo \u017eem\u0117s. Iki paskutinio! Esame stipresni nei bet kada. Tiesa yra m\u016bs\u0173 pus\u0117je, Dievas yra m\u016bs\u0173 pus\u0117je\u201d, &#8211; emocingai kalb\u0117jo ukrainietis.<\/p>\n<p><img loading=\"lazy\" decoding=\"async\" class=\"alignnone wp-image-7698\" src=\"https:\/\/fkzalgiris.lt\/wp-content\/uploads\/2022\/02\/romanchuk-274736888_489094229368795_1701299472141729653_n-1024x768.jpg\" alt=\"\" width=\"650\" height=\"488\" srcset=\"https:\/\/fkzalgiris.lt\/wp-content\/uploads\/2022\/02\/romanchuk-274736888_489094229368795_1701299472141729653_n-1024x768.jpg 1024w, https:\/\/fkzalgiris.lt\/wp-content\/uploads\/2022\/02\/romanchuk-274736888_489094229368795_1701299472141729653_n-300x225.jpg 300w, https:\/\/fkzalgiris.lt\/wp-content\/uploads\/2022\/02\/romanchuk-274736888_489094229368795_1701299472141729653_n-768x576.jpg 768w, https:\/\/fkzalgiris.lt\/wp-content\/uploads\/2022\/02\/romanchuk-274736888_489094229368795_1701299472141729653_n-1536x1152.jpg 1536w, https:\/\/fkzalgiris.lt\/wp-content\/uploads\/2022\/02\/romanchuk-274736888_489094229368795_1701299472141729653_n-133x100.jpg 133w, https:\/\/fkzalgiris.lt\/wp-content\/uploads\/2022\/02\/romanchuk-274736888_489094229368795_1701299472141729653_n.jpg 2048w\" sizes=\"auto, (max-width: 650px) 100vw, 650px\" \/><\/p>\n<p>Jis teig\u0117, jog jis asmeni\u0161kai ir ukrainie\u010diai jau\u010dia Lietuvos palaikym\u0105.<\/p>\n<p>\u201eA\u010di\u016b Jums u\u017e param\u0105, broliai lietuviai. Esu labai d\u0117kingas tiek asmeni\u0161kai, tiek nuo savo \u0161eimos, tiek nuo visos Ukrainos. Vyksta baisus karas. Charkivo, Chersono, Mariupolio Odesos, Zaporo\u017e\u0117s, Sum\u0173 miestuose, o ypa\u010d sostin\u0117je Kijeve, kelias dienas vyksta kovos vis\u0105 par\u0105. Giname savo \u0161al\u012f Ukrain\u0105, savo garb\u0119. \u017dmon\u0117s susivienij\u0119 labiau nei bet kada\u201c, &#8211; patikino R. Roman\u010dukas.<\/p>\n<p>Jis visos \u201e\u017dalgirio\u201c bendruomen\u0117s pra\u0161\u0117 toliau palaikyti, skleisti ties\u0105 apie tai kas vyksta. \u201eKaras nei\u0161galvotas ir jis labai baisus. Mir\u0161ta \u017emon\u0117s, ir suaug\u0119 ir vaikai. Tik mes kartu galime visk\u0105 sustabdyti! Meld\u017eiame Dievo, kad karas baigt\u0173si kuo grei\u010diau. Ra\u0161au visa tai su a\u0161aromis akyse. \u017dmon\u0117s to niekada nepamir\u0161. \u0160lov\u0117 Ukrainai, \u0161lov\u0117 herojams! Putinas gali eiti velniop!\u201c<\/p>\n<p>Paremti ukrainie\u010dius galima aukojant \u201e<a href=\"https:\/\/www.blue-yellow.lt\/lt\/\">M\u0117lyna Geltona<\/a>\u201c organizacijai, taip pat Aukok.lt, kur param\u0105 renka \u201e<a href=\"https:\/\/www.aukok.lt\/projektai\/Musu-sirdys-ir-rankos-Ukrainai\">M\u016bs\u0173 \u0161irdys ir rankos Ukrainai<\/a>\u201c ir \u201e<a href=\"https:\/\/www.aukok.lt\/projektai\/Padekime-vaikams-ir-seimoms-Ukrainoje\">SOS vaik\u0173 kaima<\/a>i\u201c. Nacionalinis savanori\u0173 pagalbos koordinavimo centras <a href=\"https:\/\/stipruskartu.lt\/lt\/\">stipruskartu.l<\/a>t ie\u0161ko savanori\u0173, galin\u010di\u0173 suteikti b\u016bst\u0105 arb\u0105 transport\u0105.<\/p>\n","protected":false},"excerpt":{"rendered":"<p>\u201eBroliai lietuviai, a\u010di\u016b Jums u\u017e param\u0105. Tik mes kartu galime visk\u0105 sustabdyti!\u201c, &#8211; teig\u0117 buv\u0119s \u017ealgirietis Romanas Roman\u010dukas, kuris savo gimtajame mieste vakar\u0173 Ukrainoje \u012fsira\u0161\u0117\u2026<\/p>\n","protected":false},"author":4,"featured_media":0,"comment_status":"closed","ping_status":"closed","sticky":false,"template":"","format":"standard","meta":{"_acf_changed":false,"footnotes":""},"categories":[87],"class_list":["post-7696","post","type-post","status-publish","format-standard","hentry","category-zalgiris"],"acf":[],"yoast_head":"<!-- This site is optimized with the Yoast SEO plugin v26.8 - https:\/\/yoast.com\/product\/yoast-seo-wordpress\/ -->\n<title>Buv\u0119s \u017ealgirietis i\u0161 Ukrainos: \u201eKaras nei\u0161galvotas ir jis labai baisus\u201c - FK \u017dalgiris<\/title>\n<meta name=\"robots\" content=\"index, follow, max-snippet:-1, max-image-preview:large, max-video-preview:-1\" \/>\n<link rel=\"canonical\" href=\"https:\/\/fkzalgiris.lt\/buves-zalgirietis-is-ukrainos-karas-neisgalvotas-ir-jis-labai-baisus\/\" \/>\n<meta property=\"og:locale\" content=\"lt_LT\" \/>\n<meta property=\"og:type\" content=\"article\" \/>\n<meta property=\"og:title\" content=\"Buv\u0119s \u017ealgirietis i\u0161 Ukrainos: \u201eKaras nei\u0161galvotas ir jis labai baisus\u201c - FK \u017dalgiris\" \/>\n<meta property=\"og:description\" content=\"\u201eBroliai lietuviai, a\u010di\u016b Jums u\u017e param\u0105. Tik mes kartu galime visk\u0105 sustabdyti!\u201c, &#8211; teig\u0117 buv\u0119s \u017ealgirietis Romanas Roman\u010dukas, kuris savo gimtajame mieste vakar\u0173 Ukrainoje \u012fsira\u0161\u0117\u2026\" \/>\n<meta property=\"og:url\" content=\"https:\/\/fkzalgiris.lt\/buves-zalgirietis-is-ukrainos-karas-neisgalvotas-ir-jis-labai-baisus\/\" \/>\n<meta property=\"og:site_name\" content=\"FK \u017dalgiris\" \/>\n<meta property=\"article:publisher\" content=\"https:\/\/www.facebook.com\/fkzalgiris\/\" \/>\n<meta property=\"article:published_time\" content=\"2022-02-28T19:22:33+00:00\" \/>\n<meta property=\"article:modified_time\" content=\"2022-03-01T07:23:25+00:00\" \/>\n<meta property=\"og:image\" content=\"https:\/\/fkzalgiris.lt\/wp-content\/uploads\/2022\/02\/IMG_6402-1024x683.jpg\" \/>\n<meta name=\"author\" content=\"J\" \/>\n<meta name=\"twitter:card\" content=\"summary_large_image\" \/>\n<meta name=\"twitter:creator\" content=\"@fkzalgiris\" \/>\n<meta name=\"twitter:site\" content=\"@fkzalgiris\" \/>\n<meta name=\"twitter:label1\" content=\"Written by\" \/>\n\t<meta name=\"twitter:data1\" content=\"J\" \/>\n\t<meta name=\"twitter:label2\" content=\"Est. reading time\" \/>\n\t<meta name=\"twitter:data2\" content=\"3 minut\u0117s\" \/>\n<script type=\"application\/ld+json\" class=\"yoast-schema-graph\">{\"@context\":\"https:\/\/schema.org\",\"@graph\":[{\"@type\":\"Article\",\"@id\":\"https:\/\/fkzalgiris.lt\/buves-zalgirietis-is-ukrainos-karas-neisgalvotas-ir-jis-labai-baisus\/#article\",\"isPartOf\":{\"@id\":\"https:\/\/fkzalgiris.lt\/buves-zalgirietis-is-ukrainos-karas-neisgalvotas-ir-jis-labai-baisus\/\"},\"author\":{\"name\":\"J\",\"@id\":\"https:\/\/fkzalgiris.lt\/#\/schema\/person\/8604babbba794a7d8767be324a3eaac8\"},\"headline\":\"Buv\u0119s \u017ealgirietis i\u0161 Ukrainos: \u201eKaras nei\u0161galvotas ir jis labai baisus\u201c\",\"datePublished\":\"2022-02-28T19:22:33+00:00\",\"dateModified\":\"2022-03-01T07:23:25+00:00\",\"mainEntityOfPage\":{\"@id\":\"https:\/\/fkzalgiris.lt\/buves-zalgirietis-is-ukrainos-karas-neisgalvotas-ir-jis-labai-baisus\/\"},\"wordCount\":541,\"publisher\":{\"@id\":\"https:\/\/fkzalgiris.lt\/#organization\"},\"image\":{\"@id\":\"https:\/\/fkzalgiris.lt\/buves-zalgirietis-is-ukrainos-karas-neisgalvotas-ir-jis-labai-baisus\/#primaryimage\"},\"thumbnailUrl\":\"https:\/\/fkzalgiris.lt\/wp-content\/uploads\/2022\/02\/IMG_6402-1024x683.jpg\",\"articleSection\":[\"\u017dalgiris\"],\"inLanguage\":\"lt-LT\"},{\"@type\":\"WebPage\",\"@id\":\"https:\/\/fkzalgiris.lt\/buves-zalgirietis-is-ukrainos-karas-neisgalvotas-ir-jis-labai-baisus\/\",\"url\":\"https:\/\/fkzalgiris.lt\/buves-zalgirietis-is-ukrainos-karas-neisgalvotas-ir-jis-labai-baisus\/\",\"name\":\"Buv\u0119s \u017ealgirietis i\u0161 Ukrainos: \u201eKaras nei\u0161galvotas ir jis labai baisus\u201c - FK \u017dalgiris\",\"isPartOf\":{\"@id\":\"https:\/\/fkzalgiris.lt\/#website\"},\"primaryImageOfPage\":{\"@id\":\"https:\/\/fkzalgiris.lt\/buves-zalgirietis-is-ukrainos-karas-neisgalvotas-ir-jis-labai-baisus\/#primaryimage\"},\"image\":{\"@id\":\"https:\/\/fkzalgiris.lt\/buves-zalgirietis-is-ukrainos-karas-neisgalvotas-ir-jis-labai-baisus\/#primaryimage\"},\"thumbnailUrl\":\"https:\/\/fkzalgiris.lt\/wp-content\/uploads\/2022\/02\/IMG_6402-1024x683.jpg\",\"datePublished\":\"2022-02-28T19:22:33+00:00\",\"dateModified\":\"2022-03-01T07:23:25+00:00\",\"breadcrumb\":{\"@id\":\"https:\/\/fkzalgiris.lt\/buves-zalgirietis-is-ukrainos-karas-neisgalvotas-ir-jis-labai-baisus\/#breadcrumb\"},\"inLanguage\":\"lt-LT\",\"potentialAction\":[{\"@type\":\"ReadAction\",\"target\":[\"https:\/\/fkzalgiris.lt\/buves-zalgirietis-is-ukrainos-karas-neisgalvotas-ir-jis-labai-baisus\/\"]}]},{\"@type\":\"ImageObject\",\"inLanguage\":\"lt-LT\",\"@id\":\"https:\/\/fkzalgiris.lt\/buves-zalgirietis-is-ukrainos-karas-neisgalvotas-ir-jis-labai-baisus\/#primaryimage\",\"url\":\"https:\/\/fkzalgiris.lt\/wp-content\/uploads\/2022\/02\/IMG_6402.jpg\",\"contentUrl\":\"https:\/\/fkzalgiris.lt\/wp-content\/uploads\/2022\/02\/IMG_6402.jpg\",\"width\":1600,\"height\":1067,\"caption\":\"vytis snarskis, romanchuk\"},{\"@type\":\"BreadcrumbList\",\"@id\":\"https:\/\/fkzalgiris.lt\/buves-zalgirietis-is-ukrainos-karas-neisgalvotas-ir-jis-labai-baisus\/#breadcrumb\",\"itemListElement\":[{\"@type\":\"ListItem\",\"position\":1,\"name\":\"Home\",\"item\":\"https:\/\/fkzalgiris.lt\/\"},{\"@type\":\"ListItem\",\"position\":2,\"name\":\"Buv\u0119s \u017ealgirietis i\u0161 Ukrainos: \u201eKaras nei\u0161galvotas ir jis labai baisus\u201c\"}]},{\"@type\":\"WebSite\",\"@id\":\"https:\/\/fkzalgiris.lt\/#website\",\"url\":\"https:\/\/fkzalgiris.lt\/\",\"name\":\"FK \u017dalgiris\",\"description\":\"oficiali Vilniaus \u201e\u017dalgirio\u201c futbolo klubo svetain\u0117\",\"publisher\":{\"@id\":\"https:\/\/fkzalgiris.lt\/#organization\"},\"potentialAction\":[{\"@type\":\"SearchAction\",\"target\":{\"@type\":\"EntryPoint\",\"urlTemplate\":\"https:\/\/fkzalgiris.lt\/?s={search_term_string}\"},\"query-input\":{\"@type\":\"PropertyValueSpecification\",\"valueRequired\":true,\"valueName\":\"search_term_string\"}}],\"inLanguage\":\"lt-LT\"},{\"@type\":\"Organization\",\"@id\":\"https:\/\/fkzalgiris.lt\/#organization\",\"name\":\"FK \u017dalgiris\",\"url\":\"https:\/\/fkzalgiris.lt\/\",\"logo\":{\"@type\":\"ImageObject\",\"inLanguage\":\"lt-LT\",\"@id\":\"https:\/\/fkzalgiris.lt\/#\/schema\/logo\/image\/\",\"url\":\"https:\/\/fkzalgiris.lt\/wp-content\/uploads\/2024\/01\/horiz-FK-Zalgiris-logo-2015.png\",\"contentUrl\":\"https:\/\/fkzalgiris.lt\/wp-content\/uploads\/2024\/01\/horiz-FK-Zalgiris-logo-2015.png\",\"width\":3073,\"height\":2048,\"caption\":\"FK \u017dalgiris\"},\"image\":{\"@id\":\"https:\/\/fkzalgiris.lt\/#\/schema\/logo\/image\/\"},\"sameAs\":[\"https:\/\/www.facebook.com\/fkzalgiris\/\",\"https:\/\/x.com\/fkzalgiris\",\"https:\/\/www.instagram.com\/fkzalgiris\/\",\"https:\/\/www.youtube.com\/channel\/UC1ag8JLxGirltMUoLlzfZLA\"]},{\"@type\":\"Person\",\"@id\":\"https:\/\/fkzalgiris.lt\/#\/schema\/person\/8604babbba794a7d8767be324a3eaac8\",\"name\":\"J\"}]}<\/script>\n<!-- \/ Yoast SEO plugin. -->","yoast_head_json":{"title":"Buv\u0119s \u017ealgirietis i\u0161 Ukrainos: \u201eKaras nei\u0161galvotas ir jis labai baisus\u201c - FK \u017dalgiris","robots":{"index":"index","follow":"follow","max-snippet":"max-snippet:-1","max-image-preview":"max-image-preview:large","max-video-preview":"max-video-preview:-1"},"canonical":"https:\/\/fkzalgiris.lt\/buves-zalgirietis-is-ukrainos-karas-neisgalvotas-ir-jis-labai-baisus\/","og_locale":"lt_LT","og_type":"article","og_title":"Buv\u0119s \u017ealgirietis i\u0161 Ukrainos: \u201eKaras nei\u0161galvotas ir jis labai baisus\u201c - FK \u017dalgiris","og_description":"\u201eBroliai lietuviai, a\u010di\u016b Jums u\u017e param\u0105. Tik mes kartu galime visk\u0105 sustabdyti!\u201c, &#8211; teig\u0117 buv\u0119s \u017ealgirietis Romanas Roman\u010dukas, kuris savo gimtajame mieste vakar\u0173 Ukrainoje \u012fsira\u0161\u0117\u2026","og_url":"https:\/\/fkzalgiris.lt\/buves-zalgirietis-is-ukrainos-karas-neisgalvotas-ir-jis-labai-baisus\/","og_site_name":"FK \u017dalgiris","article_publisher":"https:\/\/www.facebook.com\/fkzalgiris\/","article_published_time":"2022-02-28T19:22:33+00:00","article_modified_time":"2022-03-01T07:23:25+00:00","og_image":[{"url":"https:\/\/fkzalgiris.lt\/wp-content\/uploads\/2022\/02\/IMG_6402-1024x683.jpg","type":"","width":"","height":""}],"author":"J","twitter_card":"summary_large_image","twitter_creator":"@fkzalgiris","twitter_site":"@fkzalgiris","twitter_misc":{"Written by":"J","Est. reading time":"3 minut\u0117s"},"schema":{"@context":"https:\/\/schema.org","@graph":[{"@type":"Article","@id":"https:\/\/fkzalgiris.lt\/buves-zalgirietis-is-ukrainos-karas-neisgalvotas-ir-jis-labai-baisus\/#article","isPartOf":{"@id":"https:\/\/fkzalgiris.lt\/buves-zalgirietis-is-ukrainos-karas-neisgalvotas-ir-jis-labai-baisus\/"},"author":{"name":"J","@id":"https:\/\/fkzalgiris.lt\/#\/schema\/person\/8604babbba794a7d8767be324a3eaac8"},"headline":"Buv\u0119s \u017ealgirietis i\u0161 Ukrainos: \u201eKaras nei\u0161galvotas ir jis labai baisus\u201c","datePublished":"2022-02-28T19:22:33+00:00","dateModified":"2022-03-01T07:23:25+00:00","mainEntityOfPage":{"@id":"https:\/\/fkzalgiris.lt\/buves-zalgirietis-is-ukrainos-karas-neisgalvotas-ir-jis-labai-baisus\/"},"wordCount":541,"publisher":{"@id":"https:\/\/fkzalgiris.lt\/#organization"},"image":{"@id":"https:\/\/fkzalgiris.lt\/buves-zalgirietis-is-ukrainos-karas-neisgalvotas-ir-jis-labai-baisus\/#primaryimage"},"thumbnailUrl":"https:\/\/fkzalgiris.lt\/wp-content\/uploads\/2022\/02\/IMG_6402-1024x683.jpg","articleSection":["\u017dalgiris"],"inLanguage":"lt-LT"},{"@type":"WebPage","@id":"https:\/\/fkzalgiris.lt\/buves-zalgirietis-is-ukrainos-karas-neisgalvotas-ir-jis-labai-baisus\/","url":"https:\/\/fkzalgiris.lt\/buves-zalgirietis-is-ukrainos-karas-neisgalvotas-ir-jis-labai-baisus\/","name":"Buv\u0119s \u017ealgirietis i\u0161 Ukrainos: \u201eKaras nei\u0161galvotas ir jis labai baisus\u201c - FK \u017dalgiris","isPartOf":{"@id":"https:\/\/fkzalgiris.lt\/#website"},"primaryImageOfPage":{"@id":"https:\/\/fkzalgiris.lt\/buves-zalgirietis-is-ukrainos-karas-neisgalvotas-ir-jis-labai-baisus\/#primaryimage"},"image":{"@id":"https:\/\/fkzalgiris.lt\/buves-zalgirietis-is-ukrainos-karas-neisgalvotas-ir-jis-labai-baisus\/#primaryimage"},"thumbnailUrl":"https:\/\/fkzalgiris.lt\/wp-content\/uploads\/2022\/02\/IMG_6402-1024x683.jpg","datePublished":"2022-02-28T19:22:33+00:00","dateModified":"2022-03-01T07:23:25+00:00","breadcrumb":{"@id":"https:\/\/fkzalgiris.lt\/buves-zalgirietis-is-ukrainos-karas-neisgalvotas-ir-jis-labai-baisus\/#breadcrumb"},"inLanguage":"lt-LT","potentialAction":[{"@type":"ReadAction","target":["https:\/\/fkzalgiris.lt\/buves-zalgirietis-is-ukrainos-karas-neisgalvotas-ir-jis-labai-baisus\/"]}]},{"@type":"ImageObject","inLanguage":"lt-LT","@id":"https:\/\/fkzalgiris.lt\/buves-zalgirietis-is-ukrainos-karas-neisgalvotas-ir-jis-labai-baisus\/#primaryimage","url":"https:\/\/fkzalgiris.lt\/wp-content\/uploads\/2022\/02\/IMG_6402.jpg","contentUrl":"https:\/\/fkzalgiris.lt\/wp-content\/uploads\/2022\/02\/IMG_6402.jpg","width":1600,"height":1067,"caption":"vytis snarskis, romanchuk"},{"@type":"BreadcrumbList","@id":"https:\/\/fkzalgiris.lt\/buves-zalgirietis-is-ukrainos-karas-neisgalvotas-ir-jis-labai-baisus\/#breadcrumb","itemListElement":[{"@type":"ListItem","position":1,"name":"Home","item":"https:\/\/fkzalgiris.lt\/"},{"@type":"ListItem","position":2,"name":"Buv\u0119s \u017ealgirietis i\u0161 Ukrainos: \u201eKaras nei\u0161galvotas ir jis labai baisus\u201c"}]},{"@type":"WebSite","@id":"https:\/\/fkzalgiris.lt\/#website","url":"https:\/\/fkzalgiris.lt\/","name":"FK \u017dalgiris","description":"oficiali Vilniaus \u201e\u017dalgirio\u201c futbolo klubo svetain\u0117","publisher":{"@id":"https:\/\/fkzalgiris.lt\/#organization"},"potentialAction":[{"@type":"SearchAction","target":{"@type":"EntryPoint","urlTemplate":"https:\/\/fkzalgiris.lt\/?s={search_term_string}"},"query-input":{"@type":"PropertyValueSpecification","valueRequired":true,"valueName":"search_term_string"}}],"inLanguage":"lt-LT"},{"@type":"Organization","@id":"https:\/\/fkzalgiris.lt\/#organization","name":"FK \u017dalgiris","url":"https:\/\/fkzalgiris.lt\/","logo":{"@type":"ImageObject","inLanguage":"lt-LT","@id":"https:\/\/fkzalgiris.lt\/#\/schema\/logo\/image\/","url":"https:\/\/fkzalgiris.lt\/wp-content\/uploads\/2024\/01\/horiz-FK-Zalgiris-logo-2015.png","contentUrl":"https:\/\/fkzalgiris.lt\/wp-content\/uploads\/2024\/01\/horiz-FK-Zalgiris-logo-2015.png","width":3073,"height":2048,"caption":"FK \u017dalgiris"},"image":{"@id":"https:\/\/fkzalgiris.lt\/#\/schema\/logo\/image\/"},"sameAs":["https:\/\/www.facebook.com\/fkzalgiris\/","https:\/\/x.com\/fkzalgiris","https:\/\/www.instagram.com\/fkzalgiris\/","https:\/\/www.youtube.com\/channel\/UC1ag8JLxGirltMUoLlzfZLA"]},{"@type":"Person","@id":"https:\/\/fkzalgiris.lt\/#\/schema\/person\/8604babbba794a7d8767be324a3eaac8","name":"J"}]}},"_links":{"self":[{"href":"https:\/\/fkzalgiris.lt\/api\/wp\/v2\/posts\/7696","targetHints":{"allow":["GET"]}}],"collection":[{"href":"https:\/\/fkzalgiris.lt\/api\/wp\/v2\/posts"}],"about":[{"href":"https:\/\/fkzalgiris.lt\/api\/wp\/v2\/types\/post"}],"author":[{"embeddable":true,"href":"https:\/\/fkzalgiris.lt\/api\/wp\/v2\/users\/4"}],"replies":[{"embeddable":true,"href":"https:\/\/fkzalgiris.lt\/api\/wp\/v2\/comments?post=7696"}],"version-history":[{"count":6,"href":"https:\/\/fkzalgiris.lt\/api\/wp\/v2\/posts\/7696\/revisions"}],"predecessor-version":[{"id":7707,"href":"https:\/\/fkzalgiris.lt\/api\/wp\/v2\/posts\/7696\/revisions\/7707"}],"wp:attachment":[{"href":"https:\/\/fkzalgiris.lt\/api\/wp\/v2\/media?parent=7696"}],"wp:term":[{"taxonomy":"category","embeddable":true,"href":"https:\/\/fkzalgiris.lt\/api\/wp\/v2\/categories?post=7696"}],"curies":[{"name":"wp","href":"https:\/\/api.w.org\/{rel}","templated":true}]}}