{"id":7629,"date":"2022-02-21T21:01:56","date_gmt":"2022-02-21T19:01:56","guid":{"rendered":"https:\/\/fkzalgiris.lt\/?p=7629"},"modified":"2022-02-21T21:10:09","modified_gmt":"2022-02-21T19:10:09","slug":"u-19-rinktinei-pries-turkus-atstovavo-keturi-zalgirieciai","status":"publish","type":"post","link":"https:\/\/fkzalgiris.lt\/u-19-rinktinei-pries-turkus-atstovavo-keturi-zalgirieciai\/","title":{"rendered":"U-19 rinktinei prie\u0161 turkus atstovavo keturi \u017ealgirie\u010diai"},"content":{"rendered":"<p>Keturi \u017ealgirie\u010diai atstovavo Lietuvos U-19 (gim\u0119 2004 m. ir jaunesni \u017eaid\u0117jai) rinktinei kontrolin\u0117se rungtyn\u0117se Turkijoje.<\/p>\n<p>\u012e savait\u0117s trukm\u0117s stovykl\u0105 pakviesti gyn\u0117jai D\u017eiugas Aleksa, Tomas Bak\u0161ys, saugai Dariu\u0161as Stankevi\u010dius ir Kajus Bi\u010dka &#8211; su komanda kelias dienas treniravosi Kaune, o v\u0117liau i\u0161vyko \u012f Antalij\u0105.<\/p>\n<p>Vasario 16 d. kontrolines rungtynes su turkais lietuviai baig\u0117 lygiosiomis 2:2 (1:1). Pirm\u0105j\u012f \u012fvart\u012f lietuviai peln\u0117, kai po K. Bi\u010dkos perdavimo Turkijos gyn\u0117jas \u012fsimu\u0161\u0117 \u012f savo vartus.<\/p>\n<p>Antrose rungtyn\u0117se m\u016bsi\u0161kiai tur\u0117jo pripa\u017einti var\u017eov\u0173 prana\u0161um\u0105 1:3 (1:1).<\/p>\n<p>D. Aleksa \u017eaid\u0117 abejas pilnas rungtynes, o kiti trys \u017ealgirie\u010diai kart\u0105 \u017eaid\u0117 startin\u0117je sud\u0117tyje, kart\u0105 \u2013 po keitimo: T. Bak\u0161ys &#8211; 55 min. ir 35 min., K. Bi\u010dka &#8211; 70 ir 23 min., D. Stankevi\u010dius \u2013 55 min. ir 23 min.<\/p>\n<p>\u201eAtskridus nebuvo laiko pasitreniruoti vietoje, manau tas padar\u0117 \u012ftak\u0105 pirm\u0173 rungtyni\u0173 pirmajam k\u0117liniui. Pats taip pat negaliu pasigirti geru \u017eaidimu, ypa\u010d pirmajame k\u0117linyje, &#8211; vertino D . Aleksa. \u2013 Antrose rungtyn\u0117se atrod\u0117me neblogai, bet tr\u016bko kietumo dvikovose, pasaugojimo. Aik\u0161t\u0117s nelygumas privert\u0117 daugiau \u017eaisti \u201eauk\u0161tais\u201c kamuoliais, o tokiam \u017eaidimui tr\u016bko patirties. Bet visi tikrai kovojo ir lengvai nepasidav\u0117me. Var\u017eovas taip pat buvo kovingas.\u201c<\/p>\n<p>Pasak \u017ealgirie\u010dio, tokios tarptautin\u0117s kontrolin\u0117s rungtyn\u0117s buvo tikrai naudingos. \u201eTikrai j\u0173 tr\u016bksta ir nesinor\u0117t\u0173 j\u0173 praleisti. Tokios patirties Lietuvoje negautume. Treneri\u0173 \u0161tabas tikrai atiduoda daug pastang\u0173, daug tikisi ir i\u0161 m\u016bs\u0173.\u201c<\/p>\n<p>Lietuvos U-19 rinktin\u0117 \u0161iemet Europos \u010dempionato atrankoje \u017eais su Austrijos, Rumunijos ir Latvijos bendraam\u017eiais.<\/p>\n","protected":false},"excerpt":{"rendered":"<p>Keturi \u017ealgirie\u010diai atstovavo Lietuvos U-19 (gim\u0119 2004 m. ir jaunesni \u017eaid\u0117jai) rinktinei kontrolin\u0117se rungtyn\u0117se Turkijoje. \u012e savait\u0117s trukm\u0117s stovykl\u0105 pakviesti gyn\u0117jai D\u017eiugas Aleksa, Tomas Bak\u0161ys,\u2026<\/p>\n","protected":false},"author":4,"featured_media":0,"comment_status":"closed","ping_status":"closed","sticky":false,"template":"","format":"standard","meta":{"_acf_changed":false,"footnotes":""},"categories":[87],"class_list":["post-7629","post","type-post","status-publish","format-standard","hentry","category-zalgiris"],"acf":[],"yoast_head":"<!-- This site is optimized with the Yoast SEO plugin v26.8 - https:\/\/yoast.com\/product\/yoast-seo-wordpress\/ -->\n<title>U-19 rinktinei prie\u0161 turkus atstovavo keturi \u017ealgirie\u010diai - FK \u017dalgiris<\/title>\n<meta name=\"robots\" content=\"index, follow, max-snippet:-1, max-image-preview:large, max-video-preview:-1\" \/>\n<link rel=\"canonical\" href=\"https:\/\/fkzalgiris.lt\/u-19-rinktinei-pries-turkus-atstovavo-keturi-zalgirieciai\/\" \/>\n<meta property=\"og:locale\" content=\"lt_LT\" \/>\n<meta property=\"og:type\" content=\"article\" \/>\n<meta property=\"og:title\" content=\"U-19 rinktinei prie\u0161 turkus atstovavo keturi \u017ealgirie\u010diai - FK \u017dalgiris\" \/>\n<meta property=\"og:description\" content=\"Keturi \u017ealgirie\u010diai atstovavo Lietuvos U-19 (gim\u0119 2004 m. ir jaunesni \u017eaid\u0117jai) rinktinei kontrolin\u0117se rungtyn\u0117se Turkijoje. \u012e savait\u0117s trukm\u0117s stovykl\u0105 pakviesti gyn\u0117jai D\u017eiugas Aleksa, Tomas Bak\u0161ys,\u2026\" \/>\n<meta property=\"og:url\" content=\"https:\/\/fkzalgiris.lt\/u-19-rinktinei-pries-turkus-atstovavo-keturi-zalgirieciai\/\" \/>\n<meta property=\"og:site_name\" content=\"FK \u017dalgiris\" \/>\n<meta property=\"article:publisher\" content=\"https:\/\/www.facebook.com\/fkzalgiris\/\" \/>\n<meta property=\"article:published_time\" content=\"2022-02-21T19:01:56+00:00\" \/>\n<meta property=\"article:modified_time\" content=\"2022-02-21T19:10:09+00:00\" \/>\n<meta property=\"og:image\" content=\"https:\/\/fkzalgiris.lt\/wp-content\/uploads\/2024\/02\/social-horiz_Zalgiris_logo_2024.png\" \/>\n\t<meta property=\"og:image:width\" content=\"3356\" \/>\n\t<meta property=\"og:image:height\" content=\"2259\" \/>\n\t<meta property=\"og:image:type\" content=\"image\/png\" \/>\n<meta name=\"author\" content=\"J\" \/>\n<meta name=\"twitter:card\" content=\"summary_large_image\" \/>\n<meta name=\"twitter:creator\" content=\"@fkzalgiris\" \/>\n<meta name=\"twitter:site\" content=\"@fkzalgiris\" \/>\n<meta name=\"twitter:label1\" content=\"Written by\" \/>\n\t<meta name=\"twitter:data1\" content=\"J\" \/>\n\t<meta name=\"twitter:label2\" content=\"Est. reading time\" \/>\n\t<meta name=\"twitter:data2\" content=\"1 minut\u0117\" \/>\n<script type=\"application\/ld+json\" class=\"yoast-schema-graph\">{\"@context\":\"https:\/\/schema.org\",\"@graph\":[{\"@type\":\"Article\",\"@id\":\"https:\/\/fkzalgiris.lt\/u-19-rinktinei-pries-turkus-atstovavo-keturi-zalgirieciai\/#article\",\"isPartOf\":{\"@id\":\"https:\/\/fkzalgiris.lt\/u-19-rinktinei-pries-turkus-atstovavo-keturi-zalgirieciai\/\"},\"author\":{\"name\":\"J\",\"@id\":\"https:\/\/fkzalgiris.lt\/#\/schema\/person\/8604babbba794a7d8767be324a3eaac8\"},\"headline\":\"U-19 rinktinei prie\u0161 turkus atstovavo keturi \u017ealgirie\u010diai\",\"datePublished\":\"2022-02-21T19:01:56+00:00\",\"dateModified\":\"2022-02-21T19:10:09+00:00\",\"mainEntityOfPage\":{\"@id\":\"https:\/\/fkzalgiris.lt\/u-19-rinktinei-pries-turkus-atstovavo-keturi-zalgirieciai\/\"},\"wordCount\":265,\"publisher\":{\"@id\":\"https:\/\/fkzalgiris.lt\/#organization\"},\"articleSection\":[\"\u017dalgiris\"],\"inLanguage\":\"lt-LT\"},{\"@type\":\"WebPage\",\"@id\":\"https:\/\/fkzalgiris.lt\/u-19-rinktinei-pries-turkus-atstovavo-keturi-zalgirieciai\/\",\"url\":\"https:\/\/fkzalgiris.lt\/u-19-rinktinei-pries-turkus-atstovavo-keturi-zalgirieciai\/\",\"name\":\"U-19 rinktinei prie\u0161 turkus atstovavo keturi \u017ealgirie\u010diai - FK \u017dalgiris\",\"isPartOf\":{\"@id\":\"https:\/\/fkzalgiris.lt\/#website\"},\"datePublished\":\"2022-02-21T19:01:56+00:00\",\"dateModified\":\"2022-02-21T19:10:09+00:00\",\"breadcrumb\":{\"@id\":\"https:\/\/fkzalgiris.lt\/u-19-rinktinei-pries-turkus-atstovavo-keturi-zalgirieciai\/#breadcrumb\"},\"inLanguage\":\"lt-LT\",\"potentialAction\":[{\"@type\":\"ReadAction\",\"target\":[\"https:\/\/fkzalgiris.lt\/u-19-rinktinei-pries-turkus-atstovavo-keturi-zalgirieciai\/\"]}]},{\"@type\":\"BreadcrumbList\",\"@id\":\"https:\/\/fkzalgiris.lt\/u-19-rinktinei-pries-turkus-atstovavo-keturi-zalgirieciai\/#breadcrumb\",\"itemListElement\":[{\"@type\":\"ListItem\",\"position\":1,\"name\":\"Home\",\"item\":\"https:\/\/fkzalgiris.lt\/\"},{\"@type\":\"ListItem\",\"position\":2,\"name\":\"U-19 rinktinei prie\u0161 turkus atstovavo keturi \u017ealgirie\u010diai\"}]},{\"@type\":\"WebSite\",\"@id\":\"https:\/\/fkzalgiris.lt\/#website\",\"url\":\"https:\/\/fkzalgiris.lt\/\",\"name\":\"FK \u017dalgiris\",\"description\":\"oficiali Vilniaus \u201e\u017dalgirio\u201c futbolo klubo svetain\u0117\",\"publisher\":{\"@id\":\"https:\/\/fkzalgiris.lt\/#organization\"},\"potentialAction\":[{\"@type\":\"SearchAction\",\"target\":{\"@type\":\"EntryPoint\",\"urlTemplate\":\"https:\/\/fkzalgiris.lt\/?s={search_term_string}\"},\"query-input\":{\"@type\":\"PropertyValueSpecification\",\"valueRequired\":true,\"valueName\":\"search_term_string\"}}],\"inLanguage\":\"lt-LT\"},{\"@type\":\"Organization\",\"@id\":\"https:\/\/fkzalgiris.lt\/#organization\",\"name\":\"FK \u017dalgiris\",\"url\":\"https:\/\/fkzalgiris.lt\/\",\"logo\":{\"@type\":\"ImageObject\",\"inLanguage\":\"lt-LT\",\"@id\":\"https:\/\/fkzalgiris.lt\/#\/schema\/logo\/image\/\",\"url\":\"https:\/\/fkzalgiris.lt\/wp-content\/uploads\/2024\/01\/horiz-FK-Zalgiris-logo-2015.png\",\"contentUrl\":\"https:\/\/fkzalgiris.lt\/wp-content\/uploads\/2024\/01\/horiz-FK-Zalgiris-logo-2015.png\",\"width\":3073,\"height\":2048,\"caption\":\"FK \u017dalgiris\"},\"image\":{\"@id\":\"https:\/\/fkzalgiris.lt\/#\/schema\/logo\/image\/\"},\"sameAs\":[\"https:\/\/www.facebook.com\/fkzalgiris\/\",\"https:\/\/x.com\/fkzalgiris\",\"https:\/\/www.instagram.com\/fkzalgiris\/\",\"https:\/\/www.youtube.com\/channel\/UC1ag8JLxGirltMUoLlzfZLA\"]},{\"@type\":\"Person\",\"@id\":\"https:\/\/fkzalgiris.lt\/#\/schema\/person\/8604babbba794a7d8767be324a3eaac8\",\"name\":\"J\"}]}<\/script>\n<!-- \/ Yoast SEO plugin. -->","yoast_head_json":{"title":"U-19 rinktinei prie\u0161 turkus atstovavo keturi \u017ealgirie\u010diai - FK \u017dalgiris","robots":{"index":"index","follow":"follow","max-snippet":"max-snippet:-1","max-image-preview":"max-image-preview:large","max-video-preview":"max-video-preview:-1"},"canonical":"https:\/\/fkzalgiris.lt\/u-19-rinktinei-pries-turkus-atstovavo-keturi-zalgirieciai\/","og_locale":"lt_LT","og_type":"article","og_title":"U-19 rinktinei prie\u0161 turkus atstovavo keturi \u017ealgirie\u010diai - FK \u017dalgiris","og_description":"Keturi \u017ealgirie\u010diai atstovavo Lietuvos U-19 (gim\u0119 2004 m. ir jaunesni \u017eaid\u0117jai) rinktinei kontrolin\u0117se rungtyn\u0117se Turkijoje. \u012e savait\u0117s trukm\u0117s stovykl\u0105 pakviesti gyn\u0117jai D\u017eiugas Aleksa, Tomas Bak\u0161ys,\u2026","og_url":"https:\/\/fkzalgiris.lt\/u-19-rinktinei-pries-turkus-atstovavo-keturi-zalgirieciai\/","og_site_name":"FK \u017dalgiris","article_publisher":"https:\/\/www.facebook.com\/fkzalgiris\/","article_published_time":"2022-02-21T19:01:56+00:00","article_modified_time":"2022-02-21T19:10:09+00:00","og_image":[{"width":3356,"height":2259,"url":"https:\/\/fkzalgiris.lt\/wp-content\/uploads\/2024\/02\/social-horiz_Zalgiris_logo_2024.png","type":"image\/png"}],"author":"J","twitter_card":"summary_large_image","twitter_creator":"@fkzalgiris","twitter_site":"@fkzalgiris","twitter_misc":{"Written by":"J","Est. reading time":"1 minut\u0117"},"schema":{"@context":"https:\/\/schema.org","@graph":[{"@type":"Article","@id":"https:\/\/fkzalgiris.lt\/u-19-rinktinei-pries-turkus-atstovavo-keturi-zalgirieciai\/#article","isPartOf":{"@id":"https:\/\/fkzalgiris.lt\/u-19-rinktinei-pries-turkus-atstovavo-keturi-zalgirieciai\/"},"author":{"name":"J","@id":"https:\/\/fkzalgiris.lt\/#\/schema\/person\/8604babbba794a7d8767be324a3eaac8"},"headline":"U-19 rinktinei prie\u0161 turkus atstovavo keturi \u017ealgirie\u010diai","datePublished":"2022-02-21T19:01:56+00:00","dateModified":"2022-02-21T19:10:09+00:00","mainEntityOfPage":{"@id":"https:\/\/fkzalgiris.lt\/u-19-rinktinei-pries-turkus-atstovavo-keturi-zalgirieciai\/"},"wordCount":265,"publisher":{"@id":"https:\/\/fkzalgiris.lt\/#organization"},"articleSection":["\u017dalgiris"],"inLanguage":"lt-LT"},{"@type":"WebPage","@id":"https:\/\/fkzalgiris.lt\/u-19-rinktinei-pries-turkus-atstovavo-keturi-zalgirieciai\/","url":"https:\/\/fkzalgiris.lt\/u-19-rinktinei-pries-turkus-atstovavo-keturi-zalgirieciai\/","name":"U-19 rinktinei prie\u0161 turkus atstovavo keturi \u017ealgirie\u010diai - FK \u017dalgiris","isPartOf":{"@id":"https:\/\/fkzalgiris.lt\/#website"},"datePublished":"2022-02-21T19:01:56+00:00","dateModified":"2022-02-21T19:10:09+00:00","breadcrumb":{"@id":"https:\/\/fkzalgiris.lt\/u-19-rinktinei-pries-turkus-atstovavo-keturi-zalgirieciai\/#breadcrumb"},"inLanguage":"lt-LT","potentialAction":[{"@type":"ReadAction","target":["https:\/\/fkzalgiris.lt\/u-19-rinktinei-pries-turkus-atstovavo-keturi-zalgirieciai\/"]}]},{"@type":"BreadcrumbList","@id":"https:\/\/fkzalgiris.lt\/u-19-rinktinei-pries-turkus-atstovavo-keturi-zalgirieciai\/#breadcrumb","itemListElement":[{"@type":"ListItem","position":1,"name":"Home","item":"https:\/\/fkzalgiris.lt\/"},{"@type":"ListItem","position":2,"name":"U-19 rinktinei prie\u0161 turkus atstovavo keturi \u017ealgirie\u010diai"}]},{"@type":"WebSite","@id":"https:\/\/fkzalgiris.lt\/#website","url":"https:\/\/fkzalgiris.lt\/","name":"FK \u017dalgiris","description":"oficiali Vilniaus \u201e\u017dalgirio\u201c futbolo klubo svetain\u0117","publisher":{"@id":"https:\/\/fkzalgiris.lt\/#organization"},"potentialAction":[{"@type":"SearchAction","target":{"@type":"EntryPoint","urlTemplate":"https:\/\/fkzalgiris.lt\/?s={search_term_string}"},"query-input":{"@type":"PropertyValueSpecification","valueRequired":true,"valueName":"search_term_string"}}],"inLanguage":"lt-LT"},{"@type":"Organization","@id":"https:\/\/fkzalgiris.lt\/#organization","name":"FK \u017dalgiris","url":"https:\/\/fkzalgiris.lt\/","logo":{"@type":"ImageObject","inLanguage":"lt-LT","@id":"https:\/\/fkzalgiris.lt\/#\/schema\/logo\/image\/","url":"https:\/\/fkzalgiris.lt\/wp-content\/uploads\/2024\/01\/horiz-FK-Zalgiris-logo-2015.png","contentUrl":"https:\/\/fkzalgiris.lt\/wp-content\/uploads\/2024\/01\/horiz-FK-Zalgiris-logo-2015.png","width":3073,"height":2048,"caption":"FK \u017dalgiris"},"image":{"@id":"https:\/\/fkzalgiris.lt\/#\/schema\/logo\/image\/"},"sameAs":["https:\/\/www.facebook.com\/fkzalgiris\/","https:\/\/x.com\/fkzalgiris","https:\/\/www.instagram.com\/fkzalgiris\/","https:\/\/www.youtube.com\/channel\/UC1ag8JLxGirltMUoLlzfZLA"]},{"@type":"Person","@id":"https:\/\/fkzalgiris.lt\/#\/schema\/person\/8604babbba794a7d8767be324a3eaac8","name":"J"}]}},"_links":{"self":[{"href":"https:\/\/fkzalgiris.lt\/api\/wp\/v2\/posts\/7629","targetHints":{"allow":["GET"]}}],"collection":[{"href":"https:\/\/fkzalgiris.lt\/api\/wp\/v2\/posts"}],"about":[{"href":"https:\/\/fkzalgiris.lt\/api\/wp\/v2\/types\/post"}],"author":[{"embeddable":true,"href":"https:\/\/fkzalgiris.lt\/api\/wp\/v2\/users\/4"}],"replies":[{"embeddable":true,"href":"https:\/\/fkzalgiris.lt\/api\/wp\/v2\/comments?post=7629"}],"version-history":[{"count":5,"href":"https:\/\/fkzalgiris.lt\/api\/wp\/v2\/posts\/7629\/revisions"}],"predecessor-version":[{"id":7635,"href":"https:\/\/fkzalgiris.lt\/api\/wp\/v2\/posts\/7629\/revisions\/7635"}],"wp:attachment":[{"href":"https:\/\/fkzalgiris.lt\/api\/wp\/v2\/media?parent=7629"}],"wp:term":[{"taxonomy":"category","embeddable":true,"href":"https:\/\/fkzalgiris.lt\/api\/wp\/v2\/categories?post=7629"}],"curies":[{"name":"wp","href":"https:\/\/api.w.org\/{rel}","templated":true}]}}