{"id":7518,"date":"2022-02-07T19:00:50","date_gmt":"2022-02-07T17:00:50","guid":{"rendered":"https:\/\/fkzalgiris.lt\/?p=7518"},"modified":"2022-02-07T19:07:08","modified_gmt":"2022-02-07T17:07:08","slug":"p-mamicius-man-patinka-nauji-issukiai-noriu-laimeti","status":"publish","type":"post","link":"https:\/\/fkzalgiris.lt\/p-mamicius-man-patinka-nauji-issukiai-noriu-laimeti\/","title":{"rendered":"P. Mami\u010dius: \u201eMan patinka nauji i\u0161\u0161\u016bkiai, noriu laim\u0117ti\u201c"},"content":{"rendered":"<p>I\u0161 Kroatijos \u010dempionato \u2013 \u012f Lietuvos A lyg\u0105. Naujo karjeros post\u016bmio ie\u0161kojusiam Petarui Mami\u010diui \u017eengti tok\u012f ne\u012fprast\u0105 \u017eingsn\u012f \u012ftikino geri atsiliepimai ir \u201e\u017dalgirio\u201c klubo ambicijos.<\/p>\n<p>Prie\u0161 beveik de\u0161imtmet\u012f pana\u0161\u0173 sprendim\u0105 pri\u0117m\u0117 kitas Andro \u0160vrljuga. Jis kaip ir P. Mami\u010dius, \u017eaid\u0117 kra\u0161to gyn\u0117jo pozicijoje ir \u012f Lietuv\u0105 persik\u0117l\u0117 26-eri\u0173. Tiek pat met\u0173 u\u017e keli\u0173 savai\u010di\u0173 sukaks ir P. Mami\u010diui.<\/p>\n<p>A. \u0160vrljuga tapo vienu ry\u0161kiausiu savo pozicijos legionieri\u0173 A lygos istorijoje, i\u0161kovojo net 6 aukso medalius.<\/p>\n<p>P. Mami\u010dius savo keli\u0105 Lietuvos \u010dempion\u0173 gretose tik pradeda. Po periodo retokai laimin\u010dioje \u201eHrvatski Dragovoljac\u201c ekipoje galimyb\u0117 kovoti d\u0117l titul\u0173 buvusiam Zagrebo \u201eDinamo\u201c aukl\u0117tiniui pasirod\u0117 patraukli ir pad\u0117jo apsispr\u0119sti karjeros kry\u017ekel\u0117je.<\/p>\n<p>\u201eKalb\u0117jausi su vyrukais i\u0161 Balkan\u0173 regiono, su \u017ealgirie\u010diais prie\u0161 kuriuos yra tek\u0119 \u017eaisti. Jie gerai atsiliep\u0117 apie\u201e\u017dalgirio\u201c klub\u0105, Vilniaus miest\u0105. Pakalb\u0117jau su klubo vadove, ji man pristat\u0117 komand\u0105, ambicijas sezonui, ir nutariau atvykti \u010dia, &#8211;\u00a0 u\u017etikrintai d\u0117st\u0117 kroatas &#8211; Pernai tapote \u010dempionais, laim\u0117jote trof\u0117jus. Kaip ir klubas, turiu ambicij\u0105 laim\u0117ti visas rungtynes. Tikiuosi pad\u0117ti komandai i\u0161kovoti trof\u0117j\u0173, \u017eaisti kuo geriau ir patekti \u012f Europos turnyrus.\u201c<\/p>\n<p>Jam tai bus tre\u010dioji \u0161alis legionieriaus karjeroje \u2013 prie\u0161 tai futbolininkas trumpai \u017eaid\u0117 Italijos, Lenkijos ekipose.<\/p>\n<p>\u201ePirmi \u012fsp\u016bd\u017eiai \u010dia tikrai geri. Vaikinai ir treneris malon\u016bs. Klubas turi geras s\u0105lygas tobul\u0117ti. Man patinka nauji i\u0161\u0161\u016bkiai, pamatyti naujas \u0161alis, i\u0161bandyti kitus \u017eaidimo stilius, kitas lygas. D\u017eiaugiuosi, kad \u010dia esu ir tikiuosi \u017eaisiu gerai\u201c, &#8211; sak\u0117 P. Mami\u010dius.<\/p>\n<p>Kairiojo kra\u0161to gyn\u0117jo pozicijoje rungtyniaujantis \u017eaid\u0117jas nesunkiai \u012fvardino savo stipri\u0105sias puses: \u201eGaliu atlikti ger\u0105 perdavim\u0105 i\u0161 kra\u0161to. \u017dinau kaip kurti atakas. Galiu daug nub\u0117gti, esu agresyvus gynyboje.\u201c<\/p>\n<p>Kroatijos lygoje jis \u017eaid\u0117 iki \u017eiemos pertraukos, o \u201e\u017dalgiryje\u201c debiutavo pra\u0117jus\u012f \u0161e\u0161tadien\u012f kontrolin\u0117je akistatoje su \u201e\u0160iauliais\u201c. \u201eAsmeni\u0161kai jau\u010diuosi gerai, esu patenkintas ir komanda. Neabejoju, jog toliau \u017eaisime dar geriau\u201c, &#8211; vertino P. Mami\u010dius.<\/p>\n<p>Tre\u010diadien\u012f jis su \u201e\u017dalgiriu\u201c kontrolin\u0117se rungtyn\u0117se i\u0161bandys j\u0117gas su Kauno rajono \u201eHegelmann Litauen\u201c.<\/p>\n","protected":false},"excerpt":{"rendered":"<p>I\u0161 Kroatijos \u010dempionato \u2013 \u012f Lietuvos A lyg\u0105. Naujo karjeros post\u016bmio ie\u0161kojusiam Petarui Mami\u010diui \u017eengti tok\u012f ne\u012fprast\u0105 \u017eingsn\u012f \u012ftikino geri atsiliepimai ir \u201e\u017dalgirio\u201c klubo ambicijos.\u2026<\/p>\n","protected":false},"author":4,"featured_media":0,"comment_status":"closed","ping_status":"closed","sticky":false,"template":"","format":"standard","meta":{"_acf_changed":false,"footnotes":""},"categories":[87],"class_list":["post-7518","post","type-post","status-publish","format-standard","hentry","category-zalgiris"],"acf":[],"yoast_head":"<!-- This site is optimized with the Yoast SEO plugin v26.8 - https:\/\/yoast.com\/product\/yoast-seo-wordpress\/ -->\n<title>P. Mami\u010dius: \u201eMan patinka nauji i\u0161\u0161\u016bkiai, noriu laim\u0117ti\u201c - FK \u017dalgiris<\/title>\n<meta name=\"robots\" content=\"index, follow, max-snippet:-1, max-image-preview:large, max-video-preview:-1\" \/>\n<link rel=\"canonical\" href=\"https:\/\/fkzalgiris.lt\/p-mamicius-man-patinka-nauji-issukiai-noriu-laimeti\/\" \/>\n<meta property=\"og:locale\" content=\"lt_LT\" \/>\n<meta property=\"og:type\" content=\"article\" \/>\n<meta property=\"og:title\" content=\"P. Mami\u010dius: \u201eMan patinka nauji i\u0161\u0161\u016bkiai, noriu laim\u0117ti\u201c - FK \u017dalgiris\" \/>\n<meta property=\"og:description\" content=\"I\u0161 Kroatijos \u010dempionato \u2013 \u012f Lietuvos A lyg\u0105. Naujo karjeros post\u016bmio ie\u0161kojusiam Petarui Mami\u010diui \u017eengti tok\u012f ne\u012fprast\u0105 \u017eingsn\u012f \u012ftikino geri atsiliepimai ir \u201e\u017dalgirio\u201c klubo ambicijos.\u2026\" \/>\n<meta property=\"og:url\" content=\"https:\/\/fkzalgiris.lt\/p-mamicius-man-patinka-nauji-issukiai-noriu-laimeti\/\" \/>\n<meta property=\"og:site_name\" content=\"FK \u017dalgiris\" \/>\n<meta property=\"article:publisher\" content=\"https:\/\/www.facebook.com\/fkzalgiris\/\" \/>\n<meta property=\"article:published_time\" content=\"2022-02-07T17:00:50+00:00\" \/>\n<meta property=\"article:modified_time\" content=\"2022-02-07T17:07:08+00:00\" \/>\n<meta property=\"og:image\" content=\"https:\/\/fkzalgiris.lt\/wp-content\/uploads\/2024\/02\/social-horiz_Zalgiris_logo_2024.png\" \/>\n\t<meta property=\"og:image:width\" content=\"3356\" \/>\n\t<meta property=\"og:image:height\" content=\"2259\" \/>\n\t<meta property=\"og:image:type\" content=\"image\/png\" \/>\n<meta name=\"author\" content=\"J\" \/>\n<meta name=\"twitter:card\" content=\"summary_large_image\" \/>\n<meta name=\"twitter:creator\" content=\"@fkzalgiris\" \/>\n<meta name=\"twitter:site\" content=\"@fkzalgiris\" \/>\n<meta name=\"twitter:label1\" content=\"Written by\" \/>\n\t<meta name=\"twitter:data1\" content=\"J\" \/>\n\t<meta name=\"twitter:label2\" content=\"Est. reading time\" \/>\n\t<meta name=\"twitter:data2\" content=\"2 minut\u0117s\" \/>\n<script type=\"application\/ld+json\" class=\"yoast-schema-graph\">{\"@context\":\"https:\/\/schema.org\",\"@graph\":[{\"@type\":\"Article\",\"@id\":\"https:\/\/fkzalgiris.lt\/p-mamicius-man-patinka-nauji-issukiai-noriu-laimeti\/#article\",\"isPartOf\":{\"@id\":\"https:\/\/fkzalgiris.lt\/p-mamicius-man-patinka-nauji-issukiai-noriu-laimeti\/\"},\"author\":{\"name\":\"J\",\"@id\":\"https:\/\/fkzalgiris.lt\/#\/schema\/person\/8604babbba794a7d8767be324a3eaac8\"},\"headline\":\"P. Mami\u010dius: \u201eMan patinka nauji i\u0161\u0161\u016bkiai, noriu laim\u0117ti\u201c\",\"datePublished\":\"2022-02-07T17:00:50+00:00\",\"dateModified\":\"2022-02-07T17:07:08+00:00\",\"mainEntityOfPage\":{\"@id\":\"https:\/\/fkzalgiris.lt\/p-mamicius-man-patinka-nauji-issukiai-noriu-laimeti\/\"},\"wordCount\":364,\"publisher\":{\"@id\":\"https:\/\/fkzalgiris.lt\/#organization\"},\"articleSection\":[\"\u017dalgiris\"],\"inLanguage\":\"lt-LT\"},{\"@type\":\"WebPage\",\"@id\":\"https:\/\/fkzalgiris.lt\/p-mamicius-man-patinka-nauji-issukiai-noriu-laimeti\/\",\"url\":\"https:\/\/fkzalgiris.lt\/p-mamicius-man-patinka-nauji-issukiai-noriu-laimeti\/\",\"name\":\"P. Mami\u010dius: \u201eMan patinka nauji i\u0161\u0161\u016bkiai, noriu laim\u0117ti\u201c - FK \u017dalgiris\",\"isPartOf\":{\"@id\":\"https:\/\/fkzalgiris.lt\/#website\"},\"datePublished\":\"2022-02-07T17:00:50+00:00\",\"dateModified\":\"2022-02-07T17:07:08+00:00\",\"breadcrumb\":{\"@id\":\"https:\/\/fkzalgiris.lt\/p-mamicius-man-patinka-nauji-issukiai-noriu-laimeti\/#breadcrumb\"},\"inLanguage\":\"lt-LT\",\"potentialAction\":[{\"@type\":\"ReadAction\",\"target\":[\"https:\/\/fkzalgiris.lt\/p-mamicius-man-patinka-nauji-issukiai-noriu-laimeti\/\"]}]},{\"@type\":\"BreadcrumbList\",\"@id\":\"https:\/\/fkzalgiris.lt\/p-mamicius-man-patinka-nauji-issukiai-noriu-laimeti\/#breadcrumb\",\"itemListElement\":[{\"@type\":\"ListItem\",\"position\":1,\"name\":\"Home\",\"item\":\"https:\/\/fkzalgiris.lt\/\"},{\"@type\":\"ListItem\",\"position\":2,\"name\":\"P. Mami\u010dius: \u201eMan patinka nauji i\u0161\u0161\u016bkiai, noriu laim\u0117ti\u201c\"}]},{\"@type\":\"WebSite\",\"@id\":\"https:\/\/fkzalgiris.lt\/#website\",\"url\":\"https:\/\/fkzalgiris.lt\/\",\"name\":\"FK \u017dalgiris\",\"description\":\"oficiali Vilniaus \u201e\u017dalgirio\u201c futbolo klubo svetain\u0117\",\"publisher\":{\"@id\":\"https:\/\/fkzalgiris.lt\/#organization\"},\"potentialAction\":[{\"@type\":\"SearchAction\",\"target\":{\"@type\":\"EntryPoint\",\"urlTemplate\":\"https:\/\/fkzalgiris.lt\/?s={search_term_string}\"},\"query-input\":{\"@type\":\"PropertyValueSpecification\",\"valueRequired\":true,\"valueName\":\"search_term_string\"}}],\"inLanguage\":\"lt-LT\"},{\"@type\":\"Organization\",\"@id\":\"https:\/\/fkzalgiris.lt\/#organization\",\"name\":\"FK \u017dalgiris\",\"url\":\"https:\/\/fkzalgiris.lt\/\",\"logo\":{\"@type\":\"ImageObject\",\"inLanguage\":\"lt-LT\",\"@id\":\"https:\/\/fkzalgiris.lt\/#\/schema\/logo\/image\/\",\"url\":\"https:\/\/fkzalgiris.lt\/wp-content\/uploads\/2024\/01\/horiz-FK-Zalgiris-logo-2015.png\",\"contentUrl\":\"https:\/\/fkzalgiris.lt\/wp-content\/uploads\/2024\/01\/horiz-FK-Zalgiris-logo-2015.png\",\"width\":3073,\"height\":2048,\"caption\":\"FK \u017dalgiris\"},\"image\":{\"@id\":\"https:\/\/fkzalgiris.lt\/#\/schema\/logo\/image\/\"},\"sameAs\":[\"https:\/\/www.facebook.com\/fkzalgiris\/\",\"https:\/\/x.com\/fkzalgiris\",\"https:\/\/www.instagram.com\/fkzalgiris\/\",\"https:\/\/www.youtube.com\/channel\/UC1ag8JLxGirltMUoLlzfZLA\"]},{\"@type\":\"Person\",\"@id\":\"https:\/\/fkzalgiris.lt\/#\/schema\/person\/8604babbba794a7d8767be324a3eaac8\",\"name\":\"J\"}]}<\/script>\n<!-- \/ Yoast SEO plugin. -->","yoast_head_json":{"title":"P. Mami\u010dius: \u201eMan patinka nauji i\u0161\u0161\u016bkiai, noriu laim\u0117ti\u201c - FK \u017dalgiris","robots":{"index":"index","follow":"follow","max-snippet":"max-snippet:-1","max-image-preview":"max-image-preview:large","max-video-preview":"max-video-preview:-1"},"canonical":"https:\/\/fkzalgiris.lt\/p-mamicius-man-patinka-nauji-issukiai-noriu-laimeti\/","og_locale":"lt_LT","og_type":"article","og_title":"P. Mami\u010dius: \u201eMan patinka nauji i\u0161\u0161\u016bkiai, noriu laim\u0117ti\u201c - FK \u017dalgiris","og_description":"I\u0161 Kroatijos \u010dempionato \u2013 \u012f Lietuvos A lyg\u0105. Naujo karjeros post\u016bmio ie\u0161kojusiam Petarui Mami\u010diui \u017eengti tok\u012f ne\u012fprast\u0105 \u017eingsn\u012f \u012ftikino geri atsiliepimai ir \u201e\u017dalgirio\u201c klubo ambicijos.\u2026","og_url":"https:\/\/fkzalgiris.lt\/p-mamicius-man-patinka-nauji-issukiai-noriu-laimeti\/","og_site_name":"FK \u017dalgiris","article_publisher":"https:\/\/www.facebook.com\/fkzalgiris\/","article_published_time":"2022-02-07T17:00:50+00:00","article_modified_time":"2022-02-07T17:07:08+00:00","og_image":[{"width":3356,"height":2259,"url":"https:\/\/fkzalgiris.lt\/wp-content\/uploads\/2024\/02\/social-horiz_Zalgiris_logo_2024.png","type":"image\/png"}],"author":"J","twitter_card":"summary_large_image","twitter_creator":"@fkzalgiris","twitter_site":"@fkzalgiris","twitter_misc":{"Written by":"J","Est. reading time":"2 minut\u0117s"},"schema":{"@context":"https:\/\/schema.org","@graph":[{"@type":"Article","@id":"https:\/\/fkzalgiris.lt\/p-mamicius-man-patinka-nauji-issukiai-noriu-laimeti\/#article","isPartOf":{"@id":"https:\/\/fkzalgiris.lt\/p-mamicius-man-patinka-nauji-issukiai-noriu-laimeti\/"},"author":{"name":"J","@id":"https:\/\/fkzalgiris.lt\/#\/schema\/person\/8604babbba794a7d8767be324a3eaac8"},"headline":"P. Mami\u010dius: \u201eMan patinka nauji i\u0161\u0161\u016bkiai, noriu laim\u0117ti\u201c","datePublished":"2022-02-07T17:00:50+00:00","dateModified":"2022-02-07T17:07:08+00:00","mainEntityOfPage":{"@id":"https:\/\/fkzalgiris.lt\/p-mamicius-man-patinka-nauji-issukiai-noriu-laimeti\/"},"wordCount":364,"publisher":{"@id":"https:\/\/fkzalgiris.lt\/#organization"},"articleSection":["\u017dalgiris"],"inLanguage":"lt-LT"},{"@type":"WebPage","@id":"https:\/\/fkzalgiris.lt\/p-mamicius-man-patinka-nauji-issukiai-noriu-laimeti\/","url":"https:\/\/fkzalgiris.lt\/p-mamicius-man-patinka-nauji-issukiai-noriu-laimeti\/","name":"P. Mami\u010dius: \u201eMan patinka nauji i\u0161\u0161\u016bkiai, noriu laim\u0117ti\u201c - FK \u017dalgiris","isPartOf":{"@id":"https:\/\/fkzalgiris.lt\/#website"},"datePublished":"2022-02-07T17:00:50+00:00","dateModified":"2022-02-07T17:07:08+00:00","breadcrumb":{"@id":"https:\/\/fkzalgiris.lt\/p-mamicius-man-patinka-nauji-issukiai-noriu-laimeti\/#breadcrumb"},"inLanguage":"lt-LT","potentialAction":[{"@type":"ReadAction","target":["https:\/\/fkzalgiris.lt\/p-mamicius-man-patinka-nauji-issukiai-noriu-laimeti\/"]}]},{"@type":"BreadcrumbList","@id":"https:\/\/fkzalgiris.lt\/p-mamicius-man-patinka-nauji-issukiai-noriu-laimeti\/#breadcrumb","itemListElement":[{"@type":"ListItem","position":1,"name":"Home","item":"https:\/\/fkzalgiris.lt\/"},{"@type":"ListItem","position":2,"name":"P. Mami\u010dius: \u201eMan patinka nauji i\u0161\u0161\u016bkiai, noriu laim\u0117ti\u201c"}]},{"@type":"WebSite","@id":"https:\/\/fkzalgiris.lt\/#website","url":"https:\/\/fkzalgiris.lt\/","name":"FK \u017dalgiris","description":"oficiali Vilniaus \u201e\u017dalgirio\u201c futbolo klubo svetain\u0117","publisher":{"@id":"https:\/\/fkzalgiris.lt\/#organization"},"potentialAction":[{"@type":"SearchAction","target":{"@type":"EntryPoint","urlTemplate":"https:\/\/fkzalgiris.lt\/?s={search_term_string}"},"query-input":{"@type":"PropertyValueSpecification","valueRequired":true,"valueName":"search_term_string"}}],"inLanguage":"lt-LT"},{"@type":"Organization","@id":"https:\/\/fkzalgiris.lt\/#organization","name":"FK \u017dalgiris","url":"https:\/\/fkzalgiris.lt\/","logo":{"@type":"ImageObject","inLanguage":"lt-LT","@id":"https:\/\/fkzalgiris.lt\/#\/schema\/logo\/image\/","url":"https:\/\/fkzalgiris.lt\/wp-content\/uploads\/2024\/01\/horiz-FK-Zalgiris-logo-2015.png","contentUrl":"https:\/\/fkzalgiris.lt\/wp-content\/uploads\/2024\/01\/horiz-FK-Zalgiris-logo-2015.png","width":3073,"height":2048,"caption":"FK \u017dalgiris"},"image":{"@id":"https:\/\/fkzalgiris.lt\/#\/schema\/logo\/image\/"},"sameAs":["https:\/\/www.facebook.com\/fkzalgiris\/","https:\/\/x.com\/fkzalgiris","https:\/\/www.instagram.com\/fkzalgiris\/","https:\/\/www.youtube.com\/channel\/UC1ag8JLxGirltMUoLlzfZLA"]},{"@type":"Person","@id":"https:\/\/fkzalgiris.lt\/#\/schema\/person\/8604babbba794a7d8767be324a3eaac8","name":"J"}]}},"_links":{"self":[{"href":"https:\/\/fkzalgiris.lt\/api\/wp\/v2\/posts\/7518","targetHints":{"allow":["GET"]}}],"collection":[{"href":"https:\/\/fkzalgiris.lt\/api\/wp\/v2\/posts"}],"about":[{"href":"https:\/\/fkzalgiris.lt\/api\/wp\/v2\/types\/post"}],"author":[{"embeddable":true,"href":"https:\/\/fkzalgiris.lt\/api\/wp\/v2\/users\/4"}],"replies":[{"embeddable":true,"href":"https:\/\/fkzalgiris.lt\/api\/wp\/v2\/comments?post=7518"}],"version-history":[{"count":7,"href":"https:\/\/fkzalgiris.lt\/api\/wp\/v2\/posts\/7518\/revisions"}],"predecessor-version":[{"id":7526,"href":"https:\/\/fkzalgiris.lt\/api\/wp\/v2\/posts\/7518\/revisions\/7526"}],"wp:attachment":[{"href":"https:\/\/fkzalgiris.lt\/api\/wp\/v2\/media?parent=7518"}],"wp:term":[{"taxonomy":"category","embeddable":true,"href":"https:\/\/fkzalgiris.lt\/api\/wp\/v2\/categories?post=7518"}],"curies":[{"name":"wp","href":"https:\/\/api.w.org\/{rel}","templated":true}]}}