{"id":7330,"date":"2022-01-24T13:48:27","date_gmt":"2022-01-24T11:48:27","guid":{"rendered":"https:\/\/fkzalgiris.lt\/?p=7330"},"modified":"2022-01-24T13:53:48","modified_gmt":"2022-01-24T11:53:48","slug":"n-gorobsovas-nesunku-buvo-apsispresti-del-zalgirio","status":"publish","type":"post","link":"https:\/\/fkzalgiris.lt\/n-gorobsovas-nesunku-buvo-apsispresti-del-zalgirio\/","title":{"rendered":"N. Gorobsovas: \u201eNesunku buvo apsispr\u0119sti d\u0117l \u201e\u017dalgirio\u201c"},"content":{"rendered":"<p>Savaitgal\u012f \u017ealiai baltus \u201e\u017dalgirio\u201c mar\u0161kin\u0117lius pirm\u0105 kart\u0105 vilk\u0117j\u0119s Nicol\u00e1s Gorobsovas teigia ilgai nesvarst\u0119s pasi\u016blymo persikelti \u012f Vilni\u0173.<\/p>\n<p>Pernai saugas atstovavo \u201eS\u016bduvai\u201c ir solid\u017eiu \u017eaidimu aik\u0161t\u0117s viduryje atkreip\u0117 d\u0117mes\u012f \u012f save kaip \u012f vien\u0105 geriausi\u0173 A lygos \u017eaid\u0117j\u0173.<\/p>\n<p>\u201eBuvo nesunku priimti sprendim\u0105 atvykti \u012f \u201e\u017dalgir\u012f\u201c, nes tai didelis klubas. Pra\u0117jus\u012f sezon\u0105 gal\u0117jau \u012fsivertinti komand\u0105, trener\u012f. Pasibaigus kontraktui su \u201eS\u016bduva\u201c gavau skambut\u012f i\u0161 \u201e\u017dalgirio\u201c. Esu labai patenkintas, nekantrauju prad\u0117ti oficialias rungtynes\u201c, &#8211; sak\u0117 N. Gorobsovas.<\/p>\n<p>Italijos, Rumunijos, Izraelio komandose rungtyniav\u0119s \u017eaid\u0117jas per savo karjer\u0105 netur\u0117jo daug galimybi\u0173 i\u0161kovoti titul\u0173 ar \u017eaisti UEFA turnyruose, tod\u0117l tikisi t\u0105 pasiekti \u201e\u017dalgiryje\u201c<\/p>\n<p>\u201eMano ir komandos tikslas &#8211; Europoje patekti \u012f grupi\u0173 etap\u0105. Gerai jau\u010diuosi d\u0117l komandos. Tikiu, kad \u0161\u012f sezon\u0105 galime tai padaryti, &#8211; kalb\u0117jo N. Gorobsovas &#8211; \u017dinoma svarb\u016bs ir kiti turnyrai. Tur\u0117sime tris pagrindinius turnyrus &#8211; \u010dempionat\u0105, taur\u0119, Europ\u0105. Kiekvienos rungtyn\u0117s bus svarbios. Kiekviena diena, kiekviena treniruot\u0117. \u010cempionatui ir sezonui pasiruo\u0161imo pagrindus turime pad\u0117ti dabar.\u201c<\/p>\n<p>\u012e Vilni\u0173 i\u0161 gimtosios Argentinos jis atvyko prie\u0161 savait\u0119, per kuri\u0105 tur\u0117jo priprasti ir prie laiko skirtumo ir prie \u0161altos \u017eiemos. \u201ePrad\u017eia Vilniuje man gera, tik oras nelabai koks. Esu \u010dia savait\u0119, gerai jau\u010diuosi komandoje. \u017daid\u0117jai ir personalas mane pri\u0117m\u0117 maloniai\u201c, &#8211; teig\u0117 N. Gorobsovas.<\/p>\n<p>Pirmose \u201e\u017dalgirio\u201c kontrolin\u0117se rungtyn\u0117se su Rygos RFS jis rungtyniavo kiek daugiau nei valand\u0105.<\/p>\n<p>\u201ePirmos rungtyn\u0117s pavyko gerai. Tai kontrolinis testas prie\u0161 ger\u0105 var\u017eov\u0105. Pirmas k\u0117linys buvo sunkokas, nes pastar\u0105j\u0105 savait\u0119 labai sunkiai treniravom\u0117s, daug lakst\u0117me. Normalu, kad nesame \u0161imtu procent\u0173 pasiruo\u0161\u0119. Bet nuveik\u0117me ger\u0173 dalyk\u0173. Svarbu prad\u0117ti metus teigiamai &#8211; kaip \u0161iandien\u201c, &#8211; sak\u0117 \u017eaid\u0117jas.<\/p>\n<p>\u201e\u017dalgirio\u201c ekipa \u0161e\u0161tadien\u012f \u017eais kontrolines rungtynes su Suvalk\u0173 \u201eWigry\u201c, o v\u0117liau numato dar bent keturis susitikimus su A lygos klubais.<\/p>\n","protected":false},"excerpt":{"rendered":"<p>Savaitgal\u012f \u017ealiai baltus \u201e\u017dalgirio\u201c mar\u0161kin\u0117lius pirm\u0105 kart\u0105 vilk\u0117j\u0119s Nicol\u00e1s Gorobsovas teigia ilgai nesvarst\u0119s pasi\u016blymo persikelti \u012f Vilni\u0173. Pernai saugas atstovavo \u201eS\u016bduvai\u201c ir solid\u017eiu \u017eaidimu aik\u0161t\u0117s\u2026<\/p>\n","protected":false},"author":4,"featured_media":0,"comment_status":"closed","ping_status":"closed","sticky":false,"template":"","format":"standard","meta":{"_acf_changed":false,"footnotes":""},"categories":[87],"class_list":["post-7330","post","type-post","status-publish","format-standard","hentry","category-zalgiris"],"acf":[],"yoast_head":"<!-- This site is optimized with the Yoast SEO plugin v26.8 - https:\/\/yoast.com\/product\/yoast-seo-wordpress\/ -->\n<title>N. Gorobsovas: \u201eNesunku buvo apsispr\u0119sti d\u0117l \u201e\u017dalgirio\u201c - FK \u017dalgiris<\/title>\n<meta name=\"robots\" content=\"index, follow, max-snippet:-1, max-image-preview:large, max-video-preview:-1\" \/>\n<link rel=\"canonical\" href=\"https:\/\/fkzalgiris.lt\/n-gorobsovas-nesunku-buvo-apsispresti-del-zalgirio\/\" \/>\n<meta property=\"og:locale\" content=\"lt_LT\" \/>\n<meta property=\"og:type\" content=\"article\" \/>\n<meta property=\"og:title\" content=\"N. Gorobsovas: \u201eNesunku buvo apsispr\u0119sti d\u0117l \u201e\u017dalgirio\u201c - FK \u017dalgiris\" \/>\n<meta property=\"og:description\" content=\"Savaitgal\u012f \u017ealiai baltus \u201e\u017dalgirio\u201c mar\u0161kin\u0117lius pirm\u0105 kart\u0105 vilk\u0117j\u0119s Nicol\u00e1s Gorobsovas teigia ilgai nesvarst\u0119s pasi\u016blymo persikelti \u012f Vilni\u0173. Pernai saugas atstovavo \u201eS\u016bduvai\u201c ir solid\u017eiu \u017eaidimu aik\u0161t\u0117s\u2026\" \/>\n<meta property=\"og:url\" content=\"https:\/\/fkzalgiris.lt\/n-gorobsovas-nesunku-buvo-apsispresti-del-zalgirio\/\" \/>\n<meta property=\"og:site_name\" content=\"FK \u017dalgiris\" \/>\n<meta property=\"article:publisher\" content=\"https:\/\/www.facebook.com\/fkzalgiris\/\" \/>\n<meta property=\"article:published_time\" content=\"2022-01-24T11:48:27+00:00\" \/>\n<meta property=\"article:modified_time\" content=\"2022-01-24T11:53:48+00:00\" \/>\n<meta property=\"og:image\" content=\"https:\/\/fkzalgiris.lt\/wp-content\/uploads\/2024\/02\/social-horiz_Zalgiris_logo_2024.png\" \/>\n\t<meta property=\"og:image:width\" content=\"3356\" \/>\n\t<meta property=\"og:image:height\" content=\"2259\" \/>\n\t<meta property=\"og:image:type\" content=\"image\/png\" \/>\n<meta name=\"author\" content=\"J\" \/>\n<meta name=\"twitter:card\" content=\"summary_large_image\" \/>\n<meta name=\"twitter:creator\" content=\"@fkzalgiris\" \/>\n<meta name=\"twitter:site\" content=\"@fkzalgiris\" \/>\n<meta name=\"twitter:label1\" content=\"Written by\" \/>\n\t<meta name=\"twitter:data1\" content=\"J\" \/>\n\t<meta name=\"twitter:label2\" content=\"Est. reading time\" \/>\n\t<meta name=\"twitter:data2\" content=\"2 minut\u0117s\" \/>\n<script type=\"application\/ld+json\" class=\"yoast-schema-graph\">{\"@context\":\"https:\/\/schema.org\",\"@graph\":[{\"@type\":\"Article\",\"@id\":\"https:\/\/fkzalgiris.lt\/n-gorobsovas-nesunku-buvo-apsispresti-del-zalgirio\/#article\",\"isPartOf\":{\"@id\":\"https:\/\/fkzalgiris.lt\/n-gorobsovas-nesunku-buvo-apsispresti-del-zalgirio\/\"},\"author\":{\"name\":\"J\",\"@id\":\"https:\/\/fkzalgiris.lt\/#\/schema\/person\/8604babbba794a7d8767be324a3eaac8\"},\"headline\":\"N. Gorobsovas: \u201eNesunku buvo apsispr\u0119sti d\u0117l \u201e\u017dalgirio\u201c\",\"datePublished\":\"2022-01-24T11:48:27+00:00\",\"dateModified\":\"2022-01-24T11:53:48+00:00\",\"mainEntityOfPage\":{\"@id\":\"https:\/\/fkzalgiris.lt\/n-gorobsovas-nesunku-buvo-apsispresti-del-zalgirio\/\"},\"wordCount\":321,\"publisher\":{\"@id\":\"https:\/\/fkzalgiris.lt\/#organization\"},\"articleSection\":[\"\u017dalgiris\"],\"inLanguage\":\"lt-LT\"},{\"@type\":\"WebPage\",\"@id\":\"https:\/\/fkzalgiris.lt\/n-gorobsovas-nesunku-buvo-apsispresti-del-zalgirio\/\",\"url\":\"https:\/\/fkzalgiris.lt\/n-gorobsovas-nesunku-buvo-apsispresti-del-zalgirio\/\",\"name\":\"N. Gorobsovas: \u201eNesunku buvo apsispr\u0119sti d\u0117l \u201e\u017dalgirio\u201c - FK \u017dalgiris\",\"isPartOf\":{\"@id\":\"https:\/\/fkzalgiris.lt\/#website\"},\"datePublished\":\"2022-01-24T11:48:27+00:00\",\"dateModified\":\"2022-01-24T11:53:48+00:00\",\"breadcrumb\":{\"@id\":\"https:\/\/fkzalgiris.lt\/n-gorobsovas-nesunku-buvo-apsispresti-del-zalgirio\/#breadcrumb\"},\"inLanguage\":\"lt-LT\",\"potentialAction\":[{\"@type\":\"ReadAction\",\"target\":[\"https:\/\/fkzalgiris.lt\/n-gorobsovas-nesunku-buvo-apsispresti-del-zalgirio\/\"]}]},{\"@type\":\"BreadcrumbList\",\"@id\":\"https:\/\/fkzalgiris.lt\/n-gorobsovas-nesunku-buvo-apsispresti-del-zalgirio\/#breadcrumb\",\"itemListElement\":[{\"@type\":\"ListItem\",\"position\":1,\"name\":\"Home\",\"item\":\"https:\/\/fkzalgiris.lt\/\"},{\"@type\":\"ListItem\",\"position\":2,\"name\":\"N. Gorobsovas: \u201eNesunku buvo apsispr\u0119sti d\u0117l \u201e\u017dalgirio\u201c\"}]},{\"@type\":\"WebSite\",\"@id\":\"https:\/\/fkzalgiris.lt\/#website\",\"url\":\"https:\/\/fkzalgiris.lt\/\",\"name\":\"FK \u017dalgiris\",\"description\":\"oficiali Vilniaus \u201e\u017dalgirio\u201c futbolo klubo svetain\u0117\",\"publisher\":{\"@id\":\"https:\/\/fkzalgiris.lt\/#organization\"},\"potentialAction\":[{\"@type\":\"SearchAction\",\"target\":{\"@type\":\"EntryPoint\",\"urlTemplate\":\"https:\/\/fkzalgiris.lt\/?s={search_term_string}\"},\"query-input\":{\"@type\":\"PropertyValueSpecification\",\"valueRequired\":true,\"valueName\":\"search_term_string\"}}],\"inLanguage\":\"lt-LT\"},{\"@type\":\"Organization\",\"@id\":\"https:\/\/fkzalgiris.lt\/#organization\",\"name\":\"FK \u017dalgiris\",\"url\":\"https:\/\/fkzalgiris.lt\/\",\"logo\":{\"@type\":\"ImageObject\",\"inLanguage\":\"lt-LT\",\"@id\":\"https:\/\/fkzalgiris.lt\/#\/schema\/logo\/image\/\",\"url\":\"https:\/\/fkzalgiris.lt\/wp-content\/uploads\/2024\/01\/horiz-FK-Zalgiris-logo-2015.png\",\"contentUrl\":\"https:\/\/fkzalgiris.lt\/wp-content\/uploads\/2024\/01\/horiz-FK-Zalgiris-logo-2015.png\",\"width\":3073,\"height\":2048,\"caption\":\"FK \u017dalgiris\"},\"image\":{\"@id\":\"https:\/\/fkzalgiris.lt\/#\/schema\/logo\/image\/\"},\"sameAs\":[\"https:\/\/www.facebook.com\/fkzalgiris\/\",\"https:\/\/x.com\/fkzalgiris\",\"https:\/\/www.instagram.com\/fkzalgiris\/\",\"https:\/\/www.youtube.com\/channel\/UC1ag8JLxGirltMUoLlzfZLA\"]},{\"@type\":\"Person\",\"@id\":\"https:\/\/fkzalgiris.lt\/#\/schema\/person\/8604babbba794a7d8767be324a3eaac8\",\"name\":\"J\"}]}<\/script>\n<!-- \/ Yoast SEO plugin. -->","yoast_head_json":{"title":"N. Gorobsovas: \u201eNesunku buvo apsispr\u0119sti d\u0117l \u201e\u017dalgirio\u201c - FK \u017dalgiris","robots":{"index":"index","follow":"follow","max-snippet":"max-snippet:-1","max-image-preview":"max-image-preview:large","max-video-preview":"max-video-preview:-1"},"canonical":"https:\/\/fkzalgiris.lt\/n-gorobsovas-nesunku-buvo-apsispresti-del-zalgirio\/","og_locale":"lt_LT","og_type":"article","og_title":"N. Gorobsovas: \u201eNesunku buvo apsispr\u0119sti d\u0117l \u201e\u017dalgirio\u201c - FK \u017dalgiris","og_description":"Savaitgal\u012f \u017ealiai baltus \u201e\u017dalgirio\u201c mar\u0161kin\u0117lius pirm\u0105 kart\u0105 vilk\u0117j\u0119s Nicol\u00e1s Gorobsovas teigia ilgai nesvarst\u0119s pasi\u016blymo persikelti \u012f Vilni\u0173. Pernai saugas atstovavo \u201eS\u016bduvai\u201c ir solid\u017eiu \u017eaidimu aik\u0161t\u0117s\u2026","og_url":"https:\/\/fkzalgiris.lt\/n-gorobsovas-nesunku-buvo-apsispresti-del-zalgirio\/","og_site_name":"FK \u017dalgiris","article_publisher":"https:\/\/www.facebook.com\/fkzalgiris\/","article_published_time":"2022-01-24T11:48:27+00:00","article_modified_time":"2022-01-24T11:53:48+00:00","og_image":[{"width":3356,"height":2259,"url":"https:\/\/fkzalgiris.lt\/wp-content\/uploads\/2024\/02\/social-horiz_Zalgiris_logo_2024.png","type":"image\/png"}],"author":"J","twitter_card":"summary_large_image","twitter_creator":"@fkzalgiris","twitter_site":"@fkzalgiris","twitter_misc":{"Written by":"J","Est. reading time":"2 minut\u0117s"},"schema":{"@context":"https:\/\/schema.org","@graph":[{"@type":"Article","@id":"https:\/\/fkzalgiris.lt\/n-gorobsovas-nesunku-buvo-apsispresti-del-zalgirio\/#article","isPartOf":{"@id":"https:\/\/fkzalgiris.lt\/n-gorobsovas-nesunku-buvo-apsispresti-del-zalgirio\/"},"author":{"name":"J","@id":"https:\/\/fkzalgiris.lt\/#\/schema\/person\/8604babbba794a7d8767be324a3eaac8"},"headline":"N. Gorobsovas: \u201eNesunku buvo apsispr\u0119sti d\u0117l \u201e\u017dalgirio\u201c","datePublished":"2022-01-24T11:48:27+00:00","dateModified":"2022-01-24T11:53:48+00:00","mainEntityOfPage":{"@id":"https:\/\/fkzalgiris.lt\/n-gorobsovas-nesunku-buvo-apsispresti-del-zalgirio\/"},"wordCount":321,"publisher":{"@id":"https:\/\/fkzalgiris.lt\/#organization"},"articleSection":["\u017dalgiris"],"inLanguage":"lt-LT"},{"@type":"WebPage","@id":"https:\/\/fkzalgiris.lt\/n-gorobsovas-nesunku-buvo-apsispresti-del-zalgirio\/","url":"https:\/\/fkzalgiris.lt\/n-gorobsovas-nesunku-buvo-apsispresti-del-zalgirio\/","name":"N. Gorobsovas: \u201eNesunku buvo apsispr\u0119sti d\u0117l \u201e\u017dalgirio\u201c - FK \u017dalgiris","isPartOf":{"@id":"https:\/\/fkzalgiris.lt\/#website"},"datePublished":"2022-01-24T11:48:27+00:00","dateModified":"2022-01-24T11:53:48+00:00","breadcrumb":{"@id":"https:\/\/fkzalgiris.lt\/n-gorobsovas-nesunku-buvo-apsispresti-del-zalgirio\/#breadcrumb"},"inLanguage":"lt-LT","potentialAction":[{"@type":"ReadAction","target":["https:\/\/fkzalgiris.lt\/n-gorobsovas-nesunku-buvo-apsispresti-del-zalgirio\/"]}]},{"@type":"BreadcrumbList","@id":"https:\/\/fkzalgiris.lt\/n-gorobsovas-nesunku-buvo-apsispresti-del-zalgirio\/#breadcrumb","itemListElement":[{"@type":"ListItem","position":1,"name":"Home","item":"https:\/\/fkzalgiris.lt\/"},{"@type":"ListItem","position":2,"name":"N. Gorobsovas: \u201eNesunku buvo apsispr\u0119sti d\u0117l \u201e\u017dalgirio\u201c"}]},{"@type":"WebSite","@id":"https:\/\/fkzalgiris.lt\/#website","url":"https:\/\/fkzalgiris.lt\/","name":"FK \u017dalgiris","description":"oficiali Vilniaus \u201e\u017dalgirio\u201c futbolo klubo svetain\u0117","publisher":{"@id":"https:\/\/fkzalgiris.lt\/#organization"},"potentialAction":[{"@type":"SearchAction","target":{"@type":"EntryPoint","urlTemplate":"https:\/\/fkzalgiris.lt\/?s={search_term_string}"},"query-input":{"@type":"PropertyValueSpecification","valueRequired":true,"valueName":"search_term_string"}}],"inLanguage":"lt-LT"},{"@type":"Organization","@id":"https:\/\/fkzalgiris.lt\/#organization","name":"FK \u017dalgiris","url":"https:\/\/fkzalgiris.lt\/","logo":{"@type":"ImageObject","inLanguage":"lt-LT","@id":"https:\/\/fkzalgiris.lt\/#\/schema\/logo\/image\/","url":"https:\/\/fkzalgiris.lt\/wp-content\/uploads\/2024\/01\/horiz-FK-Zalgiris-logo-2015.png","contentUrl":"https:\/\/fkzalgiris.lt\/wp-content\/uploads\/2024\/01\/horiz-FK-Zalgiris-logo-2015.png","width":3073,"height":2048,"caption":"FK \u017dalgiris"},"image":{"@id":"https:\/\/fkzalgiris.lt\/#\/schema\/logo\/image\/"},"sameAs":["https:\/\/www.facebook.com\/fkzalgiris\/","https:\/\/x.com\/fkzalgiris","https:\/\/www.instagram.com\/fkzalgiris\/","https:\/\/www.youtube.com\/channel\/UC1ag8JLxGirltMUoLlzfZLA"]},{"@type":"Person","@id":"https:\/\/fkzalgiris.lt\/#\/schema\/person\/8604babbba794a7d8767be324a3eaac8","name":"J"}]}},"_links":{"self":[{"href":"https:\/\/fkzalgiris.lt\/api\/wp\/v2\/posts\/7330","targetHints":{"allow":["GET"]}}],"collection":[{"href":"https:\/\/fkzalgiris.lt\/api\/wp\/v2\/posts"}],"about":[{"href":"https:\/\/fkzalgiris.lt\/api\/wp\/v2\/types\/post"}],"author":[{"embeddable":true,"href":"https:\/\/fkzalgiris.lt\/api\/wp\/v2\/users\/4"}],"replies":[{"embeddable":true,"href":"https:\/\/fkzalgiris.lt\/api\/wp\/v2\/comments?post=7330"}],"version-history":[{"count":4,"href":"https:\/\/fkzalgiris.lt\/api\/wp\/v2\/posts\/7330\/revisions"}],"predecessor-version":[{"id":7335,"href":"https:\/\/fkzalgiris.lt\/api\/wp\/v2\/posts\/7330\/revisions\/7335"}],"wp:attachment":[{"href":"https:\/\/fkzalgiris.lt\/api\/wp\/v2\/media?parent=7330"}],"wp:term":[{"taxonomy":"category","embeddable":true,"href":"https:\/\/fkzalgiris.lt\/api\/wp\/v2\/categories?post=7330"}],"curies":[{"name":"wp","href":"https:\/\/api.w.org\/{rel}","templated":true}]}}