{"id":7281,"date":"2022-01-23T14:59:47","date_gmt":"2022-01-23T12:59:47","guid":{"rendered":"https:\/\/fkzalgiris.lt\/?p=7281"},"modified":"2022-01-23T15:03:09","modified_gmt":"2022-01-23T13:03:09","slug":"sutarta-del-d-diaw-perejimo","status":"publish","type":"post","link":"https:\/\/fkzalgiris.lt\/sutarta-del-d-diaw-perejimo\/","title":{"rendered":"Sutarta d\u0117l D. Diaw per\u0117jimo"},"content":{"rendered":"<p>\u201e\u017dalgirio\u201c klubas sutar\u0117 d\u0117l Djibrilio Diaw per\u0117jimo &#8211; gyn\u0117jas i\u0161 Senegalo karjer\u0105 planuoja t\u0119sti Ukrainoje.<\/p>\n<p>Nors D. Diaw sutartis su \u201e\u017dalgiriu\u201c galiojo 2022 met\u0173 sezonui, 27 met\u0173 \u017eaid\u0117ju susidom\u0117jo Ukrainos klubas. Jis ir \u201e\u017dalgiris\u201c pasiek\u0117 susitarim\u0105 d\u0117l futbolininko per\u0117jimo.<\/p>\n<p>FK \u201e\u017dalgiris\u201c d\u0117koja D. Diaw u\u017e profesional\u0173 darb\u0105 ir ind\u0117l\u012f \u012f i\u0161kovotas pergales bei linki s\u0117km\u0117s naujoje komandoje.<\/p>\n<p>\u201eN\u0117ra lengva palikti toki\u0105 \u0161eim\u0105 kaip \u201e\u017dalgiris\u201c. Nors \u010dia praleidau tik vien\u0105 sezon\u0105, jis buvo nuostabus, nes buvome \u010dempionais, i\u0161kovojome taur\u0119, buvo ger\u0173 moment\u0173 ir Europoje. \u0160io laikotarpio \u201e\u017dalgiryje\u201c nepamir\u0161iu vis\u0105 gyvenim\u0105. Did\u017eiuojuosi ir esu laimingas, jog gal\u0117jau b\u016bti \u0161ios komandos dalimi, &#8211; kalb\u0117jo D. Diaw. &#8211; D\u0117koju visam klubui, vadovybei, treneriui u\u017e tik\u0117jim\u0105 manimi, duot\u0105 galimyb\u0119 parodyti save. A\u010di\u016b ir \u0161eimai u\u017e kasdienin\u0119 param\u0105. A\u010di\u016b Vilniui, aistruoliams, nes vis\u0105 sezon\u0105 jie palaik\u0117 komand\u0105. Ypa\u010d \u012fsimin\u0117 Europos turnyrai, ta j\u0173 muzika. Man tai prid\u0117jo daug motyvacijos.\u201c<\/p>\n<p>Pasak D. Diaw, jam tai buvo nauja galimyb\u0117 karjeroje, kurios negal\u0117jo atsisakyti: \u201eTuriu eiti toliau, tai \u017eingsnis \u012f priek\u012f mano karjeroje. D\u0117l to pri\u0117miau \u0161\u012f sprendim\u0105.\u201c<\/p>\n<p>2021 met\u0173 \u017eiem\u0105 \u012f \u201e\u017dalgir\u012f\u201c atvyk\u0119s D. Diaw buvo viena i\u0161 kertini\u0173 fig\u016br\u0173 komandai i\u0161kovojant A lygos \u010dempion\u0173 titul\u0105 ir LFF taur\u0119.<\/p>\n<p>Auk\u0161ta\u016bgis gyn\u0117jas po trumpos adaptacijos ekipoje \u012fsitvirtino pagrindin\u0117je sud\u0117tyje pra\u0117jus\u012f sezon\u0105 buvo penktas pagal minu\u010di\u0173 skai\u010di\u0173 komandoje. I\u0161 37 rungtyni\u0173 jis 36 kartus \u017eaid\u0117 startin\u0117je sud\u0117tyje. I\u0161 j\u0173 \u2013 25 kartus A lygoje.<\/p>\n<p>Senegalietis pasi\u017eym\u0117jo ne tik gynyboje, bet ir atakuojant. Jo s\u0105skaitoje 5 \u012fvar\u010diai: po 2 A lygoje, Europos taur\u0117se ir kart\u0105 taur\u0117s finalo rungtyn\u0117se.<\/p>\n<div class=\"embed-responsive embed-responsive-16by9 mb-4\"><iframe title=\"Djibril Diaw | Atsisveikinimas | Goodbye\" src=\"https:\/\/www.youtube.com\/embed\/HpcgAu99FO4?feature=oembed\" frameborder=\"0\" allow=\"accelerometer; autoplay; clipboard-write; encrypted-media; gyroscope; picture-in-picture; web-share\" referrerpolicy=\"strict-origin-when-cross-origin\" allowfullscreen><\/iframe> <\/div>\n","protected":false},"excerpt":{"rendered":"<p>\u201e\u017dalgirio\u201c klubas sutar\u0117 d\u0117l Djibrilio Diaw per\u0117jimo &#8211; gyn\u0117jas i\u0161 Senegalo karjer\u0105 planuoja t\u0119sti Ukrainoje. Nors D. Diaw sutartis su \u201e\u017dalgiriu\u201c galiojo 2022 met\u0173 sezonui,\u2026<\/p>\n","protected":false},"author":4,"featured_media":0,"comment_status":"closed","ping_status":"closed","sticky":false,"template":"","format":"standard","meta":{"_acf_changed":false,"footnotes":""},"categories":[87],"class_list":["post-7281","post","type-post","status-publish","format-standard","hentry","category-zalgiris"],"acf":[],"yoast_head":"<!-- This site is optimized with the Yoast SEO plugin v26.8 - https:\/\/yoast.com\/product\/yoast-seo-wordpress\/ -->\n<title>Sutarta d\u0117l D. Diaw per\u0117jimo - FK \u017dalgiris<\/title>\n<meta name=\"robots\" content=\"index, follow, max-snippet:-1, max-image-preview:large, max-video-preview:-1\" \/>\n<link rel=\"canonical\" href=\"https:\/\/fkzalgiris.lt\/sutarta-del-d-diaw-perejimo\/\" \/>\n<meta property=\"og:locale\" content=\"lt_LT\" \/>\n<meta property=\"og:type\" content=\"article\" \/>\n<meta property=\"og:title\" content=\"Sutarta d\u0117l D. Diaw per\u0117jimo - FK \u017dalgiris\" \/>\n<meta property=\"og:description\" content=\"\u201e\u017dalgirio\u201c klubas sutar\u0117 d\u0117l Djibrilio Diaw per\u0117jimo &#8211; gyn\u0117jas i\u0161 Senegalo karjer\u0105 planuoja t\u0119sti Ukrainoje. Nors D. Diaw sutartis su \u201e\u017dalgiriu\u201c galiojo 2022 met\u0173 sezonui,\u2026\" \/>\n<meta property=\"og:url\" content=\"https:\/\/fkzalgiris.lt\/sutarta-del-d-diaw-perejimo\/\" \/>\n<meta property=\"og:site_name\" content=\"FK \u017dalgiris\" \/>\n<meta property=\"article:publisher\" content=\"https:\/\/www.facebook.com\/fkzalgiris\/\" \/>\n<meta property=\"article:published_time\" content=\"2022-01-23T12:59:47+00:00\" \/>\n<meta property=\"article:modified_time\" content=\"2022-01-23T13:03:09+00:00\" \/>\n<meta property=\"og:image\" content=\"https:\/\/fkzalgiris.lt\/wp-content\/uploads\/2024\/02\/social-horiz_Zalgiris_logo_2024.png\" \/>\n\t<meta property=\"og:image:width\" content=\"3356\" \/>\n\t<meta property=\"og:image:height\" content=\"2259\" \/>\n\t<meta property=\"og:image:type\" content=\"image\/png\" \/>\n<meta name=\"author\" content=\"J\" \/>\n<meta name=\"twitter:card\" content=\"summary_large_image\" \/>\n<meta name=\"twitter:creator\" content=\"@fkzalgiris\" \/>\n<meta name=\"twitter:site\" content=\"@fkzalgiris\" \/>\n<meta name=\"twitter:label1\" content=\"Written by\" \/>\n\t<meta name=\"twitter:data1\" content=\"J\" \/>\n\t<meta name=\"twitter:label2\" content=\"Est. reading time\" \/>\n\t<meta name=\"twitter:data2\" content=\"1 minut\u0117\" \/>\n<script type=\"application\/ld+json\" class=\"yoast-schema-graph\">{\"@context\":\"https:\/\/schema.org\",\"@graph\":[{\"@type\":\"Article\",\"@id\":\"https:\/\/fkzalgiris.lt\/sutarta-del-d-diaw-perejimo\/#article\",\"isPartOf\":{\"@id\":\"https:\/\/fkzalgiris.lt\/sutarta-del-d-diaw-perejimo\/\"},\"author\":{\"name\":\"J\",\"@id\":\"https:\/\/fkzalgiris.lt\/#\/schema\/person\/8604babbba794a7d8767be324a3eaac8\"},\"headline\":\"Sutarta d\u0117l D. Diaw per\u0117jimo\",\"datePublished\":\"2022-01-23T12:59:47+00:00\",\"dateModified\":\"2022-01-23T13:03:09+00:00\",\"mainEntityOfPage\":{\"@id\":\"https:\/\/fkzalgiris.lt\/sutarta-del-d-diaw-perejimo\/\"},\"wordCount\":296,\"publisher\":{\"@id\":\"https:\/\/fkzalgiris.lt\/#organization\"},\"articleSection\":[\"\u017dalgiris\"],\"inLanguage\":\"lt-LT\"},{\"@type\":\"WebPage\",\"@id\":\"https:\/\/fkzalgiris.lt\/sutarta-del-d-diaw-perejimo\/\",\"url\":\"https:\/\/fkzalgiris.lt\/sutarta-del-d-diaw-perejimo\/\",\"name\":\"Sutarta d\u0117l D. Diaw per\u0117jimo - FK \u017dalgiris\",\"isPartOf\":{\"@id\":\"https:\/\/fkzalgiris.lt\/#website\"},\"datePublished\":\"2022-01-23T12:59:47+00:00\",\"dateModified\":\"2022-01-23T13:03:09+00:00\",\"breadcrumb\":{\"@id\":\"https:\/\/fkzalgiris.lt\/sutarta-del-d-diaw-perejimo\/#breadcrumb\"},\"inLanguage\":\"lt-LT\",\"potentialAction\":[{\"@type\":\"ReadAction\",\"target\":[\"https:\/\/fkzalgiris.lt\/sutarta-del-d-diaw-perejimo\/\"]}]},{\"@type\":\"BreadcrumbList\",\"@id\":\"https:\/\/fkzalgiris.lt\/sutarta-del-d-diaw-perejimo\/#breadcrumb\",\"itemListElement\":[{\"@type\":\"ListItem\",\"position\":1,\"name\":\"Home\",\"item\":\"https:\/\/fkzalgiris.lt\/\"},{\"@type\":\"ListItem\",\"position\":2,\"name\":\"Sutarta d\u0117l D. Diaw per\u0117jimo\"}]},{\"@type\":\"WebSite\",\"@id\":\"https:\/\/fkzalgiris.lt\/#website\",\"url\":\"https:\/\/fkzalgiris.lt\/\",\"name\":\"FK \u017dalgiris\",\"description\":\"oficiali Vilniaus \u201e\u017dalgirio\u201c futbolo klubo svetain\u0117\",\"publisher\":{\"@id\":\"https:\/\/fkzalgiris.lt\/#organization\"},\"potentialAction\":[{\"@type\":\"SearchAction\",\"target\":{\"@type\":\"EntryPoint\",\"urlTemplate\":\"https:\/\/fkzalgiris.lt\/?s={search_term_string}\"},\"query-input\":{\"@type\":\"PropertyValueSpecification\",\"valueRequired\":true,\"valueName\":\"search_term_string\"}}],\"inLanguage\":\"lt-LT\"},{\"@type\":\"Organization\",\"@id\":\"https:\/\/fkzalgiris.lt\/#organization\",\"name\":\"FK \u017dalgiris\",\"url\":\"https:\/\/fkzalgiris.lt\/\",\"logo\":{\"@type\":\"ImageObject\",\"inLanguage\":\"lt-LT\",\"@id\":\"https:\/\/fkzalgiris.lt\/#\/schema\/logo\/image\/\",\"url\":\"https:\/\/fkzalgiris.lt\/wp-content\/uploads\/2024\/01\/horiz-FK-Zalgiris-logo-2015.png\",\"contentUrl\":\"https:\/\/fkzalgiris.lt\/wp-content\/uploads\/2024\/01\/horiz-FK-Zalgiris-logo-2015.png\",\"width\":3073,\"height\":2048,\"caption\":\"FK \u017dalgiris\"},\"image\":{\"@id\":\"https:\/\/fkzalgiris.lt\/#\/schema\/logo\/image\/\"},\"sameAs\":[\"https:\/\/www.facebook.com\/fkzalgiris\/\",\"https:\/\/x.com\/fkzalgiris\",\"https:\/\/www.instagram.com\/fkzalgiris\/\",\"https:\/\/www.youtube.com\/channel\/UC1ag8JLxGirltMUoLlzfZLA\"]},{\"@type\":\"Person\",\"@id\":\"https:\/\/fkzalgiris.lt\/#\/schema\/person\/8604babbba794a7d8767be324a3eaac8\",\"name\":\"J\"}]}<\/script>\n<!-- \/ Yoast SEO plugin. -->","yoast_head_json":{"title":"Sutarta d\u0117l D. Diaw per\u0117jimo - FK \u017dalgiris","robots":{"index":"index","follow":"follow","max-snippet":"max-snippet:-1","max-image-preview":"max-image-preview:large","max-video-preview":"max-video-preview:-1"},"canonical":"https:\/\/fkzalgiris.lt\/sutarta-del-d-diaw-perejimo\/","og_locale":"lt_LT","og_type":"article","og_title":"Sutarta d\u0117l D. Diaw per\u0117jimo - FK \u017dalgiris","og_description":"\u201e\u017dalgirio\u201c klubas sutar\u0117 d\u0117l Djibrilio Diaw per\u0117jimo &#8211; gyn\u0117jas i\u0161 Senegalo karjer\u0105 planuoja t\u0119sti Ukrainoje. Nors D. Diaw sutartis su \u201e\u017dalgiriu\u201c galiojo 2022 met\u0173 sezonui,\u2026","og_url":"https:\/\/fkzalgiris.lt\/sutarta-del-d-diaw-perejimo\/","og_site_name":"FK \u017dalgiris","article_publisher":"https:\/\/www.facebook.com\/fkzalgiris\/","article_published_time":"2022-01-23T12:59:47+00:00","article_modified_time":"2022-01-23T13:03:09+00:00","og_image":[{"width":3356,"height":2259,"url":"https:\/\/fkzalgiris.lt\/wp-content\/uploads\/2024\/02\/social-horiz_Zalgiris_logo_2024.png","type":"image\/png"}],"author":"J","twitter_card":"summary_large_image","twitter_creator":"@fkzalgiris","twitter_site":"@fkzalgiris","twitter_misc":{"Written by":"J","Est. reading time":"1 minut\u0117"},"schema":{"@context":"https:\/\/schema.org","@graph":[{"@type":"Article","@id":"https:\/\/fkzalgiris.lt\/sutarta-del-d-diaw-perejimo\/#article","isPartOf":{"@id":"https:\/\/fkzalgiris.lt\/sutarta-del-d-diaw-perejimo\/"},"author":{"name":"J","@id":"https:\/\/fkzalgiris.lt\/#\/schema\/person\/8604babbba794a7d8767be324a3eaac8"},"headline":"Sutarta d\u0117l D. Diaw per\u0117jimo","datePublished":"2022-01-23T12:59:47+00:00","dateModified":"2022-01-23T13:03:09+00:00","mainEntityOfPage":{"@id":"https:\/\/fkzalgiris.lt\/sutarta-del-d-diaw-perejimo\/"},"wordCount":296,"publisher":{"@id":"https:\/\/fkzalgiris.lt\/#organization"},"articleSection":["\u017dalgiris"],"inLanguage":"lt-LT"},{"@type":"WebPage","@id":"https:\/\/fkzalgiris.lt\/sutarta-del-d-diaw-perejimo\/","url":"https:\/\/fkzalgiris.lt\/sutarta-del-d-diaw-perejimo\/","name":"Sutarta d\u0117l D. Diaw per\u0117jimo - FK \u017dalgiris","isPartOf":{"@id":"https:\/\/fkzalgiris.lt\/#website"},"datePublished":"2022-01-23T12:59:47+00:00","dateModified":"2022-01-23T13:03:09+00:00","breadcrumb":{"@id":"https:\/\/fkzalgiris.lt\/sutarta-del-d-diaw-perejimo\/#breadcrumb"},"inLanguage":"lt-LT","potentialAction":[{"@type":"ReadAction","target":["https:\/\/fkzalgiris.lt\/sutarta-del-d-diaw-perejimo\/"]}]},{"@type":"BreadcrumbList","@id":"https:\/\/fkzalgiris.lt\/sutarta-del-d-diaw-perejimo\/#breadcrumb","itemListElement":[{"@type":"ListItem","position":1,"name":"Home","item":"https:\/\/fkzalgiris.lt\/"},{"@type":"ListItem","position":2,"name":"Sutarta d\u0117l D. Diaw per\u0117jimo"}]},{"@type":"WebSite","@id":"https:\/\/fkzalgiris.lt\/#website","url":"https:\/\/fkzalgiris.lt\/","name":"FK \u017dalgiris","description":"oficiali Vilniaus \u201e\u017dalgirio\u201c futbolo klubo svetain\u0117","publisher":{"@id":"https:\/\/fkzalgiris.lt\/#organization"},"potentialAction":[{"@type":"SearchAction","target":{"@type":"EntryPoint","urlTemplate":"https:\/\/fkzalgiris.lt\/?s={search_term_string}"},"query-input":{"@type":"PropertyValueSpecification","valueRequired":true,"valueName":"search_term_string"}}],"inLanguage":"lt-LT"},{"@type":"Organization","@id":"https:\/\/fkzalgiris.lt\/#organization","name":"FK \u017dalgiris","url":"https:\/\/fkzalgiris.lt\/","logo":{"@type":"ImageObject","inLanguage":"lt-LT","@id":"https:\/\/fkzalgiris.lt\/#\/schema\/logo\/image\/","url":"https:\/\/fkzalgiris.lt\/wp-content\/uploads\/2024\/01\/horiz-FK-Zalgiris-logo-2015.png","contentUrl":"https:\/\/fkzalgiris.lt\/wp-content\/uploads\/2024\/01\/horiz-FK-Zalgiris-logo-2015.png","width":3073,"height":2048,"caption":"FK \u017dalgiris"},"image":{"@id":"https:\/\/fkzalgiris.lt\/#\/schema\/logo\/image\/"},"sameAs":["https:\/\/www.facebook.com\/fkzalgiris\/","https:\/\/x.com\/fkzalgiris","https:\/\/www.instagram.com\/fkzalgiris\/","https:\/\/www.youtube.com\/channel\/UC1ag8JLxGirltMUoLlzfZLA"]},{"@type":"Person","@id":"https:\/\/fkzalgiris.lt\/#\/schema\/person\/8604babbba794a7d8767be324a3eaac8","name":"J"}]}},"_links":{"self":[{"href":"https:\/\/fkzalgiris.lt\/api\/wp\/v2\/posts\/7281","targetHints":{"allow":["GET"]}}],"collection":[{"href":"https:\/\/fkzalgiris.lt\/api\/wp\/v2\/posts"}],"about":[{"href":"https:\/\/fkzalgiris.lt\/api\/wp\/v2\/types\/post"}],"author":[{"embeddable":true,"href":"https:\/\/fkzalgiris.lt\/api\/wp\/v2\/users\/4"}],"replies":[{"embeddable":true,"href":"https:\/\/fkzalgiris.lt\/api\/wp\/v2\/comments?post=7281"}],"version-history":[{"count":14,"href":"https:\/\/fkzalgiris.lt\/api\/wp\/v2\/posts\/7281\/revisions"}],"predecessor-version":[{"id":7329,"href":"https:\/\/fkzalgiris.lt\/api\/wp\/v2\/posts\/7281\/revisions\/7329"}],"wp:attachment":[{"href":"https:\/\/fkzalgiris.lt\/api\/wp\/v2\/media?parent=7281"}],"wp:term":[{"taxonomy":"category","embeddable":true,"href":"https:\/\/fkzalgiris.lt\/api\/wp\/v2\/categories?post=7281"}],"curies":[{"name":"wp","href":"https:\/\/api.w.org\/{rel}","templated":true}]}}