{"id":7200,"date":"2022-01-13T13:41:33","date_gmt":"2022-01-13T11:41:33","guid":{"rendered":"https:\/\/fkzalgiris.lt\/?p=7200"},"modified":"2022-01-14T10:54:51","modified_gmt":"2022-01-14T08:54:51","slug":"zalgiris-pradejo-pasiruosima-naujam-sezonui","status":"publish","type":"post","link":"https:\/\/fkzalgiris.lt\/zalgiris-pradejo-pasiruosima-naujam-sezonui\/","title":{"rendered":"\u201e\u017dalgiris\u201c prad\u0117jo pasiruo\u0161im\u0105 naujam sezonui"},"content":{"rendered":"<p>Lietuvos futbolo \u010dempionas \u201e\u017dalgiris\u201c prad\u0117jo ruo\u0161tis ginti pernai i\u0161kovotus trof\u0117jus \u2013 komanda ketvirtadienio ryte Vilniuje susirinko \u012f pirm\u0105j\u0105 komandin\u0119 treniruot\u0119.<\/p>\n<p>Oficialioms atostogoms nuo pra\u0117jusio sezono pabaigos iki naujo pasiruo\u0161imo starto \u017ealgirie\u010diai tur\u0117jo beveik lygiai \u0161e\u0161ias savaites. Per jas dideli\u0173 permain\u0173 ne\u012fvyko \u2013 komandoje liko tas pats treneri\u0173 \u0161tabas ir did\u017eioji dalis futbolinink\u0173.<\/p>\n<p>Pra\u0117j\u0119 individualias medicinines ap\u017ei\u016bras ir po COVID-19 testavimo \u017ealgirie\u010diai ankstyv\u0105 ryt\u0105 susirinko \u012f pirmas pratybas \u201eSportimos\u201c manie\u017ee. Ekipai nuo pirmos dienos diriguoja treneris Vladimiras \u010ceburinas. Nors buvo nerimo, jog jam ir trenerio asistentui Nikolajui Gavri\u0161ui gali i\u0161kilti keblum\u0173 d\u0117l Kazachstane kilusi\u0173 neramum\u0173, abu specialistai antradien\u012f, kaip planuota, atskrido \u012f Lietuv\u0105.<\/p>\n<p>Treneri\u0173 dispozicijoje nuo pirmos dienos buvo 14 pernai pagrindinei ekipai atstovavusi\u0173 \u017eaid\u0117j\u0173, kurie tur\u0117jo galiojan\u010dias sutartis arba jas pr\u0105t\u0119s\u0117: vartininkas Edvinas Gertmonas, gyn\u0117jai Saulius Mikoli\u016bnas, Mario Paveli\u010dius, Djbrilis Diaw, Joelis Bopesu, Ivanas Tatomirovi\u010dius, Kipras Ka\u017eukolovas, saugai Ovidijus Verbickas, Mantas Kuklys, Gustas Jarusevi\u010dius, Matas Vareika, puol\u0117jai Adamsas Olubi, Josipas Tadi\u010dius ir Meinardas Mikul\u0117nas.<\/p>\n<p>Jiems konkurencij\u0105 sudarys pernai \u201eNev\u0117\u017eiui\u201c skolintas saugas Motiejus Burba, prie\u0161 kelias dienas sutart\u012f su klubu pasira\u0161\u0119s saugas Donatas Kazlauskas, ir pra\u0117jus\u012f sezon\u0105 B komandai atstovav\u0119 jaunieji \u017eaid\u0117jai: vartininkas Dovas Elzbergas, gyn\u0117jai Nojus Stankevi\u010dius, Gabrielis Nikonovas.<\/p>\n<p>Dar 5 \u017eaid\u0117jai d\u0117l skirting\u0173 prie\u017eas\u010di\u0173 prie komandos prisijungs artimiausiomis dienomis. Kroatas Tomislavas Duka ir ganietis Francis Kyeremeh u\u017etruko d\u0117l asmenini\u0173 prie\u017eas\u010di\u0173, serb\u0105 Nemanja Ljubisavljevi\u010di\u0173 pristabd\u0117 liga, o Vilius Piliukaitis sportuodamas individualiai patyr\u0117 traum\u0105. I\u0161 Argentinos v\u0117liau atvyks ir naujokas Nicolas Gorobsovas.<\/p>\n<p>Dalis pra\u0117jus\u012f sezon\u0105 komandoje buvusi\u0173 \u017eaid\u0117j\u0173 \u012f ekip\u0105 negr\u012f\u017eo. Nauj\u0105 klub\u0105 susirado rezultatyviausias pra\u0117jusio sezono \u017eaid\u0117jas Hugo Videmont\u2018as, taip pat nebeprat\u0119stas bendradarbiavimas su bulgaru Milenu Gamakovu. Pasibaigus sutartims su \u201e\u017dalgiriu\u201c naujas karjeros galimybes svarsto Karolis Uz\u0117la, Marko Karamarko, Jakubas Sylvestras bei Tomislavas Ki\u0161as.<\/p>\n<p>Ruo\u0161tis sezonui \u201e\u017dalgiris\u201c planuoja Vilniuje, kur artimiausiomis savait\u0117mis numatomos kontrolin\u0117s rungtyn\u0117s su Latvijos \u010dempionu Rygos RFS, Alytaus \u201eDainavos\u201c, \u201e\u0160iauli\u0173\u201c, \u201eRiteri\u0173\u201c komandomis.<\/p>\n<p>&#8212;<\/p>\n<p>I\u0161tikimiausi aistruoliai jau taip pat gali ruo\u0161tis 2022 met\u0173 sezonui ir \u012fsigyti abonementus. Jie rezervuojami internetu <a href=\"https:\/\/www.bilietai.lt\/eng\/tickets\/sportas\/2021-m-fk-zalgiris-abonementas-344914\/\">Bilietai.lt<\/a> svetain\u0117je.<\/p>\n","protected":false},"excerpt":{"rendered":"<p>Lietuvos futbolo \u010dempionas \u201e\u017dalgiris\u201c prad\u0117jo ruo\u0161tis ginti pernai i\u0161kovotus trof\u0117jus \u2013 komanda ketvirtadienio ryte Vilniuje susirinko \u012f pirm\u0105j\u0105 komandin\u0119 treniruot\u0119. Oficialioms atostogoms nuo pra\u0117jusio sezono\u2026<\/p>\n","protected":false},"author":4,"featured_media":0,"comment_status":"closed","ping_status":"closed","sticky":false,"template":"","format":"standard","meta":{"_acf_changed":false,"footnotes":""},"categories":[1],"class_list":["post-7200","post","type-post","status-publish","format-standard","hentry","category-be-kategorijos"],"acf":[],"yoast_head":"<!-- This site is optimized with the Yoast SEO plugin v26.8 - https:\/\/yoast.com\/product\/yoast-seo-wordpress\/ -->\n<title>\u201e\u017dalgiris\u201c prad\u0117jo pasiruo\u0161im\u0105 naujam sezonui - FK \u017dalgiris<\/title>\n<meta name=\"robots\" content=\"index, follow, max-snippet:-1, max-image-preview:large, max-video-preview:-1\" \/>\n<link rel=\"canonical\" href=\"https:\/\/fkzalgiris.lt\/zalgiris-pradejo-pasiruosima-naujam-sezonui\/\" \/>\n<meta property=\"og:locale\" content=\"lt_LT\" \/>\n<meta property=\"og:type\" content=\"article\" \/>\n<meta property=\"og:title\" content=\"\u201e\u017dalgiris\u201c prad\u0117jo pasiruo\u0161im\u0105 naujam sezonui - FK \u017dalgiris\" \/>\n<meta property=\"og:description\" content=\"Lietuvos futbolo \u010dempionas \u201e\u017dalgiris\u201c prad\u0117jo ruo\u0161tis ginti pernai i\u0161kovotus trof\u0117jus \u2013 komanda ketvirtadienio ryte Vilniuje susirinko \u012f pirm\u0105j\u0105 komandin\u0119 treniruot\u0119. Oficialioms atostogoms nuo pra\u0117jusio sezono\u2026\" \/>\n<meta property=\"og:url\" content=\"https:\/\/fkzalgiris.lt\/zalgiris-pradejo-pasiruosima-naujam-sezonui\/\" \/>\n<meta property=\"og:site_name\" content=\"FK \u017dalgiris\" \/>\n<meta property=\"article:publisher\" content=\"https:\/\/www.facebook.com\/fkzalgiris\/\" \/>\n<meta property=\"article:published_time\" content=\"2022-01-13T11:41:33+00:00\" \/>\n<meta property=\"article:modified_time\" content=\"2022-01-14T08:54:51+00:00\" \/>\n<meta property=\"og:image\" content=\"https:\/\/fkzalgiris.lt\/wp-content\/uploads\/2024\/02\/social-horiz_Zalgiris_logo_2024.png\" \/>\n\t<meta property=\"og:image:width\" content=\"3356\" \/>\n\t<meta property=\"og:image:height\" content=\"2259\" \/>\n\t<meta property=\"og:image:type\" content=\"image\/png\" \/>\n<meta name=\"author\" content=\"J\" \/>\n<meta name=\"twitter:card\" content=\"summary_large_image\" \/>\n<meta name=\"twitter:creator\" content=\"@fkzalgiris\" \/>\n<meta name=\"twitter:site\" content=\"@fkzalgiris\" \/>\n<meta name=\"twitter:label1\" content=\"Written by\" \/>\n\t<meta name=\"twitter:data1\" content=\"J\" \/>\n\t<meta name=\"twitter:label2\" content=\"Est. reading time\" \/>\n\t<meta name=\"twitter:data2\" content=\"2 minut\u0117s\" \/>\n<script type=\"application\/ld+json\" class=\"yoast-schema-graph\">{\"@context\":\"https:\/\/schema.org\",\"@graph\":[{\"@type\":\"Article\",\"@id\":\"https:\/\/fkzalgiris.lt\/zalgiris-pradejo-pasiruosima-naujam-sezonui\/#article\",\"isPartOf\":{\"@id\":\"https:\/\/fkzalgiris.lt\/zalgiris-pradejo-pasiruosima-naujam-sezonui\/\"},\"author\":{\"name\":\"J\",\"@id\":\"https:\/\/fkzalgiris.lt\/#\/schema\/person\/8604babbba794a7d8767be324a3eaac8\"},\"headline\":\"\u201e\u017dalgiris\u201c prad\u0117jo pasiruo\u0161im\u0105 naujam sezonui\",\"datePublished\":\"2022-01-13T11:41:33+00:00\",\"dateModified\":\"2022-01-14T08:54:51+00:00\",\"mainEntityOfPage\":{\"@id\":\"https:\/\/fkzalgiris.lt\/zalgiris-pradejo-pasiruosima-naujam-sezonui\/\"},\"wordCount\":379,\"publisher\":{\"@id\":\"https:\/\/fkzalgiris.lt\/#organization\"},\"inLanguage\":\"lt-LT\"},{\"@type\":\"WebPage\",\"@id\":\"https:\/\/fkzalgiris.lt\/zalgiris-pradejo-pasiruosima-naujam-sezonui\/\",\"url\":\"https:\/\/fkzalgiris.lt\/zalgiris-pradejo-pasiruosima-naujam-sezonui\/\",\"name\":\"\u201e\u017dalgiris\u201c prad\u0117jo pasiruo\u0161im\u0105 naujam sezonui - FK \u017dalgiris\",\"isPartOf\":{\"@id\":\"https:\/\/fkzalgiris.lt\/#website\"},\"datePublished\":\"2022-01-13T11:41:33+00:00\",\"dateModified\":\"2022-01-14T08:54:51+00:00\",\"breadcrumb\":{\"@id\":\"https:\/\/fkzalgiris.lt\/zalgiris-pradejo-pasiruosima-naujam-sezonui\/#breadcrumb\"},\"inLanguage\":\"lt-LT\",\"potentialAction\":[{\"@type\":\"ReadAction\",\"target\":[\"https:\/\/fkzalgiris.lt\/zalgiris-pradejo-pasiruosima-naujam-sezonui\/\"]}]},{\"@type\":\"BreadcrumbList\",\"@id\":\"https:\/\/fkzalgiris.lt\/zalgiris-pradejo-pasiruosima-naujam-sezonui\/#breadcrumb\",\"itemListElement\":[{\"@type\":\"ListItem\",\"position\":1,\"name\":\"Home\",\"item\":\"https:\/\/fkzalgiris.lt\/\"},{\"@type\":\"ListItem\",\"position\":2,\"name\":\"\u201e\u017dalgiris\u201c prad\u0117jo pasiruo\u0161im\u0105 naujam sezonui\"}]},{\"@type\":\"WebSite\",\"@id\":\"https:\/\/fkzalgiris.lt\/#website\",\"url\":\"https:\/\/fkzalgiris.lt\/\",\"name\":\"FK \u017dalgiris\",\"description\":\"oficiali Vilniaus \u201e\u017dalgirio\u201c futbolo klubo svetain\u0117\",\"publisher\":{\"@id\":\"https:\/\/fkzalgiris.lt\/#organization\"},\"potentialAction\":[{\"@type\":\"SearchAction\",\"target\":{\"@type\":\"EntryPoint\",\"urlTemplate\":\"https:\/\/fkzalgiris.lt\/?s={search_term_string}\"},\"query-input\":{\"@type\":\"PropertyValueSpecification\",\"valueRequired\":true,\"valueName\":\"search_term_string\"}}],\"inLanguage\":\"lt-LT\"},{\"@type\":\"Organization\",\"@id\":\"https:\/\/fkzalgiris.lt\/#organization\",\"name\":\"FK \u017dalgiris\",\"url\":\"https:\/\/fkzalgiris.lt\/\",\"logo\":{\"@type\":\"ImageObject\",\"inLanguage\":\"lt-LT\",\"@id\":\"https:\/\/fkzalgiris.lt\/#\/schema\/logo\/image\/\",\"url\":\"https:\/\/fkzalgiris.lt\/wp-content\/uploads\/2024\/01\/horiz-FK-Zalgiris-logo-2015.png\",\"contentUrl\":\"https:\/\/fkzalgiris.lt\/wp-content\/uploads\/2024\/01\/horiz-FK-Zalgiris-logo-2015.png\",\"width\":3073,\"height\":2048,\"caption\":\"FK \u017dalgiris\"},\"image\":{\"@id\":\"https:\/\/fkzalgiris.lt\/#\/schema\/logo\/image\/\"},\"sameAs\":[\"https:\/\/www.facebook.com\/fkzalgiris\/\",\"https:\/\/x.com\/fkzalgiris\",\"https:\/\/www.instagram.com\/fkzalgiris\/\",\"https:\/\/www.youtube.com\/channel\/UC1ag8JLxGirltMUoLlzfZLA\"]},{\"@type\":\"Person\",\"@id\":\"https:\/\/fkzalgiris.lt\/#\/schema\/person\/8604babbba794a7d8767be324a3eaac8\",\"name\":\"J\"}]}<\/script>\n<!-- \/ Yoast SEO plugin. -->","yoast_head_json":{"title":"\u201e\u017dalgiris\u201c prad\u0117jo pasiruo\u0161im\u0105 naujam sezonui - FK \u017dalgiris","robots":{"index":"index","follow":"follow","max-snippet":"max-snippet:-1","max-image-preview":"max-image-preview:large","max-video-preview":"max-video-preview:-1"},"canonical":"https:\/\/fkzalgiris.lt\/zalgiris-pradejo-pasiruosima-naujam-sezonui\/","og_locale":"lt_LT","og_type":"article","og_title":"\u201e\u017dalgiris\u201c prad\u0117jo pasiruo\u0161im\u0105 naujam sezonui - FK \u017dalgiris","og_description":"Lietuvos futbolo \u010dempionas \u201e\u017dalgiris\u201c prad\u0117jo ruo\u0161tis ginti pernai i\u0161kovotus trof\u0117jus \u2013 komanda ketvirtadienio ryte Vilniuje susirinko \u012f pirm\u0105j\u0105 komandin\u0119 treniruot\u0119. Oficialioms atostogoms nuo pra\u0117jusio sezono\u2026","og_url":"https:\/\/fkzalgiris.lt\/zalgiris-pradejo-pasiruosima-naujam-sezonui\/","og_site_name":"FK \u017dalgiris","article_publisher":"https:\/\/www.facebook.com\/fkzalgiris\/","article_published_time":"2022-01-13T11:41:33+00:00","article_modified_time":"2022-01-14T08:54:51+00:00","og_image":[{"width":3356,"height":2259,"url":"https:\/\/fkzalgiris.lt\/wp-content\/uploads\/2024\/02\/social-horiz_Zalgiris_logo_2024.png","type":"image\/png"}],"author":"J","twitter_card":"summary_large_image","twitter_creator":"@fkzalgiris","twitter_site":"@fkzalgiris","twitter_misc":{"Written by":"J","Est. reading time":"2 minut\u0117s"},"schema":{"@context":"https:\/\/schema.org","@graph":[{"@type":"Article","@id":"https:\/\/fkzalgiris.lt\/zalgiris-pradejo-pasiruosima-naujam-sezonui\/#article","isPartOf":{"@id":"https:\/\/fkzalgiris.lt\/zalgiris-pradejo-pasiruosima-naujam-sezonui\/"},"author":{"name":"J","@id":"https:\/\/fkzalgiris.lt\/#\/schema\/person\/8604babbba794a7d8767be324a3eaac8"},"headline":"\u201e\u017dalgiris\u201c prad\u0117jo pasiruo\u0161im\u0105 naujam sezonui","datePublished":"2022-01-13T11:41:33+00:00","dateModified":"2022-01-14T08:54:51+00:00","mainEntityOfPage":{"@id":"https:\/\/fkzalgiris.lt\/zalgiris-pradejo-pasiruosima-naujam-sezonui\/"},"wordCount":379,"publisher":{"@id":"https:\/\/fkzalgiris.lt\/#organization"},"inLanguage":"lt-LT"},{"@type":"WebPage","@id":"https:\/\/fkzalgiris.lt\/zalgiris-pradejo-pasiruosima-naujam-sezonui\/","url":"https:\/\/fkzalgiris.lt\/zalgiris-pradejo-pasiruosima-naujam-sezonui\/","name":"\u201e\u017dalgiris\u201c prad\u0117jo pasiruo\u0161im\u0105 naujam sezonui - FK \u017dalgiris","isPartOf":{"@id":"https:\/\/fkzalgiris.lt\/#website"},"datePublished":"2022-01-13T11:41:33+00:00","dateModified":"2022-01-14T08:54:51+00:00","breadcrumb":{"@id":"https:\/\/fkzalgiris.lt\/zalgiris-pradejo-pasiruosima-naujam-sezonui\/#breadcrumb"},"inLanguage":"lt-LT","potentialAction":[{"@type":"ReadAction","target":["https:\/\/fkzalgiris.lt\/zalgiris-pradejo-pasiruosima-naujam-sezonui\/"]}]},{"@type":"BreadcrumbList","@id":"https:\/\/fkzalgiris.lt\/zalgiris-pradejo-pasiruosima-naujam-sezonui\/#breadcrumb","itemListElement":[{"@type":"ListItem","position":1,"name":"Home","item":"https:\/\/fkzalgiris.lt\/"},{"@type":"ListItem","position":2,"name":"\u201e\u017dalgiris\u201c prad\u0117jo pasiruo\u0161im\u0105 naujam sezonui"}]},{"@type":"WebSite","@id":"https:\/\/fkzalgiris.lt\/#website","url":"https:\/\/fkzalgiris.lt\/","name":"FK \u017dalgiris","description":"oficiali Vilniaus \u201e\u017dalgirio\u201c futbolo klubo svetain\u0117","publisher":{"@id":"https:\/\/fkzalgiris.lt\/#organization"},"potentialAction":[{"@type":"SearchAction","target":{"@type":"EntryPoint","urlTemplate":"https:\/\/fkzalgiris.lt\/?s={search_term_string}"},"query-input":{"@type":"PropertyValueSpecification","valueRequired":true,"valueName":"search_term_string"}}],"inLanguage":"lt-LT"},{"@type":"Organization","@id":"https:\/\/fkzalgiris.lt\/#organization","name":"FK \u017dalgiris","url":"https:\/\/fkzalgiris.lt\/","logo":{"@type":"ImageObject","inLanguage":"lt-LT","@id":"https:\/\/fkzalgiris.lt\/#\/schema\/logo\/image\/","url":"https:\/\/fkzalgiris.lt\/wp-content\/uploads\/2024\/01\/horiz-FK-Zalgiris-logo-2015.png","contentUrl":"https:\/\/fkzalgiris.lt\/wp-content\/uploads\/2024\/01\/horiz-FK-Zalgiris-logo-2015.png","width":3073,"height":2048,"caption":"FK \u017dalgiris"},"image":{"@id":"https:\/\/fkzalgiris.lt\/#\/schema\/logo\/image\/"},"sameAs":["https:\/\/www.facebook.com\/fkzalgiris\/","https:\/\/x.com\/fkzalgiris","https:\/\/www.instagram.com\/fkzalgiris\/","https:\/\/www.youtube.com\/channel\/UC1ag8JLxGirltMUoLlzfZLA"]},{"@type":"Person","@id":"https:\/\/fkzalgiris.lt\/#\/schema\/person\/8604babbba794a7d8767be324a3eaac8","name":"J"}]}},"_links":{"self":[{"href":"https:\/\/fkzalgiris.lt\/api\/wp\/v2\/posts\/7200","targetHints":{"allow":["GET"]}}],"collection":[{"href":"https:\/\/fkzalgiris.lt\/api\/wp\/v2\/posts"}],"about":[{"href":"https:\/\/fkzalgiris.lt\/api\/wp\/v2\/types\/post"}],"author":[{"embeddable":true,"href":"https:\/\/fkzalgiris.lt\/api\/wp\/v2\/users\/4"}],"replies":[{"embeddable":true,"href":"https:\/\/fkzalgiris.lt\/api\/wp\/v2\/comments?post=7200"}],"version-history":[{"count":13,"href":"https:\/\/fkzalgiris.lt\/api\/wp\/v2\/posts\/7200\/revisions"}],"predecessor-version":[{"id":7219,"href":"https:\/\/fkzalgiris.lt\/api\/wp\/v2\/posts\/7200\/revisions\/7219"}],"wp:attachment":[{"href":"https:\/\/fkzalgiris.lt\/api\/wp\/v2\/media?parent=7200"}],"wp:term":[{"taxonomy":"category","embeddable":true,"href":"https:\/\/fkzalgiris.lt\/api\/wp\/v2\/categories?post=7200"}],"curies":[{"name":"wp","href":"https:\/\/api.w.org\/{rel}","templated":true}]}}