{"id":7083,"date":"2021-12-21T13:29:21","date_gmt":"2021-12-21T11:29:21","guid":{"rendered":"https:\/\/fkzalgiris.lt\/?p=7083"},"modified":"2021-12-21T13:29:21","modified_gmt":"2021-12-21T11:29:21","slug":"s-mikoliunas-pratese-sutarti-septintam-sezonui-zalgiryje","status":"publish","type":"post","link":"https:\/\/fkzalgiris.lt\/s-mikoliunas-pratese-sutarti-septintam-sezonui-zalgiryje\/","title":{"rendered":"S. Mikoli\u016bnas prat\u0119s\u0117 sutart\u012f septintam sezonui \u201e\u017dalgiryje\u201c"},"content":{"rendered":"<p>Saulius Mikoli\u016bnas t\u0119sia karjer\u0105 Vilniuje. Lietuvos vyr\u0173 futbolo rinktin\u0117s rekordininkas sutar\u0117 dar metams prat\u0119sti sutart\u012f su FK \u201e\u017dalgiriu\u201c.<\/p>\n<p>\u201e\u017dalgirio\u201c kapitonas \u0161iemet pad\u0117jo komandai apginti A lygos \u010dempion\u0173 titul\u0105 ir po keleri\u0173 met\u0173 pertraukos i\u0161kovoti dubl\u012f \u2013 prie \u010dempionato aukso prid\u0117ti ir taur\u0117s trof\u0117j\u0173.<\/p>\n<p>Anot 37 met\u0173 futbolininko, nusiteikti dar vienam sezonui profesionaliame sporte motyvacijos ir noro pakanka. \u201eDar viduje jau\u010diu, kad turiu j\u0117g\u0173 ir noro, kad nenusileid\u017eiu jaunimui. Svarbiausia yra noras futbolui. Pas mane iki \u0161iol daug noro, energijos treniruotis, siekti tiksl\u0173\u201c, &#8211; sak\u0117 S. Mikoli\u016bnas.<\/p>\n<p>Kitas sezonas S. Mikoli\u016bnui bus septintasis \u201e\u017dalgiryje\u201c. Vilniuje u\u017eaug\u0119s \u017eaid\u0117jas kitame klube sav\u0119s nemato. \u201ePer \u0161e\u0161is sezonus \u010dia susigyven\u0119s su klubu ir tap\u0119s jo dalimi. Jeigu nuspr\u0119siu baigti karjer\u0105 \u2013 tai ir bus mano paskutin\u0117 stotel\u0117. Visa mano ateitis siejama su \u201e\u017dalgirio\u201c komanda\u201c, &#8211; patikino futbolininkas.<\/p>\n<p>2021 met\u0173 sezone S. Mikoli\u016bnas su\u017eaid\u0117 38 rungtynes \u2013 21 A lygoje ir 17 kituose turnyruose. Metus jam kiek apkartino rugpj\u016bt\u012f patirta trauma, d\u0117l kurios \u012f rikiuot\u0119 gr\u012f\u017eo tik sezono pabaigoje. \u201eJei ne ta trauma, tai b\u016bt\u0173 buv\u0119s vienas i\u0161 geriausi\u0173 mano sezon\u0173 klube\u201c, &#8211; teig\u0117 vilnietis.<\/p>\n<p>Apie traum\u0105, pra\u0117jusio sezono i\u0161\u0161\u016bkius, kapitono pareigas ir kita S. Mikoli\u016bnas papasakojo \u201e\u017dalgirio\u201c svetainei fkzalgiris.lt<\/p>\n<p><strong>&#8211; Kaip vertinate pra\u0117jus\u012f sezon\u0105? Ko tr\u016bko sezono prad\u017eioje, kaip pavyko prisitaikyti prie naujo trenerio? Koks buvo sezonas asmeni\u0161kai? Kiek tiksl\u0173 pavyko \u012fgyvendinti?<\/strong><br \/>\n&#8211; Asmeni\u0161kai &#8211; sezonas geras. Man patinka nauji i\u0161\u0161\u016bkiai. Apie trener\u012f Vladimir\u0105 \u010ceburin\u0105 prie\u0161 pa\u017eint\u012f buvau susidar\u0119s vienoki\u0105 nuomon\u0119, bet kai susipa\u017einau i\u0161 ar\u010diau, pama\u010diau, kad jis labai auk\u0161to lygio treneris, taip pat ir kaip \u017emogus. Pabendravus ilgiau nuomon\u0117 visi\u0161kai pasikeit\u0117.<\/p>\n<p>D\u0117l sezono prad\u017eios &#8211; normalu, kad at\u0117jus treneriui komandoje buvo daug nauj\u0173 \u017eaid\u0117j\u0173, pasikeitim\u0173. Reik\u0117jo laiko tikrai susilipdyti, susitvarkyti r\u016bbin\u0117je mikroklimat\u0105. D\u0117l to sezonas buvo \u0161iek tiek banguotas. Bet sezono galas komandai buvo tikrai u\u017etikrintas, buvo vienyb\u0117, \u201epagautas\u201c \u017eaidimas. Matyt, komanda perprato trenerio filosofij\u0105, norus, kaip komanda kad \u017eaist\u0173.<\/p>\n<p>Asmeni\u0161kai, ta patirta trauma, ai\u0161ku, \u0161iek tiek i\u0161mu\u0161\u0117 i\u0161 v\u0117\u017ei\u0173. Manau, jei ne ji, tai b\u016bt\u0173 buv\u0119s vienas i\u0161 geriausi\u0173 mano sezon\u0173 \u201e\u017dalgiryje\u201c. Bet d\u017eiaugiuosi, kad turiu laiko pasitaisyti kitais metais.<\/p>\n<p>Kalbant apie tikslus, turime du trof\u0117jus, bet vieno (Supertaur\u0117s) nelaim\u0117jome. Manau, kad viena tikslas kitais metais bus i\u0161kovoti visus trof\u0117jus ir, \u017einoma, pagrindinis &#8211; \u012feiti \u012f istorij\u0105, pralau\u017eti ledus: patekti \u012f Europos turnyr\u0173 grupes.<\/p>\n<p><strong>&#8211; Sezon\u0105 d\u0117l pandemijos prad\u0117jote su tu\u0161\u010diomis trib\u016bnomis. Kiek tai atsiliep\u0117 Jums, komandai?<\/strong><br \/>\n&#8211; Kai \u017eaidi be \u017ei\u016brov\u0173, girdi tik kas k\u0105 kalba aik\u0161t\u0117je ir n\u0117ra to palaikymo, n\u0117ra tos rungtyni\u0173 dvasios ir atmosferos. Mes ir \u017eaid\u017eiame d\u0117l \u017ei\u016brov\u0173, tai kaip spektaklis. Mums tikrai yra svarbus palaikymas, tas \u201ePiet\u0173 IV\u201c dainavimas, skandavimas. Ypa\u010d tas jaut\u0117si Europos turnyruose, kai jie net grojo, buvo \u201elambad\u0105\u201c ir visa kita. Tai tikrai yra \u017eiauriai smagu. Kiekvienas \u017eaid\u0117jas jau\u010diasi kaip garsiausiuose klubuose \u2013 kai yra ta atmosfera, yra ir d\u017eiaugsmas, ir noras \u017eaisti, ir m\u0117gautis futbolu.<\/p>\n<p><strong>&#8211; Ar \u012f komand\u0105 at\u0117jus naujam treneriui keit\u0117si J\u016bs\u0173, kaip kapitono, pareigos?<\/strong><br \/>\n&#8211; Ne, visk\u0105 t\u0119s\u0117me kaip ir anks\u010diau. Tik tam tikras pareigas perleidau Mantui Kukliui. Tikrai esu d\u0117kingas Mantui. Jis komandoje u\u017eima didel\u012f vaidmen\u012f. Ant jo pe\u010di\u0173 gula tikrai daug atsakomyb\u0117s.<\/p>\n<p><strong>&#8211; Koki\u0173 sumanym\u0173 komandai tur\u0117jote kaip kapitonas?<\/strong><br \/>\n&#8211; Sezono eigoje vis nor\u0117davau pritraukti kuo daugiau \u017eaid\u0117j\u0173, kad jie irgi pajaust\u0173 t\u0105 atsakomyb\u0119. Pavyzd\u017eiui, kartas nuo karto, jei mano manymu \u017eaid\u0117jas gerai su\u017eaid\u017eia rungtyn\u0117se, pilnai atsiduoda, pasi\u016blydavau po rungtyni\u0173 u\u017evesti skanduot\u0119 prie i\u0161tikimiausi\u0173 aistruoli\u0173 trib\u016bnos (\u201cJeigu myli Vilniaus \u017ealgir\u012f &#8211; suplok\u201d). Kas tose rungtyn\u0117se labiausiai nusipelno, stengiausi duoti pajausti t\u0105 lyderyst\u0117s jausm\u0105. Manau, kad tas tur\u0117jo pad\u0117ti motyvuoti stengtis kiekvienose rungtyn\u0117se.<\/p>\n<p><strong>&#8211; Kiek skaudus sm\u016bgis buvo rugpj\u016bt\u012f patirta trauma? Ar nebuvo min\u010di\u0173, kad tai gali b\u016bti ir paskutin\u0117s karjeros rungtyn\u0117s?<\/strong><br \/>\n&#8211; Ne, i\u0161 prad\u017ei\u0173 netgi man\u0117me, kad ji n\u0117ra labai rimta. Skridau gydytis \u012f Serbij\u0105, klubas tikrai d\u0117jo pastangas kuo grei\u010diau pastatyti mane ant koj\u0173. Bet kaip v\u0117liau paai\u0161k\u0117jo, trauma buvo daug rimtesn\u0117 nei galvojome. Bet nebuvo min\u010di\u0173, kad jau viskas. \u012e ateit\u012f \u017ei\u016briu su pozityvu.<\/p>\n<p>Kol ne\u017eaid\u017eiau ruden\u012f i\u0161 prad\u017ei\u0173 komandai tr\u016bko stabilumo, prad\u0117jome prarasti ta\u0161kus. Tada galvojau, kuo a\u0161 galiu b\u016bti naudingas komandai u\u017e aik\u0161t\u0117s. Reik\u0117jo juos \u012fkv\u0117pti padr\u0105sinti, kad nenukryptume nuo siekto tikslo. Tai pavyko pasiekti. Komanda atrado t\u0105 stipryb\u0119 ir vienyb\u0119, ir dabar d\u017eiaugiam\u0117s tais titulais.<\/p>\n<p><strong>&#8211; Jums 37-eri, Lietuvoje ne kart\u0105 laim\u0117jote visk\u0105. Kas paskatino dar bent metams prat\u0119sti profesionalaus futbolininko karjer\u0105?<\/strong><br \/>\n&#8211; Jau\u010diu kad turiu j\u0117g\u0173, kad nenusileid\u017eiu tam jaunimui, turiu ir noro. Svarbiausia yra noras futbolui. Pas mane iki \u0161iol jo tiek daug, yra ir tos energijos yra treniruotis, siekti tiksl\u0173. T\u0105 reikia pajausti viduje.<\/p>\n<p>Kartais pasiklausau baigusi\u0173 karjeras, kurie sako, kad jau netur\u0117jo noro. Rei\u0161kia, tas nebeteik\u0117 d\u017eiaugsmo. Man tai dar teikia labai daug d\u017eiaugsmo.<\/p>\n<p>Daug \u012f ateit\u012f ne\u017ei\u016briu. Susitelkiu metams \u012f priek\u012f. Stengiuosi kuo geriau pasiruo\u0161ti tiek fizi\u0161kai, tiek psichologi\u0161kai.<\/p>\n<p><strong>&#8211; Kuo vis dar traukia futbolas?<\/strong><br \/>\n&#8211; Net sunku pasakyti. Tai yra aistra. M\u0117gstu kovoti, var\u017eytis. Gaunu tiek adrenalino per kov\u0105 rungtyni\u0173 metu. Visa tai yra aistra, kuri\u0105 jauti, tas tave \u201eve\u017ea\u201c.<\/p>\n<p><strong>&#8211; Laukia dar vienas sezonas su \u201e\u017dalgiriu\u201c. Kod\u0117l sutikote likti \u010dia?<\/strong><br \/>\n&#8211; Kaip ne kart\u0105 esu min\u0117j\u0119s, esu vilnietis, visada buvau \u201e\u017dalgirio\u201c fanas, nuo pat ma\u017eum\u0117s eidavau steb\u0117ti rungtyni\u0173. Nori ar nenori &#8211; pamilsti klub\u0105 su kuriuo augai. Dabar jau bus mano septintasis sezonas klube. Per tiek laiko susigyveni, tampi \u0161ito klubo dalimi.<\/p>\n<p>Jei nuspr\u0119siu baigti karjer\u0105 \u2013 tai ir bus mano paskutin\u0117 stotel\u0117. Daugiau negalvoju eiti \u012f kitus klubus, ka\u017ekur bandyti laim\u0119. Mano ateitis siejama su \u201e\u017dalgiriu\u201c. \u010cia bus mano pabaiga.<\/p>\n<p>&#8212;<\/p>\n<p>Kitame sezone \u201e\u017dalgirio\u201c laukia 75 met\u0173 sukaktis. I\u0161tikimiausi aistruoliai jau gali ruo\u0161tis 2022 met\u0173 sezonui: abonementai rezervuojami internetu\u00a0<a href=\"https:\/\/www.bilietai.lt\/eng\/tickets\/sportas\/2021-m-fk-zalgiris-abonementas-344914\/\">Bilietai.lt<\/a> svetain\u0117je.<\/p>\n","protected":false},"excerpt":{"rendered":"<p>Saulius Mikoli\u016bnas t\u0119sia karjer\u0105 Vilniuje. Lietuvos vyr\u0173 futbolo rinktin\u0117s rekordininkas sutar\u0117 dar metams prat\u0119sti sutart\u012f su FK \u201e\u017dalgiriu\u201c. \u201e\u017dalgirio\u201c kapitonas \u0161iemet pad\u0117jo komandai apginti A\u2026<\/p>\n","protected":false},"author":4,"featured_media":0,"comment_status":"closed","ping_status":"closed","sticky":false,"template":"","format":"standard","meta":{"_acf_changed":false,"footnotes":""},"categories":[1],"class_list":["post-7083","post","type-post","status-publish","format-standard","hentry","category-be-kategorijos"],"acf":[],"yoast_head":"<!-- This site is optimized with the Yoast SEO plugin v26.8 - https:\/\/yoast.com\/product\/yoast-seo-wordpress\/ -->\n<title>S. Mikoli\u016bnas prat\u0119s\u0117 sutart\u012f septintam sezonui \u201e\u017dalgiryje\u201c - FK \u017dalgiris<\/title>\n<meta name=\"robots\" content=\"index, follow, max-snippet:-1, max-image-preview:large, max-video-preview:-1\" \/>\n<link rel=\"canonical\" href=\"https:\/\/fkzalgiris.lt\/s-mikoliunas-pratese-sutarti-septintam-sezonui-zalgiryje\/\" \/>\n<meta property=\"og:locale\" content=\"lt_LT\" \/>\n<meta property=\"og:type\" content=\"article\" \/>\n<meta property=\"og:title\" content=\"S. Mikoli\u016bnas prat\u0119s\u0117 sutart\u012f septintam sezonui \u201e\u017dalgiryje\u201c - FK \u017dalgiris\" \/>\n<meta property=\"og:description\" content=\"Saulius Mikoli\u016bnas t\u0119sia karjer\u0105 Vilniuje. Lietuvos vyr\u0173 futbolo rinktin\u0117s rekordininkas sutar\u0117 dar metams prat\u0119sti sutart\u012f su FK \u201e\u017dalgiriu\u201c. \u201e\u017dalgirio\u201c kapitonas \u0161iemet pad\u0117jo komandai apginti A\u2026\" \/>\n<meta property=\"og:url\" content=\"https:\/\/fkzalgiris.lt\/s-mikoliunas-pratese-sutarti-septintam-sezonui-zalgiryje\/\" \/>\n<meta property=\"og:site_name\" content=\"FK \u017dalgiris\" \/>\n<meta property=\"article:publisher\" content=\"https:\/\/www.facebook.com\/fkzalgiris\/\" \/>\n<meta property=\"article:published_time\" content=\"2021-12-21T11:29:21+00:00\" \/>\n<meta property=\"og:image\" content=\"https:\/\/fkzalgiris.lt\/wp-content\/uploads\/2024\/02\/social-horiz_Zalgiris_logo_2024.png\" \/>\n\t<meta property=\"og:image:width\" content=\"3356\" \/>\n\t<meta property=\"og:image:height\" content=\"2259\" \/>\n\t<meta property=\"og:image:type\" content=\"image\/png\" \/>\n<meta name=\"author\" content=\"J\" \/>\n<meta name=\"twitter:card\" content=\"summary_large_image\" \/>\n<meta name=\"twitter:creator\" content=\"@fkzalgiris\" \/>\n<meta name=\"twitter:site\" content=\"@fkzalgiris\" \/>\n<meta name=\"twitter:label1\" content=\"Written by\" \/>\n\t<meta name=\"twitter:data1\" content=\"J\" \/>\n\t<meta name=\"twitter:label2\" content=\"Est. reading time\" \/>\n\t<meta name=\"twitter:data2\" content=\"5 minut\u0117s\" \/>\n<script type=\"application\/ld+json\" class=\"yoast-schema-graph\">{\"@context\":\"https:\/\/schema.org\",\"@graph\":[{\"@type\":\"Article\",\"@id\":\"https:\/\/fkzalgiris.lt\/s-mikoliunas-pratese-sutarti-septintam-sezonui-zalgiryje\/#article\",\"isPartOf\":{\"@id\":\"https:\/\/fkzalgiris.lt\/s-mikoliunas-pratese-sutarti-septintam-sezonui-zalgiryje\/\"},\"author\":{\"name\":\"J\",\"@id\":\"https:\/\/fkzalgiris.lt\/#\/schema\/person\/8604babbba794a7d8767be324a3eaac8\"},\"headline\":\"S. Mikoli\u016bnas prat\u0119s\u0117 sutart\u012f septintam sezonui \u201e\u017dalgiryje\u201c\",\"datePublished\":\"2021-12-21T11:29:21+00:00\",\"mainEntityOfPage\":{\"@id\":\"https:\/\/fkzalgiris.lt\/s-mikoliunas-pratese-sutarti-septintam-sezonui-zalgiryje\/\"},\"wordCount\":1067,\"publisher\":{\"@id\":\"https:\/\/fkzalgiris.lt\/#organization\"},\"inLanguage\":\"lt-LT\"},{\"@type\":\"WebPage\",\"@id\":\"https:\/\/fkzalgiris.lt\/s-mikoliunas-pratese-sutarti-septintam-sezonui-zalgiryje\/\",\"url\":\"https:\/\/fkzalgiris.lt\/s-mikoliunas-pratese-sutarti-septintam-sezonui-zalgiryje\/\",\"name\":\"S. Mikoli\u016bnas prat\u0119s\u0117 sutart\u012f septintam sezonui \u201e\u017dalgiryje\u201c - FK \u017dalgiris\",\"isPartOf\":{\"@id\":\"https:\/\/fkzalgiris.lt\/#website\"},\"datePublished\":\"2021-12-21T11:29:21+00:00\",\"breadcrumb\":{\"@id\":\"https:\/\/fkzalgiris.lt\/s-mikoliunas-pratese-sutarti-septintam-sezonui-zalgiryje\/#breadcrumb\"},\"inLanguage\":\"lt-LT\",\"potentialAction\":[{\"@type\":\"ReadAction\",\"target\":[\"https:\/\/fkzalgiris.lt\/s-mikoliunas-pratese-sutarti-septintam-sezonui-zalgiryje\/\"]}]},{\"@type\":\"BreadcrumbList\",\"@id\":\"https:\/\/fkzalgiris.lt\/s-mikoliunas-pratese-sutarti-septintam-sezonui-zalgiryje\/#breadcrumb\",\"itemListElement\":[{\"@type\":\"ListItem\",\"position\":1,\"name\":\"Home\",\"item\":\"https:\/\/fkzalgiris.lt\/\"},{\"@type\":\"ListItem\",\"position\":2,\"name\":\"S. Mikoli\u016bnas prat\u0119s\u0117 sutart\u012f septintam sezonui \u201e\u017dalgiryje\u201c\"}]},{\"@type\":\"WebSite\",\"@id\":\"https:\/\/fkzalgiris.lt\/#website\",\"url\":\"https:\/\/fkzalgiris.lt\/\",\"name\":\"FK \u017dalgiris\",\"description\":\"oficiali Vilniaus \u201e\u017dalgirio\u201c futbolo klubo svetain\u0117\",\"publisher\":{\"@id\":\"https:\/\/fkzalgiris.lt\/#organization\"},\"potentialAction\":[{\"@type\":\"SearchAction\",\"target\":{\"@type\":\"EntryPoint\",\"urlTemplate\":\"https:\/\/fkzalgiris.lt\/?s={search_term_string}\"},\"query-input\":{\"@type\":\"PropertyValueSpecification\",\"valueRequired\":true,\"valueName\":\"search_term_string\"}}],\"inLanguage\":\"lt-LT\"},{\"@type\":\"Organization\",\"@id\":\"https:\/\/fkzalgiris.lt\/#organization\",\"name\":\"FK \u017dalgiris\",\"url\":\"https:\/\/fkzalgiris.lt\/\",\"logo\":{\"@type\":\"ImageObject\",\"inLanguage\":\"lt-LT\",\"@id\":\"https:\/\/fkzalgiris.lt\/#\/schema\/logo\/image\/\",\"url\":\"https:\/\/fkzalgiris.lt\/wp-content\/uploads\/2024\/01\/horiz-FK-Zalgiris-logo-2015.png\",\"contentUrl\":\"https:\/\/fkzalgiris.lt\/wp-content\/uploads\/2024\/01\/horiz-FK-Zalgiris-logo-2015.png\",\"width\":3073,\"height\":2048,\"caption\":\"FK \u017dalgiris\"},\"image\":{\"@id\":\"https:\/\/fkzalgiris.lt\/#\/schema\/logo\/image\/\"},\"sameAs\":[\"https:\/\/www.facebook.com\/fkzalgiris\/\",\"https:\/\/x.com\/fkzalgiris\",\"https:\/\/www.instagram.com\/fkzalgiris\/\",\"https:\/\/www.youtube.com\/channel\/UC1ag8JLxGirltMUoLlzfZLA\"]},{\"@type\":\"Person\",\"@id\":\"https:\/\/fkzalgiris.lt\/#\/schema\/person\/8604babbba794a7d8767be324a3eaac8\",\"name\":\"J\"}]}<\/script>\n<!-- \/ Yoast SEO plugin. -->","yoast_head_json":{"title":"S. Mikoli\u016bnas prat\u0119s\u0117 sutart\u012f septintam sezonui \u201e\u017dalgiryje\u201c - FK \u017dalgiris","robots":{"index":"index","follow":"follow","max-snippet":"max-snippet:-1","max-image-preview":"max-image-preview:large","max-video-preview":"max-video-preview:-1"},"canonical":"https:\/\/fkzalgiris.lt\/s-mikoliunas-pratese-sutarti-septintam-sezonui-zalgiryje\/","og_locale":"lt_LT","og_type":"article","og_title":"S. Mikoli\u016bnas prat\u0119s\u0117 sutart\u012f septintam sezonui \u201e\u017dalgiryje\u201c - FK \u017dalgiris","og_description":"Saulius Mikoli\u016bnas t\u0119sia karjer\u0105 Vilniuje. Lietuvos vyr\u0173 futbolo rinktin\u0117s rekordininkas sutar\u0117 dar metams prat\u0119sti sutart\u012f su FK \u201e\u017dalgiriu\u201c. \u201e\u017dalgirio\u201c kapitonas \u0161iemet pad\u0117jo komandai apginti A\u2026","og_url":"https:\/\/fkzalgiris.lt\/s-mikoliunas-pratese-sutarti-septintam-sezonui-zalgiryje\/","og_site_name":"FK \u017dalgiris","article_publisher":"https:\/\/www.facebook.com\/fkzalgiris\/","article_published_time":"2021-12-21T11:29:21+00:00","og_image":[{"width":3356,"height":2259,"url":"https:\/\/fkzalgiris.lt\/wp-content\/uploads\/2024\/02\/social-horiz_Zalgiris_logo_2024.png","type":"image\/png"}],"author":"J","twitter_card":"summary_large_image","twitter_creator":"@fkzalgiris","twitter_site":"@fkzalgiris","twitter_misc":{"Written by":"J","Est. reading time":"5 minut\u0117s"},"schema":{"@context":"https:\/\/schema.org","@graph":[{"@type":"Article","@id":"https:\/\/fkzalgiris.lt\/s-mikoliunas-pratese-sutarti-septintam-sezonui-zalgiryje\/#article","isPartOf":{"@id":"https:\/\/fkzalgiris.lt\/s-mikoliunas-pratese-sutarti-septintam-sezonui-zalgiryje\/"},"author":{"name":"J","@id":"https:\/\/fkzalgiris.lt\/#\/schema\/person\/8604babbba794a7d8767be324a3eaac8"},"headline":"S. Mikoli\u016bnas prat\u0119s\u0117 sutart\u012f septintam sezonui \u201e\u017dalgiryje\u201c","datePublished":"2021-12-21T11:29:21+00:00","mainEntityOfPage":{"@id":"https:\/\/fkzalgiris.lt\/s-mikoliunas-pratese-sutarti-septintam-sezonui-zalgiryje\/"},"wordCount":1067,"publisher":{"@id":"https:\/\/fkzalgiris.lt\/#organization"},"inLanguage":"lt-LT"},{"@type":"WebPage","@id":"https:\/\/fkzalgiris.lt\/s-mikoliunas-pratese-sutarti-septintam-sezonui-zalgiryje\/","url":"https:\/\/fkzalgiris.lt\/s-mikoliunas-pratese-sutarti-septintam-sezonui-zalgiryje\/","name":"S. Mikoli\u016bnas prat\u0119s\u0117 sutart\u012f septintam sezonui \u201e\u017dalgiryje\u201c - FK \u017dalgiris","isPartOf":{"@id":"https:\/\/fkzalgiris.lt\/#website"},"datePublished":"2021-12-21T11:29:21+00:00","breadcrumb":{"@id":"https:\/\/fkzalgiris.lt\/s-mikoliunas-pratese-sutarti-septintam-sezonui-zalgiryje\/#breadcrumb"},"inLanguage":"lt-LT","potentialAction":[{"@type":"ReadAction","target":["https:\/\/fkzalgiris.lt\/s-mikoliunas-pratese-sutarti-septintam-sezonui-zalgiryje\/"]}]},{"@type":"BreadcrumbList","@id":"https:\/\/fkzalgiris.lt\/s-mikoliunas-pratese-sutarti-septintam-sezonui-zalgiryje\/#breadcrumb","itemListElement":[{"@type":"ListItem","position":1,"name":"Home","item":"https:\/\/fkzalgiris.lt\/"},{"@type":"ListItem","position":2,"name":"S. Mikoli\u016bnas prat\u0119s\u0117 sutart\u012f septintam sezonui \u201e\u017dalgiryje\u201c"}]},{"@type":"WebSite","@id":"https:\/\/fkzalgiris.lt\/#website","url":"https:\/\/fkzalgiris.lt\/","name":"FK \u017dalgiris","description":"oficiali Vilniaus \u201e\u017dalgirio\u201c futbolo klubo svetain\u0117","publisher":{"@id":"https:\/\/fkzalgiris.lt\/#organization"},"potentialAction":[{"@type":"SearchAction","target":{"@type":"EntryPoint","urlTemplate":"https:\/\/fkzalgiris.lt\/?s={search_term_string}"},"query-input":{"@type":"PropertyValueSpecification","valueRequired":true,"valueName":"search_term_string"}}],"inLanguage":"lt-LT"},{"@type":"Organization","@id":"https:\/\/fkzalgiris.lt\/#organization","name":"FK \u017dalgiris","url":"https:\/\/fkzalgiris.lt\/","logo":{"@type":"ImageObject","inLanguage":"lt-LT","@id":"https:\/\/fkzalgiris.lt\/#\/schema\/logo\/image\/","url":"https:\/\/fkzalgiris.lt\/wp-content\/uploads\/2024\/01\/horiz-FK-Zalgiris-logo-2015.png","contentUrl":"https:\/\/fkzalgiris.lt\/wp-content\/uploads\/2024\/01\/horiz-FK-Zalgiris-logo-2015.png","width":3073,"height":2048,"caption":"FK \u017dalgiris"},"image":{"@id":"https:\/\/fkzalgiris.lt\/#\/schema\/logo\/image\/"},"sameAs":["https:\/\/www.facebook.com\/fkzalgiris\/","https:\/\/x.com\/fkzalgiris","https:\/\/www.instagram.com\/fkzalgiris\/","https:\/\/www.youtube.com\/channel\/UC1ag8JLxGirltMUoLlzfZLA"]},{"@type":"Person","@id":"https:\/\/fkzalgiris.lt\/#\/schema\/person\/8604babbba794a7d8767be324a3eaac8","name":"J"}]}},"_links":{"self":[{"href":"https:\/\/fkzalgiris.lt\/api\/wp\/v2\/posts\/7083","targetHints":{"allow":["GET"]}}],"collection":[{"href":"https:\/\/fkzalgiris.lt\/api\/wp\/v2\/posts"}],"about":[{"href":"https:\/\/fkzalgiris.lt\/api\/wp\/v2\/types\/post"}],"author":[{"embeddable":true,"href":"https:\/\/fkzalgiris.lt\/api\/wp\/v2\/users\/4"}],"replies":[{"embeddable":true,"href":"https:\/\/fkzalgiris.lt\/api\/wp\/v2\/comments?post=7083"}],"version-history":[{"count":5,"href":"https:\/\/fkzalgiris.lt\/api\/wp\/v2\/posts\/7083\/revisions"}],"predecessor-version":[{"id":7138,"href":"https:\/\/fkzalgiris.lt\/api\/wp\/v2\/posts\/7083\/revisions\/7138"}],"wp:attachment":[{"href":"https:\/\/fkzalgiris.lt\/api\/wp\/v2\/media?parent=7083"}],"wp:term":[{"taxonomy":"category","embeddable":true,"href":"https:\/\/fkzalgiris.lt\/api\/wp\/v2\/categories?post=7083"}],"curies":[{"name":"wp","href":"https:\/\/api.w.org\/{rel}","templated":true}]}}