{"id":6820,"date":"2021-11-17T11:10:53","date_gmt":"2021-11-17T09:10:53","guid":{"rendered":"https:\/\/fkzalgiris.lt\/?p=6820"},"modified":"2021-11-17T11:18:47","modified_gmt":"2021-11-17T09:18:47","slug":"zalgirieciai-ypatingose-treniruotese-skyre-demesio-ypatingiems-vaikams","status":"publish","type":"post","link":"https:\/\/fkzalgiris.lt\/zalgirieciai-ypatingose-treniruotese-skyre-demesio-ypatingiems-vaikams\/","title":{"rendered":"\u017dalgirie\u010diai ypatingose treniruot\u0117se skyr\u0117 d\u0117m\u0117sio ypatingiems vaikams"},"content":{"rendered":"<p>Prie\u0161 lemiamas kovas A lygoje \u201e\u017dalgirio\u201c futbolininkai skyr\u0117 laiko ir d\u0117mesio tiems ma\u017eiausiems, kuriems jo labiausiai reikia \u2013 speciali\u0173j\u0173 ugdymo poreiki\u0173 turintiems vaikams.<\/p>\n<p>Po priverstin\u0117s poros met\u0173 pertraukos \u201e\u017dalgiris\u201c prat\u0119s\u0117 gra\u017ei\u0105 tradicij\u0105 ir \u0161e\u0161t\u0105 kart\u0105 dalyvavo \u201eYpatingose treniruot\u0117se ypatingiems vaikams\u201c.<\/p>\n<p>Keturios Vilniaus ugdymo \u012fstaigos ir 40 vaik\u0173 sostin\u0117s \u201eSportimos\u201c manie\u017ee kartu \u017eaid\u0117 futbol\u0105, atliko \u012fvairias aktyvias u\u017eduotis ir tiesiog bendravo.<\/p>\n<p>Kai kuriems futbolininkams po renginio buvo nelengva atsisveikinti su vaikais, kurie susidraugavo su futbolininkais, valand\u0117l\u0119 praleido j\u0173 vedini ar ant j\u0173 rank\u0173.<\/p>\n<p>\u201eD\u0117l karantino tur\u0117jome pertrauk\u0105, o \u0161iemet v\u0117l susirinkome ir padar\u0117me gra\u017ei\u0105 \u0161vent\u0119, kuri skatino vaikus jud\u0117ti, bendrauti ir bendradarbiauti, ugd\u0117 socialinius \u012fg\u016bd\u017eius. To labiausiai reikia vaikams, turintiems speciali\u0173j\u0173 ugdymosi poreiki\u0173 \u2013 toki\u0173 kaip autizmo spektro sutrikimas, mi\u0161rus raidos sutrikimas, Dauno sindromas ir kt. Jie turi bendrauti su visais \u012fsijungti \u012f bendras veiklas ir aktyviai leisti laik\u0105\u201c, &#8211; sak\u0117 viena i\u0161 iniciatyvos sumanytoj\u0173 ir organizatori\u0173 Vilniaus lop\u0161elio-dar\u017eelio \u201eR\u016bta\u201c aukl\u0117toja Kristina Surdokait\u0117.<\/p>\n<p>Vaikus \u012f rengin\u012f pad\u0117jo atve\u017eti \u201eOllex\u201c transporto kompanija, o prizus vaikams ir juos lyd\u0117jusiems pedagogams \u012fsteig\u0117 Masinio futbolo asociacija.<\/p>\n<p>\u0160i iniciatyva prad\u0117ta prie\u0161 6 metus \u201eR\u016btai\u201c bendradarbiaujant su \u201e\u017dalgiriu\u201c. V\u0117liau Masinio futbolo asociacija kartu su Lietuvos specialiosios olimpiados komitetu pad\u0117jo projektui i\u0161plisti \u012f kitus \u0161alies miestus.<\/p>\n<p>Pra\u0117jusiais metais Europos futbolo asociacij\u0173 s\u0105junga (UEFA) \u201eYpatingoms treniruot\u0117ms\u201c skyr\u0117 bronzin\u012f apdovanojim\u0105 kaip vien\u0105 geriausi\u0173 projekt\u0173 masinio futbolo kategorijoje.<\/p>\n","protected":false},"excerpt":{"rendered":"<p>Prie\u0161 lemiamas kovas A lygoje \u201e\u017dalgirio\u201c futbolininkai skyr\u0117 laiko ir d\u0117mesio tiems ma\u017eiausiems, kuriems jo labiausiai reikia \u2013 speciali\u0173j\u0173 ugdymo poreiki\u0173 turintiems vaikams. Po priverstin\u0117s\u2026<\/p>\n","protected":false},"author":4,"featured_media":0,"comment_status":"closed","ping_status":"closed","sticky":false,"template":"","format":"standard","meta":{"_acf_changed":false,"footnotes":""},"categories":[1],"class_list":["post-6820","post","type-post","status-publish","format-standard","hentry","category-be-kategorijos"],"acf":[],"yoast_head":"<!-- This site is optimized with the Yoast SEO plugin v26.8 - https:\/\/yoast.com\/product\/yoast-seo-wordpress\/ -->\n<title>\u017dalgirie\u010diai ypatingose treniruot\u0117se skyr\u0117 d\u0117m\u0117sio ypatingiems vaikams - FK \u017dalgiris<\/title>\n<meta name=\"robots\" content=\"index, follow, max-snippet:-1, max-image-preview:large, max-video-preview:-1\" \/>\n<link rel=\"canonical\" href=\"https:\/\/fkzalgiris.lt\/zalgirieciai-ypatingose-treniruotese-skyre-demesio-ypatingiems-vaikams\/\" \/>\n<meta property=\"og:locale\" content=\"lt_LT\" \/>\n<meta property=\"og:type\" content=\"article\" \/>\n<meta property=\"og:title\" content=\"\u017dalgirie\u010diai ypatingose treniruot\u0117se skyr\u0117 d\u0117m\u0117sio ypatingiems vaikams - FK \u017dalgiris\" \/>\n<meta property=\"og:description\" content=\"Prie\u0161 lemiamas kovas A lygoje \u201e\u017dalgirio\u201c futbolininkai skyr\u0117 laiko ir d\u0117mesio tiems ma\u017eiausiems, kuriems jo labiausiai reikia \u2013 speciali\u0173j\u0173 ugdymo poreiki\u0173 turintiems vaikams. Po priverstin\u0117s\u2026\" \/>\n<meta property=\"og:url\" content=\"https:\/\/fkzalgiris.lt\/zalgirieciai-ypatingose-treniruotese-skyre-demesio-ypatingiems-vaikams\/\" \/>\n<meta property=\"og:site_name\" content=\"FK \u017dalgiris\" \/>\n<meta property=\"article:publisher\" content=\"https:\/\/www.facebook.com\/fkzalgiris\/\" \/>\n<meta property=\"article:published_time\" content=\"2021-11-17T09:10:53+00:00\" \/>\n<meta property=\"article:modified_time\" content=\"2021-11-17T09:18:47+00:00\" \/>\n<meta property=\"og:image\" content=\"https:\/\/fkzalgiris.lt\/wp-content\/uploads\/2024\/02\/social-horiz_Zalgiris_logo_2024.png\" \/>\n\t<meta property=\"og:image:width\" content=\"3356\" \/>\n\t<meta property=\"og:image:height\" content=\"2259\" \/>\n\t<meta property=\"og:image:type\" content=\"image\/png\" \/>\n<meta name=\"author\" content=\"J\" \/>\n<meta name=\"twitter:card\" content=\"summary_large_image\" \/>\n<meta name=\"twitter:creator\" content=\"@fkzalgiris\" \/>\n<meta name=\"twitter:site\" content=\"@fkzalgiris\" \/>\n<meta name=\"twitter:label1\" content=\"Written by\" \/>\n\t<meta name=\"twitter:data1\" content=\"J\" \/>\n\t<meta name=\"twitter:label2\" content=\"Est. reading time\" \/>\n\t<meta name=\"twitter:data2\" content=\"1 minut\u0117\" \/>\n<script type=\"application\/ld+json\" class=\"yoast-schema-graph\">{\"@context\":\"https:\/\/schema.org\",\"@graph\":[{\"@type\":\"Article\",\"@id\":\"https:\/\/fkzalgiris.lt\/zalgirieciai-ypatingose-treniruotese-skyre-demesio-ypatingiems-vaikams\/#article\",\"isPartOf\":{\"@id\":\"https:\/\/fkzalgiris.lt\/zalgirieciai-ypatingose-treniruotese-skyre-demesio-ypatingiems-vaikams\/\"},\"author\":{\"name\":\"J\",\"@id\":\"https:\/\/fkzalgiris.lt\/#\/schema\/person\/8604babbba794a7d8767be324a3eaac8\"},\"headline\":\"\u017dalgirie\u010diai ypatingose treniruot\u0117se skyr\u0117 d\u0117m\u0117sio ypatingiems vaikams\",\"datePublished\":\"2021-11-17T09:10:53+00:00\",\"dateModified\":\"2021-11-17T09:18:47+00:00\",\"mainEntityOfPage\":{\"@id\":\"https:\/\/fkzalgiris.lt\/zalgirieciai-ypatingose-treniruotese-skyre-demesio-ypatingiems-vaikams\/\"},\"wordCount\":258,\"publisher\":{\"@id\":\"https:\/\/fkzalgiris.lt\/#organization\"},\"inLanguage\":\"lt-LT\"},{\"@type\":\"WebPage\",\"@id\":\"https:\/\/fkzalgiris.lt\/zalgirieciai-ypatingose-treniruotese-skyre-demesio-ypatingiems-vaikams\/\",\"url\":\"https:\/\/fkzalgiris.lt\/zalgirieciai-ypatingose-treniruotese-skyre-demesio-ypatingiems-vaikams\/\",\"name\":\"\u017dalgirie\u010diai ypatingose treniruot\u0117se skyr\u0117 d\u0117m\u0117sio ypatingiems vaikams - FK \u017dalgiris\",\"isPartOf\":{\"@id\":\"https:\/\/fkzalgiris.lt\/#website\"},\"datePublished\":\"2021-11-17T09:10:53+00:00\",\"dateModified\":\"2021-11-17T09:18:47+00:00\",\"breadcrumb\":{\"@id\":\"https:\/\/fkzalgiris.lt\/zalgirieciai-ypatingose-treniruotese-skyre-demesio-ypatingiems-vaikams\/#breadcrumb\"},\"inLanguage\":\"lt-LT\",\"potentialAction\":[{\"@type\":\"ReadAction\",\"target\":[\"https:\/\/fkzalgiris.lt\/zalgirieciai-ypatingose-treniruotese-skyre-demesio-ypatingiems-vaikams\/\"]}]},{\"@type\":\"BreadcrumbList\",\"@id\":\"https:\/\/fkzalgiris.lt\/zalgirieciai-ypatingose-treniruotese-skyre-demesio-ypatingiems-vaikams\/#breadcrumb\",\"itemListElement\":[{\"@type\":\"ListItem\",\"position\":1,\"name\":\"Home\",\"item\":\"https:\/\/fkzalgiris.lt\/\"},{\"@type\":\"ListItem\",\"position\":2,\"name\":\"\u017dalgirie\u010diai ypatingose treniruot\u0117se skyr\u0117 d\u0117m\u0117sio ypatingiems vaikams\"}]},{\"@type\":\"WebSite\",\"@id\":\"https:\/\/fkzalgiris.lt\/#website\",\"url\":\"https:\/\/fkzalgiris.lt\/\",\"name\":\"FK \u017dalgiris\",\"description\":\"oficiali Vilniaus \u201e\u017dalgirio\u201c futbolo klubo svetain\u0117\",\"publisher\":{\"@id\":\"https:\/\/fkzalgiris.lt\/#organization\"},\"potentialAction\":[{\"@type\":\"SearchAction\",\"target\":{\"@type\":\"EntryPoint\",\"urlTemplate\":\"https:\/\/fkzalgiris.lt\/?s={search_term_string}\"},\"query-input\":{\"@type\":\"PropertyValueSpecification\",\"valueRequired\":true,\"valueName\":\"search_term_string\"}}],\"inLanguage\":\"lt-LT\"},{\"@type\":\"Organization\",\"@id\":\"https:\/\/fkzalgiris.lt\/#organization\",\"name\":\"FK \u017dalgiris\",\"url\":\"https:\/\/fkzalgiris.lt\/\",\"logo\":{\"@type\":\"ImageObject\",\"inLanguage\":\"lt-LT\",\"@id\":\"https:\/\/fkzalgiris.lt\/#\/schema\/logo\/image\/\",\"url\":\"https:\/\/fkzalgiris.lt\/wp-content\/uploads\/2024\/01\/horiz-FK-Zalgiris-logo-2015.png\",\"contentUrl\":\"https:\/\/fkzalgiris.lt\/wp-content\/uploads\/2024\/01\/horiz-FK-Zalgiris-logo-2015.png\",\"width\":3073,\"height\":2048,\"caption\":\"FK \u017dalgiris\"},\"image\":{\"@id\":\"https:\/\/fkzalgiris.lt\/#\/schema\/logo\/image\/\"},\"sameAs\":[\"https:\/\/www.facebook.com\/fkzalgiris\/\",\"https:\/\/x.com\/fkzalgiris\",\"https:\/\/www.instagram.com\/fkzalgiris\/\",\"https:\/\/www.youtube.com\/channel\/UC1ag8JLxGirltMUoLlzfZLA\"]},{\"@type\":\"Person\",\"@id\":\"https:\/\/fkzalgiris.lt\/#\/schema\/person\/8604babbba794a7d8767be324a3eaac8\",\"name\":\"J\"}]}<\/script>\n<!-- \/ Yoast SEO plugin. -->","yoast_head_json":{"title":"\u017dalgirie\u010diai ypatingose treniruot\u0117se skyr\u0117 d\u0117m\u0117sio ypatingiems vaikams - FK \u017dalgiris","robots":{"index":"index","follow":"follow","max-snippet":"max-snippet:-1","max-image-preview":"max-image-preview:large","max-video-preview":"max-video-preview:-1"},"canonical":"https:\/\/fkzalgiris.lt\/zalgirieciai-ypatingose-treniruotese-skyre-demesio-ypatingiems-vaikams\/","og_locale":"lt_LT","og_type":"article","og_title":"\u017dalgirie\u010diai ypatingose treniruot\u0117se skyr\u0117 d\u0117m\u0117sio ypatingiems vaikams - FK \u017dalgiris","og_description":"Prie\u0161 lemiamas kovas A lygoje \u201e\u017dalgirio\u201c futbolininkai skyr\u0117 laiko ir d\u0117mesio tiems ma\u017eiausiems, kuriems jo labiausiai reikia \u2013 speciali\u0173j\u0173 ugdymo poreiki\u0173 turintiems vaikams. Po priverstin\u0117s\u2026","og_url":"https:\/\/fkzalgiris.lt\/zalgirieciai-ypatingose-treniruotese-skyre-demesio-ypatingiems-vaikams\/","og_site_name":"FK \u017dalgiris","article_publisher":"https:\/\/www.facebook.com\/fkzalgiris\/","article_published_time":"2021-11-17T09:10:53+00:00","article_modified_time":"2021-11-17T09:18:47+00:00","og_image":[{"width":3356,"height":2259,"url":"https:\/\/fkzalgiris.lt\/wp-content\/uploads\/2024\/02\/social-horiz_Zalgiris_logo_2024.png","type":"image\/png"}],"author":"J","twitter_card":"summary_large_image","twitter_creator":"@fkzalgiris","twitter_site":"@fkzalgiris","twitter_misc":{"Written by":"J","Est. reading time":"1 minut\u0117"},"schema":{"@context":"https:\/\/schema.org","@graph":[{"@type":"Article","@id":"https:\/\/fkzalgiris.lt\/zalgirieciai-ypatingose-treniruotese-skyre-demesio-ypatingiems-vaikams\/#article","isPartOf":{"@id":"https:\/\/fkzalgiris.lt\/zalgirieciai-ypatingose-treniruotese-skyre-demesio-ypatingiems-vaikams\/"},"author":{"name":"J","@id":"https:\/\/fkzalgiris.lt\/#\/schema\/person\/8604babbba794a7d8767be324a3eaac8"},"headline":"\u017dalgirie\u010diai ypatingose treniruot\u0117se skyr\u0117 d\u0117m\u0117sio ypatingiems vaikams","datePublished":"2021-11-17T09:10:53+00:00","dateModified":"2021-11-17T09:18:47+00:00","mainEntityOfPage":{"@id":"https:\/\/fkzalgiris.lt\/zalgirieciai-ypatingose-treniruotese-skyre-demesio-ypatingiems-vaikams\/"},"wordCount":258,"publisher":{"@id":"https:\/\/fkzalgiris.lt\/#organization"},"inLanguage":"lt-LT"},{"@type":"WebPage","@id":"https:\/\/fkzalgiris.lt\/zalgirieciai-ypatingose-treniruotese-skyre-demesio-ypatingiems-vaikams\/","url":"https:\/\/fkzalgiris.lt\/zalgirieciai-ypatingose-treniruotese-skyre-demesio-ypatingiems-vaikams\/","name":"\u017dalgirie\u010diai ypatingose treniruot\u0117se skyr\u0117 d\u0117m\u0117sio ypatingiems vaikams - FK \u017dalgiris","isPartOf":{"@id":"https:\/\/fkzalgiris.lt\/#website"},"datePublished":"2021-11-17T09:10:53+00:00","dateModified":"2021-11-17T09:18:47+00:00","breadcrumb":{"@id":"https:\/\/fkzalgiris.lt\/zalgirieciai-ypatingose-treniruotese-skyre-demesio-ypatingiems-vaikams\/#breadcrumb"},"inLanguage":"lt-LT","potentialAction":[{"@type":"ReadAction","target":["https:\/\/fkzalgiris.lt\/zalgirieciai-ypatingose-treniruotese-skyre-demesio-ypatingiems-vaikams\/"]}]},{"@type":"BreadcrumbList","@id":"https:\/\/fkzalgiris.lt\/zalgirieciai-ypatingose-treniruotese-skyre-demesio-ypatingiems-vaikams\/#breadcrumb","itemListElement":[{"@type":"ListItem","position":1,"name":"Home","item":"https:\/\/fkzalgiris.lt\/"},{"@type":"ListItem","position":2,"name":"\u017dalgirie\u010diai ypatingose treniruot\u0117se skyr\u0117 d\u0117m\u0117sio ypatingiems vaikams"}]},{"@type":"WebSite","@id":"https:\/\/fkzalgiris.lt\/#website","url":"https:\/\/fkzalgiris.lt\/","name":"FK \u017dalgiris","description":"oficiali Vilniaus \u201e\u017dalgirio\u201c futbolo klubo svetain\u0117","publisher":{"@id":"https:\/\/fkzalgiris.lt\/#organization"},"potentialAction":[{"@type":"SearchAction","target":{"@type":"EntryPoint","urlTemplate":"https:\/\/fkzalgiris.lt\/?s={search_term_string}"},"query-input":{"@type":"PropertyValueSpecification","valueRequired":true,"valueName":"search_term_string"}}],"inLanguage":"lt-LT"},{"@type":"Organization","@id":"https:\/\/fkzalgiris.lt\/#organization","name":"FK \u017dalgiris","url":"https:\/\/fkzalgiris.lt\/","logo":{"@type":"ImageObject","inLanguage":"lt-LT","@id":"https:\/\/fkzalgiris.lt\/#\/schema\/logo\/image\/","url":"https:\/\/fkzalgiris.lt\/wp-content\/uploads\/2024\/01\/horiz-FK-Zalgiris-logo-2015.png","contentUrl":"https:\/\/fkzalgiris.lt\/wp-content\/uploads\/2024\/01\/horiz-FK-Zalgiris-logo-2015.png","width":3073,"height":2048,"caption":"FK \u017dalgiris"},"image":{"@id":"https:\/\/fkzalgiris.lt\/#\/schema\/logo\/image\/"},"sameAs":["https:\/\/www.facebook.com\/fkzalgiris\/","https:\/\/x.com\/fkzalgiris","https:\/\/www.instagram.com\/fkzalgiris\/","https:\/\/www.youtube.com\/channel\/UC1ag8JLxGirltMUoLlzfZLA"]},{"@type":"Person","@id":"https:\/\/fkzalgiris.lt\/#\/schema\/person\/8604babbba794a7d8767be324a3eaac8","name":"J"}]}},"_links":{"self":[{"href":"https:\/\/fkzalgiris.lt\/api\/wp\/v2\/posts\/6820","targetHints":{"allow":["GET"]}}],"collection":[{"href":"https:\/\/fkzalgiris.lt\/api\/wp\/v2\/posts"}],"about":[{"href":"https:\/\/fkzalgiris.lt\/api\/wp\/v2\/types\/post"}],"author":[{"embeddable":true,"href":"https:\/\/fkzalgiris.lt\/api\/wp\/v2\/users\/4"}],"replies":[{"embeddable":true,"href":"https:\/\/fkzalgiris.lt\/api\/wp\/v2\/comments?post=6820"}],"version-history":[{"count":4,"href":"https:\/\/fkzalgiris.lt\/api\/wp\/v2\/posts\/6820\/revisions"}],"predecessor-version":[{"id":6826,"href":"https:\/\/fkzalgiris.lt\/api\/wp\/v2\/posts\/6820\/revisions\/6826"}],"wp:attachment":[{"href":"https:\/\/fkzalgiris.lt\/api\/wp\/v2\/media?parent=6820"}],"wp:term":[{"taxonomy":"category","embeddable":true,"href":"https:\/\/fkzalgiris.lt\/api\/wp\/v2\/categories?post=6820"}],"curies":[{"name":"wp","href":"https:\/\/api.w.org\/{rel}","templated":true}]}}