{"id":6795,"date":"2021-11-07T22:19:23","date_gmt":"2021-11-07T20:19:23","guid":{"rendered":"https:\/\/fkzalgiris.lt\/?p=6795"},"modified":"2021-11-08T00:58:28","modified_gmt":"2021-11-07T22:58:28","slug":"v-ceburinas-kai-nesiseke-aistruoliu-palaikymas-vede-i-prieki","status":"publish","type":"post","link":"https:\/\/fkzalgiris.lt\/v-ceburinas-kai-nesiseke-aistruoliu-palaikymas-vede-i-prieki\/","title":{"rendered":"V. \u010ceburinas: \u201eKai nesisek\u0117, aistruoli\u0173 palaikymas ved\u0117 \u012f priek\u012f\u201c"},"content":{"rendered":"<p>\u012e paskutin\u0119 sezono i\u0161vyk\u0119 itin gausiai \u2013 daugiausiai \u0161iame A lygos sezone \u2013 susirink\u0119 \u201e\u017dalgirio\u201c aistruoliai tur\u0117jo k\u0105 pa\u0161v\u0119sti &#8211; \u00a0j\u0173 mylima komanda \u012fgijo penki\u0173 ta\u0161k\u0173 persvar\u0105 kovoje d\u0117l \u010dempion\u0173 titulo.<br \/>\nGeros nuotaikos \u201e\u017dalgirio\u201c fan\u0173 stovykloje tur\u0117jo b\u016bti dar prie\u0161 A lygos dvikov\u0105 Alytuje, nes prie\u0161 tai \u201eS\u016bduva\u201c patyr\u0117 nes\u0117km\u0119 Kaune.<\/p>\n<p>Ta\u010diau optimizm\u0105 per pirm\u0105j\u012f k\u0117lin\u012f tur\u0117jo pakeisti nerimas \u2013 \u201e\u017dalgiris\u201c iki pertraukos ne\u012fveik\u0117 \u201eDainavos\u201c vartininko Tomo \u0160vedkausko.<\/p>\n<p>\u201eSveikinu aistruolius, jie \u0161iandien mus nuostabiai palaik\u0117. Tai vyksta kas kart\u0105, labai a\u010di\u016b jiems. Kai komandai ka\u017ekas nepavyko aistruoli\u0173 palaikymas mus ved\u0117 \u012f priek\u012f\u201c, &#8211; po rungtyni\u0173 kalb\u0117jo \u201e\u017dalgirio\u201c treneris Vladimiras \u010ceburinas. &#8211; \u012e rungtynes \u012fne\u0161\u0117 savo korektyvas oro s\u0105lygos. Buvo slidu, greitas kamuolys, nelygumai aik\u0161t\u0117je. D\u0117l to klydo abi komandos. Bravo \u017dalgiriui, bravo \u017eaid\u0117jams. \u017daid\u0117jai atsidav\u0117 visu \u0161imtu procent\u0173 ir sugeb\u0117jo i\u0161kovoti sunki\u0105 pergal\u0119.\u201c<\/p>\n<p>Ledus jo aukl\u0117tiniams pavyko pralau\u017eti antrame k\u0117linyje su\u017eaidus 9 minut\u0117s \u2013 tuomet po perdavimo i\u0161 kra\u0161to pasi\u017eym\u0117jo Josipas Tadi\u010dius. V\u0117liau, antr\u0105j\u012f \u012fvart\u012f nuo 11 metr\u0173 \u017eymos prid\u0117jo Hugo Videmontas.<\/p>\n<p>V. \u010ceburinas nesutiko, kad sunki\u0105 prad\u017ei\u0105 l\u0117m\u0117 atsipalaidavimas ir teig\u0117, jog nebuvo galvojama tai, kaip pasibaig\u0117 pagrindini\u0173 konkurent\u0173 rungtyn\u0117s: \u201eSaky\u010diau tai labiau d\u0117l oro s\u0105lyg\u0173. Kitas dalykas, var\u017eovas steng\u0117si, tur\u0117jo savo taktik\u0105. Mes pirmiausia galvojome apie savo rungtynes ir rezultat\u0105. M\u016bs\u0173 filosofija paprasta: dirbti ta kryptimi, kuria norime nueiti, pagal tai k\u0105 norime pasiekti.\u201c<\/p>\n<p>Alytuje startin\u0117je sud\u0117tyje prog\u0105 pasireik\u0161ti gavo saugas Gustas Jarusevi\u010dius. \u201eJei jis \u017eaid\u0117, rei\u0161kia nusipeln\u0117 \u0161ios vietos. Gustas yra tas jaunas \u017eaid\u0117jas kuriuo tikime. Visais tikime. Kas i\u0161 j\u0173 rodo ger\u0105 \u017eaidim\u0105 treniruo\u010di\u0173 procese kai i\u0161eina \u012f aik\u0161t\u0119, net ir nedaug laiko, jei duoda naudos komandai \u2013 puiku\u201c, &#8211; teig\u0117 V. \u010ceburinas.<\/p>\n<p>Du ta\u0161kai per likusias trejas rungtynes u\u017etikrint\u0173 \u201e\u017dalgiriui\u201c antr\u0105 i\u0161 eil\u0117s \u010dempion\u0173 titul\u0105. V. \u010ceburinas pabr\u0117\u017e\u0117, jog komanda galvoja pirmiausia kaip i\u0161kovoti pergal\u0119 kitose rungtyn\u0117se.<\/p>\n<p>\u201eGalvojame kaip laim\u0117ti. Neskai\u010diuojame kiek liko, kas liko. Reikia kiekvienose rungtyn\u0117se parodyti ger\u0105 futbol\u0105 ir pasiekti rezultat\u0105\u201c, &#8211; sak\u0117 treneris.<\/p>\n<p>\u201e\u017dalgiris\u201c \u012f A lygos kovas gr\u012f\u0161 po rinktini\u0173 pertraukos \u2013 lapkri\u010dio 19 d. rungtyn\u0117mis namuose prie\u0161 \u201eKauno \u017dalgir\u012f\u201c.<\/p>\n","protected":false},"excerpt":{"rendered":"<p>\u012e paskutin\u0119 sezono i\u0161vyk\u0119 itin gausiai \u2013 daugiausiai \u0161iame A lygos sezone \u2013 susirink\u0119 \u201e\u017dalgirio\u201c aistruoliai tur\u0117jo k\u0105 pa\u0161v\u0119sti &#8211; \u00a0j\u0173 mylima komanda \u012fgijo penki\u0173\u2026<\/p>\n","protected":false},"author":4,"featured_media":0,"comment_status":"closed","ping_status":"closed","sticky":false,"template":"","format":"standard","meta":{"_acf_changed":false,"footnotes":""},"categories":[1],"class_list":["post-6795","post","type-post","status-publish","format-standard","hentry","category-be-kategorijos"],"acf":[],"yoast_head":"<!-- This site is optimized with the Yoast SEO plugin v26.8 - https:\/\/yoast.com\/product\/yoast-seo-wordpress\/ -->\n<title>V. \u010ceburinas: \u201eKai nesisek\u0117, aistruoli\u0173 palaikymas ved\u0117 \u012f priek\u012f\u201c - FK \u017dalgiris<\/title>\n<meta name=\"robots\" content=\"index, follow, max-snippet:-1, max-image-preview:large, max-video-preview:-1\" \/>\n<link rel=\"canonical\" href=\"https:\/\/fkzalgiris.lt\/v-ceburinas-kai-nesiseke-aistruoliu-palaikymas-vede-i-prieki\/\" \/>\n<meta property=\"og:locale\" content=\"lt_LT\" \/>\n<meta property=\"og:type\" content=\"article\" \/>\n<meta property=\"og:title\" content=\"V. \u010ceburinas: \u201eKai nesisek\u0117, aistruoli\u0173 palaikymas ved\u0117 \u012f priek\u012f\u201c - FK \u017dalgiris\" \/>\n<meta property=\"og:description\" content=\"\u012e paskutin\u0119 sezono i\u0161vyk\u0119 itin gausiai \u2013 daugiausiai \u0161iame A lygos sezone \u2013 susirink\u0119 \u201e\u017dalgirio\u201c aistruoliai tur\u0117jo k\u0105 pa\u0161v\u0119sti &#8211; \u00a0j\u0173 mylima komanda \u012fgijo penki\u0173\u2026\" \/>\n<meta property=\"og:url\" content=\"https:\/\/fkzalgiris.lt\/v-ceburinas-kai-nesiseke-aistruoliu-palaikymas-vede-i-prieki\/\" \/>\n<meta property=\"og:site_name\" content=\"FK \u017dalgiris\" \/>\n<meta property=\"article:publisher\" content=\"https:\/\/www.facebook.com\/fkzalgiris\/\" \/>\n<meta property=\"article:published_time\" content=\"2021-11-07T20:19:23+00:00\" \/>\n<meta property=\"article:modified_time\" content=\"2021-11-07T22:58:28+00:00\" \/>\n<meta property=\"og:image\" content=\"https:\/\/fkzalgiris.lt\/wp-content\/uploads\/2024\/02\/social-horiz_Zalgiris_logo_2024.png\" \/>\n\t<meta property=\"og:image:width\" content=\"3356\" \/>\n\t<meta property=\"og:image:height\" content=\"2259\" \/>\n\t<meta property=\"og:image:type\" content=\"image\/png\" \/>\n<meta name=\"author\" content=\"J\" \/>\n<meta name=\"twitter:card\" content=\"summary_large_image\" \/>\n<meta name=\"twitter:creator\" content=\"@fkzalgiris\" \/>\n<meta name=\"twitter:site\" content=\"@fkzalgiris\" \/>\n<meta name=\"twitter:label1\" content=\"Written by\" \/>\n\t<meta name=\"twitter:data1\" content=\"J\" \/>\n\t<meta name=\"twitter:label2\" content=\"Est. reading time\" \/>\n\t<meta name=\"twitter:data2\" content=\"2 minut\u0117s\" \/>\n<script type=\"application\/ld+json\" class=\"yoast-schema-graph\">{\"@context\":\"https:\/\/schema.org\",\"@graph\":[{\"@type\":\"Article\",\"@id\":\"https:\/\/fkzalgiris.lt\/v-ceburinas-kai-nesiseke-aistruoliu-palaikymas-vede-i-prieki\/#article\",\"isPartOf\":{\"@id\":\"https:\/\/fkzalgiris.lt\/v-ceburinas-kai-nesiseke-aistruoliu-palaikymas-vede-i-prieki\/\"},\"author\":{\"name\":\"J\",\"@id\":\"https:\/\/fkzalgiris.lt\/#\/schema\/person\/8604babbba794a7d8767be324a3eaac8\"},\"headline\":\"V. \u010ceburinas: \u201eKai nesisek\u0117, aistruoli\u0173 palaikymas ved\u0117 \u012f priek\u012f\u201c\",\"datePublished\":\"2021-11-07T20:19:23+00:00\",\"dateModified\":\"2021-11-07T22:58:28+00:00\",\"mainEntityOfPage\":{\"@id\":\"https:\/\/fkzalgiris.lt\/v-ceburinas-kai-nesiseke-aistruoliu-palaikymas-vede-i-prieki\/\"},\"wordCount\":391,\"publisher\":{\"@id\":\"https:\/\/fkzalgiris.lt\/#organization\"},\"inLanguage\":\"lt-LT\"},{\"@type\":\"WebPage\",\"@id\":\"https:\/\/fkzalgiris.lt\/v-ceburinas-kai-nesiseke-aistruoliu-palaikymas-vede-i-prieki\/\",\"url\":\"https:\/\/fkzalgiris.lt\/v-ceburinas-kai-nesiseke-aistruoliu-palaikymas-vede-i-prieki\/\",\"name\":\"V. \u010ceburinas: \u201eKai nesisek\u0117, aistruoli\u0173 palaikymas ved\u0117 \u012f priek\u012f\u201c - FK \u017dalgiris\",\"isPartOf\":{\"@id\":\"https:\/\/fkzalgiris.lt\/#website\"},\"datePublished\":\"2021-11-07T20:19:23+00:00\",\"dateModified\":\"2021-11-07T22:58:28+00:00\",\"breadcrumb\":{\"@id\":\"https:\/\/fkzalgiris.lt\/v-ceburinas-kai-nesiseke-aistruoliu-palaikymas-vede-i-prieki\/#breadcrumb\"},\"inLanguage\":\"lt-LT\",\"potentialAction\":[{\"@type\":\"ReadAction\",\"target\":[\"https:\/\/fkzalgiris.lt\/v-ceburinas-kai-nesiseke-aistruoliu-palaikymas-vede-i-prieki\/\"]}]},{\"@type\":\"BreadcrumbList\",\"@id\":\"https:\/\/fkzalgiris.lt\/v-ceburinas-kai-nesiseke-aistruoliu-palaikymas-vede-i-prieki\/#breadcrumb\",\"itemListElement\":[{\"@type\":\"ListItem\",\"position\":1,\"name\":\"Home\",\"item\":\"https:\/\/fkzalgiris.lt\/\"},{\"@type\":\"ListItem\",\"position\":2,\"name\":\"V. \u010ceburinas: \u201eKai nesisek\u0117, aistruoli\u0173 palaikymas ved\u0117 \u012f priek\u012f\u201c\"}]},{\"@type\":\"WebSite\",\"@id\":\"https:\/\/fkzalgiris.lt\/#website\",\"url\":\"https:\/\/fkzalgiris.lt\/\",\"name\":\"FK \u017dalgiris\",\"description\":\"oficiali Vilniaus \u201e\u017dalgirio\u201c futbolo klubo svetain\u0117\",\"publisher\":{\"@id\":\"https:\/\/fkzalgiris.lt\/#organization\"},\"potentialAction\":[{\"@type\":\"SearchAction\",\"target\":{\"@type\":\"EntryPoint\",\"urlTemplate\":\"https:\/\/fkzalgiris.lt\/?s={search_term_string}\"},\"query-input\":{\"@type\":\"PropertyValueSpecification\",\"valueRequired\":true,\"valueName\":\"search_term_string\"}}],\"inLanguage\":\"lt-LT\"},{\"@type\":\"Organization\",\"@id\":\"https:\/\/fkzalgiris.lt\/#organization\",\"name\":\"FK \u017dalgiris\",\"url\":\"https:\/\/fkzalgiris.lt\/\",\"logo\":{\"@type\":\"ImageObject\",\"inLanguage\":\"lt-LT\",\"@id\":\"https:\/\/fkzalgiris.lt\/#\/schema\/logo\/image\/\",\"url\":\"https:\/\/fkzalgiris.lt\/wp-content\/uploads\/2024\/01\/horiz-FK-Zalgiris-logo-2015.png\",\"contentUrl\":\"https:\/\/fkzalgiris.lt\/wp-content\/uploads\/2024\/01\/horiz-FK-Zalgiris-logo-2015.png\",\"width\":3073,\"height\":2048,\"caption\":\"FK \u017dalgiris\"},\"image\":{\"@id\":\"https:\/\/fkzalgiris.lt\/#\/schema\/logo\/image\/\"},\"sameAs\":[\"https:\/\/www.facebook.com\/fkzalgiris\/\",\"https:\/\/x.com\/fkzalgiris\",\"https:\/\/www.instagram.com\/fkzalgiris\/\",\"https:\/\/www.youtube.com\/channel\/UC1ag8JLxGirltMUoLlzfZLA\"]},{\"@type\":\"Person\",\"@id\":\"https:\/\/fkzalgiris.lt\/#\/schema\/person\/8604babbba794a7d8767be324a3eaac8\",\"name\":\"J\"}]}<\/script>\n<!-- \/ Yoast SEO plugin. -->","yoast_head_json":{"title":"V. \u010ceburinas: \u201eKai nesisek\u0117, aistruoli\u0173 palaikymas ved\u0117 \u012f priek\u012f\u201c - FK \u017dalgiris","robots":{"index":"index","follow":"follow","max-snippet":"max-snippet:-1","max-image-preview":"max-image-preview:large","max-video-preview":"max-video-preview:-1"},"canonical":"https:\/\/fkzalgiris.lt\/v-ceburinas-kai-nesiseke-aistruoliu-palaikymas-vede-i-prieki\/","og_locale":"lt_LT","og_type":"article","og_title":"V. \u010ceburinas: \u201eKai nesisek\u0117, aistruoli\u0173 palaikymas ved\u0117 \u012f priek\u012f\u201c - FK \u017dalgiris","og_description":"\u012e paskutin\u0119 sezono i\u0161vyk\u0119 itin gausiai \u2013 daugiausiai \u0161iame A lygos sezone \u2013 susirink\u0119 \u201e\u017dalgirio\u201c aistruoliai tur\u0117jo k\u0105 pa\u0161v\u0119sti &#8211; \u00a0j\u0173 mylima komanda \u012fgijo penki\u0173\u2026","og_url":"https:\/\/fkzalgiris.lt\/v-ceburinas-kai-nesiseke-aistruoliu-palaikymas-vede-i-prieki\/","og_site_name":"FK \u017dalgiris","article_publisher":"https:\/\/www.facebook.com\/fkzalgiris\/","article_published_time":"2021-11-07T20:19:23+00:00","article_modified_time":"2021-11-07T22:58:28+00:00","og_image":[{"width":3356,"height":2259,"url":"https:\/\/fkzalgiris.lt\/wp-content\/uploads\/2024\/02\/social-horiz_Zalgiris_logo_2024.png","type":"image\/png"}],"author":"J","twitter_card":"summary_large_image","twitter_creator":"@fkzalgiris","twitter_site":"@fkzalgiris","twitter_misc":{"Written by":"J","Est. reading time":"2 minut\u0117s"},"schema":{"@context":"https:\/\/schema.org","@graph":[{"@type":"Article","@id":"https:\/\/fkzalgiris.lt\/v-ceburinas-kai-nesiseke-aistruoliu-palaikymas-vede-i-prieki\/#article","isPartOf":{"@id":"https:\/\/fkzalgiris.lt\/v-ceburinas-kai-nesiseke-aistruoliu-palaikymas-vede-i-prieki\/"},"author":{"name":"J","@id":"https:\/\/fkzalgiris.lt\/#\/schema\/person\/8604babbba794a7d8767be324a3eaac8"},"headline":"V. \u010ceburinas: \u201eKai nesisek\u0117, aistruoli\u0173 palaikymas ved\u0117 \u012f priek\u012f\u201c","datePublished":"2021-11-07T20:19:23+00:00","dateModified":"2021-11-07T22:58:28+00:00","mainEntityOfPage":{"@id":"https:\/\/fkzalgiris.lt\/v-ceburinas-kai-nesiseke-aistruoliu-palaikymas-vede-i-prieki\/"},"wordCount":391,"publisher":{"@id":"https:\/\/fkzalgiris.lt\/#organization"},"inLanguage":"lt-LT"},{"@type":"WebPage","@id":"https:\/\/fkzalgiris.lt\/v-ceburinas-kai-nesiseke-aistruoliu-palaikymas-vede-i-prieki\/","url":"https:\/\/fkzalgiris.lt\/v-ceburinas-kai-nesiseke-aistruoliu-palaikymas-vede-i-prieki\/","name":"V. \u010ceburinas: \u201eKai nesisek\u0117, aistruoli\u0173 palaikymas ved\u0117 \u012f priek\u012f\u201c - FK \u017dalgiris","isPartOf":{"@id":"https:\/\/fkzalgiris.lt\/#website"},"datePublished":"2021-11-07T20:19:23+00:00","dateModified":"2021-11-07T22:58:28+00:00","breadcrumb":{"@id":"https:\/\/fkzalgiris.lt\/v-ceburinas-kai-nesiseke-aistruoliu-palaikymas-vede-i-prieki\/#breadcrumb"},"inLanguage":"lt-LT","potentialAction":[{"@type":"ReadAction","target":["https:\/\/fkzalgiris.lt\/v-ceburinas-kai-nesiseke-aistruoliu-palaikymas-vede-i-prieki\/"]}]},{"@type":"BreadcrumbList","@id":"https:\/\/fkzalgiris.lt\/v-ceburinas-kai-nesiseke-aistruoliu-palaikymas-vede-i-prieki\/#breadcrumb","itemListElement":[{"@type":"ListItem","position":1,"name":"Home","item":"https:\/\/fkzalgiris.lt\/"},{"@type":"ListItem","position":2,"name":"V. \u010ceburinas: \u201eKai nesisek\u0117, aistruoli\u0173 palaikymas ved\u0117 \u012f priek\u012f\u201c"}]},{"@type":"WebSite","@id":"https:\/\/fkzalgiris.lt\/#website","url":"https:\/\/fkzalgiris.lt\/","name":"FK \u017dalgiris","description":"oficiali Vilniaus \u201e\u017dalgirio\u201c futbolo klubo svetain\u0117","publisher":{"@id":"https:\/\/fkzalgiris.lt\/#organization"},"potentialAction":[{"@type":"SearchAction","target":{"@type":"EntryPoint","urlTemplate":"https:\/\/fkzalgiris.lt\/?s={search_term_string}"},"query-input":{"@type":"PropertyValueSpecification","valueRequired":true,"valueName":"search_term_string"}}],"inLanguage":"lt-LT"},{"@type":"Organization","@id":"https:\/\/fkzalgiris.lt\/#organization","name":"FK \u017dalgiris","url":"https:\/\/fkzalgiris.lt\/","logo":{"@type":"ImageObject","inLanguage":"lt-LT","@id":"https:\/\/fkzalgiris.lt\/#\/schema\/logo\/image\/","url":"https:\/\/fkzalgiris.lt\/wp-content\/uploads\/2024\/01\/horiz-FK-Zalgiris-logo-2015.png","contentUrl":"https:\/\/fkzalgiris.lt\/wp-content\/uploads\/2024\/01\/horiz-FK-Zalgiris-logo-2015.png","width":3073,"height":2048,"caption":"FK \u017dalgiris"},"image":{"@id":"https:\/\/fkzalgiris.lt\/#\/schema\/logo\/image\/"},"sameAs":["https:\/\/www.facebook.com\/fkzalgiris\/","https:\/\/x.com\/fkzalgiris","https:\/\/www.instagram.com\/fkzalgiris\/","https:\/\/www.youtube.com\/channel\/UC1ag8JLxGirltMUoLlzfZLA"]},{"@type":"Person","@id":"https:\/\/fkzalgiris.lt\/#\/schema\/person\/8604babbba794a7d8767be324a3eaac8","name":"J"}]}},"_links":{"self":[{"href":"https:\/\/fkzalgiris.lt\/api\/wp\/v2\/posts\/6795","targetHints":{"allow":["GET"]}}],"collection":[{"href":"https:\/\/fkzalgiris.lt\/api\/wp\/v2\/posts"}],"about":[{"href":"https:\/\/fkzalgiris.lt\/api\/wp\/v2\/types\/post"}],"author":[{"embeddable":true,"href":"https:\/\/fkzalgiris.lt\/api\/wp\/v2\/users\/4"}],"replies":[{"embeddable":true,"href":"https:\/\/fkzalgiris.lt\/api\/wp\/v2\/comments?post=6795"}],"version-history":[{"count":5,"href":"https:\/\/fkzalgiris.lt\/api\/wp\/v2\/posts\/6795\/revisions"}],"predecessor-version":[{"id":6802,"href":"https:\/\/fkzalgiris.lt\/api\/wp\/v2\/posts\/6795\/revisions\/6802"}],"wp:attachment":[{"href":"https:\/\/fkzalgiris.lt\/api\/wp\/v2\/media?parent=6795"}],"wp:term":[{"taxonomy":"category","embeddable":true,"href":"https:\/\/fkzalgiris.lt\/api\/wp\/v2\/categories?post=6795"}],"curies":[{"name":"wp","href":"https:\/\/api.w.org\/{rel}","templated":true}]}}