{"id":6700,"date":"2021-10-29T11:38:37","date_gmt":"2021-10-29T08:38:37","guid":{"rendered":"https:\/\/fkzalgiris.lt\/?p=6700"},"modified":"2021-10-30T11:43:04","modified_gmt":"2021-10-30T08:43:04","slug":"zalgiriotevas-i-tatomirovicius-jaunu-zaideju-problemas-matau-is-tolo","status":"publish","type":"post","link":"https:\/\/fkzalgiris.lt\/zalgiriotevas-i-tatomirovicius-jaunu-zaideju-problemas-matau-is-tolo\/","title":{"rendered":"\u201e\u017dalgirio\u201c\u201et\u0117vas\u201c I. Tatomirovi\u010dius: \u201eJaun\u0173 \u017eaid\u0117j\u0173 problemas matau i\u0161 tolo\u201c"},"content":{"rendered":"<p>Taur\u0117s ketvirtfinalio rungtyn\u0117se Marijampol\u0117je \u201e\u017dalgirio\u201c gyn\u0117jas Ivanas Tatomirovi\u010dius aik\u0161t\u0117je pasirod\u0117 paskutin\u0119 prat\u0119simo minut\u0119. Baudini\u0173 serijoje jis stojo mu\u0161ti pirmasis ir nesuklydo.<\/p>\n<p>32 met\u0173 Ivanas pra\u0117jusiais metais ir \u0161io sezono prad\u017eioje buvo startin\u0117s sud\u0117ties \u017eaid\u0117jas, bet nuo bir\u017eelio tik retkar\u010diais pasirodo aik\u0161t\u0117je.<\/p>\n<p>\u201eMano pozicijos \u017eaid\u0117jai neda\u017enai aik\u0161t\u0117je pasirodo po keitimo. Jei nepradedi starto sud\u0117tyje, da\u017eniausiai ne\u017eaidi. Jei reikia ka\u017ek\u0105 keisti \u017eaidime, da\u017eniausiai kei\u010diama puolimo grandyje\u201c, &#8211; gyn\u0117jams tenkan\u010di\u0105 dali\u0105 ai\u0161kino I. Tatomirovi\u010dius.<\/p>\n<p>Nepaisant to, jo reik\u0161m\u0117 komandai i\u0161lieka didel\u0117 \u2013 draug\u0173 ir koleg\u0173 vadinamas tiesiog \u201eTatko\u201c (serb\u0173 kalba \u2013 t\u0117vas), jis yra vienas \u201e\u017dalgirio\u201c vicekapiton\u0173, vienas labiausiai patyrusi\u0173 \u017eaid\u0117j\u0173, \u012f kur\u012f neretai ir jauni \u017eaid\u0117jai kreipiasi patarimo.<\/p>\n<p>\u201eKai \u017eaid\u017eiau Suomijoje pats daug laiko praleidau su mentoriais, ir supratau daug apie psichologin\u012f pasirengim\u0105. Dabar \u017einau, kaip prieiti prie problemos ir kaip susitvarkyti su ja. Ypa\u010d jaun\u0173 \u017emoni\u0173 problemas matau i\u0161 tolo, nors jie n\u0117 nenutuokia, su kuo susidurs, &#8211; sak\u0117 serbas &#8211;\u00a0 Prie\u017eastis, kod\u0117l noriu to ry\u0161io \u2013 nes noriu, kad jie jaust\u0173si saug\u016bs i\u0161sikalb\u0117dami, nebijot\u0173 pasakyti. Ne\u012fmanoma, kad viskas tau b\u016bt\u0173 tobula. Ypa\u010d jauniems \u017eaid\u0117jams, kurie tr\u016bksta var\u017eyb\u0173 patirties. Noriu parodyti, kad jie gali prieiti prie man\u0119s ir paklausti.\u201c<\/p>\n<p>Vis d\u0117lto I. Tatomirovi\u010dius pripa\u017e\u012fsta, jog min\u0117toje taur\u0117s ketvirtfinalio dvikovoje prie\u0161 \u201eS\u016bduv\u0105\u201c nebuvo taip lengva ir pa\u010diam \u2013 tiek d\u0117l minimalaus \u017eaidimo laiko, tiek d\u0117l ankstesni\u0173 patir\u010di\u0173.<\/p>\n<p>\u201eBuvau tur\u0117j\u0119s blogos patirties, susijusios su baudini\u0173 mu\u0161imu. Tiek karjeros prad\u017eioje, tiek ir Lietuvoje \u0161iemet \u2013 nerealizavau baudinio Supertaur\u0117s rungtyn\u0117se prie\u0161 \u201ePanev\u0117\u017e\u012f\u201c. Tod\u0117l tikrai nebuvau atsipalaidav\u0119s, kaip gal\u0117jo pasirodyti. Tai tik atrodo paprasta. Galb\u016bt yra paprasta \u017eaid\u0117jams, kurie da\u017enai mu\u0161a baudinius. Bet ypa\u010d metu buvo sunku &#8211; i\u0161\u0117jau, pa\u017eaid\u017eiau 30 sekund\u017ei\u0173, net neprisiliesdamas kamuolio. Kai mu\u0161iau baudin\u012f \u2013 tai buvo mano pirmas kamuolio lietimas rungtyn\u0117se. Reik\u0117jo mu\u0161ti, ir a\u0161 i\u0161ties jau\u010diau baim\u0119. Mu\u0161iau \u012f sau saug\u0173 kamp\u0105, patogiausi\u0105 sm\u016bg\u012f\u201c, &#8211; atskleid\u0117 \u017eaid\u0117jas.<\/p>\n<p>Jis yra vienas i\u0161 keli\u0173 \u017ealgirie\u010di\u0173, kuris lemiamose kovose prie\u0161 \u201eS\u016bduv\u0105\u201c dalyvavo ir pra\u0117jusiais metais. Tuomet \u201e\u017dalgiris\u201c tapo \u010dempionu var\u017eovus palau\u017e\u0119s paskutin\u0117se rungtyn\u0117se.<\/p>\n<p>\u201eVienu metu nuo \u201eS\u016bduvos\u201c atsilikin\u0117jome a\u0161tuoniais ta\u0161kais, ir niekas netik\u0117jo, kad galime pavyti. Galb\u016bt tik sirgaliai. Bet mes tik\u0117jome ir m\u0105st\u0117me: jei sugeb\u0117sime pavyti, tikrai laim\u0117sime. \u00a0Buvome tikri tuo. Pavejame ir laimime. Ir galiausiai viskas liko paskutin\u0117ms rungtyn\u0117ms\u201c, &#8211; prisimin\u0117 I. Tatomirovi\u010dius.<\/p>\n<p>Pasak \u017eaid\u0117jo, did\u017eiausias \u201e\u017dalgirio\u201c prana\u0161umas \u2013 atmosfera lyg \u0161eimoje: \u201eJei yra problem\u0173 su ka\u017ekokiu i\u0161oriniu faktoriumi, visi pasistengs, kad tai i\u0161spr\u0119stume. O komandos viduje reikia pasiskirstyti vaidmenis. \u00a0Turime \u017einoti, kas t\u0117vas, kas mama, kas vyresnis brolis, kas jaunesnis&#8230; Visi randa save skirtinguose vaidmenyse.\u201c<\/p>\n<p>\u201e\u017dalgiris TV\u201c laidoje \u201e\u017daliai Baltas Legionas\u201c serbas pokalbyje su Pauliumi Ambrazevi\u010diumi papasakojo apie savo karjeros \u012fsimintiniausius epizodus \u2013 nuo dilem\u0173 renkantis Belgrado klub\u0105, sunkios traumos jaunyst\u0117je, etapus Sarajeve, Suomijos klubuose, savo pom\u0117g\u012f aviacijai, kaip suk\u016br\u0117 \u0161eim\u0105 ir kita.<\/p>\n","protected":false},"excerpt":{"rendered":"<p>Taur\u0117s ketvirtfinalio rungtyn\u0117se Marijampol\u0117je \u201e\u017dalgirio\u201c gyn\u0117jas Ivanas Tatomirovi\u010dius aik\u0161t\u0117je pasirod\u0117 paskutin\u0119 prat\u0119simo minut\u0119. Baudini\u0173 serijoje jis stojo mu\u0161ti pirmasis ir nesuklydo. 32 met\u0173 Ivanas pra\u0117jusiais\u2026<\/p>\n","protected":false},"author":4,"featured_media":0,"comment_status":"closed","ping_status":"closed","sticky":false,"template":"","format":"standard","meta":{"_acf_changed":false,"footnotes":""},"categories":[1],"class_list":["post-6700","post","type-post","status-publish","format-standard","hentry","category-be-kategorijos"],"acf":[],"yoast_head":"<!-- This site is optimized with the Yoast SEO plugin v26.8 - https:\/\/yoast.com\/product\/yoast-seo-wordpress\/ -->\n<title>\u201e\u017dalgirio\u201c\u201et\u0117vas\u201c I. Tatomirovi\u010dius: \u201eJaun\u0173 \u017eaid\u0117j\u0173 problemas matau i\u0161 tolo\u201c - FK \u017dalgiris<\/title>\n<meta name=\"robots\" content=\"index, follow, max-snippet:-1, max-image-preview:large, max-video-preview:-1\" \/>\n<link rel=\"canonical\" href=\"https:\/\/fkzalgiris.lt\/zalgiriotevas-i-tatomirovicius-jaunu-zaideju-problemas-matau-is-tolo\/\" \/>\n<meta property=\"og:locale\" content=\"lt_LT\" \/>\n<meta property=\"og:type\" content=\"article\" \/>\n<meta property=\"og:title\" content=\"\u201e\u017dalgirio\u201c\u201et\u0117vas\u201c I. Tatomirovi\u010dius: \u201eJaun\u0173 \u017eaid\u0117j\u0173 problemas matau i\u0161 tolo\u201c - FK \u017dalgiris\" \/>\n<meta property=\"og:description\" content=\"Taur\u0117s ketvirtfinalio rungtyn\u0117se Marijampol\u0117je \u201e\u017dalgirio\u201c gyn\u0117jas Ivanas Tatomirovi\u010dius aik\u0161t\u0117je pasirod\u0117 paskutin\u0119 prat\u0119simo minut\u0119. Baudini\u0173 serijoje jis stojo mu\u0161ti pirmasis ir nesuklydo. 32 met\u0173 Ivanas pra\u0117jusiais\u2026\" \/>\n<meta property=\"og:url\" content=\"https:\/\/fkzalgiris.lt\/zalgiriotevas-i-tatomirovicius-jaunu-zaideju-problemas-matau-is-tolo\/\" \/>\n<meta property=\"og:site_name\" content=\"FK \u017dalgiris\" \/>\n<meta property=\"article:publisher\" content=\"https:\/\/www.facebook.com\/fkzalgiris\/\" \/>\n<meta property=\"article:published_time\" content=\"2021-10-29T08:38:37+00:00\" \/>\n<meta property=\"article:modified_time\" content=\"2021-10-30T08:43:04+00:00\" \/>\n<meta property=\"og:image\" content=\"https:\/\/fkzalgiris.lt\/wp-content\/uploads\/2024\/02\/social-horiz_Zalgiris_logo_2024.png\" \/>\n\t<meta property=\"og:image:width\" content=\"3356\" \/>\n\t<meta property=\"og:image:height\" content=\"2259\" \/>\n\t<meta property=\"og:image:type\" content=\"image\/png\" \/>\n<meta name=\"author\" content=\"J\" \/>\n<meta name=\"twitter:card\" content=\"summary_large_image\" \/>\n<meta name=\"twitter:creator\" content=\"@fkzalgiris\" \/>\n<meta name=\"twitter:site\" content=\"@fkzalgiris\" \/>\n<meta name=\"twitter:label1\" content=\"Written by\" \/>\n\t<meta name=\"twitter:data1\" content=\"J\" \/>\n\t<meta name=\"twitter:label2\" content=\"Est. reading time\" \/>\n\t<meta name=\"twitter:data2\" content=\"3 minut\u0117s\" \/>\n<script type=\"application\/ld+json\" class=\"yoast-schema-graph\">{\"@context\":\"https:\/\/schema.org\",\"@graph\":[{\"@type\":\"Article\",\"@id\":\"https:\/\/fkzalgiris.lt\/zalgiriotevas-i-tatomirovicius-jaunu-zaideju-problemas-matau-is-tolo\/#article\",\"isPartOf\":{\"@id\":\"https:\/\/fkzalgiris.lt\/zalgiriotevas-i-tatomirovicius-jaunu-zaideju-problemas-matau-is-tolo\/\"},\"author\":{\"name\":\"J\",\"@id\":\"https:\/\/fkzalgiris.lt\/#\/schema\/person\/8604babbba794a7d8767be324a3eaac8\"},\"headline\":\"\u201e\u017dalgirio\u201c\u201et\u0117vas\u201c I. Tatomirovi\u010dius: \u201eJaun\u0173 \u017eaid\u0117j\u0173 problemas matau i\u0161 tolo\u201c\",\"datePublished\":\"2021-10-29T08:38:37+00:00\",\"dateModified\":\"2021-10-30T08:43:04+00:00\",\"mainEntityOfPage\":{\"@id\":\"https:\/\/fkzalgiris.lt\/zalgiriotevas-i-tatomirovicius-jaunu-zaideju-problemas-matau-is-tolo\/\"},\"wordCount\":564,\"publisher\":{\"@id\":\"https:\/\/fkzalgiris.lt\/#organization\"},\"inLanguage\":\"lt-LT\"},{\"@type\":\"WebPage\",\"@id\":\"https:\/\/fkzalgiris.lt\/zalgiriotevas-i-tatomirovicius-jaunu-zaideju-problemas-matau-is-tolo\/\",\"url\":\"https:\/\/fkzalgiris.lt\/zalgiriotevas-i-tatomirovicius-jaunu-zaideju-problemas-matau-is-tolo\/\",\"name\":\"\u201e\u017dalgirio\u201c\u201et\u0117vas\u201c I. Tatomirovi\u010dius: \u201eJaun\u0173 \u017eaid\u0117j\u0173 problemas matau i\u0161 tolo\u201c - FK \u017dalgiris\",\"isPartOf\":{\"@id\":\"https:\/\/fkzalgiris.lt\/#website\"},\"datePublished\":\"2021-10-29T08:38:37+00:00\",\"dateModified\":\"2021-10-30T08:43:04+00:00\",\"breadcrumb\":{\"@id\":\"https:\/\/fkzalgiris.lt\/zalgiriotevas-i-tatomirovicius-jaunu-zaideju-problemas-matau-is-tolo\/#breadcrumb\"},\"inLanguage\":\"lt-LT\",\"potentialAction\":[{\"@type\":\"ReadAction\",\"target\":[\"https:\/\/fkzalgiris.lt\/zalgiriotevas-i-tatomirovicius-jaunu-zaideju-problemas-matau-is-tolo\/\"]}]},{\"@type\":\"BreadcrumbList\",\"@id\":\"https:\/\/fkzalgiris.lt\/zalgiriotevas-i-tatomirovicius-jaunu-zaideju-problemas-matau-is-tolo\/#breadcrumb\",\"itemListElement\":[{\"@type\":\"ListItem\",\"position\":1,\"name\":\"Home\",\"item\":\"https:\/\/fkzalgiris.lt\/\"},{\"@type\":\"ListItem\",\"position\":2,\"name\":\"\u201e\u017dalgirio\u201c\u201et\u0117vas\u201c I. Tatomirovi\u010dius: \u201eJaun\u0173 \u017eaid\u0117j\u0173 problemas matau i\u0161 tolo\u201c\"}]},{\"@type\":\"WebSite\",\"@id\":\"https:\/\/fkzalgiris.lt\/#website\",\"url\":\"https:\/\/fkzalgiris.lt\/\",\"name\":\"FK \u017dalgiris\",\"description\":\"oficiali Vilniaus \u201e\u017dalgirio\u201c futbolo klubo svetain\u0117\",\"publisher\":{\"@id\":\"https:\/\/fkzalgiris.lt\/#organization\"},\"potentialAction\":[{\"@type\":\"SearchAction\",\"target\":{\"@type\":\"EntryPoint\",\"urlTemplate\":\"https:\/\/fkzalgiris.lt\/?s={search_term_string}\"},\"query-input\":{\"@type\":\"PropertyValueSpecification\",\"valueRequired\":true,\"valueName\":\"search_term_string\"}}],\"inLanguage\":\"lt-LT\"},{\"@type\":\"Organization\",\"@id\":\"https:\/\/fkzalgiris.lt\/#organization\",\"name\":\"FK \u017dalgiris\",\"url\":\"https:\/\/fkzalgiris.lt\/\",\"logo\":{\"@type\":\"ImageObject\",\"inLanguage\":\"lt-LT\",\"@id\":\"https:\/\/fkzalgiris.lt\/#\/schema\/logo\/image\/\",\"url\":\"https:\/\/fkzalgiris.lt\/wp-content\/uploads\/2024\/01\/horiz-FK-Zalgiris-logo-2015.png\",\"contentUrl\":\"https:\/\/fkzalgiris.lt\/wp-content\/uploads\/2024\/01\/horiz-FK-Zalgiris-logo-2015.png\",\"width\":3073,\"height\":2048,\"caption\":\"FK \u017dalgiris\"},\"image\":{\"@id\":\"https:\/\/fkzalgiris.lt\/#\/schema\/logo\/image\/\"},\"sameAs\":[\"https:\/\/www.facebook.com\/fkzalgiris\/\",\"https:\/\/x.com\/fkzalgiris\",\"https:\/\/www.instagram.com\/fkzalgiris\/\",\"https:\/\/www.youtube.com\/channel\/UC1ag8JLxGirltMUoLlzfZLA\"]},{\"@type\":\"Person\",\"@id\":\"https:\/\/fkzalgiris.lt\/#\/schema\/person\/8604babbba794a7d8767be324a3eaac8\",\"name\":\"J\"}]}<\/script>\n<!-- \/ Yoast SEO plugin. -->","yoast_head_json":{"title":"\u201e\u017dalgirio\u201c\u201et\u0117vas\u201c I. Tatomirovi\u010dius: \u201eJaun\u0173 \u017eaid\u0117j\u0173 problemas matau i\u0161 tolo\u201c - FK \u017dalgiris","robots":{"index":"index","follow":"follow","max-snippet":"max-snippet:-1","max-image-preview":"max-image-preview:large","max-video-preview":"max-video-preview:-1"},"canonical":"https:\/\/fkzalgiris.lt\/zalgiriotevas-i-tatomirovicius-jaunu-zaideju-problemas-matau-is-tolo\/","og_locale":"lt_LT","og_type":"article","og_title":"\u201e\u017dalgirio\u201c\u201et\u0117vas\u201c I. Tatomirovi\u010dius: \u201eJaun\u0173 \u017eaid\u0117j\u0173 problemas matau i\u0161 tolo\u201c - FK \u017dalgiris","og_description":"Taur\u0117s ketvirtfinalio rungtyn\u0117se Marijampol\u0117je \u201e\u017dalgirio\u201c gyn\u0117jas Ivanas Tatomirovi\u010dius aik\u0161t\u0117je pasirod\u0117 paskutin\u0119 prat\u0119simo minut\u0119. Baudini\u0173 serijoje jis stojo mu\u0161ti pirmasis ir nesuklydo. 32 met\u0173 Ivanas pra\u0117jusiais\u2026","og_url":"https:\/\/fkzalgiris.lt\/zalgiriotevas-i-tatomirovicius-jaunu-zaideju-problemas-matau-is-tolo\/","og_site_name":"FK \u017dalgiris","article_publisher":"https:\/\/www.facebook.com\/fkzalgiris\/","article_published_time":"2021-10-29T08:38:37+00:00","article_modified_time":"2021-10-30T08:43:04+00:00","og_image":[{"width":3356,"height":2259,"url":"https:\/\/fkzalgiris.lt\/wp-content\/uploads\/2024\/02\/social-horiz_Zalgiris_logo_2024.png","type":"image\/png"}],"author":"J","twitter_card":"summary_large_image","twitter_creator":"@fkzalgiris","twitter_site":"@fkzalgiris","twitter_misc":{"Written by":"J","Est. reading time":"3 minut\u0117s"},"schema":{"@context":"https:\/\/schema.org","@graph":[{"@type":"Article","@id":"https:\/\/fkzalgiris.lt\/zalgiriotevas-i-tatomirovicius-jaunu-zaideju-problemas-matau-is-tolo\/#article","isPartOf":{"@id":"https:\/\/fkzalgiris.lt\/zalgiriotevas-i-tatomirovicius-jaunu-zaideju-problemas-matau-is-tolo\/"},"author":{"name":"J","@id":"https:\/\/fkzalgiris.lt\/#\/schema\/person\/8604babbba794a7d8767be324a3eaac8"},"headline":"\u201e\u017dalgirio\u201c\u201et\u0117vas\u201c I. Tatomirovi\u010dius: \u201eJaun\u0173 \u017eaid\u0117j\u0173 problemas matau i\u0161 tolo\u201c","datePublished":"2021-10-29T08:38:37+00:00","dateModified":"2021-10-30T08:43:04+00:00","mainEntityOfPage":{"@id":"https:\/\/fkzalgiris.lt\/zalgiriotevas-i-tatomirovicius-jaunu-zaideju-problemas-matau-is-tolo\/"},"wordCount":564,"publisher":{"@id":"https:\/\/fkzalgiris.lt\/#organization"},"inLanguage":"lt-LT"},{"@type":"WebPage","@id":"https:\/\/fkzalgiris.lt\/zalgiriotevas-i-tatomirovicius-jaunu-zaideju-problemas-matau-is-tolo\/","url":"https:\/\/fkzalgiris.lt\/zalgiriotevas-i-tatomirovicius-jaunu-zaideju-problemas-matau-is-tolo\/","name":"\u201e\u017dalgirio\u201c\u201et\u0117vas\u201c I. Tatomirovi\u010dius: \u201eJaun\u0173 \u017eaid\u0117j\u0173 problemas matau i\u0161 tolo\u201c - FK \u017dalgiris","isPartOf":{"@id":"https:\/\/fkzalgiris.lt\/#website"},"datePublished":"2021-10-29T08:38:37+00:00","dateModified":"2021-10-30T08:43:04+00:00","breadcrumb":{"@id":"https:\/\/fkzalgiris.lt\/zalgiriotevas-i-tatomirovicius-jaunu-zaideju-problemas-matau-is-tolo\/#breadcrumb"},"inLanguage":"lt-LT","potentialAction":[{"@type":"ReadAction","target":["https:\/\/fkzalgiris.lt\/zalgiriotevas-i-tatomirovicius-jaunu-zaideju-problemas-matau-is-tolo\/"]}]},{"@type":"BreadcrumbList","@id":"https:\/\/fkzalgiris.lt\/zalgiriotevas-i-tatomirovicius-jaunu-zaideju-problemas-matau-is-tolo\/#breadcrumb","itemListElement":[{"@type":"ListItem","position":1,"name":"Home","item":"https:\/\/fkzalgiris.lt\/"},{"@type":"ListItem","position":2,"name":"\u201e\u017dalgirio\u201c\u201et\u0117vas\u201c I. Tatomirovi\u010dius: \u201eJaun\u0173 \u017eaid\u0117j\u0173 problemas matau i\u0161 tolo\u201c"}]},{"@type":"WebSite","@id":"https:\/\/fkzalgiris.lt\/#website","url":"https:\/\/fkzalgiris.lt\/","name":"FK \u017dalgiris","description":"oficiali Vilniaus \u201e\u017dalgirio\u201c futbolo klubo svetain\u0117","publisher":{"@id":"https:\/\/fkzalgiris.lt\/#organization"},"potentialAction":[{"@type":"SearchAction","target":{"@type":"EntryPoint","urlTemplate":"https:\/\/fkzalgiris.lt\/?s={search_term_string}"},"query-input":{"@type":"PropertyValueSpecification","valueRequired":true,"valueName":"search_term_string"}}],"inLanguage":"lt-LT"},{"@type":"Organization","@id":"https:\/\/fkzalgiris.lt\/#organization","name":"FK \u017dalgiris","url":"https:\/\/fkzalgiris.lt\/","logo":{"@type":"ImageObject","inLanguage":"lt-LT","@id":"https:\/\/fkzalgiris.lt\/#\/schema\/logo\/image\/","url":"https:\/\/fkzalgiris.lt\/wp-content\/uploads\/2024\/01\/horiz-FK-Zalgiris-logo-2015.png","contentUrl":"https:\/\/fkzalgiris.lt\/wp-content\/uploads\/2024\/01\/horiz-FK-Zalgiris-logo-2015.png","width":3073,"height":2048,"caption":"FK \u017dalgiris"},"image":{"@id":"https:\/\/fkzalgiris.lt\/#\/schema\/logo\/image\/"},"sameAs":["https:\/\/www.facebook.com\/fkzalgiris\/","https:\/\/x.com\/fkzalgiris","https:\/\/www.instagram.com\/fkzalgiris\/","https:\/\/www.youtube.com\/channel\/UC1ag8JLxGirltMUoLlzfZLA"]},{"@type":"Person","@id":"https:\/\/fkzalgiris.lt\/#\/schema\/person\/8604babbba794a7d8767be324a3eaac8","name":"J"}]}},"_links":{"self":[{"href":"https:\/\/fkzalgiris.lt\/api\/wp\/v2\/posts\/6700","targetHints":{"allow":["GET"]}}],"collection":[{"href":"https:\/\/fkzalgiris.lt\/api\/wp\/v2\/posts"}],"about":[{"href":"https:\/\/fkzalgiris.lt\/api\/wp\/v2\/types\/post"}],"author":[{"embeddable":true,"href":"https:\/\/fkzalgiris.lt\/api\/wp\/v2\/users\/4"}],"replies":[{"embeddable":true,"href":"https:\/\/fkzalgiris.lt\/api\/wp\/v2\/comments?post=6700"}],"version-history":[{"count":2,"href":"https:\/\/fkzalgiris.lt\/api\/wp\/v2\/posts\/6700\/revisions"}],"predecessor-version":[{"id":6703,"href":"https:\/\/fkzalgiris.lt\/api\/wp\/v2\/posts\/6700\/revisions\/6703"}],"wp:attachment":[{"href":"https:\/\/fkzalgiris.lt\/api\/wp\/v2\/media?parent=6700"}],"wp:term":[{"taxonomy":"category","embeddable":true,"href":"https:\/\/fkzalgiris.lt\/api\/wp\/v2\/categories?post=6700"}],"curies":[{"name":"wp","href":"https:\/\/api.w.org\/{rel}","templated":true}]}}