{"id":6653,"date":"2021-10-25T16:27:55","date_gmt":"2021-10-25T13:27:55","guid":{"rendered":"https:\/\/fkzalgiris.lt\/?p=6653"},"modified":"2021-10-26T09:25:47","modified_gmt":"2021-10-26T06:25:47","slug":"zalgirio-b-ir-c-komandos-baige-sezona-savo-lygose","status":"publish","type":"post","link":"https:\/\/fkzalgiris.lt\/zalgirio-b-ir-c-komandos-baige-sezona-savo-lygose\/","title":{"rendered":"\u201e\u017dalgirio\u201c B ir C komandos baig\u0117 sezon\u0105 savo lygose"},"content":{"rendered":"<p>Savaitgal\u012f sezon\u0105 baig\u0117 dvi jaun\u0173j\u0173 \u017ealgirie\u010di\u0173 komandos \u2013 \u201e\u017dalgiris\u201c B su\u017eaid\u0117 paskutines rungtynes Pirmoje lygoje, o \u201e\u017dalgiris\u201c C \u2013 II lygoje.<\/p>\n<p>Abi komandos pasiek\u0117 po 13 pergali\u0173 sezone ir aplenk\u0117 nema\u017eai var\u017eov\u0173.<\/p>\n<p>Vertindami sezon\u0105 abiej\u0173 komand\u0173 treneriai pa\u017eym\u0117jo, jog jis buvo banguotas priklausomai nuo \u012fvairi\u0173 aplinkybi\u0173 ir \u012fvykusi\u0173 reik\u0161ming\u0173 pasikeitim\u0173 eigoje.<\/p>\n<p><strong>Buvo arti medali\u0173<\/strong><\/p>\n<p>\u201e\u017dalgirio\u201c B ekipa sezono pabaigoje u\u017e\u0117m\u0117 5 viet\u0105 tarp 14 ekip\u0173 Pirmoje lygoje ir kartu su trimis ta\u0161kais daugiau surinkusiais \u201ePanev\u0117\u017eio\u201c dubleriais yra stipriausios rezervin\u0117s ekipos. Likus porai tur\u0173 \u017ealgirie\u010diai dar buvo tre\u010dioje vietoje, ta\u010diau du apmaudus pralaim\u0117jimai sezono fini\u0161e neleido pasidabinti medaliais.<\/p>\n<p>\u201e\u017dalgirio\u201c B treneris \u017dydr\u016bnas Grudzinskas sak\u0117, jog nepaisant to, kad komanda vir\u0161ijo l\u016bkes\u010dius, o sezono eigoje rezultatams \u012ftak\u0105 padar\u0117 \u012fvairios objektyvios aplinkyb\u0117s.<\/p>\n<p>\u201ePrie\u0161 sezon\u0105 nelabai tik\u0117jausi, kad gal\u0117sime iki pat paskutinio turo kovoti d\u0117l tre\u010diosios vietos. Startavome tikrai puikiai, tur\u0117jome vien\u0105 stipriausi\u0173 atakuojan\u010di\u0173 grand\u017ei\u0173 Pirmoje lygoje \u2013 kai kartu gal\u0117davo \u017eaisti Meinardas Mikul\u0117nas, Matas Vareika, Vilius Piliukaitis, Gustas Jarusevi\u010dius. Tuo gal\u0117jome kompensuoti nepatyrusios gynybos grandies minusus, taip pat vartinink\u0173 pasikeitimus sezono eigoje\u201c, &#8211; kalb\u0117jo \u017d. Grudzinskas, kuris pa\u017eym\u0117jo kelias prie\u017eastis, d\u0117l kuri\u0173 komandai tr\u016bko stabilumo.<\/p>\n<p>Vasar\u0105 su komanda atsisveikino \u012f u\u017esien\u012f studijuoti i\u0161vyk\u0119 Kajus Kontautas, Markas Krisenelis, Art\u016bras Vilkancas. D\u0117l traum\u0173 sezono eigoje komandai atstovavo net 6 vartininkai, sezono pabaigoje tarp j\u0173 buvo ir \u0161e\u0161iolikmetis. Paskutin\u012f pusantro m\u0117nesio, kuriame \u201e\u017dalgiriui\u201c B\u201c sunkiausiai sek\u0117si rinkti ta\u0161kus, teko verstis be traumuoto ir pagrindinio komandos atak\u0173 lyderio M. Mikul\u0117no, kuris iki tol \u012fmu\u0161\u0117 15 \u012fvar\u010di\u0173. M. Vareika d\u0117l traumos praleido didel\u0119 dal\u012f sezono, rugpj\u016bt\u012f susi\u017eeid\u0117 M. Valukonis, o G. Jarusevi\u010dius antroje sezono pus\u0117je daugiau \u017eaid\u0117 u\u017e pagrindin\u0119 \u201e\u017dalgirio\u201c ekip\u0105.<\/p>\n<p>Ne\u012fprasta buvo ir tai, jog teko sudalyvauti tarptautiniame fronte \u2013 pirm\u0105 kart\u0105 dalyvauta UEFA Jaunimo lygoje. Visgi ten atiduot\u0173 j\u0117g\u0173 ir d\u0117l kit\u0173 min\u0117t\u0173 prie\u017ea\u0161\u010di\u0173 \u0161iek tiek pritr\u016bko, jog Pirmoje lygoje b\u016bt\u0173 u\u017eimta prizin\u0117 vieta.<\/p>\n<p>\u201eTa\u010diau tai ir n\u0117ra pagrindinis dubleri\u0173 tikslas. Svarbiausia u\u017eauginti \u017eaid\u0117jus pirmai komandai. Kaip tai jau matome su Karoliu Uz\u0117la, Gustu Jarusevi\u010diumi. Galb\u016bt jei ne M. Mikul\u0117no trauma, j\u012f b\u016btume irgi daugiau mat\u0119 A lygoje. Vis ar\u010diau pirmos komandos yra ir Nojus Stankevi\u010dius, Gabrielis Nikonovas, Ervinas Vilkaitis. K\u0105 sugeba \u0161ie ir kiti \u017eaid\u0117jai gal\u0117jome \u012fsivertinti tarptautiniame kontekste, UEFA Jaunimo lygoje, kur atsi\u017evelgiant \u012f paj\u0117g\u0173 var\u017eov\u0105 ir aplinkybes pasirod\u0117me gerai, &#8211; d\u0117st\u0117 \u017d. Grudzinskas. \u2013Suprantama, ne visi \u017eaid\u0117jai gali patekti \u012f \u201e\u017dalgirio\u201c pagrindin\u0119 ekip\u0105 \u2013 tai gali pasiekti 1-2 \u017eaid\u0117jai per metus. Kitiems gali tekti bandyti laim\u0119 kitose A lygos komandose. Geras pavyzdys yra Motiejus Burba, kuris \u017eaid\u0117 \u201eNev\u0117\u017eio\u201c ekipoje, buvo vienas lyderi\u0173 jaunimo rinktin\u0117je.\u201c<\/p>\n<p>\u012evairios netektys ir pasikeitimai sezono eigoje suteik\u0117 galimyb\u0119 Pirmoje lygoje debiutuoti jaunesniems, \u00a016-17 met\u0173 futbolininkams \u2013 tokiems kaip Dariu\u0161as Stankevi\u010dius, Kajus Bi\u010dka, Tomas Bak\u0161ys, Romualdas Jansonas, D\u017eiugas Aleksa. Jie metus prad\u0117jo Elitin\u0117je U-17 lygoje, pa\u017eaid\u0117 II lygoje u\u017e C komand\u0105, o sezono pabaigoje jau buvo nuolatiniai Pirmos lygos \u017eaid\u0117jai.<\/p>\n<p>\u201eJie tikrai neprapuol\u0117. Tai parodo visiems, kad stengiantis ir dirbant, galima po truput\u012f kilti karjeros laipteliais \u2013 nuo jaunimo lyg\u0173, iki II lygos, Pirmos lygos. Galb\u016bt sezono eigoje ar kit\u0173 met\u0173 prad\u017eioje \u2013 ir iki treniruo\u010di\u0173 su pagrindine komanda. Tiems kurie tiki savimi ir stengiasi, gali suveikti \u201elifto\u201c principas klubo piramid\u0117je\u201c, &#8211; tikino \u017d. Grudzinskas.<\/p>\n<p><img loading=\"lazy\" decoding=\"async\" class=\"alignnone wp-image-6655\" src=\"https:\/\/fkzalgiris.lt\/wp-content\/uploads\/2021\/10\/zalgiris-c-51261979583_7cf3af471a_o-1024x683.jpg\" alt=\"\" width=\"650\" height=\"433\" srcset=\"https:\/\/fkzalgiris.lt\/wp-content\/uploads\/2021\/10\/zalgiris-c-51261979583_7cf3af471a_o-1024x683.jpg 1024w, https:\/\/fkzalgiris.lt\/wp-content\/uploads\/2021\/10\/zalgiris-c-51261979583_7cf3af471a_o-300x200.jpg 300w, https:\/\/fkzalgiris.lt\/wp-content\/uploads\/2021\/10\/zalgiris-c-51261979583_7cf3af471a_o-768x512.jpg 768w, https:\/\/fkzalgiris.lt\/wp-content\/uploads\/2021\/10\/zalgiris-c-51261979583_7cf3af471a_o-1536x1024.jpg 1536w, https:\/\/fkzalgiris.lt\/wp-content\/uploads\/2021\/10\/zalgiris-c-51261979583_7cf3af471a_o-150x100.jpg 150w, https:\/\/fkzalgiris.lt\/wp-content\/uploads\/2021\/10\/zalgiris-c-51261979583_7cf3af471a_o-840x560.jpg 840w, https:\/\/fkzalgiris.lt\/wp-content\/uploads\/2021\/10\/zalgiris-c-51261979583_7cf3af471a_o-570x380.jpg 570w, https:\/\/fkzalgiris.lt\/wp-content\/uploads\/2021\/10\/zalgiris-c-51261979583_7cf3af471a_o-30x20.jpg 30w, https:\/\/fkzalgiris.lt\/wp-content\/uploads\/2021\/10\/zalgiris-c-51261979583_7cf3af471a_o.jpg 2048w\" sizes=\"auto, (max-width: 650px) 100vw, 650px\" \/><\/p>\n<p><strong>Permainos C komandoje<\/strong><\/p>\n<p>Tre\u010dioji \u201e\u017dalgirio\u201c piramid\u0117s pakopa \u2013 C komanda II lygoje u\u017e\u0117m\u0117 12 pozicij\u0105 tarp 20 komand\u0173.<\/p>\n<p>Sezono viduryje ekipa pasikeit\u0117 i\u0161 esm\u0117s. Komand\u0105 paliko \u012f u\u017esien\u012f i\u0161vyk\u0119s treneris Gediminas Kontautas, prie ekipos vairo stojo Dainius Grevi\u0161kis ir Ram\u016bnas Radavi\u010dius. Dalis \u017eaid\u0117j\u0173 papild\u0117 B komandos gretas, o C ekipos branduol\u012f sudar\u0117 pra\u0117jusio sezono Elitin\u0117s jauni\u0173 U-17 lygos \u010dempionai.<\/p>\n<p>\u201eTai buvo rimtas i\u0161\u0161\u016bkis tiek mums treneriams, tiek \u017eaid\u0117jams. Nes daugeliui tai buvo pirmasis \u017eingsnis \u012f vyr\u0173 futbol\u0105 be rimtesnio pasiruo\u0161imo. Kadangi jaunimo lygos \u017eaid\u017eia kitokiu kalendoriniu principu (\u201eruduo-pavasaris\u201c), laiko atskirai pasiruo\u0161ti \u017eaidimui vyr\u0173 futbole netur\u0117jome, vaikinai i\u0161 karto \u0117jo \u017eaisti \u012f II lyg\u0105, Pirm\u0105 lyg\u0105, &#8211; kalb\u0117jo D. Grevi\u0161kis &#8211; Ypa\u010d buvo sunki prad\u017eia, kai \u017eaid\u0117me su patyrusiomis komandomis, lyderiais \u201eEkranu\u201c, \u201ePaneriu\u201c ir \u201e\u0160ilute\u201c. Pats \u017eaidimas buvo geras, kurdavome progas, mu\u0161\u0117me \u012fvar\u010dius, nesiruo\u0161\u0117me atsimu\u0161in\u0117ti. Ta\u010diau vyr\u0173 futbole daug lemia ir patirtis, fizi\u0161kumas, standartin\u0117s pad\u0117tys. Tod\u0117l kai kuriems \u017eaid\u0117jams buvo lengvas \u0161okas, ne visi i\u0161kent\u0117. Ta\u010diau lygai skilus \u012f dvi dalis buvo lengviau, vaikinai priprato, ir rezultatai buvo geresni.\u201c<\/p>\n<p>Jis pabr\u0117\u017e\u0117, jog rezultato pirmiausia siekiama per \u017eaid\u0117j\u0173 individualaus tobul\u0117jimo prizm\u0119: \u201eRuo\u0161iame \u017eaid\u0117j\u0105, kad jis b\u016bt\u0173 pakankamai universalus, atleti\u0161kas ir technikas, gal\u0117t\u0173 kei\u010diant komandas sugeb\u0117t\u0173 prisitaikyti prie pasikeitusio \u017eaidimo, nepriklausomai nuo to, kas t\u0105 komanda treniruoja ir kokia taktika \u017eaid\u017eia.\u201c<\/p>\n<p>Min\u0117t\u0173 keli\u0173 jaunesni\u0173 \u017eaid\u0117j\u0173 \u012fsitraukimas \u012f Pirm\u0105 lyg\u0105 \u2013 vienas i\u0161 pasiekt\u0173 rezultat\u0173. \u201e\u0160ie \u017eaid\u0117jai savo atsidavimu treniruot\u0117se, gyvenimo b\u016bdu, nusiteikimu siekti futbolo karjeros parod\u0117, kad yra verti \u017eaisti Pirmoje lygoje. Manau, kad jie turi potencialo po 2-3 met\u0173 patekti ir \u012f pagrindin\u0119 \u201e\u017dalgirio\u201c komand\u0105\u201c, &#8211; teig\u0117 treneris.<\/p>\n<p>Jis pasteb\u0117jo, jog oficialioje \u201e\u017dalgirio\u201c akademijoje \u201e\u017dalgirietis\u201c prad\u0117jus dirbti su \u201eAnderlecht\u201c programa progresas \u012fvyko \u012fvairiose srityse ir dabar atsiranda pirmieji vaisiai.<\/p>\n<p>\u201e\u0160i programa \u2013 kaip visas paketas, knyga, kaip tur\u0117t\u0173 vykti procesas akademijoje \u2013 nuo treniruo\u010di\u0173 plan\u0173, iki atletinio rengimo, psichologini\u0173 mokym\u0173, bendravimo tarp vaik\u0173, treneri\u0173 bendravimo su t\u0117vais, treneri\u0173 periodizacijos, t.y. darbo su tam tikro am\u017eiaus vaikais ir t.t. Tai \u012fvairios detal\u0117s kaip auginti \u017eaid\u0117j\u0105, kaip bendrauti. Mums tai did\u017eiulis post\u016bmis ir progresas \u017eaid\u0117j\u0173 tobul\u0117jime per pora met\u0173 matosi akivaizdus\u201c, &#8211; \u00a0teig\u0117 D. Grevi\u0161kis.<\/p>\n<p>Pasibaigus Pirmos ir II lygos var\u017eyboms jaunieji \u017ealgirie\u010diai t\u0119s treniruo\u010di\u0173 proces\u0105, dalis j\u0173 pagal savo am\u017eiaus grupes dalyvaus jaunimo lygose.<\/p>\n","protected":false},"excerpt":{"rendered":"<p>Savaitgal\u012f sezon\u0105 baig\u0117 dvi jaun\u0173j\u0173 \u017ealgirie\u010di\u0173 komandos \u2013 \u201e\u017dalgiris\u201c B su\u017eaid\u0117 paskutines rungtynes Pirmoje lygoje, o \u201e\u017dalgiris\u201c C \u2013 II lygoje. Abi komandos pasiek\u0117 po\u2026<\/p>\n","protected":false},"author":4,"featured_media":0,"comment_status":"closed","ping_status":"closed","sticky":false,"template":"","format":"standard","meta":{"_acf_changed":false,"footnotes":""},"categories":[1],"class_list":["post-6653","post","type-post","status-publish","format-standard","hentry","category-be-kategorijos"],"acf":[],"yoast_head":"<!-- This site is optimized with the Yoast SEO plugin v26.8 - https:\/\/yoast.com\/product\/yoast-seo-wordpress\/ -->\n<title>\u201e\u017dalgirio\u201c B ir C komandos baig\u0117 sezon\u0105 savo lygose - FK \u017dalgiris<\/title>\n<meta name=\"robots\" content=\"index, follow, max-snippet:-1, max-image-preview:large, max-video-preview:-1\" \/>\n<link rel=\"canonical\" href=\"https:\/\/fkzalgiris.lt\/zalgirio-b-ir-c-komandos-baige-sezona-savo-lygose\/\" \/>\n<meta property=\"og:locale\" content=\"lt_LT\" \/>\n<meta property=\"og:type\" content=\"article\" \/>\n<meta property=\"og:title\" content=\"\u201e\u017dalgirio\u201c B ir C komandos baig\u0117 sezon\u0105 savo lygose - FK \u017dalgiris\" \/>\n<meta property=\"og:description\" content=\"Savaitgal\u012f sezon\u0105 baig\u0117 dvi jaun\u0173j\u0173 \u017ealgirie\u010di\u0173 komandos \u2013 \u201e\u017dalgiris\u201c B su\u017eaid\u0117 paskutines rungtynes Pirmoje lygoje, o \u201e\u017dalgiris\u201c C \u2013 II lygoje. Abi komandos pasiek\u0117 po\u2026\" \/>\n<meta property=\"og:url\" content=\"https:\/\/fkzalgiris.lt\/zalgirio-b-ir-c-komandos-baige-sezona-savo-lygose\/\" \/>\n<meta property=\"og:site_name\" content=\"FK \u017dalgiris\" \/>\n<meta property=\"article:publisher\" content=\"https:\/\/www.facebook.com\/fkzalgiris\/\" \/>\n<meta property=\"article:published_time\" content=\"2021-10-25T13:27:55+00:00\" \/>\n<meta property=\"article:modified_time\" content=\"2021-10-26T06:25:47+00:00\" \/>\n<meta property=\"og:image\" content=\"https:\/\/fkzalgiris.lt\/wp-content\/uploads\/2021\/10\/zalgiris-c-51261979583_7cf3af471a_o-1024x683.jpg\" \/>\n<meta name=\"author\" content=\"J\" \/>\n<meta name=\"twitter:card\" content=\"summary_large_image\" \/>\n<meta name=\"twitter:creator\" content=\"@fkzalgiris\" \/>\n<meta name=\"twitter:site\" content=\"@fkzalgiris\" \/>\n<meta name=\"twitter:label1\" content=\"Written by\" \/>\n\t<meta name=\"twitter:data1\" content=\"J\" \/>\n\t<meta name=\"twitter:label2\" content=\"Est. reading time\" \/>\n\t<meta name=\"twitter:data2\" content=\"5 minut\u0117s\" \/>\n<script type=\"application\/ld+json\" class=\"yoast-schema-graph\">{\"@context\":\"https:\/\/schema.org\",\"@graph\":[{\"@type\":\"Article\",\"@id\":\"https:\/\/fkzalgiris.lt\/zalgirio-b-ir-c-komandos-baige-sezona-savo-lygose\/#article\",\"isPartOf\":{\"@id\":\"https:\/\/fkzalgiris.lt\/zalgirio-b-ir-c-komandos-baige-sezona-savo-lygose\/\"},\"author\":{\"name\":\"J\",\"@id\":\"https:\/\/fkzalgiris.lt\/#\/schema\/person\/8604babbba794a7d8767be324a3eaac8\"},\"headline\":\"\u201e\u017dalgirio\u201c B ir C komandos baig\u0117 sezon\u0105 savo lygose\",\"datePublished\":\"2021-10-25T13:27:55+00:00\",\"dateModified\":\"2021-10-26T06:25:47+00:00\",\"mainEntityOfPage\":{\"@id\":\"https:\/\/fkzalgiris.lt\/zalgirio-b-ir-c-komandos-baige-sezona-savo-lygose\/\"},\"wordCount\":1023,\"publisher\":{\"@id\":\"https:\/\/fkzalgiris.lt\/#organization\"},\"image\":{\"@id\":\"https:\/\/fkzalgiris.lt\/zalgirio-b-ir-c-komandos-baige-sezona-savo-lygose\/#primaryimage\"},\"thumbnailUrl\":\"https:\/\/fkzalgiris.lt\/wp-content\/uploads\/2021\/10\/zalgiris-c-51261979583_7cf3af471a_o-1024x683.jpg\",\"inLanguage\":\"lt-LT\"},{\"@type\":\"WebPage\",\"@id\":\"https:\/\/fkzalgiris.lt\/zalgirio-b-ir-c-komandos-baige-sezona-savo-lygose\/\",\"url\":\"https:\/\/fkzalgiris.lt\/zalgirio-b-ir-c-komandos-baige-sezona-savo-lygose\/\",\"name\":\"\u201e\u017dalgirio\u201c B ir C komandos baig\u0117 sezon\u0105 savo lygose - FK \u017dalgiris\",\"isPartOf\":{\"@id\":\"https:\/\/fkzalgiris.lt\/#website\"},\"primaryImageOfPage\":{\"@id\":\"https:\/\/fkzalgiris.lt\/zalgirio-b-ir-c-komandos-baige-sezona-savo-lygose\/#primaryimage\"},\"image\":{\"@id\":\"https:\/\/fkzalgiris.lt\/zalgirio-b-ir-c-komandos-baige-sezona-savo-lygose\/#primaryimage\"},\"thumbnailUrl\":\"https:\/\/fkzalgiris.lt\/wp-content\/uploads\/2021\/10\/zalgiris-c-51261979583_7cf3af471a_o-1024x683.jpg\",\"datePublished\":\"2021-10-25T13:27:55+00:00\",\"dateModified\":\"2021-10-26T06:25:47+00:00\",\"breadcrumb\":{\"@id\":\"https:\/\/fkzalgiris.lt\/zalgirio-b-ir-c-komandos-baige-sezona-savo-lygose\/#breadcrumb\"},\"inLanguage\":\"lt-LT\",\"potentialAction\":[{\"@type\":\"ReadAction\",\"target\":[\"https:\/\/fkzalgiris.lt\/zalgirio-b-ir-c-komandos-baige-sezona-savo-lygose\/\"]}]},{\"@type\":\"ImageObject\",\"inLanguage\":\"lt-LT\",\"@id\":\"https:\/\/fkzalgiris.lt\/zalgirio-b-ir-c-komandos-baige-sezona-savo-lygose\/#primaryimage\",\"url\":\"https:\/\/fkzalgiris.lt\/wp-content\/uploads\/2021\/10\/zalgiris-c-51261979583_7cf3af471a_o.jpg\",\"contentUrl\":\"https:\/\/fkzalgiris.lt\/wp-content\/uploads\/2021\/10\/zalgiris-c-51261979583_7cf3af471a_o.jpg\",\"width\":2048,\"height\":1365},{\"@type\":\"BreadcrumbList\",\"@id\":\"https:\/\/fkzalgiris.lt\/zalgirio-b-ir-c-komandos-baige-sezona-savo-lygose\/#breadcrumb\",\"itemListElement\":[{\"@type\":\"ListItem\",\"position\":1,\"name\":\"Home\",\"item\":\"https:\/\/fkzalgiris.lt\/\"},{\"@type\":\"ListItem\",\"position\":2,\"name\":\"\u201e\u017dalgirio\u201c B ir C komandos baig\u0117 sezon\u0105 savo lygose\"}]},{\"@type\":\"WebSite\",\"@id\":\"https:\/\/fkzalgiris.lt\/#website\",\"url\":\"https:\/\/fkzalgiris.lt\/\",\"name\":\"FK \u017dalgiris\",\"description\":\"oficiali Vilniaus \u201e\u017dalgirio\u201c futbolo klubo svetain\u0117\",\"publisher\":{\"@id\":\"https:\/\/fkzalgiris.lt\/#organization\"},\"potentialAction\":[{\"@type\":\"SearchAction\",\"target\":{\"@type\":\"EntryPoint\",\"urlTemplate\":\"https:\/\/fkzalgiris.lt\/?s={search_term_string}\"},\"query-input\":{\"@type\":\"PropertyValueSpecification\",\"valueRequired\":true,\"valueName\":\"search_term_string\"}}],\"inLanguage\":\"lt-LT\"},{\"@type\":\"Organization\",\"@id\":\"https:\/\/fkzalgiris.lt\/#organization\",\"name\":\"FK \u017dalgiris\",\"url\":\"https:\/\/fkzalgiris.lt\/\",\"logo\":{\"@type\":\"ImageObject\",\"inLanguage\":\"lt-LT\",\"@id\":\"https:\/\/fkzalgiris.lt\/#\/schema\/logo\/image\/\",\"url\":\"https:\/\/fkzalgiris.lt\/wp-content\/uploads\/2024\/01\/horiz-FK-Zalgiris-logo-2015.png\",\"contentUrl\":\"https:\/\/fkzalgiris.lt\/wp-content\/uploads\/2024\/01\/horiz-FK-Zalgiris-logo-2015.png\",\"width\":3073,\"height\":2048,\"caption\":\"FK \u017dalgiris\"},\"image\":{\"@id\":\"https:\/\/fkzalgiris.lt\/#\/schema\/logo\/image\/\"},\"sameAs\":[\"https:\/\/www.facebook.com\/fkzalgiris\/\",\"https:\/\/x.com\/fkzalgiris\",\"https:\/\/www.instagram.com\/fkzalgiris\/\",\"https:\/\/www.youtube.com\/channel\/UC1ag8JLxGirltMUoLlzfZLA\"]},{\"@type\":\"Person\",\"@id\":\"https:\/\/fkzalgiris.lt\/#\/schema\/person\/8604babbba794a7d8767be324a3eaac8\",\"name\":\"J\"}]}<\/script>\n<!-- \/ Yoast SEO plugin. -->","yoast_head_json":{"title":"\u201e\u017dalgirio\u201c B ir C komandos baig\u0117 sezon\u0105 savo lygose - FK \u017dalgiris","robots":{"index":"index","follow":"follow","max-snippet":"max-snippet:-1","max-image-preview":"max-image-preview:large","max-video-preview":"max-video-preview:-1"},"canonical":"https:\/\/fkzalgiris.lt\/zalgirio-b-ir-c-komandos-baige-sezona-savo-lygose\/","og_locale":"lt_LT","og_type":"article","og_title":"\u201e\u017dalgirio\u201c B ir C komandos baig\u0117 sezon\u0105 savo lygose - FK \u017dalgiris","og_description":"Savaitgal\u012f sezon\u0105 baig\u0117 dvi jaun\u0173j\u0173 \u017ealgirie\u010di\u0173 komandos \u2013 \u201e\u017dalgiris\u201c B su\u017eaid\u0117 paskutines rungtynes Pirmoje lygoje, o \u201e\u017dalgiris\u201c C \u2013 II lygoje. Abi komandos pasiek\u0117 po\u2026","og_url":"https:\/\/fkzalgiris.lt\/zalgirio-b-ir-c-komandos-baige-sezona-savo-lygose\/","og_site_name":"FK \u017dalgiris","article_publisher":"https:\/\/www.facebook.com\/fkzalgiris\/","article_published_time":"2021-10-25T13:27:55+00:00","article_modified_time":"2021-10-26T06:25:47+00:00","og_image":[{"url":"https:\/\/fkzalgiris.lt\/wp-content\/uploads\/2021\/10\/zalgiris-c-51261979583_7cf3af471a_o-1024x683.jpg","type":"","width":"","height":""}],"author":"J","twitter_card":"summary_large_image","twitter_creator":"@fkzalgiris","twitter_site":"@fkzalgiris","twitter_misc":{"Written by":"J","Est. reading time":"5 minut\u0117s"},"schema":{"@context":"https:\/\/schema.org","@graph":[{"@type":"Article","@id":"https:\/\/fkzalgiris.lt\/zalgirio-b-ir-c-komandos-baige-sezona-savo-lygose\/#article","isPartOf":{"@id":"https:\/\/fkzalgiris.lt\/zalgirio-b-ir-c-komandos-baige-sezona-savo-lygose\/"},"author":{"name":"J","@id":"https:\/\/fkzalgiris.lt\/#\/schema\/person\/8604babbba794a7d8767be324a3eaac8"},"headline":"\u201e\u017dalgirio\u201c B ir C komandos baig\u0117 sezon\u0105 savo lygose","datePublished":"2021-10-25T13:27:55+00:00","dateModified":"2021-10-26T06:25:47+00:00","mainEntityOfPage":{"@id":"https:\/\/fkzalgiris.lt\/zalgirio-b-ir-c-komandos-baige-sezona-savo-lygose\/"},"wordCount":1023,"publisher":{"@id":"https:\/\/fkzalgiris.lt\/#organization"},"image":{"@id":"https:\/\/fkzalgiris.lt\/zalgirio-b-ir-c-komandos-baige-sezona-savo-lygose\/#primaryimage"},"thumbnailUrl":"https:\/\/fkzalgiris.lt\/wp-content\/uploads\/2021\/10\/zalgiris-c-51261979583_7cf3af471a_o-1024x683.jpg","inLanguage":"lt-LT"},{"@type":"WebPage","@id":"https:\/\/fkzalgiris.lt\/zalgirio-b-ir-c-komandos-baige-sezona-savo-lygose\/","url":"https:\/\/fkzalgiris.lt\/zalgirio-b-ir-c-komandos-baige-sezona-savo-lygose\/","name":"\u201e\u017dalgirio\u201c B ir C komandos baig\u0117 sezon\u0105 savo lygose - FK \u017dalgiris","isPartOf":{"@id":"https:\/\/fkzalgiris.lt\/#website"},"primaryImageOfPage":{"@id":"https:\/\/fkzalgiris.lt\/zalgirio-b-ir-c-komandos-baige-sezona-savo-lygose\/#primaryimage"},"image":{"@id":"https:\/\/fkzalgiris.lt\/zalgirio-b-ir-c-komandos-baige-sezona-savo-lygose\/#primaryimage"},"thumbnailUrl":"https:\/\/fkzalgiris.lt\/wp-content\/uploads\/2021\/10\/zalgiris-c-51261979583_7cf3af471a_o-1024x683.jpg","datePublished":"2021-10-25T13:27:55+00:00","dateModified":"2021-10-26T06:25:47+00:00","breadcrumb":{"@id":"https:\/\/fkzalgiris.lt\/zalgirio-b-ir-c-komandos-baige-sezona-savo-lygose\/#breadcrumb"},"inLanguage":"lt-LT","potentialAction":[{"@type":"ReadAction","target":["https:\/\/fkzalgiris.lt\/zalgirio-b-ir-c-komandos-baige-sezona-savo-lygose\/"]}]},{"@type":"ImageObject","inLanguage":"lt-LT","@id":"https:\/\/fkzalgiris.lt\/zalgirio-b-ir-c-komandos-baige-sezona-savo-lygose\/#primaryimage","url":"https:\/\/fkzalgiris.lt\/wp-content\/uploads\/2021\/10\/zalgiris-c-51261979583_7cf3af471a_o.jpg","contentUrl":"https:\/\/fkzalgiris.lt\/wp-content\/uploads\/2021\/10\/zalgiris-c-51261979583_7cf3af471a_o.jpg","width":2048,"height":1365},{"@type":"BreadcrumbList","@id":"https:\/\/fkzalgiris.lt\/zalgirio-b-ir-c-komandos-baige-sezona-savo-lygose\/#breadcrumb","itemListElement":[{"@type":"ListItem","position":1,"name":"Home","item":"https:\/\/fkzalgiris.lt\/"},{"@type":"ListItem","position":2,"name":"\u201e\u017dalgirio\u201c B ir C komandos baig\u0117 sezon\u0105 savo lygose"}]},{"@type":"WebSite","@id":"https:\/\/fkzalgiris.lt\/#website","url":"https:\/\/fkzalgiris.lt\/","name":"FK \u017dalgiris","description":"oficiali Vilniaus \u201e\u017dalgirio\u201c futbolo klubo svetain\u0117","publisher":{"@id":"https:\/\/fkzalgiris.lt\/#organization"},"potentialAction":[{"@type":"SearchAction","target":{"@type":"EntryPoint","urlTemplate":"https:\/\/fkzalgiris.lt\/?s={search_term_string}"},"query-input":{"@type":"PropertyValueSpecification","valueRequired":true,"valueName":"search_term_string"}}],"inLanguage":"lt-LT"},{"@type":"Organization","@id":"https:\/\/fkzalgiris.lt\/#organization","name":"FK \u017dalgiris","url":"https:\/\/fkzalgiris.lt\/","logo":{"@type":"ImageObject","inLanguage":"lt-LT","@id":"https:\/\/fkzalgiris.lt\/#\/schema\/logo\/image\/","url":"https:\/\/fkzalgiris.lt\/wp-content\/uploads\/2024\/01\/horiz-FK-Zalgiris-logo-2015.png","contentUrl":"https:\/\/fkzalgiris.lt\/wp-content\/uploads\/2024\/01\/horiz-FK-Zalgiris-logo-2015.png","width":3073,"height":2048,"caption":"FK \u017dalgiris"},"image":{"@id":"https:\/\/fkzalgiris.lt\/#\/schema\/logo\/image\/"},"sameAs":["https:\/\/www.facebook.com\/fkzalgiris\/","https:\/\/x.com\/fkzalgiris","https:\/\/www.instagram.com\/fkzalgiris\/","https:\/\/www.youtube.com\/channel\/UC1ag8JLxGirltMUoLlzfZLA"]},{"@type":"Person","@id":"https:\/\/fkzalgiris.lt\/#\/schema\/person\/8604babbba794a7d8767be324a3eaac8","name":"J"}]}},"_links":{"self":[{"href":"https:\/\/fkzalgiris.lt\/api\/wp\/v2\/posts\/6653","targetHints":{"allow":["GET"]}}],"collection":[{"href":"https:\/\/fkzalgiris.lt\/api\/wp\/v2\/posts"}],"about":[{"href":"https:\/\/fkzalgiris.lt\/api\/wp\/v2\/types\/post"}],"author":[{"embeddable":true,"href":"https:\/\/fkzalgiris.lt\/api\/wp\/v2\/users\/4"}],"replies":[{"embeddable":true,"href":"https:\/\/fkzalgiris.lt\/api\/wp\/v2\/comments?post=6653"}],"version-history":[{"count":5,"href":"https:\/\/fkzalgiris.lt\/api\/wp\/v2\/posts\/6653\/revisions"}],"predecessor-version":[{"id":6660,"href":"https:\/\/fkzalgiris.lt\/api\/wp\/v2\/posts\/6653\/revisions\/6660"}],"wp:attachment":[{"href":"https:\/\/fkzalgiris.lt\/api\/wp\/v2\/media?parent=6653"}],"wp:term":[{"taxonomy":"category","embeddable":true,"href":"https:\/\/fkzalgiris.lt\/api\/wp\/v2\/categories?post=6653"}],"curies":[{"name":"wp","href":"https:\/\/api.w.org\/{rel}","templated":true}]}}