{"id":6616,"date":"2021-10-21T17:09:19","date_gmt":"2021-10-21T14:09:19","guid":{"rendered":"https:\/\/fkzalgiris.lt\/?p=6616"},"modified":"2021-10-22T13:29:24","modified_gmt":"2021-10-22T10:29:24","slug":"s-mikoliunas-pries-taures-finala-sieksime-revanso","status":"publish","type":"post","link":"https:\/\/fkzalgiris.lt\/s-mikoliunas-pries-taures-finala-sieksime-revanso\/","title":{"rendered":"S. Mikoli\u016bnas prie\u0161 taur\u0117s final\u0105: \u201eSieksime revan\u0161o\u201c"},"content":{"rendered":"<p>\u201e\u017dalgirio\u201c treneris Vladimiras \u010ceburinas ir kapitonas Saulius Mikoli\u016bnas prie\u0161 LFF taur\u0117s finalo dvikov\u0105 dalyvavo konferencijoje \u017einiasklaidai.<\/p>\n<p>\u0160e\u0161tadien\u012f \u0160iauli\u0173 stadione nusileis \u201eHegelmann LFF taur\u0117s\u201c turnyro u\u017edanga \u2013 finalin\u0117se rungtyn\u0117se d\u0117l titulo susikaus \u201e\u017dalgiris\u201c ir \u201ePanev\u0117\u017eys\u201c.<\/p>\n<div class=\"embed-responsive embed-responsive-16by9 mb-4\"><iframe title=\"\u017dalgirie\u010diai laukia taur\u0117s finalo: \u201eVa\u017eiuosime \u012f \u0160iaulius gerai nusiteik\u0119 ir pasiruo\u0161\u0119 kovai\u201c\" src=\"https:\/\/www.youtube.com\/embed\/c40w-Wpa00E?feature=oembed\" frameborder=\"0\" allow=\"accelerometer; autoplay; clipboard-write; encrypted-media; gyroscope; picture-in-picture; web-share\" referrerpolicy=\"strict-origin-when-cross-origin\" allowfullscreen><\/iframe> <\/div>\n<p>Prie\u0161 rungtynes surengtoje spaudos konferencijoje \u017ealgirie\u010di\u0173 treneris Vladimiras \u010ceburinas teig\u0117, jog Vilniaus ekipai i\u0161kovoti pirm\u0105 sezono titul\u0105 yra tikrai svarbu.<\/p>\n<p>\u201eKiekvienos rungtyn\u0117s yra atskira istorija, \u010dia gali patekti tiek A lygos, tiek ir Pirmos lygos komandos, ta\u010diau \u0161iemet esame mes ir \u201ePanev\u0117\u017eys\u201c. Tai rungtyn\u0117s, kurios nuspr\u0119s, kas taps LFF taur\u0117s nugal\u0117tojais.<\/p>\n<p>I\u0161kovoti pirm\u0105 titul\u0105 yra labai svarbu, suprantame tai. \u0160ioje komandoje tikslai yra keliami auk\u0161\u010diausi, tad \u010dia visada yra kalbama apie trof\u0117jus, tad trof\u0117jus yra labai svarbu\u201c, \u2013 sak\u0117 sostin\u0117s klubo treneris.<\/p>\n<p>Jam antrino ir ekipos kapitonas Saulius Mikoli\u016bnas, taip pat pamin\u0117j\u0119s, kad \u201e\u017dalgiris\u201c sieks revan\u0161o u\u017e pavasar\u012f patirt\u0105 pralaim\u0117jim\u0105 LFF Supertaur\u0117je.<\/p>\n<p>\u201eTikrai laukia intriguojan\u010dios ir \u012fdomios rungtyn\u0117s, kovosime d\u0117l pirmo m\u016bs\u0173 sezono trof\u0117jaus. Tai yra ypatingos rungtyn\u0117s mums, nes tai yra revan\u0161in\u0117 m\u016bs\u0173 kova u\u017e \u0161iemet pralaim\u0117t\u0105 LFF supertaur\u0117s ma\u010d\u0105 \u201ePanev\u0117\u017eio\u201c klubui. Komandai tai bus papildoma motyvacija \u0161iose rungtyn\u0117se, jos bus intriguojan\u010dios ir \u012fdomios, o laim\u0117s tie, kurie t\u0105dien bus stipresni\u201c, \u2013 teig\u0117 vilnie\u010di\u0173 ekipos veteranas.<\/p>\n<p>Jis pastaruoju metu rungtyniauti negal\u0117jo rungtyniauti d\u0117l traumos, ta\u010diau atskleid\u0117, kad jau artimiausiu metu tur\u0117t\u0173 b\u016bti pilnai pasiruo\u0161\u0119s v\u0117l \u017eengti \u012f aik\u0161t\u0119.<\/p>\n<p>\u201eEsu visai \u0161alia 100 procent\u0173, ta trauma pasirod\u0117 daug rimtesn\u0117 nei prad\u017eioje man\u0117me. Raumenis pagydyti pavyko gana greitai, o sausgysl\u0117 yra toks dalykas, kuriam reikia laiko. Jau daugiau nei savait\u0119 treniruojuosi su komanda ir manau, kad greitu metu pavyks pasiekti optimali\u0105 savo form\u0105\u201c, \u2013 teig\u0117 \u201e\u017dalgirio\u201c senbuvis.<\/p>\n<p>Tuo tarpu V. \u010ceburinas atskleid\u0117, jog i\u0161skyrus seniau sunkias traumas patyrusius Mat\u0105 Vareik\u0105 ir Meinard\u0105 Mikul\u0117n\u0105 visi \u017eaid\u0117jai yra pasiruo\u0161\u0119.<\/p>\n<p>Nors solid\u017ei\u0105 form\u0105 Optibet A lygoje pastaruoju metu rodantis \u201e\u017dalgiris\u201c yra \u012fvardinamas kaip ma\u010do favoritas, V. \u010ceburinas tokios etiket\u0117s priimti nenor\u0117jo.<\/p>\n<p>\u201eJau anks\u010diau min\u0117jau, kad taur\u0117s rungtyn\u0117se viskas susideda i\u0161 vieneri\u0173 rungtyni\u0173 ir manau, kad tie, kas bus labiau motyvuoti, labiau susikaup\u0119 b\u016btent toms rungtyn\u0117ms, tie ir bus favoritai, o tai paai\u0161k\u0117s rungtyni\u0173 dien\u0105 aik\u0161t\u0117je. Tie rezultatai, kurie buvo pasiekti iki finalo, \u0161iai dienai n\u0117ra svarb\u016bs. Abi komandos bus optimaliai nusiteikusios ir sieks \u012frodyti savo prana\u0161um\u0105 aik\u0161t\u0117je ir atsiduos ne 100, o 120 ar net 150 procent\u0173\u201c, \u2013 akcentavo specialistas.<\/p>\n<p>S. Mikoli\u016bnas atsimin\u0117 pavasar\u012f vykus\u012f ma\u010d\u0105 d\u0117l Supertaur\u0117s ir kalb\u0117jo apie var\u017eov\u0173 komand\u0105.<\/p>\n<p>\u201ePanev\u0117\u017eys\u201c tiek pernai laim\u0117j\u0119s prie\u0161 \u201eS\u016bduv\u0105\u201c, tiek tada atsilikin\u0117dami Supertaur\u0117je, rado savyje j\u0117g\u0173 ir perlau\u017e\u0117 rungtynes ir po baudini\u0173 serijos laim\u0117jo.<\/p>\n<p>Komanda tikrai yra su charakteriu, o mums, kaip ir sakiau, tai yra papildoma motyvacija \u012frodyti, kad esame geresni ir atsirevan\u0161uoti u\u017e t\u0105 pralaim\u0117jim\u0105 pavasar\u012f. Komanda nusiteikusi gerai, demonstruoja ger\u0105 \u017eaidim\u0105, tad va\u017eiuosime \u012f \u0160iaulius gerai nusiteik\u0119 ir pasiruo\u0161\u0119 kovai\u201c, \u2013 teig\u0117 \u017eaid\u0117jas.<\/p>\n<p>Rungtyn\u0117s \u0160iauli\u0173 centriniame stadione vyks \u0161e\u0161tadien\u012f nuo 18 valandos, bilietus \u012f rungtynes platina <a href=\"https:\/\/www.ticketmarket.lt\/lt\/e\/renginys\/hegelmann-lff-taures-finalas-zalgiris-panevezys-siauliai-bilietai\">Ticketmarket.lt<\/a> (nuolaidos kodas\u201e\u017dalgirio\u201c aistruoliams: VLNZAL25 )<\/p>\n<p>&nbsp;<\/p>\n<p><em>LFF.lt informacija<\/em><\/p>\n","protected":false},"excerpt":{"rendered":"<p>\u201e\u017dalgirio\u201c treneris Vladimiras \u010ceburinas ir kapitonas Saulius Mikoli\u016bnas prie\u0161 LFF taur\u0117s finalo dvikov\u0105 dalyvavo konferencijoje \u017einiasklaidai. \u0160e\u0161tadien\u012f \u0160iauli\u0173 stadione nusileis \u201eHegelmann LFF taur\u0117s\u201c turnyro u\u017edanga\u2026<\/p>\n","protected":false},"author":4,"featured_media":0,"comment_status":"closed","ping_status":"closed","sticky":false,"template":"","format":"standard","meta":{"_acf_changed":false,"footnotes":""},"categories":[1],"class_list":["post-6616","post","type-post","status-publish","format-standard","hentry","category-be-kategorijos"],"acf":[],"yoast_head":"<!-- This site is optimized with the Yoast SEO plugin v26.8 - https:\/\/yoast.com\/product\/yoast-seo-wordpress\/ -->\n<title>S. Mikoli\u016bnas prie\u0161 taur\u0117s final\u0105: \u201eSieksime revan\u0161o\u201c - FK \u017dalgiris<\/title>\n<meta name=\"robots\" content=\"index, follow, max-snippet:-1, max-image-preview:large, max-video-preview:-1\" \/>\n<link rel=\"canonical\" href=\"https:\/\/fkzalgiris.lt\/s-mikoliunas-pries-taures-finala-sieksime-revanso\/\" \/>\n<meta property=\"og:locale\" content=\"lt_LT\" \/>\n<meta property=\"og:type\" content=\"article\" \/>\n<meta property=\"og:title\" content=\"S. Mikoli\u016bnas prie\u0161 taur\u0117s final\u0105: \u201eSieksime revan\u0161o\u201c - FK \u017dalgiris\" \/>\n<meta property=\"og:description\" content=\"\u201e\u017dalgirio\u201c treneris Vladimiras \u010ceburinas ir kapitonas Saulius Mikoli\u016bnas prie\u0161 LFF taur\u0117s finalo dvikov\u0105 dalyvavo konferencijoje \u017einiasklaidai. \u0160e\u0161tadien\u012f \u0160iauli\u0173 stadione nusileis \u201eHegelmann LFF taur\u0117s\u201c turnyro u\u017edanga\u2026\" \/>\n<meta property=\"og:url\" content=\"https:\/\/fkzalgiris.lt\/s-mikoliunas-pries-taures-finala-sieksime-revanso\/\" \/>\n<meta property=\"og:site_name\" content=\"FK \u017dalgiris\" \/>\n<meta property=\"article:publisher\" content=\"https:\/\/www.facebook.com\/fkzalgiris\/\" \/>\n<meta property=\"article:published_time\" content=\"2021-10-21T14:09:19+00:00\" \/>\n<meta property=\"article:modified_time\" content=\"2021-10-22T10:29:24+00:00\" \/>\n<meta property=\"og:image\" content=\"https:\/\/fkzalgiris.lt\/wp-content\/uploads\/2024\/02\/social-horiz_Zalgiris_logo_2024.png\" \/>\n\t<meta property=\"og:image:width\" content=\"3356\" \/>\n\t<meta property=\"og:image:height\" content=\"2259\" \/>\n\t<meta property=\"og:image:type\" content=\"image\/png\" \/>\n<meta name=\"author\" content=\"J\" \/>\n<meta name=\"twitter:card\" content=\"summary_large_image\" \/>\n<meta name=\"twitter:creator\" content=\"@fkzalgiris\" \/>\n<meta name=\"twitter:site\" content=\"@fkzalgiris\" \/>\n<meta name=\"twitter:label1\" content=\"Written by\" \/>\n\t<meta name=\"twitter:data1\" content=\"J\" \/>\n\t<meta name=\"twitter:label2\" content=\"Est. reading time\" \/>\n\t<meta name=\"twitter:data2\" content=\"3 minut\u0117s\" \/>\n<script type=\"application\/ld+json\" class=\"yoast-schema-graph\">{\"@context\":\"https:\/\/schema.org\",\"@graph\":[{\"@type\":\"Article\",\"@id\":\"https:\/\/fkzalgiris.lt\/s-mikoliunas-pries-taures-finala-sieksime-revanso\/#article\",\"isPartOf\":{\"@id\":\"https:\/\/fkzalgiris.lt\/s-mikoliunas-pries-taures-finala-sieksime-revanso\/\"},\"author\":{\"name\":\"J\",\"@id\":\"https:\/\/fkzalgiris.lt\/#\/schema\/person\/8604babbba794a7d8767be324a3eaac8\"},\"headline\":\"S. Mikoli\u016bnas prie\u0161 taur\u0117s final\u0105: \u201eSieksime revan\u0161o\u201c\",\"datePublished\":\"2021-10-21T14:09:19+00:00\",\"dateModified\":\"2021-10-22T10:29:24+00:00\",\"mainEntityOfPage\":{\"@id\":\"https:\/\/fkzalgiris.lt\/s-mikoliunas-pries-taures-finala-sieksime-revanso\/\"},\"wordCount\":573,\"publisher\":{\"@id\":\"https:\/\/fkzalgiris.lt\/#organization\"},\"inLanguage\":\"lt-LT\"},{\"@type\":\"WebPage\",\"@id\":\"https:\/\/fkzalgiris.lt\/s-mikoliunas-pries-taures-finala-sieksime-revanso\/\",\"url\":\"https:\/\/fkzalgiris.lt\/s-mikoliunas-pries-taures-finala-sieksime-revanso\/\",\"name\":\"S. Mikoli\u016bnas prie\u0161 taur\u0117s final\u0105: \u201eSieksime revan\u0161o\u201c - FK \u017dalgiris\",\"isPartOf\":{\"@id\":\"https:\/\/fkzalgiris.lt\/#website\"},\"datePublished\":\"2021-10-21T14:09:19+00:00\",\"dateModified\":\"2021-10-22T10:29:24+00:00\",\"breadcrumb\":{\"@id\":\"https:\/\/fkzalgiris.lt\/s-mikoliunas-pries-taures-finala-sieksime-revanso\/#breadcrumb\"},\"inLanguage\":\"lt-LT\",\"potentialAction\":[{\"@type\":\"ReadAction\",\"target\":[\"https:\/\/fkzalgiris.lt\/s-mikoliunas-pries-taures-finala-sieksime-revanso\/\"]}]},{\"@type\":\"BreadcrumbList\",\"@id\":\"https:\/\/fkzalgiris.lt\/s-mikoliunas-pries-taures-finala-sieksime-revanso\/#breadcrumb\",\"itemListElement\":[{\"@type\":\"ListItem\",\"position\":1,\"name\":\"Home\",\"item\":\"https:\/\/fkzalgiris.lt\/\"},{\"@type\":\"ListItem\",\"position\":2,\"name\":\"S. Mikoli\u016bnas prie\u0161 taur\u0117s final\u0105: \u201eSieksime revan\u0161o\u201c\"}]},{\"@type\":\"WebSite\",\"@id\":\"https:\/\/fkzalgiris.lt\/#website\",\"url\":\"https:\/\/fkzalgiris.lt\/\",\"name\":\"FK \u017dalgiris\",\"description\":\"oficiali Vilniaus \u201e\u017dalgirio\u201c futbolo klubo svetain\u0117\",\"publisher\":{\"@id\":\"https:\/\/fkzalgiris.lt\/#organization\"},\"potentialAction\":[{\"@type\":\"SearchAction\",\"target\":{\"@type\":\"EntryPoint\",\"urlTemplate\":\"https:\/\/fkzalgiris.lt\/?s={search_term_string}\"},\"query-input\":{\"@type\":\"PropertyValueSpecification\",\"valueRequired\":true,\"valueName\":\"search_term_string\"}}],\"inLanguage\":\"lt-LT\"},{\"@type\":\"Organization\",\"@id\":\"https:\/\/fkzalgiris.lt\/#organization\",\"name\":\"FK \u017dalgiris\",\"url\":\"https:\/\/fkzalgiris.lt\/\",\"logo\":{\"@type\":\"ImageObject\",\"inLanguage\":\"lt-LT\",\"@id\":\"https:\/\/fkzalgiris.lt\/#\/schema\/logo\/image\/\",\"url\":\"https:\/\/fkzalgiris.lt\/wp-content\/uploads\/2024\/01\/horiz-FK-Zalgiris-logo-2015.png\",\"contentUrl\":\"https:\/\/fkzalgiris.lt\/wp-content\/uploads\/2024\/01\/horiz-FK-Zalgiris-logo-2015.png\",\"width\":3073,\"height\":2048,\"caption\":\"FK \u017dalgiris\"},\"image\":{\"@id\":\"https:\/\/fkzalgiris.lt\/#\/schema\/logo\/image\/\"},\"sameAs\":[\"https:\/\/www.facebook.com\/fkzalgiris\/\",\"https:\/\/x.com\/fkzalgiris\",\"https:\/\/www.instagram.com\/fkzalgiris\/\",\"https:\/\/www.youtube.com\/channel\/UC1ag8JLxGirltMUoLlzfZLA\"]},{\"@type\":\"Person\",\"@id\":\"https:\/\/fkzalgiris.lt\/#\/schema\/person\/8604babbba794a7d8767be324a3eaac8\",\"name\":\"J\"}]}<\/script>\n<!-- \/ Yoast SEO plugin. -->","yoast_head_json":{"title":"S. Mikoli\u016bnas prie\u0161 taur\u0117s final\u0105: \u201eSieksime revan\u0161o\u201c - FK \u017dalgiris","robots":{"index":"index","follow":"follow","max-snippet":"max-snippet:-1","max-image-preview":"max-image-preview:large","max-video-preview":"max-video-preview:-1"},"canonical":"https:\/\/fkzalgiris.lt\/s-mikoliunas-pries-taures-finala-sieksime-revanso\/","og_locale":"lt_LT","og_type":"article","og_title":"S. Mikoli\u016bnas prie\u0161 taur\u0117s final\u0105: \u201eSieksime revan\u0161o\u201c - FK \u017dalgiris","og_description":"\u201e\u017dalgirio\u201c treneris Vladimiras \u010ceburinas ir kapitonas Saulius Mikoli\u016bnas prie\u0161 LFF taur\u0117s finalo dvikov\u0105 dalyvavo konferencijoje \u017einiasklaidai. \u0160e\u0161tadien\u012f \u0160iauli\u0173 stadione nusileis \u201eHegelmann LFF taur\u0117s\u201c turnyro u\u017edanga\u2026","og_url":"https:\/\/fkzalgiris.lt\/s-mikoliunas-pries-taures-finala-sieksime-revanso\/","og_site_name":"FK \u017dalgiris","article_publisher":"https:\/\/www.facebook.com\/fkzalgiris\/","article_published_time":"2021-10-21T14:09:19+00:00","article_modified_time":"2021-10-22T10:29:24+00:00","og_image":[{"width":3356,"height":2259,"url":"https:\/\/fkzalgiris.lt\/wp-content\/uploads\/2024\/02\/social-horiz_Zalgiris_logo_2024.png","type":"image\/png"}],"author":"J","twitter_card":"summary_large_image","twitter_creator":"@fkzalgiris","twitter_site":"@fkzalgiris","twitter_misc":{"Written by":"J","Est. reading time":"3 minut\u0117s"},"schema":{"@context":"https:\/\/schema.org","@graph":[{"@type":"Article","@id":"https:\/\/fkzalgiris.lt\/s-mikoliunas-pries-taures-finala-sieksime-revanso\/#article","isPartOf":{"@id":"https:\/\/fkzalgiris.lt\/s-mikoliunas-pries-taures-finala-sieksime-revanso\/"},"author":{"name":"J","@id":"https:\/\/fkzalgiris.lt\/#\/schema\/person\/8604babbba794a7d8767be324a3eaac8"},"headline":"S. Mikoli\u016bnas prie\u0161 taur\u0117s final\u0105: \u201eSieksime revan\u0161o\u201c","datePublished":"2021-10-21T14:09:19+00:00","dateModified":"2021-10-22T10:29:24+00:00","mainEntityOfPage":{"@id":"https:\/\/fkzalgiris.lt\/s-mikoliunas-pries-taures-finala-sieksime-revanso\/"},"wordCount":573,"publisher":{"@id":"https:\/\/fkzalgiris.lt\/#organization"},"inLanguage":"lt-LT"},{"@type":"WebPage","@id":"https:\/\/fkzalgiris.lt\/s-mikoliunas-pries-taures-finala-sieksime-revanso\/","url":"https:\/\/fkzalgiris.lt\/s-mikoliunas-pries-taures-finala-sieksime-revanso\/","name":"S. Mikoli\u016bnas prie\u0161 taur\u0117s final\u0105: \u201eSieksime revan\u0161o\u201c - FK \u017dalgiris","isPartOf":{"@id":"https:\/\/fkzalgiris.lt\/#website"},"datePublished":"2021-10-21T14:09:19+00:00","dateModified":"2021-10-22T10:29:24+00:00","breadcrumb":{"@id":"https:\/\/fkzalgiris.lt\/s-mikoliunas-pries-taures-finala-sieksime-revanso\/#breadcrumb"},"inLanguage":"lt-LT","potentialAction":[{"@type":"ReadAction","target":["https:\/\/fkzalgiris.lt\/s-mikoliunas-pries-taures-finala-sieksime-revanso\/"]}]},{"@type":"BreadcrumbList","@id":"https:\/\/fkzalgiris.lt\/s-mikoliunas-pries-taures-finala-sieksime-revanso\/#breadcrumb","itemListElement":[{"@type":"ListItem","position":1,"name":"Home","item":"https:\/\/fkzalgiris.lt\/"},{"@type":"ListItem","position":2,"name":"S. Mikoli\u016bnas prie\u0161 taur\u0117s final\u0105: \u201eSieksime revan\u0161o\u201c"}]},{"@type":"WebSite","@id":"https:\/\/fkzalgiris.lt\/#website","url":"https:\/\/fkzalgiris.lt\/","name":"FK \u017dalgiris","description":"oficiali Vilniaus \u201e\u017dalgirio\u201c futbolo klubo svetain\u0117","publisher":{"@id":"https:\/\/fkzalgiris.lt\/#organization"},"potentialAction":[{"@type":"SearchAction","target":{"@type":"EntryPoint","urlTemplate":"https:\/\/fkzalgiris.lt\/?s={search_term_string}"},"query-input":{"@type":"PropertyValueSpecification","valueRequired":true,"valueName":"search_term_string"}}],"inLanguage":"lt-LT"},{"@type":"Organization","@id":"https:\/\/fkzalgiris.lt\/#organization","name":"FK \u017dalgiris","url":"https:\/\/fkzalgiris.lt\/","logo":{"@type":"ImageObject","inLanguage":"lt-LT","@id":"https:\/\/fkzalgiris.lt\/#\/schema\/logo\/image\/","url":"https:\/\/fkzalgiris.lt\/wp-content\/uploads\/2024\/01\/horiz-FK-Zalgiris-logo-2015.png","contentUrl":"https:\/\/fkzalgiris.lt\/wp-content\/uploads\/2024\/01\/horiz-FK-Zalgiris-logo-2015.png","width":3073,"height":2048,"caption":"FK \u017dalgiris"},"image":{"@id":"https:\/\/fkzalgiris.lt\/#\/schema\/logo\/image\/"},"sameAs":["https:\/\/www.facebook.com\/fkzalgiris\/","https:\/\/x.com\/fkzalgiris","https:\/\/www.instagram.com\/fkzalgiris\/","https:\/\/www.youtube.com\/channel\/UC1ag8JLxGirltMUoLlzfZLA"]},{"@type":"Person","@id":"https:\/\/fkzalgiris.lt\/#\/schema\/person\/8604babbba794a7d8767be324a3eaac8","name":"J"}]}},"_links":{"self":[{"href":"https:\/\/fkzalgiris.lt\/api\/wp\/v2\/posts\/6616","targetHints":{"allow":["GET"]}}],"collection":[{"href":"https:\/\/fkzalgiris.lt\/api\/wp\/v2\/posts"}],"about":[{"href":"https:\/\/fkzalgiris.lt\/api\/wp\/v2\/types\/post"}],"author":[{"embeddable":true,"href":"https:\/\/fkzalgiris.lt\/api\/wp\/v2\/users\/4"}],"replies":[{"embeddable":true,"href":"https:\/\/fkzalgiris.lt\/api\/wp\/v2\/comments?post=6616"}],"version-history":[{"count":5,"href":"https:\/\/fkzalgiris.lt\/api\/wp\/v2\/posts\/6616\/revisions"}],"predecessor-version":[{"id":6626,"href":"https:\/\/fkzalgiris.lt\/api\/wp\/v2\/posts\/6616\/revisions\/6626"}],"wp:attachment":[{"href":"https:\/\/fkzalgiris.lt\/api\/wp\/v2\/media?parent=6616"}],"wp:term":[{"taxonomy":"category","embeddable":true,"href":"https:\/\/fkzalgiris.lt\/api\/wp\/v2\/categories?post=6616"}],"curies":[{"name":"wp","href":"https:\/\/api.w.org\/{rel}","templated":true}]}}