{"id":6578,"date":"2021-10-18T20:25:08","date_gmt":"2021-10-18T17:25:08","guid":{"rendered":"https:\/\/fkzalgiris.lt\/?p=6578"},"modified":"2021-10-19T12:50:35","modified_gmt":"2021-10-19T09:50:35","slug":"kedainiuose-trys-ivarciai-ir-dar-viena-pergale","status":"publish","type":"post","link":"https:\/\/fkzalgiris.lt\/kedainiuose-trys-ivarciai-ir-dar-viena-pergale\/","title":{"rendered":"K\u0117dainiuose &#8211; trys \u012fvar\u010diai ir dar viena pergal\u0117"},"content":{"rendered":"<p>Antr\u0105 kart\u0105 per kelias dienas \u201e\u017dalgiris\u201c \u012fveik\u0117 K\u0117daini\u0173 \u201eNev\u0117\u017e\u012f\u201c ir turnyro lentel\u0117je atsilikim\u0105 nuo pirmaujan\u010dios \u201eS\u016bduvos\u201c suma\u017eino iki minimumo.<\/p>\n<p>Prie\u0161 kelias dienas \u017ealgirie\u010diai \u201eNev\u0117\u017e\u012f\u201c namuose sutriu\u0161kino 6:0. \u0160\u012f kart\u0105 rungtyn\u0117s klost\u0117si kiek sunkiau \u2013 i\u0161kovota pergal\u0117 3:1.<\/p>\n<p>\u012e \u201e\u017dalgirio\u201c startin\u0119 sud\u0117t\u012f gr\u012f\u017eo Josipas Tadi\u010dius ir Karolis Uz\u0117la. D\u0117l sveikatos problem\u0173 komandai negal\u0117jo pad\u0117ti Ovidijus Verbickas. Atsargoje po ilgos pertraukos pasirod\u0117 po traumos pasveik\u0119s Marko Karamarko.<\/p>\n<p>Rungtyni\u0173 prad\u017eioje \u201e\u017dalgirio\u201c atakoms vis tr\u016bko tikslumo. Tik su\u017eaidus 20 minu\u010di\u0173 var\u017eov\u0173 vartinink\u0105 rim\u010diau patikrino H. Videmontas.<\/p>\n<p>22 min. vilnie\u010diai i\u0161siver\u017e\u0117 \u012f priek\u012f. Prie baudos aik\u0161tel\u0117s centro kamuol\u012f susitvark\u0119s Francis Kyeremeh sm\u016bgiu i\u0161 oro sm\u016bgiavo tiksliai \u012f vart\u0173 kamp\u0105.<\/p>\n<p>V\u0117liau \u017ealgirie\u010diai nepasinaudojo dar keliomis progomis.<\/p>\n<p>Antrojo k\u0117linio prad\u017eioje pavyko prana\u0161um\u0105 padidinti. Po T. Ki\u0161o perdavimo tiksliu sm\u016bgiu i\u0161 baudos aik\u0161tel\u0117s vidurio pasi\u017eym\u0117jo J. Tadi\u010dius.<\/p>\n<p>Netrukus \u201e\u017dalgiris\u201c \u012fmu\u0161\u0117 ir tre\u010di\u0105 \u012fvart\u012f, bet jis nebuvo \u012fskaitytas d\u0117l nuo\u0161al\u0117s.<\/p>\n<p>\u017dalgirie\u010di\u0173 atakoms ir toliau tr\u016bko tikslumo, o sve\u010diai pasinaudojo retu savo \u0161ansu.<\/p>\n<p>80 min. i\u0161 baudos aik\u0161tel\u0117s kra\u0161to tiksliai sm\u016bgiavo Aretas G\u0117g\u017ena.<\/p>\n<p>Visgi \u012ftampa truko neilgai \u2013 86 min. su\u017eaid\u0119s sienel\u0119 su J. Sylvestru pasi\u017eym\u0117jo H. Videmontas.<\/p>\n<p>\u201e\u017dalgiris\u201c i\u0161kovojo dar vien\u0105 pergal\u0119 A lygoje ir geromis nuotaikomis ruo\u0161iasi LFF taur\u0117s finalui, kuris spalio 23 d. vyks \u0160iauliuose.<\/p>\n<p>Kitas A lygos rungtynes vilnie\u010diai \u017eais spalio 27 d. namuose prie\u0161 \u201eS\u016bduv\u0105\u201c.<\/p>\n","protected":false},"excerpt":{"rendered":"<p>Antr\u0105 kart\u0105 per kelias dienas \u201e\u017dalgiris\u201c \u012fveik\u0117 K\u0117daini\u0173 \u201eNev\u0117\u017e\u012f\u201c ir turnyro lentel\u0117je atsilikim\u0105 nuo pirmaujan\u010dios \u201eS\u016bduvos\u201c suma\u017eino iki minimumo. Prie\u0161 kelias dienas \u017ealgirie\u010diai \u201eNev\u0117\u017e\u012f\u201c namuose\u2026<\/p>\n","protected":false},"author":4,"featured_media":0,"comment_status":"closed","ping_status":"closed","sticky":false,"template":"","format":"standard","meta":{"_acf_changed":false,"footnotes":""},"categories":[1],"class_list":["post-6578","post","type-post","status-publish","format-standard","hentry","category-be-kategorijos"],"acf":[],"yoast_head":"<!-- This site is optimized with the Yoast SEO plugin v26.8 - https:\/\/yoast.com\/product\/yoast-seo-wordpress\/ -->\n<title>K\u0117dainiuose - trys \u012fvar\u010diai ir dar viena pergal\u0117 - FK \u017dalgiris<\/title>\n<meta name=\"robots\" content=\"index, follow, max-snippet:-1, max-image-preview:large, max-video-preview:-1\" \/>\n<link rel=\"canonical\" href=\"https:\/\/fkzalgiris.lt\/kedainiuose-trys-ivarciai-ir-dar-viena-pergale\/\" \/>\n<meta property=\"og:locale\" content=\"lt_LT\" \/>\n<meta property=\"og:type\" content=\"article\" \/>\n<meta property=\"og:title\" content=\"K\u0117dainiuose - trys \u012fvar\u010diai ir dar viena pergal\u0117 - FK \u017dalgiris\" \/>\n<meta property=\"og:description\" content=\"Antr\u0105 kart\u0105 per kelias dienas \u201e\u017dalgiris\u201c \u012fveik\u0117 K\u0117daini\u0173 \u201eNev\u0117\u017e\u012f\u201c ir turnyro lentel\u0117je atsilikim\u0105 nuo pirmaujan\u010dios \u201eS\u016bduvos\u201c suma\u017eino iki minimumo. Prie\u0161 kelias dienas \u017ealgirie\u010diai \u201eNev\u0117\u017e\u012f\u201c namuose\u2026\" \/>\n<meta property=\"og:url\" content=\"https:\/\/fkzalgiris.lt\/kedainiuose-trys-ivarciai-ir-dar-viena-pergale\/\" \/>\n<meta property=\"og:site_name\" content=\"FK \u017dalgiris\" \/>\n<meta property=\"article:publisher\" content=\"https:\/\/www.facebook.com\/fkzalgiris\/\" \/>\n<meta property=\"article:published_time\" content=\"2021-10-18T17:25:08+00:00\" \/>\n<meta property=\"article:modified_time\" content=\"2021-10-19T09:50:35+00:00\" \/>\n<meta property=\"og:image\" content=\"https:\/\/fkzalgiris.lt\/wp-content\/uploads\/2024\/02\/social-horiz_Zalgiris_logo_2024.png\" \/>\n\t<meta property=\"og:image:width\" content=\"3356\" \/>\n\t<meta property=\"og:image:height\" content=\"2259\" \/>\n\t<meta property=\"og:image:type\" content=\"image\/png\" \/>\n<meta name=\"author\" content=\"J\" \/>\n<meta name=\"twitter:card\" content=\"summary_large_image\" \/>\n<meta name=\"twitter:creator\" content=\"@fkzalgiris\" \/>\n<meta name=\"twitter:site\" content=\"@fkzalgiris\" \/>\n<meta name=\"twitter:label1\" content=\"Written by\" \/>\n\t<meta name=\"twitter:data1\" content=\"J\" \/>\n\t<meta name=\"twitter:label2\" content=\"Est. reading time\" \/>\n\t<meta name=\"twitter:data2\" content=\"1 minut\u0117\" \/>\n<script type=\"application\/ld+json\" class=\"yoast-schema-graph\">{\"@context\":\"https:\/\/schema.org\",\"@graph\":[{\"@type\":\"Article\",\"@id\":\"https:\/\/fkzalgiris.lt\/kedainiuose-trys-ivarciai-ir-dar-viena-pergale\/#article\",\"isPartOf\":{\"@id\":\"https:\/\/fkzalgiris.lt\/kedainiuose-trys-ivarciai-ir-dar-viena-pergale\/\"},\"author\":{\"name\":\"J\",\"@id\":\"https:\/\/fkzalgiris.lt\/#\/schema\/person\/8604babbba794a7d8767be324a3eaac8\"},\"headline\":\"K\u0117dainiuose &#8211; trys \u012fvar\u010diai ir dar viena pergal\u0117\",\"datePublished\":\"2021-10-18T17:25:08+00:00\",\"dateModified\":\"2021-10-19T09:50:35+00:00\",\"mainEntityOfPage\":{\"@id\":\"https:\/\/fkzalgiris.lt\/kedainiuose-trys-ivarciai-ir-dar-viena-pergale\/\"},\"wordCount\":271,\"publisher\":{\"@id\":\"https:\/\/fkzalgiris.lt\/#organization\"},\"inLanguage\":\"lt-LT\"},{\"@type\":\"WebPage\",\"@id\":\"https:\/\/fkzalgiris.lt\/kedainiuose-trys-ivarciai-ir-dar-viena-pergale\/\",\"url\":\"https:\/\/fkzalgiris.lt\/kedainiuose-trys-ivarciai-ir-dar-viena-pergale\/\",\"name\":\"K\u0117dainiuose - trys \u012fvar\u010diai ir dar viena pergal\u0117 - FK \u017dalgiris\",\"isPartOf\":{\"@id\":\"https:\/\/fkzalgiris.lt\/#website\"},\"datePublished\":\"2021-10-18T17:25:08+00:00\",\"dateModified\":\"2021-10-19T09:50:35+00:00\",\"breadcrumb\":{\"@id\":\"https:\/\/fkzalgiris.lt\/kedainiuose-trys-ivarciai-ir-dar-viena-pergale\/#breadcrumb\"},\"inLanguage\":\"lt-LT\",\"potentialAction\":[{\"@type\":\"ReadAction\",\"target\":[\"https:\/\/fkzalgiris.lt\/kedainiuose-trys-ivarciai-ir-dar-viena-pergale\/\"]}]},{\"@type\":\"BreadcrumbList\",\"@id\":\"https:\/\/fkzalgiris.lt\/kedainiuose-trys-ivarciai-ir-dar-viena-pergale\/#breadcrumb\",\"itemListElement\":[{\"@type\":\"ListItem\",\"position\":1,\"name\":\"Home\",\"item\":\"https:\/\/fkzalgiris.lt\/\"},{\"@type\":\"ListItem\",\"position\":2,\"name\":\"K\u0117dainiuose &#8211; trys \u012fvar\u010diai ir dar viena pergal\u0117\"}]},{\"@type\":\"WebSite\",\"@id\":\"https:\/\/fkzalgiris.lt\/#website\",\"url\":\"https:\/\/fkzalgiris.lt\/\",\"name\":\"FK \u017dalgiris\",\"description\":\"oficiali Vilniaus \u201e\u017dalgirio\u201c futbolo klubo svetain\u0117\",\"publisher\":{\"@id\":\"https:\/\/fkzalgiris.lt\/#organization\"},\"potentialAction\":[{\"@type\":\"SearchAction\",\"target\":{\"@type\":\"EntryPoint\",\"urlTemplate\":\"https:\/\/fkzalgiris.lt\/?s={search_term_string}\"},\"query-input\":{\"@type\":\"PropertyValueSpecification\",\"valueRequired\":true,\"valueName\":\"search_term_string\"}}],\"inLanguage\":\"lt-LT\"},{\"@type\":\"Organization\",\"@id\":\"https:\/\/fkzalgiris.lt\/#organization\",\"name\":\"FK \u017dalgiris\",\"url\":\"https:\/\/fkzalgiris.lt\/\",\"logo\":{\"@type\":\"ImageObject\",\"inLanguage\":\"lt-LT\",\"@id\":\"https:\/\/fkzalgiris.lt\/#\/schema\/logo\/image\/\",\"url\":\"https:\/\/fkzalgiris.lt\/wp-content\/uploads\/2024\/01\/horiz-FK-Zalgiris-logo-2015.png\",\"contentUrl\":\"https:\/\/fkzalgiris.lt\/wp-content\/uploads\/2024\/01\/horiz-FK-Zalgiris-logo-2015.png\",\"width\":3073,\"height\":2048,\"caption\":\"FK \u017dalgiris\"},\"image\":{\"@id\":\"https:\/\/fkzalgiris.lt\/#\/schema\/logo\/image\/\"},\"sameAs\":[\"https:\/\/www.facebook.com\/fkzalgiris\/\",\"https:\/\/x.com\/fkzalgiris\",\"https:\/\/www.instagram.com\/fkzalgiris\/\",\"https:\/\/www.youtube.com\/channel\/UC1ag8JLxGirltMUoLlzfZLA\"]},{\"@type\":\"Person\",\"@id\":\"https:\/\/fkzalgiris.lt\/#\/schema\/person\/8604babbba794a7d8767be324a3eaac8\",\"name\":\"J\"}]}<\/script>\n<!-- \/ Yoast SEO plugin. -->","yoast_head_json":{"title":"K\u0117dainiuose - trys \u012fvar\u010diai ir dar viena pergal\u0117 - FK \u017dalgiris","robots":{"index":"index","follow":"follow","max-snippet":"max-snippet:-1","max-image-preview":"max-image-preview:large","max-video-preview":"max-video-preview:-1"},"canonical":"https:\/\/fkzalgiris.lt\/kedainiuose-trys-ivarciai-ir-dar-viena-pergale\/","og_locale":"lt_LT","og_type":"article","og_title":"K\u0117dainiuose - trys \u012fvar\u010diai ir dar viena pergal\u0117 - FK \u017dalgiris","og_description":"Antr\u0105 kart\u0105 per kelias dienas \u201e\u017dalgiris\u201c \u012fveik\u0117 K\u0117daini\u0173 \u201eNev\u0117\u017e\u012f\u201c ir turnyro lentel\u0117je atsilikim\u0105 nuo pirmaujan\u010dios \u201eS\u016bduvos\u201c suma\u017eino iki minimumo. Prie\u0161 kelias dienas \u017ealgirie\u010diai \u201eNev\u0117\u017e\u012f\u201c namuose\u2026","og_url":"https:\/\/fkzalgiris.lt\/kedainiuose-trys-ivarciai-ir-dar-viena-pergale\/","og_site_name":"FK \u017dalgiris","article_publisher":"https:\/\/www.facebook.com\/fkzalgiris\/","article_published_time":"2021-10-18T17:25:08+00:00","article_modified_time":"2021-10-19T09:50:35+00:00","og_image":[{"width":3356,"height":2259,"url":"https:\/\/fkzalgiris.lt\/wp-content\/uploads\/2024\/02\/social-horiz_Zalgiris_logo_2024.png","type":"image\/png"}],"author":"J","twitter_card":"summary_large_image","twitter_creator":"@fkzalgiris","twitter_site":"@fkzalgiris","twitter_misc":{"Written by":"J","Est. reading time":"1 minut\u0117"},"schema":{"@context":"https:\/\/schema.org","@graph":[{"@type":"Article","@id":"https:\/\/fkzalgiris.lt\/kedainiuose-trys-ivarciai-ir-dar-viena-pergale\/#article","isPartOf":{"@id":"https:\/\/fkzalgiris.lt\/kedainiuose-trys-ivarciai-ir-dar-viena-pergale\/"},"author":{"name":"J","@id":"https:\/\/fkzalgiris.lt\/#\/schema\/person\/8604babbba794a7d8767be324a3eaac8"},"headline":"K\u0117dainiuose &#8211; trys \u012fvar\u010diai ir dar viena pergal\u0117","datePublished":"2021-10-18T17:25:08+00:00","dateModified":"2021-10-19T09:50:35+00:00","mainEntityOfPage":{"@id":"https:\/\/fkzalgiris.lt\/kedainiuose-trys-ivarciai-ir-dar-viena-pergale\/"},"wordCount":271,"publisher":{"@id":"https:\/\/fkzalgiris.lt\/#organization"},"inLanguage":"lt-LT"},{"@type":"WebPage","@id":"https:\/\/fkzalgiris.lt\/kedainiuose-trys-ivarciai-ir-dar-viena-pergale\/","url":"https:\/\/fkzalgiris.lt\/kedainiuose-trys-ivarciai-ir-dar-viena-pergale\/","name":"K\u0117dainiuose - trys \u012fvar\u010diai ir dar viena pergal\u0117 - FK \u017dalgiris","isPartOf":{"@id":"https:\/\/fkzalgiris.lt\/#website"},"datePublished":"2021-10-18T17:25:08+00:00","dateModified":"2021-10-19T09:50:35+00:00","breadcrumb":{"@id":"https:\/\/fkzalgiris.lt\/kedainiuose-trys-ivarciai-ir-dar-viena-pergale\/#breadcrumb"},"inLanguage":"lt-LT","potentialAction":[{"@type":"ReadAction","target":["https:\/\/fkzalgiris.lt\/kedainiuose-trys-ivarciai-ir-dar-viena-pergale\/"]}]},{"@type":"BreadcrumbList","@id":"https:\/\/fkzalgiris.lt\/kedainiuose-trys-ivarciai-ir-dar-viena-pergale\/#breadcrumb","itemListElement":[{"@type":"ListItem","position":1,"name":"Home","item":"https:\/\/fkzalgiris.lt\/"},{"@type":"ListItem","position":2,"name":"K\u0117dainiuose &#8211; trys \u012fvar\u010diai ir dar viena pergal\u0117"}]},{"@type":"WebSite","@id":"https:\/\/fkzalgiris.lt\/#website","url":"https:\/\/fkzalgiris.lt\/","name":"FK \u017dalgiris","description":"oficiali Vilniaus \u201e\u017dalgirio\u201c futbolo klubo svetain\u0117","publisher":{"@id":"https:\/\/fkzalgiris.lt\/#organization"},"potentialAction":[{"@type":"SearchAction","target":{"@type":"EntryPoint","urlTemplate":"https:\/\/fkzalgiris.lt\/?s={search_term_string}"},"query-input":{"@type":"PropertyValueSpecification","valueRequired":true,"valueName":"search_term_string"}}],"inLanguage":"lt-LT"},{"@type":"Organization","@id":"https:\/\/fkzalgiris.lt\/#organization","name":"FK \u017dalgiris","url":"https:\/\/fkzalgiris.lt\/","logo":{"@type":"ImageObject","inLanguage":"lt-LT","@id":"https:\/\/fkzalgiris.lt\/#\/schema\/logo\/image\/","url":"https:\/\/fkzalgiris.lt\/wp-content\/uploads\/2024\/01\/horiz-FK-Zalgiris-logo-2015.png","contentUrl":"https:\/\/fkzalgiris.lt\/wp-content\/uploads\/2024\/01\/horiz-FK-Zalgiris-logo-2015.png","width":3073,"height":2048,"caption":"FK \u017dalgiris"},"image":{"@id":"https:\/\/fkzalgiris.lt\/#\/schema\/logo\/image\/"},"sameAs":["https:\/\/www.facebook.com\/fkzalgiris\/","https:\/\/x.com\/fkzalgiris","https:\/\/www.instagram.com\/fkzalgiris\/","https:\/\/www.youtube.com\/channel\/UC1ag8JLxGirltMUoLlzfZLA"]},{"@type":"Person","@id":"https:\/\/fkzalgiris.lt\/#\/schema\/person\/8604babbba794a7d8767be324a3eaac8","name":"J"}]}},"_links":{"self":[{"href":"https:\/\/fkzalgiris.lt\/api\/wp\/v2\/posts\/6578","targetHints":{"allow":["GET"]}}],"collection":[{"href":"https:\/\/fkzalgiris.lt\/api\/wp\/v2\/posts"}],"about":[{"href":"https:\/\/fkzalgiris.lt\/api\/wp\/v2\/types\/post"}],"author":[{"embeddable":true,"href":"https:\/\/fkzalgiris.lt\/api\/wp\/v2\/users\/4"}],"replies":[{"embeddable":true,"href":"https:\/\/fkzalgiris.lt\/api\/wp\/v2\/comments?post=6578"}],"version-history":[{"count":4,"href":"https:\/\/fkzalgiris.lt\/api\/wp\/v2\/posts\/6578\/revisions"}],"predecessor-version":[{"id":6585,"href":"https:\/\/fkzalgiris.lt\/api\/wp\/v2\/posts\/6578\/revisions\/6585"}],"wp:attachment":[{"href":"https:\/\/fkzalgiris.lt\/api\/wp\/v2\/media?parent=6578"}],"wp:term":[{"taxonomy":"category","embeddable":true,"href":"https:\/\/fkzalgiris.lt\/api\/wp\/v2\/categories?post=6578"}],"curies":[{"name":"wp","href":"https:\/\/api.w.org\/{rel}","templated":true}]}}