{"id":6508,"date":"2021-10-14T17:49:44","date_gmt":"2021-10-14T14:49:44","guid":{"rendered":"https:\/\/fkzalgiris.lt\/?p=6508"},"modified":"2021-10-14T21:37:41","modified_gmt":"2021-10-14T18:37:41","slug":"zalgiris-nevezis-tiesiogine-transliacija","status":"publish","type":"post","link":"https:\/\/fkzalgiris.lt\/zalgiris-nevezis-tiesiogine-transliacija\/","title":{"rendered":"Prie\u0161 \u201eNev\u0117\u017e\u012f\u201c namuose &#8211; did\u017eiausia sezono pergal\u0117"},"content":{"rendered":"<p>Po rinktini\u0173 pertraukos \u012f A lygos kovas gr\u012f\u017e\u0119s \u201e\u017dalgiris\u201c namuose u\u017etikrintai \u012fveik\u0117 \u201eNev\u0117\u017e\u012f\u201c ir i\u0161kovojo did\u017eiausi\u0105 savo pergal\u0119 \u0161\u012f sezon\u0105. Trij\u0173 \u012fvar\u010di\u0173 persvar\u0105 \u017ealgirie\u010diai \u012fgijo jau pirmajame k\u0117linyje, o po pertraukos \u012fmu\u0161\u0117 dar kart\u0105.<\/p>\n<p>\u012e \u201e\u017dalgirio\u201c startin\u0119 sud\u0117t\u012f gr\u012f\u017eo Djibrilis Diaw ir Ovidijus Verbickas. Antradien\u012f rinktin\u0117je \u017eaid\u0119s Karolis Uz\u0117l\u0105 dvikov\u0105 prad\u0117jo tarp atsargini\u0173, kaip ir po traumos sveikstantis S. Mikoli\u016bnas. D\u0117l traumos dar \u017eaisti negal\u0117jo M. Karamarko, d\u0117l korteli\u0173 rungtynes praleido G. Jarusevi\u010dius ir M. Gamakovas.<\/p>\n<p>5 min. po M. Paveli\u010diaus perdavimo H. Videmontas kr\u016btine susistabd\u0117 kamuol\u012f baudos aik\u0161tel\u0117je ir suklaidin\u0119s gyn\u0117j\u0105 tiksliai sm\u016bgiavo \u012f vart\u0173 kamp\u0105.<\/p>\n<p>\u017dalgirie\u010diai dominavo nuo rungtyni\u0173 prad\u017eios ir tur\u0117jo dar \u0161ans\u0173 pasi\u017eym\u0117ti, ta\u010diau tr\u016bko tikslumo atakoje. Vienas prie\u0161 vien\u0105 ne\u012fmu\u0161\u0117 Jakubas Sylvestras.<\/p>\n<p>25 min. po M. Paveli\u010diaus sm\u016bgio vartininkui atmu\u0161us kamuol\u012f H. Videmontas \u012fmu\u0161\u0117 pakartotiniu sm\u016bgiu.<\/p>\n<p>34 min. J. Sylvestras paspaud\u0117 var\u017eov\u0173 vartinink\u0105 ir \u0161is sm\u016bgiavo tiesiai \u012f \u201e\u017dalgirio\u201c puol\u0117j\u0105, nuo kurio kamuolys \u012fskriejo \u012f vartus.<\/p>\n<p>Antrajame k\u0117linyje \u201e\u017dalgirio\u201c atakos kiek aprimo, ta\u010diau per paskutines dvide\u0161imt minu\u010di\u0173 \u012f \u201eNev\u0117\u017eio\u201c vartus pasipyl\u0117 \u012fvar\u010diai. 74 min. baudos sm\u016bgiu pasi\u017eym\u0117jo T. Ki\u0161as, 75 min. baudos aik\u0161tel\u0117je tiksliai sm\u016bgiavo H. Videmontas, o 87 min. \u2013 J. Tadi\u010dius<\/p>\n<p>Komandos dar kart\u0105 susitiks pirmadien\u012f, spalio 18 d. K\u0117dainiuose.<\/p>\n","protected":false},"excerpt":{"rendered":"<p>Po rinktini\u0173 pertraukos \u012f A lygos kovas gr\u012f\u017e\u0119s \u201e\u017dalgiris\u201c namuose u\u017etikrintai \u012fveik\u0117 \u201eNev\u0117\u017e\u012f\u201c ir i\u0161kovojo did\u017eiausi\u0105 savo pergal\u0119 \u0161\u012f sezon\u0105. Trij\u0173 \u012fvar\u010di\u0173 persvar\u0105 \u017ealgirie\u010diai \u012fgijo\u2026<\/p>\n","protected":false},"author":4,"featured_media":0,"comment_status":"closed","ping_status":"closed","sticky":false,"template":"","format":"standard","meta":{"_acf_changed":false,"footnotes":""},"categories":[1],"class_list":["post-6508","post","type-post","status-publish","format-standard","hentry","category-be-kategorijos"],"acf":[],"yoast_head":"<!-- This site is optimized with the Yoast SEO plugin v26.8 - https:\/\/yoast.com\/product\/yoast-seo-wordpress\/ -->\n<title>Prie\u0161 \u201eNev\u0117\u017e\u012f\u201c namuose - did\u017eiausia sezono pergal\u0117 - FK \u017dalgiris<\/title>\n<meta name=\"robots\" content=\"index, follow, max-snippet:-1, max-image-preview:large, max-video-preview:-1\" \/>\n<link rel=\"canonical\" href=\"https:\/\/fkzalgiris.lt\/zalgiris-nevezis-tiesiogine-transliacija\/\" \/>\n<meta property=\"og:locale\" content=\"lt_LT\" \/>\n<meta property=\"og:type\" content=\"article\" \/>\n<meta property=\"og:title\" content=\"Prie\u0161 \u201eNev\u0117\u017e\u012f\u201c namuose - did\u017eiausia sezono pergal\u0117 - FK \u017dalgiris\" \/>\n<meta property=\"og:description\" content=\"Po rinktini\u0173 pertraukos \u012f A lygos kovas gr\u012f\u017e\u0119s \u201e\u017dalgiris\u201c namuose u\u017etikrintai \u012fveik\u0117 \u201eNev\u0117\u017e\u012f\u201c ir i\u0161kovojo did\u017eiausi\u0105 savo pergal\u0119 \u0161\u012f sezon\u0105. Trij\u0173 \u012fvar\u010di\u0173 persvar\u0105 \u017ealgirie\u010diai \u012fgijo\u2026\" \/>\n<meta property=\"og:url\" content=\"https:\/\/fkzalgiris.lt\/zalgiris-nevezis-tiesiogine-transliacija\/\" \/>\n<meta property=\"og:site_name\" content=\"FK \u017dalgiris\" \/>\n<meta property=\"article:publisher\" content=\"https:\/\/www.facebook.com\/fkzalgiris\/\" \/>\n<meta property=\"article:published_time\" content=\"2021-10-14T14:49:44+00:00\" \/>\n<meta property=\"article:modified_time\" content=\"2021-10-14T18:37:41+00:00\" \/>\n<meta property=\"og:image\" content=\"https:\/\/fkzalgiris.lt\/wp-content\/uploads\/2024\/02\/social-horiz_Zalgiris_logo_2024.png\" \/>\n\t<meta property=\"og:image:width\" content=\"3356\" \/>\n\t<meta property=\"og:image:height\" content=\"2259\" \/>\n\t<meta property=\"og:image:type\" content=\"image\/png\" \/>\n<meta name=\"author\" content=\"J\" \/>\n<meta name=\"twitter:card\" content=\"summary_large_image\" \/>\n<meta name=\"twitter:creator\" content=\"@fkzalgiris\" \/>\n<meta name=\"twitter:site\" content=\"@fkzalgiris\" \/>\n<meta name=\"twitter:label1\" content=\"Written by\" \/>\n\t<meta name=\"twitter:data1\" content=\"J\" \/>\n\t<meta name=\"twitter:label2\" content=\"Est. reading time\" \/>\n\t<meta name=\"twitter:data2\" content=\"1 minut\u0117\" \/>\n<script type=\"application\/ld+json\" class=\"yoast-schema-graph\">{\"@context\":\"https:\/\/schema.org\",\"@graph\":[{\"@type\":\"Article\",\"@id\":\"https:\/\/fkzalgiris.lt\/zalgiris-nevezis-tiesiogine-transliacija\/#article\",\"isPartOf\":{\"@id\":\"https:\/\/fkzalgiris.lt\/zalgiris-nevezis-tiesiogine-transliacija\/\"},\"author\":{\"name\":\"J\",\"@id\":\"https:\/\/fkzalgiris.lt\/#\/schema\/person\/8604babbba794a7d8767be324a3eaac8\"},\"headline\":\"Prie\u0161 \u201eNev\u0117\u017e\u012f\u201c namuose &#8211; did\u017eiausia sezono pergal\u0117\",\"datePublished\":\"2021-10-14T14:49:44+00:00\",\"dateModified\":\"2021-10-14T18:37:41+00:00\",\"mainEntityOfPage\":{\"@id\":\"https:\/\/fkzalgiris.lt\/zalgiris-nevezis-tiesiogine-transliacija\/\"},\"wordCount\":245,\"publisher\":{\"@id\":\"https:\/\/fkzalgiris.lt\/#organization\"},\"inLanguage\":\"lt-LT\"},{\"@type\":\"WebPage\",\"@id\":\"https:\/\/fkzalgiris.lt\/zalgiris-nevezis-tiesiogine-transliacija\/\",\"url\":\"https:\/\/fkzalgiris.lt\/zalgiris-nevezis-tiesiogine-transliacija\/\",\"name\":\"Prie\u0161 \u201eNev\u0117\u017e\u012f\u201c namuose - did\u017eiausia sezono pergal\u0117 - FK \u017dalgiris\",\"isPartOf\":{\"@id\":\"https:\/\/fkzalgiris.lt\/#website\"},\"datePublished\":\"2021-10-14T14:49:44+00:00\",\"dateModified\":\"2021-10-14T18:37:41+00:00\",\"breadcrumb\":{\"@id\":\"https:\/\/fkzalgiris.lt\/zalgiris-nevezis-tiesiogine-transliacija\/#breadcrumb\"},\"inLanguage\":\"lt-LT\",\"potentialAction\":[{\"@type\":\"ReadAction\",\"target\":[\"https:\/\/fkzalgiris.lt\/zalgiris-nevezis-tiesiogine-transliacija\/\"]}]},{\"@type\":\"BreadcrumbList\",\"@id\":\"https:\/\/fkzalgiris.lt\/zalgiris-nevezis-tiesiogine-transliacija\/#breadcrumb\",\"itemListElement\":[{\"@type\":\"ListItem\",\"position\":1,\"name\":\"Home\",\"item\":\"https:\/\/fkzalgiris.lt\/\"},{\"@type\":\"ListItem\",\"position\":2,\"name\":\"Prie\u0161 \u201eNev\u0117\u017e\u012f\u201c namuose &#8211; did\u017eiausia sezono pergal\u0117\"}]},{\"@type\":\"WebSite\",\"@id\":\"https:\/\/fkzalgiris.lt\/#website\",\"url\":\"https:\/\/fkzalgiris.lt\/\",\"name\":\"FK \u017dalgiris\",\"description\":\"oficiali Vilniaus \u201e\u017dalgirio\u201c futbolo klubo svetain\u0117\",\"publisher\":{\"@id\":\"https:\/\/fkzalgiris.lt\/#organization\"},\"potentialAction\":[{\"@type\":\"SearchAction\",\"target\":{\"@type\":\"EntryPoint\",\"urlTemplate\":\"https:\/\/fkzalgiris.lt\/?s={search_term_string}\"},\"query-input\":{\"@type\":\"PropertyValueSpecification\",\"valueRequired\":true,\"valueName\":\"search_term_string\"}}],\"inLanguage\":\"lt-LT\"},{\"@type\":\"Organization\",\"@id\":\"https:\/\/fkzalgiris.lt\/#organization\",\"name\":\"FK \u017dalgiris\",\"url\":\"https:\/\/fkzalgiris.lt\/\",\"logo\":{\"@type\":\"ImageObject\",\"inLanguage\":\"lt-LT\",\"@id\":\"https:\/\/fkzalgiris.lt\/#\/schema\/logo\/image\/\",\"url\":\"https:\/\/fkzalgiris.lt\/wp-content\/uploads\/2024\/01\/horiz-FK-Zalgiris-logo-2015.png\",\"contentUrl\":\"https:\/\/fkzalgiris.lt\/wp-content\/uploads\/2024\/01\/horiz-FK-Zalgiris-logo-2015.png\",\"width\":3073,\"height\":2048,\"caption\":\"FK \u017dalgiris\"},\"image\":{\"@id\":\"https:\/\/fkzalgiris.lt\/#\/schema\/logo\/image\/\"},\"sameAs\":[\"https:\/\/www.facebook.com\/fkzalgiris\/\",\"https:\/\/x.com\/fkzalgiris\",\"https:\/\/www.instagram.com\/fkzalgiris\/\",\"https:\/\/www.youtube.com\/channel\/UC1ag8JLxGirltMUoLlzfZLA\"]},{\"@type\":\"Person\",\"@id\":\"https:\/\/fkzalgiris.lt\/#\/schema\/person\/8604babbba794a7d8767be324a3eaac8\",\"name\":\"J\"}]}<\/script>\n<!-- \/ Yoast SEO plugin. -->","yoast_head_json":{"title":"Prie\u0161 \u201eNev\u0117\u017e\u012f\u201c namuose - did\u017eiausia sezono pergal\u0117 - FK \u017dalgiris","robots":{"index":"index","follow":"follow","max-snippet":"max-snippet:-1","max-image-preview":"max-image-preview:large","max-video-preview":"max-video-preview:-1"},"canonical":"https:\/\/fkzalgiris.lt\/zalgiris-nevezis-tiesiogine-transliacija\/","og_locale":"lt_LT","og_type":"article","og_title":"Prie\u0161 \u201eNev\u0117\u017e\u012f\u201c namuose - did\u017eiausia sezono pergal\u0117 - FK \u017dalgiris","og_description":"Po rinktini\u0173 pertraukos \u012f A lygos kovas gr\u012f\u017e\u0119s \u201e\u017dalgiris\u201c namuose u\u017etikrintai \u012fveik\u0117 \u201eNev\u0117\u017e\u012f\u201c ir i\u0161kovojo did\u017eiausi\u0105 savo pergal\u0119 \u0161\u012f sezon\u0105. Trij\u0173 \u012fvar\u010di\u0173 persvar\u0105 \u017ealgirie\u010diai \u012fgijo\u2026","og_url":"https:\/\/fkzalgiris.lt\/zalgiris-nevezis-tiesiogine-transliacija\/","og_site_name":"FK \u017dalgiris","article_publisher":"https:\/\/www.facebook.com\/fkzalgiris\/","article_published_time":"2021-10-14T14:49:44+00:00","article_modified_time":"2021-10-14T18:37:41+00:00","og_image":[{"width":3356,"height":2259,"url":"https:\/\/fkzalgiris.lt\/wp-content\/uploads\/2024\/02\/social-horiz_Zalgiris_logo_2024.png","type":"image\/png"}],"author":"J","twitter_card":"summary_large_image","twitter_creator":"@fkzalgiris","twitter_site":"@fkzalgiris","twitter_misc":{"Written by":"J","Est. reading time":"1 minut\u0117"},"schema":{"@context":"https:\/\/schema.org","@graph":[{"@type":"Article","@id":"https:\/\/fkzalgiris.lt\/zalgiris-nevezis-tiesiogine-transliacija\/#article","isPartOf":{"@id":"https:\/\/fkzalgiris.lt\/zalgiris-nevezis-tiesiogine-transliacija\/"},"author":{"name":"J","@id":"https:\/\/fkzalgiris.lt\/#\/schema\/person\/8604babbba794a7d8767be324a3eaac8"},"headline":"Prie\u0161 \u201eNev\u0117\u017e\u012f\u201c namuose &#8211; did\u017eiausia sezono pergal\u0117","datePublished":"2021-10-14T14:49:44+00:00","dateModified":"2021-10-14T18:37:41+00:00","mainEntityOfPage":{"@id":"https:\/\/fkzalgiris.lt\/zalgiris-nevezis-tiesiogine-transliacija\/"},"wordCount":245,"publisher":{"@id":"https:\/\/fkzalgiris.lt\/#organization"},"inLanguage":"lt-LT"},{"@type":"WebPage","@id":"https:\/\/fkzalgiris.lt\/zalgiris-nevezis-tiesiogine-transliacija\/","url":"https:\/\/fkzalgiris.lt\/zalgiris-nevezis-tiesiogine-transliacija\/","name":"Prie\u0161 \u201eNev\u0117\u017e\u012f\u201c namuose - did\u017eiausia sezono pergal\u0117 - FK \u017dalgiris","isPartOf":{"@id":"https:\/\/fkzalgiris.lt\/#website"},"datePublished":"2021-10-14T14:49:44+00:00","dateModified":"2021-10-14T18:37:41+00:00","breadcrumb":{"@id":"https:\/\/fkzalgiris.lt\/zalgiris-nevezis-tiesiogine-transliacija\/#breadcrumb"},"inLanguage":"lt-LT","potentialAction":[{"@type":"ReadAction","target":["https:\/\/fkzalgiris.lt\/zalgiris-nevezis-tiesiogine-transliacija\/"]}]},{"@type":"BreadcrumbList","@id":"https:\/\/fkzalgiris.lt\/zalgiris-nevezis-tiesiogine-transliacija\/#breadcrumb","itemListElement":[{"@type":"ListItem","position":1,"name":"Home","item":"https:\/\/fkzalgiris.lt\/"},{"@type":"ListItem","position":2,"name":"Prie\u0161 \u201eNev\u0117\u017e\u012f\u201c namuose &#8211; did\u017eiausia sezono pergal\u0117"}]},{"@type":"WebSite","@id":"https:\/\/fkzalgiris.lt\/#website","url":"https:\/\/fkzalgiris.lt\/","name":"FK \u017dalgiris","description":"oficiali Vilniaus \u201e\u017dalgirio\u201c futbolo klubo svetain\u0117","publisher":{"@id":"https:\/\/fkzalgiris.lt\/#organization"},"potentialAction":[{"@type":"SearchAction","target":{"@type":"EntryPoint","urlTemplate":"https:\/\/fkzalgiris.lt\/?s={search_term_string}"},"query-input":{"@type":"PropertyValueSpecification","valueRequired":true,"valueName":"search_term_string"}}],"inLanguage":"lt-LT"},{"@type":"Organization","@id":"https:\/\/fkzalgiris.lt\/#organization","name":"FK \u017dalgiris","url":"https:\/\/fkzalgiris.lt\/","logo":{"@type":"ImageObject","inLanguage":"lt-LT","@id":"https:\/\/fkzalgiris.lt\/#\/schema\/logo\/image\/","url":"https:\/\/fkzalgiris.lt\/wp-content\/uploads\/2024\/01\/horiz-FK-Zalgiris-logo-2015.png","contentUrl":"https:\/\/fkzalgiris.lt\/wp-content\/uploads\/2024\/01\/horiz-FK-Zalgiris-logo-2015.png","width":3073,"height":2048,"caption":"FK \u017dalgiris"},"image":{"@id":"https:\/\/fkzalgiris.lt\/#\/schema\/logo\/image\/"},"sameAs":["https:\/\/www.facebook.com\/fkzalgiris\/","https:\/\/x.com\/fkzalgiris","https:\/\/www.instagram.com\/fkzalgiris\/","https:\/\/www.youtube.com\/channel\/UC1ag8JLxGirltMUoLlzfZLA"]},{"@type":"Person","@id":"https:\/\/fkzalgiris.lt\/#\/schema\/person\/8604babbba794a7d8767be324a3eaac8","name":"J"}]}},"_links":{"self":[{"href":"https:\/\/fkzalgiris.lt\/api\/wp\/v2\/posts\/6508","targetHints":{"allow":["GET"]}}],"collection":[{"href":"https:\/\/fkzalgiris.lt\/api\/wp\/v2\/posts"}],"about":[{"href":"https:\/\/fkzalgiris.lt\/api\/wp\/v2\/types\/post"}],"author":[{"embeddable":true,"href":"https:\/\/fkzalgiris.lt\/api\/wp\/v2\/users\/4"}],"replies":[{"embeddable":true,"href":"https:\/\/fkzalgiris.lt\/api\/wp\/v2\/comments?post=6508"}],"version-history":[{"count":4,"href":"https:\/\/fkzalgiris.lt\/api\/wp\/v2\/posts\/6508\/revisions"}],"predecessor-version":[{"id":6515,"href":"https:\/\/fkzalgiris.lt\/api\/wp\/v2\/posts\/6508\/revisions\/6515"}],"wp:attachment":[{"href":"https:\/\/fkzalgiris.lt\/api\/wp\/v2\/media?parent=6508"}],"wp:term":[{"taxonomy":"category","embeddable":true,"href":"https:\/\/fkzalgiris.lt\/api\/wp\/v2\/categories?post=6508"}],"curies":[{"name":"wp","href":"https:\/\/api.w.org\/{rel}","templated":true}]}}