{"id":6486,"date":"2021-10-07T12:55:43","date_gmt":"2021-10-07T09:55:43","guid":{"rendered":"https:\/\/fkzalgiris.lt\/?p=6486"},"modified":"2021-10-07T12:56:03","modified_gmt":"2021-10-07T09:56:03","slug":"g-jarusevicius-apie-paauglyste-tarp-vyru-kriksta-svajoniu-lyga-patarejus","status":"publish","type":"post","link":"https:\/\/fkzalgiris.lt\/g-jarusevicius-apie-paauglyste-tarp-vyru-kriksta-svajoniu-lyga-patarejus\/","title":{"rendered":"G. Jarusevi\u010dius apie paauglyst\u0119 tarp vyr\u0173, krik\u0161t\u0105, svajoni\u0173 lyg\u0105, patar\u0117jus"},"content":{"rendered":"<p>Gustas Jarusevi\u010dius gegu\u017e\u0119 sulauk\u0117 pilnametyst\u0117s, ta\u010diau gali jaustis vienu i\u0161 \u201e\u017dalgirio\u201c komandos senbuvi\u0173 \u2013 Vilniuje jis \u017eaid\u017eia tre\u010dius metus.<\/p>\n<p>Pastarieji du m\u0117nesiai saugui bene s\u0117kmingiausi atstovaujant Lietuvos \u010dempionams \u2013 jis nuolat pasirodo aik\u0161t\u0117je ir vis labiau prisideda prie komandos pasiekim\u0173.<\/p>\n<p>\u201e\u0160ans\u0173 sunku laukti, bet stengiesi toliau dirbti. Smagu, kad pasisek\u0117 \u012frodyti, kad galiu \u017eaisti A lygos pirmaujan\u010dioje komandoje, tikiuosi, kad toliau \u012frodin\u0117siu k\u0105 sugebu\u201c, &#8211; kalb\u0117jo G. Jarusevi\u010dius.<\/p>\n<p>Suaugusi\u0173j\u0173 futbole jis jau penktus metus, nors dar ne taip senai apskritai prad\u0117jo \u017eaisti futbol\u0105.<\/p>\n<p>Kieme su kitais vaikais \u017eaidus\u012f futbol\u0105 Gust\u0105 i\u0161bandyti treniruotes pakviet\u0117 draugas dar\u017eelyje, prad\u0117jo sportuoti pas trener\u012f \u0160ar\u016bn\u0105 Klimavi\u010di\u0173. \u201eKai at\u0117jau \u012f pirm\u0105 treniruot\u0119 ir treneris paklaus\u0117 kas tavo idealas, atsakiau, kad a\u0161 pats, &#8211; i\u0161 trenerio primintos istorijos juok\u0117si Gustas.<\/p>\n<p>Nuo ma\u017eens jis buvo didesnis, stipresnis u\u017e bendraam\u017eius, \u017eaisdavo u\u017e vyresnius. Trylikmetis prad\u0117jo treniruotis su Alytaus \u201eDainava\u201c. \u00a0Pirmoje treniruot\u0117je gavo krik\u0161t\u0105 \u2013 dvikovoje komandos draugas pataik\u0117 alk\u016bne.<\/p>\n<p>\u201eStipriai jaut\u0117si am\u017eiaus skirtumas, kur visiems vis 20-30 met\u0173, o tau vos trylika. Atrod\u0117, k\u0105 \u010dia veiki toje r\u016bbin\u0117je tarp vis\u0173 d\u0117d\u017ei\u0173\u201c, &#8211; prisimin\u0117 Gustas.<\/p>\n<p>Ta\u010diau ilgainiui jis \u012frod\u0117, jog geba prisitaikyti ir vyr\u0173 futbole. Po met\u0173 treniruo\u010di\u0173 prad\u0117jo \u017eaisti \u201eDainavoje\u201c, peln\u0117 pirmuosius \u012fvar\u010dius Pirmoje lygoje. \u201eTreneris Donatas Vencevi\u010dius pasitik\u0117jo, leido \u012frodyti. Buvo puiki komanda, leido mu\u0161ti \u012fvar\u010dius\u201c, &#8211; teig\u0117 futbolininkas.<\/p>\n<p>15 met\u0173 G. Jarusevi\u010dius pasirinko ne bandyti laim\u0119 u\u017esienyje, o keliauti \u012f Vilni\u0173 ir atstovauti daugkartiniams Lietuvos \u010dempionams.<\/p>\n<p>\u201eDaug \u017emoni\u0173 pad\u0117jo priimti sprendim\u0105. T\u0117vai, treneris, kiti treneriai, kiti futbolo \u017emon\u0117s. Gal\u0117jau i\u0161vykti \u012f Italij\u0105, Anglij\u0105, Lenkij\u0105. U\u017esienis dar baid\u0117 tokio am\u017eiaus, tuo metu \u201e\u017dalgiris\u201c pasi\u016bl\u0117 tinkamas s\u0105lygas tobul\u0117ti Lietuvoje ir buvo priimtas sprendimas pasilikti \u010dia\u201c, &#8211; prisimin\u0117 G. Jarusevi\u010dius.<\/p>\n<p>Visgi jei ateityje atsirast\u0173 galimyb\u0119, jo svajoni\u0173 stotel\u0117 \u00a0\u2013 Anglijos \u201ePremier\u201c lyga. \u00a0\u201ePatinka angli\u0161kas futbolas, nes m\u0117gstu su\u017eaisti kietai, pasistumdyti. Jei gal\u0117\u010diau rinktis, ei\u010diau \u012f \u201eManchester United\u201c klub\u0105\u201c, &#8211; teig\u0117 jis.<\/p>\n<p>Vaikyst\u0117je jis mok\u0117si i\u0161 vietos Alytaus futbolinink\u0173, \u017eav\u0117josi Lietuvos rinktin\u0117s lyderi\u0173 &#8211; Arvydo Novikovo, Fedoro \u010cernycho, taip pat C. Ronaldo, Robino Van Persie, Thierry Henry \u017eaidimu. Atvykus \u012f \u201e\u017dalgir\u012f\u201c jis mok\u0117si i\u0161 Liviu Antalio, o dabar labiausiai atkreipia d\u0117mes\u012f \u012f Hugo Videmonto pasirodymus.<\/p>\n<p>Patarim\u0173, kritikos ir pagalbos jaunajam \u017eaid\u0117jui pateikia labiausiai patyr\u0119 komandos nariai &#8211; Saulius Mikoli\u016bnas, Mantas Kuklys, Ivanas Tatomirovi\u010dius, Ovidijus Verbickas.<\/p>\n<p>\u201eTreniruot\u0117s metu b\u016bna kad apsipyksti, nepatinka k\u0105 pasak\u0117. Po treniruot\u0117s prieini atsipra\u0161ai, pagalvoji, kad teisyb\u0119 pasak\u0117, priimi ir \u012fsisavini. Bandai kitoje treniruot\u0117je klaidos nekartoti\u201c, &#8211; teig\u0117 G. Jarusevi\u010dius.<\/p>\n<p>Skirtingai nei daugelis bendraam\u017ei\u0173, laisvalaikiu jis visai ne\u017eaid\u017eia vaizdo \u017eaidim\u0173, ta\u010diau m\u0117gsta \u017evejyb\u0105, grybavim\u0105 ir kit\u0105 aktyv\u0173 laisvalaik\u012f lauke.<\/p>\n<p>I\u0161samesnis pokalbis su G. Jarusevi\u010diumi \u2013 \u201e\u017dalgiris TV\u201c laidoje \u201e\u017daliai Balta Pertrauka\u201c.<\/p>\n","protected":false},"excerpt":{"rendered":"<p>Gustas Jarusevi\u010dius gegu\u017e\u0119 sulauk\u0117 pilnametyst\u0117s, ta\u010diau gali jaustis vienu i\u0161 \u201e\u017dalgirio\u201c komandos senbuvi\u0173 \u2013 Vilniuje jis \u017eaid\u017eia tre\u010dius metus. Pastarieji du m\u0117nesiai saugui bene s\u0117kmingiausi\u2026<\/p>\n","protected":false},"author":4,"featured_media":0,"comment_status":"closed","ping_status":"closed","sticky":false,"template":"","format":"standard","meta":{"_acf_changed":false,"footnotes":""},"categories":[1],"class_list":["post-6486","post","type-post","status-publish","format-standard","hentry","category-be-kategorijos"],"acf":[],"yoast_head":"<!-- This site is optimized with the Yoast SEO plugin v26.8 - https:\/\/yoast.com\/product\/yoast-seo-wordpress\/ -->\n<title>G. Jarusevi\u010dius apie paauglyst\u0119 tarp vyr\u0173, krik\u0161t\u0105, svajoni\u0173 lyg\u0105, patar\u0117jus - FK \u017dalgiris<\/title>\n<meta name=\"robots\" content=\"index, follow, max-snippet:-1, max-image-preview:large, max-video-preview:-1\" \/>\n<link rel=\"canonical\" href=\"https:\/\/fkzalgiris.lt\/g-jarusevicius-apie-paauglyste-tarp-vyru-kriksta-svajoniu-lyga-patarejus\/\" \/>\n<meta property=\"og:locale\" content=\"lt_LT\" \/>\n<meta property=\"og:type\" content=\"article\" \/>\n<meta property=\"og:title\" content=\"G. Jarusevi\u010dius apie paauglyst\u0119 tarp vyr\u0173, krik\u0161t\u0105, svajoni\u0173 lyg\u0105, patar\u0117jus - FK \u017dalgiris\" \/>\n<meta property=\"og:description\" content=\"Gustas Jarusevi\u010dius gegu\u017e\u0119 sulauk\u0117 pilnametyst\u0117s, ta\u010diau gali jaustis vienu i\u0161 \u201e\u017dalgirio\u201c komandos senbuvi\u0173 \u2013 Vilniuje jis \u017eaid\u017eia tre\u010dius metus. Pastarieji du m\u0117nesiai saugui bene s\u0117kmingiausi\u2026\" \/>\n<meta property=\"og:url\" content=\"https:\/\/fkzalgiris.lt\/g-jarusevicius-apie-paauglyste-tarp-vyru-kriksta-svajoniu-lyga-patarejus\/\" \/>\n<meta property=\"og:site_name\" content=\"FK \u017dalgiris\" \/>\n<meta property=\"article:publisher\" content=\"https:\/\/www.facebook.com\/fkzalgiris\/\" \/>\n<meta property=\"article:published_time\" content=\"2021-10-07T09:55:43+00:00\" \/>\n<meta property=\"article:modified_time\" content=\"2021-10-07T09:56:03+00:00\" \/>\n<meta property=\"og:image\" content=\"https:\/\/fkzalgiris.lt\/wp-content\/uploads\/2024\/02\/social-horiz_Zalgiris_logo_2024.png\" \/>\n\t<meta property=\"og:image:width\" content=\"3356\" \/>\n\t<meta property=\"og:image:height\" content=\"2259\" \/>\n\t<meta property=\"og:image:type\" content=\"image\/png\" \/>\n<meta name=\"author\" content=\"J\" \/>\n<meta name=\"twitter:card\" content=\"summary_large_image\" \/>\n<meta name=\"twitter:creator\" content=\"@fkzalgiris\" \/>\n<meta name=\"twitter:site\" content=\"@fkzalgiris\" \/>\n<meta name=\"twitter:label1\" content=\"Written by\" \/>\n\t<meta name=\"twitter:data1\" content=\"J\" \/>\n\t<meta name=\"twitter:label2\" content=\"Est. reading time\" \/>\n\t<meta name=\"twitter:data2\" content=\"2 minut\u0117s\" \/>\n<script type=\"application\/ld+json\" class=\"yoast-schema-graph\">{\"@context\":\"https:\/\/schema.org\",\"@graph\":[{\"@type\":\"Article\",\"@id\":\"https:\/\/fkzalgiris.lt\/g-jarusevicius-apie-paauglyste-tarp-vyru-kriksta-svajoniu-lyga-patarejus\/#article\",\"isPartOf\":{\"@id\":\"https:\/\/fkzalgiris.lt\/g-jarusevicius-apie-paauglyste-tarp-vyru-kriksta-svajoniu-lyga-patarejus\/\"},\"author\":{\"name\":\"J\",\"@id\":\"https:\/\/fkzalgiris.lt\/#\/schema\/person\/8604babbba794a7d8767be324a3eaac8\"},\"headline\":\"G. Jarusevi\u010dius apie paauglyst\u0119 tarp vyr\u0173, krik\u0161t\u0105, svajoni\u0173 lyg\u0105, patar\u0117jus\",\"datePublished\":\"2021-10-07T09:55:43+00:00\",\"dateModified\":\"2021-10-07T09:56:03+00:00\",\"mainEntityOfPage\":{\"@id\":\"https:\/\/fkzalgiris.lt\/g-jarusevicius-apie-paauglyste-tarp-vyru-kriksta-svajoniu-lyga-patarejus\/\"},\"wordCount\":506,\"publisher\":{\"@id\":\"https:\/\/fkzalgiris.lt\/#organization\"},\"inLanguage\":\"lt-LT\"},{\"@type\":\"WebPage\",\"@id\":\"https:\/\/fkzalgiris.lt\/g-jarusevicius-apie-paauglyste-tarp-vyru-kriksta-svajoniu-lyga-patarejus\/\",\"url\":\"https:\/\/fkzalgiris.lt\/g-jarusevicius-apie-paauglyste-tarp-vyru-kriksta-svajoniu-lyga-patarejus\/\",\"name\":\"G. Jarusevi\u010dius apie paauglyst\u0119 tarp vyr\u0173, krik\u0161t\u0105, svajoni\u0173 lyg\u0105, patar\u0117jus - FK \u017dalgiris\",\"isPartOf\":{\"@id\":\"https:\/\/fkzalgiris.lt\/#website\"},\"datePublished\":\"2021-10-07T09:55:43+00:00\",\"dateModified\":\"2021-10-07T09:56:03+00:00\",\"breadcrumb\":{\"@id\":\"https:\/\/fkzalgiris.lt\/g-jarusevicius-apie-paauglyste-tarp-vyru-kriksta-svajoniu-lyga-patarejus\/#breadcrumb\"},\"inLanguage\":\"lt-LT\",\"potentialAction\":[{\"@type\":\"ReadAction\",\"target\":[\"https:\/\/fkzalgiris.lt\/g-jarusevicius-apie-paauglyste-tarp-vyru-kriksta-svajoniu-lyga-patarejus\/\"]}]},{\"@type\":\"BreadcrumbList\",\"@id\":\"https:\/\/fkzalgiris.lt\/g-jarusevicius-apie-paauglyste-tarp-vyru-kriksta-svajoniu-lyga-patarejus\/#breadcrumb\",\"itemListElement\":[{\"@type\":\"ListItem\",\"position\":1,\"name\":\"Home\",\"item\":\"https:\/\/fkzalgiris.lt\/\"},{\"@type\":\"ListItem\",\"position\":2,\"name\":\"G. Jarusevi\u010dius apie paauglyst\u0119 tarp vyr\u0173, krik\u0161t\u0105, svajoni\u0173 lyg\u0105, patar\u0117jus\"}]},{\"@type\":\"WebSite\",\"@id\":\"https:\/\/fkzalgiris.lt\/#website\",\"url\":\"https:\/\/fkzalgiris.lt\/\",\"name\":\"FK \u017dalgiris\",\"description\":\"oficiali Vilniaus \u201e\u017dalgirio\u201c futbolo klubo svetain\u0117\",\"publisher\":{\"@id\":\"https:\/\/fkzalgiris.lt\/#organization\"},\"potentialAction\":[{\"@type\":\"SearchAction\",\"target\":{\"@type\":\"EntryPoint\",\"urlTemplate\":\"https:\/\/fkzalgiris.lt\/?s={search_term_string}\"},\"query-input\":{\"@type\":\"PropertyValueSpecification\",\"valueRequired\":true,\"valueName\":\"search_term_string\"}}],\"inLanguage\":\"lt-LT\"},{\"@type\":\"Organization\",\"@id\":\"https:\/\/fkzalgiris.lt\/#organization\",\"name\":\"FK \u017dalgiris\",\"url\":\"https:\/\/fkzalgiris.lt\/\",\"logo\":{\"@type\":\"ImageObject\",\"inLanguage\":\"lt-LT\",\"@id\":\"https:\/\/fkzalgiris.lt\/#\/schema\/logo\/image\/\",\"url\":\"https:\/\/fkzalgiris.lt\/wp-content\/uploads\/2024\/01\/horiz-FK-Zalgiris-logo-2015.png\",\"contentUrl\":\"https:\/\/fkzalgiris.lt\/wp-content\/uploads\/2024\/01\/horiz-FK-Zalgiris-logo-2015.png\",\"width\":3073,\"height\":2048,\"caption\":\"FK \u017dalgiris\"},\"image\":{\"@id\":\"https:\/\/fkzalgiris.lt\/#\/schema\/logo\/image\/\"},\"sameAs\":[\"https:\/\/www.facebook.com\/fkzalgiris\/\",\"https:\/\/x.com\/fkzalgiris\",\"https:\/\/www.instagram.com\/fkzalgiris\/\",\"https:\/\/www.youtube.com\/channel\/UC1ag8JLxGirltMUoLlzfZLA\"]},{\"@type\":\"Person\",\"@id\":\"https:\/\/fkzalgiris.lt\/#\/schema\/person\/8604babbba794a7d8767be324a3eaac8\",\"name\":\"J\"}]}<\/script>\n<!-- \/ Yoast SEO plugin. -->","yoast_head_json":{"title":"G. Jarusevi\u010dius apie paauglyst\u0119 tarp vyr\u0173, krik\u0161t\u0105, svajoni\u0173 lyg\u0105, patar\u0117jus - FK \u017dalgiris","robots":{"index":"index","follow":"follow","max-snippet":"max-snippet:-1","max-image-preview":"max-image-preview:large","max-video-preview":"max-video-preview:-1"},"canonical":"https:\/\/fkzalgiris.lt\/g-jarusevicius-apie-paauglyste-tarp-vyru-kriksta-svajoniu-lyga-patarejus\/","og_locale":"lt_LT","og_type":"article","og_title":"G. Jarusevi\u010dius apie paauglyst\u0119 tarp vyr\u0173, krik\u0161t\u0105, svajoni\u0173 lyg\u0105, patar\u0117jus - FK \u017dalgiris","og_description":"Gustas Jarusevi\u010dius gegu\u017e\u0119 sulauk\u0117 pilnametyst\u0117s, ta\u010diau gali jaustis vienu i\u0161 \u201e\u017dalgirio\u201c komandos senbuvi\u0173 \u2013 Vilniuje jis \u017eaid\u017eia tre\u010dius metus. Pastarieji du m\u0117nesiai saugui bene s\u0117kmingiausi\u2026","og_url":"https:\/\/fkzalgiris.lt\/g-jarusevicius-apie-paauglyste-tarp-vyru-kriksta-svajoniu-lyga-patarejus\/","og_site_name":"FK \u017dalgiris","article_publisher":"https:\/\/www.facebook.com\/fkzalgiris\/","article_published_time":"2021-10-07T09:55:43+00:00","article_modified_time":"2021-10-07T09:56:03+00:00","og_image":[{"width":3356,"height":2259,"url":"https:\/\/fkzalgiris.lt\/wp-content\/uploads\/2024\/02\/social-horiz_Zalgiris_logo_2024.png","type":"image\/png"}],"author":"J","twitter_card":"summary_large_image","twitter_creator":"@fkzalgiris","twitter_site":"@fkzalgiris","twitter_misc":{"Written by":"J","Est. reading time":"2 minut\u0117s"},"schema":{"@context":"https:\/\/schema.org","@graph":[{"@type":"Article","@id":"https:\/\/fkzalgiris.lt\/g-jarusevicius-apie-paauglyste-tarp-vyru-kriksta-svajoniu-lyga-patarejus\/#article","isPartOf":{"@id":"https:\/\/fkzalgiris.lt\/g-jarusevicius-apie-paauglyste-tarp-vyru-kriksta-svajoniu-lyga-patarejus\/"},"author":{"name":"J","@id":"https:\/\/fkzalgiris.lt\/#\/schema\/person\/8604babbba794a7d8767be324a3eaac8"},"headline":"G. Jarusevi\u010dius apie paauglyst\u0119 tarp vyr\u0173, krik\u0161t\u0105, svajoni\u0173 lyg\u0105, patar\u0117jus","datePublished":"2021-10-07T09:55:43+00:00","dateModified":"2021-10-07T09:56:03+00:00","mainEntityOfPage":{"@id":"https:\/\/fkzalgiris.lt\/g-jarusevicius-apie-paauglyste-tarp-vyru-kriksta-svajoniu-lyga-patarejus\/"},"wordCount":506,"publisher":{"@id":"https:\/\/fkzalgiris.lt\/#organization"},"inLanguage":"lt-LT"},{"@type":"WebPage","@id":"https:\/\/fkzalgiris.lt\/g-jarusevicius-apie-paauglyste-tarp-vyru-kriksta-svajoniu-lyga-patarejus\/","url":"https:\/\/fkzalgiris.lt\/g-jarusevicius-apie-paauglyste-tarp-vyru-kriksta-svajoniu-lyga-patarejus\/","name":"G. Jarusevi\u010dius apie paauglyst\u0119 tarp vyr\u0173, krik\u0161t\u0105, svajoni\u0173 lyg\u0105, patar\u0117jus - FK \u017dalgiris","isPartOf":{"@id":"https:\/\/fkzalgiris.lt\/#website"},"datePublished":"2021-10-07T09:55:43+00:00","dateModified":"2021-10-07T09:56:03+00:00","breadcrumb":{"@id":"https:\/\/fkzalgiris.lt\/g-jarusevicius-apie-paauglyste-tarp-vyru-kriksta-svajoniu-lyga-patarejus\/#breadcrumb"},"inLanguage":"lt-LT","potentialAction":[{"@type":"ReadAction","target":["https:\/\/fkzalgiris.lt\/g-jarusevicius-apie-paauglyste-tarp-vyru-kriksta-svajoniu-lyga-patarejus\/"]}]},{"@type":"BreadcrumbList","@id":"https:\/\/fkzalgiris.lt\/g-jarusevicius-apie-paauglyste-tarp-vyru-kriksta-svajoniu-lyga-patarejus\/#breadcrumb","itemListElement":[{"@type":"ListItem","position":1,"name":"Home","item":"https:\/\/fkzalgiris.lt\/"},{"@type":"ListItem","position":2,"name":"G. Jarusevi\u010dius apie paauglyst\u0119 tarp vyr\u0173, krik\u0161t\u0105, svajoni\u0173 lyg\u0105, patar\u0117jus"}]},{"@type":"WebSite","@id":"https:\/\/fkzalgiris.lt\/#website","url":"https:\/\/fkzalgiris.lt\/","name":"FK \u017dalgiris","description":"oficiali Vilniaus \u201e\u017dalgirio\u201c futbolo klubo svetain\u0117","publisher":{"@id":"https:\/\/fkzalgiris.lt\/#organization"},"potentialAction":[{"@type":"SearchAction","target":{"@type":"EntryPoint","urlTemplate":"https:\/\/fkzalgiris.lt\/?s={search_term_string}"},"query-input":{"@type":"PropertyValueSpecification","valueRequired":true,"valueName":"search_term_string"}}],"inLanguage":"lt-LT"},{"@type":"Organization","@id":"https:\/\/fkzalgiris.lt\/#organization","name":"FK \u017dalgiris","url":"https:\/\/fkzalgiris.lt\/","logo":{"@type":"ImageObject","inLanguage":"lt-LT","@id":"https:\/\/fkzalgiris.lt\/#\/schema\/logo\/image\/","url":"https:\/\/fkzalgiris.lt\/wp-content\/uploads\/2024\/01\/horiz-FK-Zalgiris-logo-2015.png","contentUrl":"https:\/\/fkzalgiris.lt\/wp-content\/uploads\/2024\/01\/horiz-FK-Zalgiris-logo-2015.png","width":3073,"height":2048,"caption":"FK \u017dalgiris"},"image":{"@id":"https:\/\/fkzalgiris.lt\/#\/schema\/logo\/image\/"},"sameAs":["https:\/\/www.facebook.com\/fkzalgiris\/","https:\/\/x.com\/fkzalgiris","https:\/\/www.instagram.com\/fkzalgiris\/","https:\/\/www.youtube.com\/channel\/UC1ag8JLxGirltMUoLlzfZLA"]},{"@type":"Person","@id":"https:\/\/fkzalgiris.lt\/#\/schema\/person\/8604babbba794a7d8767be324a3eaac8","name":"J"}]}},"_links":{"self":[{"href":"https:\/\/fkzalgiris.lt\/api\/wp\/v2\/posts\/6486","targetHints":{"allow":["GET"]}}],"collection":[{"href":"https:\/\/fkzalgiris.lt\/api\/wp\/v2\/posts"}],"about":[{"href":"https:\/\/fkzalgiris.lt\/api\/wp\/v2\/types\/post"}],"author":[{"embeddable":true,"href":"https:\/\/fkzalgiris.lt\/api\/wp\/v2\/users\/4"}],"replies":[{"embeddable":true,"href":"https:\/\/fkzalgiris.lt\/api\/wp\/v2\/comments?post=6486"}],"version-history":[{"count":2,"href":"https:\/\/fkzalgiris.lt\/api\/wp\/v2\/posts\/6486\/revisions"}],"predecessor-version":[{"id":6489,"href":"https:\/\/fkzalgiris.lt\/api\/wp\/v2\/posts\/6486\/revisions\/6489"}],"wp:attachment":[{"href":"https:\/\/fkzalgiris.lt\/api\/wp\/v2\/media?parent=6486"}],"wp:term":[{"taxonomy":"category","embeddable":true,"href":"https:\/\/fkzalgiris.lt\/api\/wp\/v2\/categories?post=6486"}],"curies":[{"name":"wp","href":"https:\/\/api.w.org\/{rel}","templated":true}]}}