{"id":6199,"date":"2021-08-31T12:31:28","date_gmt":"2021-08-31T09:31:28","guid":{"rendered":"https:\/\/fkzalgiris.lt\/?p=6199"},"modified":"2021-09-03T11:18:54","modified_gmt":"2021-09-03T08:18:54","slug":"trijose-rinktinese-desimt-zalgirieciu","status":"publish","type":"post","link":"https:\/\/fkzalgiris.lt\/trijose-rinktinese-desimt-zalgirieciu\/","title":{"rendered":"Trijose rinktin\u0117se \u2013 de\u0161imt \u017ealgirie\u010di\u0173"},"content":{"rendered":"<p>De\u0161imt \u017ealgirie\u010di\u0173 ruo\u0161iasi rugs\u0117jo prad\u017eioje vyksian\u010dioms Lietuvos rinktini\u0173 rungtyn\u0117ms.<\/p>\n<p>\u012e vyr\u0173 komand\u0105 kviesti keturi \u201e\u017dalgirio\u201c \u017eaid\u0117jai &#8211; vartininkas Edvinas Gertmonas, saugai Ovidijus Verbickas, Karolis Uz\u0117la ir gyn\u0117jas Saulius Mikoli\u016bnas. Ta\u010diau pastarasis negal\u0117s pad\u0117ti rinktinei d\u0117l savaitgal\u012f A lygos rungtyn\u0117se patirtos traumos.<\/p>\n<p>K. Uz\u0117la \u012f vyr\u0173 rinktin\u0119 kvie\u010diamas antr\u0105 kart\u0105, ta\u010diau stovykloje bus pirm\u0105 kart\u0105, nes anks\u010diau d\u0117l traumos negal\u0117jo prisijungti prie rinktin\u0117s.<\/p>\n<p>Rugs\u0117jo 2-\u0105j\u0105 Lietuvos rinktin\u0117 Vilniuje, LFF stadione atrankoje \u012f Pasaulio \u010dempionat\u0105 susitiks su \u0160iaur\u0117s Airija. Rugs\u0117jo 5 ir 8 dienomis lietuvi\u0173 laukia i\u0161vykos rungtyn\u0117s Bulgarijoje ir Italijoje.<\/p>\n<p>Jaunimo (U-21) rinktinei atstovaus gyn\u0117jas Nojus Stankevi\u010dius, saugai Gustas Jarusevi\u010dius, Vilius Piliukaitis, puol\u0117jas Meinardas Mikul\u0117nas.<\/p>\n<p>U-21 komanda nauj\u0105 atrankos \u012f Europos \u010dempionat\u0105 cikl\u0105 prad\u0117s rugs\u0117jo 3 dien\u0105 sve\u010diuose su Slovakija. Rugs\u0117jo 7-\u0105j\u0105 m\u016bsi\u0161kiams teks Vilniuje pasitikrinti j\u0117gas su daugkartine \u0161ios am\u017eiaus grup\u0117s \u010dempione Ispanija.<\/p>\n<p>Dar trij\u0173 \u017ealgirie\u010di\u0173 laukia kontrolin\u0117s rungtyn\u0117s Arm\u0117nijoje. \u012e U-19 rinktin\u0119 joms pakviesti gyn\u0117jas Gabrielis Nikonovas, saugas Ervinas Vilkaitis ir nuomos pagrindais \u201eNev\u0117\u017eiui\u201c \u0161\u012f sezon\u0105 atstovaujantis Motiejus Burba.<\/p>\n<p>Lietuvos ir Arm\u0117nijos U-19 rinktin\u0117s susitiks du kartus \u2013 rugs\u0117jo 3 ir 5 dienomis \u2013 Jerevane.<\/p>\n<p>\u201e\u017dalgiris\u201c po rinktini\u0173 pertraukos \u012f A lygos kovas gr\u012f\u0161 rugs\u0117jo 12-\u0105j\u0105 rungtyn\u0117ms sve\u010diuose su \u201eKauno \u017dalgiriu\u201c.<\/p>\n","protected":false},"excerpt":{"rendered":"<p>De\u0161imt \u017ealgirie\u010di\u0173 ruo\u0161iasi rugs\u0117jo prad\u017eioje vyksian\u010dioms Lietuvos rinktini\u0173 rungtyn\u0117ms. \u012e vyr\u0173 komand\u0105 kviesti keturi \u201e\u017dalgirio\u201c \u017eaid\u0117jai &#8211; vartininkas Edvinas Gertmonas, saugai Ovidijus Verbickas, Karolis Uz\u0117la\u2026<\/p>\n","protected":false},"author":4,"featured_media":0,"comment_status":"closed","ping_status":"closed","sticky":false,"template":"","format":"standard","meta":{"_acf_changed":false,"footnotes":""},"categories":[1],"class_list":["post-6199","post","type-post","status-publish","format-standard","hentry","category-be-kategorijos"],"acf":[],"yoast_head":"<!-- This site is optimized with the Yoast SEO plugin v26.8 - https:\/\/yoast.com\/product\/yoast-seo-wordpress\/ -->\n<title>Trijose rinktin\u0117se \u2013 de\u0161imt \u017ealgirie\u010di\u0173 - FK \u017dalgiris<\/title>\n<meta name=\"robots\" content=\"index, follow, max-snippet:-1, max-image-preview:large, max-video-preview:-1\" \/>\n<link rel=\"canonical\" href=\"https:\/\/fkzalgiris.lt\/trijose-rinktinese-desimt-zalgirieciu\/\" \/>\n<meta property=\"og:locale\" content=\"lt_LT\" \/>\n<meta property=\"og:type\" content=\"article\" \/>\n<meta property=\"og:title\" content=\"Trijose rinktin\u0117se \u2013 de\u0161imt \u017ealgirie\u010di\u0173 - FK \u017dalgiris\" \/>\n<meta property=\"og:description\" content=\"De\u0161imt \u017ealgirie\u010di\u0173 ruo\u0161iasi rugs\u0117jo prad\u017eioje vyksian\u010dioms Lietuvos rinktini\u0173 rungtyn\u0117ms. \u012e vyr\u0173 komand\u0105 kviesti keturi \u201e\u017dalgirio\u201c \u017eaid\u0117jai &#8211; vartininkas Edvinas Gertmonas, saugai Ovidijus Verbickas, Karolis Uz\u0117la\u2026\" \/>\n<meta property=\"og:url\" content=\"https:\/\/fkzalgiris.lt\/trijose-rinktinese-desimt-zalgirieciu\/\" \/>\n<meta property=\"og:site_name\" content=\"FK \u017dalgiris\" \/>\n<meta property=\"article:publisher\" content=\"https:\/\/www.facebook.com\/fkzalgiris\/\" \/>\n<meta property=\"article:published_time\" content=\"2021-08-31T09:31:28+00:00\" \/>\n<meta property=\"article:modified_time\" content=\"2021-09-03T08:18:54+00:00\" \/>\n<meta property=\"og:image\" content=\"https:\/\/fkzalgiris.lt\/wp-content\/uploads\/2024\/02\/social-horiz_Zalgiris_logo_2024.png\" \/>\n\t<meta property=\"og:image:width\" content=\"3356\" \/>\n\t<meta property=\"og:image:height\" content=\"2259\" \/>\n\t<meta property=\"og:image:type\" content=\"image\/png\" \/>\n<meta name=\"author\" content=\"J\" \/>\n<meta name=\"twitter:card\" content=\"summary_large_image\" \/>\n<meta name=\"twitter:creator\" content=\"@fkzalgiris\" \/>\n<meta name=\"twitter:site\" content=\"@fkzalgiris\" \/>\n<meta name=\"twitter:label1\" content=\"Written by\" \/>\n\t<meta name=\"twitter:data1\" content=\"J\" \/>\n\t<meta name=\"twitter:label2\" content=\"Est. reading time\" \/>\n\t<meta name=\"twitter:data2\" content=\"1 minut\u0117\" \/>\n<script type=\"application\/ld+json\" class=\"yoast-schema-graph\">{\"@context\":\"https:\/\/schema.org\",\"@graph\":[{\"@type\":\"Article\",\"@id\":\"https:\/\/fkzalgiris.lt\/trijose-rinktinese-desimt-zalgirieciu\/#article\",\"isPartOf\":{\"@id\":\"https:\/\/fkzalgiris.lt\/trijose-rinktinese-desimt-zalgirieciu\/\"},\"author\":{\"name\":\"J\",\"@id\":\"https:\/\/fkzalgiris.lt\/#\/schema\/person\/8604babbba794a7d8767be324a3eaac8\"},\"headline\":\"Trijose rinktin\u0117se \u2013 de\u0161imt \u017ealgirie\u010di\u0173\",\"datePublished\":\"2021-08-31T09:31:28+00:00\",\"dateModified\":\"2021-09-03T08:18:54+00:00\",\"mainEntityOfPage\":{\"@id\":\"https:\/\/fkzalgiris.lt\/trijose-rinktinese-desimt-zalgirieciu\/\"},\"wordCount\":242,\"publisher\":{\"@id\":\"https:\/\/fkzalgiris.lt\/#organization\"},\"inLanguage\":\"lt-LT\"},{\"@type\":\"WebPage\",\"@id\":\"https:\/\/fkzalgiris.lt\/trijose-rinktinese-desimt-zalgirieciu\/\",\"url\":\"https:\/\/fkzalgiris.lt\/trijose-rinktinese-desimt-zalgirieciu\/\",\"name\":\"Trijose rinktin\u0117se \u2013 de\u0161imt \u017ealgirie\u010di\u0173 - FK \u017dalgiris\",\"isPartOf\":{\"@id\":\"https:\/\/fkzalgiris.lt\/#website\"},\"datePublished\":\"2021-08-31T09:31:28+00:00\",\"dateModified\":\"2021-09-03T08:18:54+00:00\",\"breadcrumb\":{\"@id\":\"https:\/\/fkzalgiris.lt\/trijose-rinktinese-desimt-zalgirieciu\/#breadcrumb\"},\"inLanguage\":\"lt-LT\",\"potentialAction\":[{\"@type\":\"ReadAction\",\"target\":[\"https:\/\/fkzalgiris.lt\/trijose-rinktinese-desimt-zalgirieciu\/\"]}]},{\"@type\":\"BreadcrumbList\",\"@id\":\"https:\/\/fkzalgiris.lt\/trijose-rinktinese-desimt-zalgirieciu\/#breadcrumb\",\"itemListElement\":[{\"@type\":\"ListItem\",\"position\":1,\"name\":\"Home\",\"item\":\"https:\/\/fkzalgiris.lt\/\"},{\"@type\":\"ListItem\",\"position\":2,\"name\":\"Trijose rinktin\u0117se \u2013 de\u0161imt \u017ealgirie\u010di\u0173\"}]},{\"@type\":\"WebSite\",\"@id\":\"https:\/\/fkzalgiris.lt\/#website\",\"url\":\"https:\/\/fkzalgiris.lt\/\",\"name\":\"FK \u017dalgiris\",\"description\":\"oficiali Vilniaus \u201e\u017dalgirio\u201c futbolo klubo svetain\u0117\",\"publisher\":{\"@id\":\"https:\/\/fkzalgiris.lt\/#organization\"},\"potentialAction\":[{\"@type\":\"SearchAction\",\"target\":{\"@type\":\"EntryPoint\",\"urlTemplate\":\"https:\/\/fkzalgiris.lt\/?s={search_term_string}\"},\"query-input\":{\"@type\":\"PropertyValueSpecification\",\"valueRequired\":true,\"valueName\":\"search_term_string\"}}],\"inLanguage\":\"lt-LT\"},{\"@type\":\"Organization\",\"@id\":\"https:\/\/fkzalgiris.lt\/#organization\",\"name\":\"FK \u017dalgiris\",\"url\":\"https:\/\/fkzalgiris.lt\/\",\"logo\":{\"@type\":\"ImageObject\",\"inLanguage\":\"lt-LT\",\"@id\":\"https:\/\/fkzalgiris.lt\/#\/schema\/logo\/image\/\",\"url\":\"https:\/\/fkzalgiris.lt\/wp-content\/uploads\/2024\/01\/horiz-FK-Zalgiris-logo-2015.png\",\"contentUrl\":\"https:\/\/fkzalgiris.lt\/wp-content\/uploads\/2024\/01\/horiz-FK-Zalgiris-logo-2015.png\",\"width\":3073,\"height\":2048,\"caption\":\"FK \u017dalgiris\"},\"image\":{\"@id\":\"https:\/\/fkzalgiris.lt\/#\/schema\/logo\/image\/\"},\"sameAs\":[\"https:\/\/www.facebook.com\/fkzalgiris\/\",\"https:\/\/x.com\/fkzalgiris\",\"https:\/\/www.instagram.com\/fkzalgiris\/\",\"https:\/\/www.youtube.com\/channel\/UC1ag8JLxGirltMUoLlzfZLA\"]},{\"@type\":\"Person\",\"@id\":\"https:\/\/fkzalgiris.lt\/#\/schema\/person\/8604babbba794a7d8767be324a3eaac8\",\"name\":\"J\"}]}<\/script>\n<!-- \/ Yoast SEO plugin. -->","yoast_head_json":{"title":"Trijose rinktin\u0117se \u2013 de\u0161imt \u017ealgirie\u010di\u0173 - FK \u017dalgiris","robots":{"index":"index","follow":"follow","max-snippet":"max-snippet:-1","max-image-preview":"max-image-preview:large","max-video-preview":"max-video-preview:-1"},"canonical":"https:\/\/fkzalgiris.lt\/trijose-rinktinese-desimt-zalgirieciu\/","og_locale":"lt_LT","og_type":"article","og_title":"Trijose rinktin\u0117se \u2013 de\u0161imt \u017ealgirie\u010di\u0173 - FK \u017dalgiris","og_description":"De\u0161imt \u017ealgirie\u010di\u0173 ruo\u0161iasi rugs\u0117jo prad\u017eioje vyksian\u010dioms Lietuvos rinktini\u0173 rungtyn\u0117ms. \u012e vyr\u0173 komand\u0105 kviesti keturi \u201e\u017dalgirio\u201c \u017eaid\u0117jai &#8211; vartininkas Edvinas Gertmonas, saugai Ovidijus Verbickas, Karolis Uz\u0117la\u2026","og_url":"https:\/\/fkzalgiris.lt\/trijose-rinktinese-desimt-zalgirieciu\/","og_site_name":"FK \u017dalgiris","article_publisher":"https:\/\/www.facebook.com\/fkzalgiris\/","article_published_time":"2021-08-31T09:31:28+00:00","article_modified_time":"2021-09-03T08:18:54+00:00","og_image":[{"width":3356,"height":2259,"url":"https:\/\/fkzalgiris.lt\/wp-content\/uploads\/2024\/02\/social-horiz_Zalgiris_logo_2024.png","type":"image\/png"}],"author":"J","twitter_card":"summary_large_image","twitter_creator":"@fkzalgiris","twitter_site":"@fkzalgiris","twitter_misc":{"Written by":"J","Est. reading time":"1 minut\u0117"},"schema":{"@context":"https:\/\/schema.org","@graph":[{"@type":"Article","@id":"https:\/\/fkzalgiris.lt\/trijose-rinktinese-desimt-zalgirieciu\/#article","isPartOf":{"@id":"https:\/\/fkzalgiris.lt\/trijose-rinktinese-desimt-zalgirieciu\/"},"author":{"name":"J","@id":"https:\/\/fkzalgiris.lt\/#\/schema\/person\/8604babbba794a7d8767be324a3eaac8"},"headline":"Trijose rinktin\u0117se \u2013 de\u0161imt \u017ealgirie\u010di\u0173","datePublished":"2021-08-31T09:31:28+00:00","dateModified":"2021-09-03T08:18:54+00:00","mainEntityOfPage":{"@id":"https:\/\/fkzalgiris.lt\/trijose-rinktinese-desimt-zalgirieciu\/"},"wordCount":242,"publisher":{"@id":"https:\/\/fkzalgiris.lt\/#organization"},"inLanguage":"lt-LT"},{"@type":"WebPage","@id":"https:\/\/fkzalgiris.lt\/trijose-rinktinese-desimt-zalgirieciu\/","url":"https:\/\/fkzalgiris.lt\/trijose-rinktinese-desimt-zalgirieciu\/","name":"Trijose rinktin\u0117se \u2013 de\u0161imt \u017ealgirie\u010di\u0173 - FK \u017dalgiris","isPartOf":{"@id":"https:\/\/fkzalgiris.lt\/#website"},"datePublished":"2021-08-31T09:31:28+00:00","dateModified":"2021-09-03T08:18:54+00:00","breadcrumb":{"@id":"https:\/\/fkzalgiris.lt\/trijose-rinktinese-desimt-zalgirieciu\/#breadcrumb"},"inLanguage":"lt-LT","potentialAction":[{"@type":"ReadAction","target":["https:\/\/fkzalgiris.lt\/trijose-rinktinese-desimt-zalgirieciu\/"]}]},{"@type":"BreadcrumbList","@id":"https:\/\/fkzalgiris.lt\/trijose-rinktinese-desimt-zalgirieciu\/#breadcrumb","itemListElement":[{"@type":"ListItem","position":1,"name":"Home","item":"https:\/\/fkzalgiris.lt\/"},{"@type":"ListItem","position":2,"name":"Trijose rinktin\u0117se \u2013 de\u0161imt \u017ealgirie\u010di\u0173"}]},{"@type":"WebSite","@id":"https:\/\/fkzalgiris.lt\/#website","url":"https:\/\/fkzalgiris.lt\/","name":"FK \u017dalgiris","description":"oficiali Vilniaus \u201e\u017dalgirio\u201c futbolo klubo svetain\u0117","publisher":{"@id":"https:\/\/fkzalgiris.lt\/#organization"},"potentialAction":[{"@type":"SearchAction","target":{"@type":"EntryPoint","urlTemplate":"https:\/\/fkzalgiris.lt\/?s={search_term_string}"},"query-input":{"@type":"PropertyValueSpecification","valueRequired":true,"valueName":"search_term_string"}}],"inLanguage":"lt-LT"},{"@type":"Organization","@id":"https:\/\/fkzalgiris.lt\/#organization","name":"FK \u017dalgiris","url":"https:\/\/fkzalgiris.lt\/","logo":{"@type":"ImageObject","inLanguage":"lt-LT","@id":"https:\/\/fkzalgiris.lt\/#\/schema\/logo\/image\/","url":"https:\/\/fkzalgiris.lt\/wp-content\/uploads\/2024\/01\/horiz-FK-Zalgiris-logo-2015.png","contentUrl":"https:\/\/fkzalgiris.lt\/wp-content\/uploads\/2024\/01\/horiz-FK-Zalgiris-logo-2015.png","width":3073,"height":2048,"caption":"FK \u017dalgiris"},"image":{"@id":"https:\/\/fkzalgiris.lt\/#\/schema\/logo\/image\/"},"sameAs":["https:\/\/www.facebook.com\/fkzalgiris\/","https:\/\/x.com\/fkzalgiris","https:\/\/www.instagram.com\/fkzalgiris\/","https:\/\/www.youtube.com\/channel\/UC1ag8JLxGirltMUoLlzfZLA"]},{"@type":"Person","@id":"https:\/\/fkzalgiris.lt\/#\/schema\/person\/8604babbba794a7d8767be324a3eaac8","name":"J"}]}},"_links":{"self":[{"href":"https:\/\/fkzalgiris.lt\/api\/wp\/v2\/posts\/6199","targetHints":{"allow":["GET"]}}],"collection":[{"href":"https:\/\/fkzalgiris.lt\/api\/wp\/v2\/posts"}],"about":[{"href":"https:\/\/fkzalgiris.lt\/api\/wp\/v2\/types\/post"}],"author":[{"embeddable":true,"href":"https:\/\/fkzalgiris.lt\/api\/wp\/v2\/users\/4"}],"replies":[{"embeddable":true,"href":"https:\/\/fkzalgiris.lt\/api\/wp\/v2\/comments?post=6199"}],"version-history":[{"count":7,"href":"https:\/\/fkzalgiris.lt\/api\/wp\/v2\/posts\/6199\/revisions"}],"predecessor-version":[{"id":6221,"href":"https:\/\/fkzalgiris.lt\/api\/wp\/v2\/posts\/6199\/revisions\/6221"}],"wp:attachment":[{"href":"https:\/\/fkzalgiris.lt\/api\/wp\/v2\/media?parent=6199"}],"wp:term":[{"taxonomy":"category","embeddable":true,"href":"https:\/\/fkzalgiris.lt\/api\/wp\/v2\/categories?post=6199"}],"curies":[{"name":"wp","href":"https:\/\/api.w.org\/{rel}","templated":true}]}}