{"id":6193,"date":"2021-08-30T11:46:49","date_gmt":"2021-08-30T08:46:49","guid":{"rendered":"https:\/\/fkzalgiris.lt\/?p=6193"},"modified":"2021-08-30T12:01:30","modified_gmt":"2021-08-30T09:01:30","slug":"g-jarusevicius-tikejome-tai-parodeme-kovoje-ir-laimejomei","status":"publish","type":"post","link":"https:\/\/fkzalgiris.lt\/g-jarusevicius-tikejome-tai-parodeme-kovoje-ir-laimejomei\/","title":{"rendered":"G. Jarusevi\u010dius: \u201eTik\u0117jome, tai parod\u0117me kovoje ir laim\u0117jome\u201c"},"content":{"rendered":"<p>Po sunkios pergal\u0117s A lygoje \u201e\u017dalgirio\u201c treneris Vladimiras \u010ceburinas pa\u017eym\u0117jo psichologin\u0119 laim\u0117jimo svarb\u0105, o pasi\u017eym\u0117j\u0119s jaunasis saugas Gustas Jarusevi\u010dius teig\u0117, kad teko paaukoti daug j\u0117g\u0173.<\/p>\n<p>Rungtyn\u0117se Alytuje prie\u0161 \u201eDainav\u0105\u201c \u017ealgirie\u010diai dukart buvo besivejan\u010di\u0173 vaidmenyje, bet abu kartus lygino rezultat\u0105, o antrojo k\u0117linio viduryje \u2013 ir persv\u0117r\u0117 savo naudai, kol gal\u0173 gale laim\u0117jo 4:2.<\/p>\n<p>Pasak trenerio, atsitiesti po sezon\u0105 Europoje u\u017ebaigusio pralaim\u0117jimo prie\u0161 Bud\u0117s \u201eGlimt\u201c buvo sud\u0117tinga.<\/p>\n<p>\u201eSugr\u012f\u017eimas i\u0161 vieno fronto \u012f kit\u0105 visada sunkus. Nes\u0117kmingas mums rezultatas Norvegijoje atsiliep\u0117 psichologi\u0161kai. Ta\u010diau bravo \u017eaid\u0117jams. Jie atpirko savo klaidas, du praleistus \u012fvar\u010dius. \u201eDainava\u201c labai rimtai nusiteik\u0117 \u0161ioms rungtyn\u0117ms. Buvo daug kovos, noro. Noriu pasveikinti savo \u017eaid\u0117jus d\u0117l atsidavimo. \u0160i sud\u0117tis \u017eaid\u0117 ir prie\u0161 kelias dienas, buvo ma\u017eai laiko atsigauti. Ta\u010diau tai buvo labai svarbu psichologi\u0161kai. Jie i\u0161\u0117jo \u012f aik\u0161t\u0119 ir parod\u0117 pirmiausia sau, jog futbolas susideda i\u0161 \u012fvairi\u0173 svarbi\u0173 moment\u0173. \u010cia daug lemia psichologija\u201c, &#8211; teig\u0117 V. \u010ceburinas.<\/p>\n<div class=\"embed-responsive embed-responsive-16by9 mb-4\"><iframe title=\"TRENERIO KOMENTARAS | \u010cEBURIN | DAINAVA - \u017dALGIRIS | A LYGA | REACTION [CC]\" src=\"https:\/\/www.youtube.com\/embed\/Xzae_tCI2_o?feature=oembed\" frameborder=\"0\" allow=\"accelerometer; autoplay; clipboard-write; encrypted-media; gyroscope; picture-in-picture; web-share\" referrerpolicy=\"strict-origin-when-cross-origin\" allowfullscreen><\/iframe> <\/div>\n<p>\u201e\u017dalgiris\u201c du kartus neapdariai su\u017eaid\u0119 gynyboje leido var\u017eovams pelnyti lengvus \u012fvar\u010dius. V. \u010ceburinas kaip vien\u0105 i\u0161 faktori\u0173 \u012fvardijo aik\u0161t\u0117s pasikeitim\u0105.<\/p>\n<p>\u201ePaskutines rungtynes \u017eaid\u0117me ant dirbtin\u0117s dangos. \u0160\u012f kart\u0105 ant nat\u016bralios vejos kamuolys skriejo kiek grei\u010diau d\u0117l lietaus. Nesusitvark\u0117me su tuo, leidome var\u017eovams tur\u0117ti ger\u0173 prog\u0173. Var\u017eovas progas i\u0161naudojo, nors j\u0173 buvo nedaug. Ta\u010diau prie \u012fvar\u010di\u0173 prived\u0117 m\u016bs\u0173 klaidos\u201c, &#8211; teig\u0117 treneris.<\/p>\n<p>Vienas i\u0161 lemiam\u0173 faktori\u0173 akistatoje tapo Gusto Jarusevi\u010diaus pasirodymas aik\u0161t\u0117je po keitimo. Gimtajame mieste \u017eaid\u0119s alyti\u0161kis atliko rezultatyv\u0173 perdavim\u0105 Tomislavui Ki\u0161ui ir dvikovos pabaigoje \u012fmu\u0161\u0117 pats.<\/p>\n<p>\u201eRezultatas rodo, kad rungtyn\u0117s buvo nervingos. Atsilikin\u0117jome du kartus, teko paaukoti daug j\u0117g\u0173. Bet visi sukovojo 120 procent\u0173, atidirbo ir gale i\u0161pl\u0117\u0161\u0117me pergal\u0119, &#8211; kalb\u0117jo G. Jarusevi\u010dius &#8211; Jei netik\u0117si \u2013 niekada nepavyks. Mes tik\u0117jome, ir tai parod\u0117me kovoje. Tik\u0117jome, nor\u0117jome laim\u0117ti ir laim\u0117jome. Treneris pasak\u0117, kad reik\u0117s padirb\u0117ti, ir apsiginti, ir u\u017epulti. Liep\u0117 padirb\u0117ti nuo \u0161irdies taip ir padariau.\u201c<\/p>\n<p>\u201eJis yra i\u0161 t\u0173 \u017eaid\u0117j\u0173, kurie yra m\u016bs\u0173 ateitis. Tikime juo, kaip ir kitais. Kas geriau ir produktyviau dirba tas ir i\u0161eina \u012f aik\u0161t\u0119. Ne atsitiktinumas, kad jis pasirod\u0117 aik\u0161t\u0117je. Jis \u017eaid\u0117 ir Europos tauri\u0173 rungtyn\u0117se. Pasitikime tais, kas labai stengiasi\u201c, &#8211; patikino V. \u010ceburinas.<\/p>\n<p>Po \u0161ios akistatos \u201e\u017dalgirio\u201c ir kit\u0173 A lygos komand\u0173 laukia atokv\u0117pis \u2013 beveik dvi savaites klubin\u0117s var\u017eybos u\u017eleis viet\u0105 nacionalin\u0117ms rinktin\u0117ms. Kitos \u201e\u017dalgirio\u201c rungtyn\u0117s numatytos rugs\u0117jo 12-\u0105j\u0105 sve\u010diuose prie\u0161 \u201eKauno \u017dalgir\u012f\u201c.<\/p>\n","protected":false},"excerpt":{"rendered":"<p>Po sunkios pergal\u0117s A lygoje \u201e\u017dalgirio\u201c treneris Vladimiras \u010ceburinas pa\u017eym\u0117jo psichologin\u0119 laim\u0117jimo svarb\u0105, o pasi\u017eym\u0117j\u0119s jaunasis saugas Gustas Jarusevi\u010dius teig\u0117, kad teko paaukoti daug j\u0117g\u0173.\u2026<\/p>\n","protected":false},"author":4,"featured_media":0,"comment_status":"closed","ping_status":"closed","sticky":false,"template":"","format":"standard","meta":{"_acf_changed":false,"footnotes":""},"categories":[1],"class_list":["post-6193","post","type-post","status-publish","format-standard","hentry","category-be-kategorijos"],"acf":[],"yoast_head":"<!-- This site is optimized with the Yoast SEO plugin v26.8 - https:\/\/yoast.com\/product\/yoast-seo-wordpress\/ -->\n<title>G. Jarusevi\u010dius: \u201eTik\u0117jome, tai parod\u0117me kovoje ir laim\u0117jome\u201c - FK \u017dalgiris<\/title>\n<meta name=\"robots\" content=\"index, follow, max-snippet:-1, max-image-preview:large, max-video-preview:-1\" \/>\n<link rel=\"canonical\" href=\"https:\/\/fkzalgiris.lt\/g-jarusevicius-tikejome-tai-parodeme-kovoje-ir-laimejomei\/\" \/>\n<meta property=\"og:locale\" content=\"lt_LT\" \/>\n<meta property=\"og:type\" content=\"article\" \/>\n<meta property=\"og:title\" content=\"G. Jarusevi\u010dius: \u201eTik\u0117jome, tai parod\u0117me kovoje ir laim\u0117jome\u201c - FK \u017dalgiris\" \/>\n<meta property=\"og:description\" content=\"Po sunkios pergal\u0117s A lygoje \u201e\u017dalgirio\u201c treneris Vladimiras \u010ceburinas pa\u017eym\u0117jo psichologin\u0119 laim\u0117jimo svarb\u0105, o pasi\u017eym\u0117j\u0119s jaunasis saugas Gustas Jarusevi\u010dius teig\u0117, kad teko paaukoti daug j\u0117g\u0173.\u2026\" \/>\n<meta property=\"og:url\" content=\"https:\/\/fkzalgiris.lt\/g-jarusevicius-tikejome-tai-parodeme-kovoje-ir-laimejomei\/\" \/>\n<meta property=\"og:site_name\" content=\"FK \u017dalgiris\" \/>\n<meta property=\"article:publisher\" content=\"https:\/\/www.facebook.com\/fkzalgiris\/\" \/>\n<meta property=\"article:published_time\" content=\"2021-08-30T08:46:49+00:00\" \/>\n<meta property=\"article:modified_time\" content=\"2021-08-30T09:01:30+00:00\" \/>\n<meta property=\"og:image\" content=\"https:\/\/fkzalgiris.lt\/wp-content\/uploads\/2024\/02\/social-horiz_Zalgiris_logo_2024.png\" \/>\n\t<meta property=\"og:image:width\" content=\"3356\" \/>\n\t<meta property=\"og:image:height\" content=\"2259\" \/>\n\t<meta property=\"og:image:type\" content=\"image\/png\" \/>\n<meta name=\"author\" content=\"J\" \/>\n<meta name=\"twitter:card\" content=\"summary_large_image\" \/>\n<meta name=\"twitter:creator\" content=\"@fkzalgiris\" \/>\n<meta name=\"twitter:site\" content=\"@fkzalgiris\" \/>\n<meta name=\"twitter:label1\" content=\"Written by\" \/>\n\t<meta name=\"twitter:data1\" content=\"J\" \/>\n\t<meta name=\"twitter:label2\" content=\"Est. reading time\" \/>\n\t<meta name=\"twitter:data2\" content=\"2 minut\u0117s\" \/>\n<script type=\"application\/ld+json\" class=\"yoast-schema-graph\">{\"@context\":\"https:\/\/schema.org\",\"@graph\":[{\"@type\":\"Article\",\"@id\":\"https:\/\/fkzalgiris.lt\/g-jarusevicius-tikejome-tai-parodeme-kovoje-ir-laimejomei\/#article\",\"isPartOf\":{\"@id\":\"https:\/\/fkzalgiris.lt\/g-jarusevicius-tikejome-tai-parodeme-kovoje-ir-laimejomei\/\"},\"author\":{\"name\":\"J\",\"@id\":\"https:\/\/fkzalgiris.lt\/#\/schema\/person\/8604babbba794a7d8767be324a3eaac8\"},\"headline\":\"G. Jarusevi\u010dius: \u201eTik\u0117jome, tai parod\u0117me kovoje ir laim\u0117jome\u201c\",\"datePublished\":\"2021-08-30T08:46:49+00:00\",\"dateModified\":\"2021-08-30T09:01:30+00:00\",\"mainEntityOfPage\":{\"@id\":\"https:\/\/fkzalgiris.lt\/g-jarusevicius-tikejome-tai-parodeme-kovoje-ir-laimejomei\/\"},\"wordCount\":473,\"publisher\":{\"@id\":\"https:\/\/fkzalgiris.lt\/#organization\"},\"inLanguage\":\"lt-LT\"},{\"@type\":\"WebPage\",\"@id\":\"https:\/\/fkzalgiris.lt\/g-jarusevicius-tikejome-tai-parodeme-kovoje-ir-laimejomei\/\",\"url\":\"https:\/\/fkzalgiris.lt\/g-jarusevicius-tikejome-tai-parodeme-kovoje-ir-laimejomei\/\",\"name\":\"G. Jarusevi\u010dius: \u201eTik\u0117jome, tai parod\u0117me kovoje ir laim\u0117jome\u201c - FK \u017dalgiris\",\"isPartOf\":{\"@id\":\"https:\/\/fkzalgiris.lt\/#website\"},\"datePublished\":\"2021-08-30T08:46:49+00:00\",\"dateModified\":\"2021-08-30T09:01:30+00:00\",\"breadcrumb\":{\"@id\":\"https:\/\/fkzalgiris.lt\/g-jarusevicius-tikejome-tai-parodeme-kovoje-ir-laimejomei\/#breadcrumb\"},\"inLanguage\":\"lt-LT\",\"potentialAction\":[{\"@type\":\"ReadAction\",\"target\":[\"https:\/\/fkzalgiris.lt\/g-jarusevicius-tikejome-tai-parodeme-kovoje-ir-laimejomei\/\"]}]},{\"@type\":\"BreadcrumbList\",\"@id\":\"https:\/\/fkzalgiris.lt\/g-jarusevicius-tikejome-tai-parodeme-kovoje-ir-laimejomei\/#breadcrumb\",\"itemListElement\":[{\"@type\":\"ListItem\",\"position\":1,\"name\":\"Home\",\"item\":\"https:\/\/fkzalgiris.lt\/\"},{\"@type\":\"ListItem\",\"position\":2,\"name\":\"G. Jarusevi\u010dius: \u201eTik\u0117jome, tai parod\u0117me kovoje ir laim\u0117jome\u201c\"}]},{\"@type\":\"WebSite\",\"@id\":\"https:\/\/fkzalgiris.lt\/#website\",\"url\":\"https:\/\/fkzalgiris.lt\/\",\"name\":\"FK \u017dalgiris\",\"description\":\"oficiali Vilniaus \u201e\u017dalgirio\u201c futbolo klubo svetain\u0117\",\"publisher\":{\"@id\":\"https:\/\/fkzalgiris.lt\/#organization\"},\"potentialAction\":[{\"@type\":\"SearchAction\",\"target\":{\"@type\":\"EntryPoint\",\"urlTemplate\":\"https:\/\/fkzalgiris.lt\/?s={search_term_string}\"},\"query-input\":{\"@type\":\"PropertyValueSpecification\",\"valueRequired\":true,\"valueName\":\"search_term_string\"}}],\"inLanguage\":\"lt-LT\"},{\"@type\":\"Organization\",\"@id\":\"https:\/\/fkzalgiris.lt\/#organization\",\"name\":\"FK \u017dalgiris\",\"url\":\"https:\/\/fkzalgiris.lt\/\",\"logo\":{\"@type\":\"ImageObject\",\"inLanguage\":\"lt-LT\",\"@id\":\"https:\/\/fkzalgiris.lt\/#\/schema\/logo\/image\/\",\"url\":\"https:\/\/fkzalgiris.lt\/wp-content\/uploads\/2024\/01\/horiz-FK-Zalgiris-logo-2015.png\",\"contentUrl\":\"https:\/\/fkzalgiris.lt\/wp-content\/uploads\/2024\/01\/horiz-FK-Zalgiris-logo-2015.png\",\"width\":3073,\"height\":2048,\"caption\":\"FK \u017dalgiris\"},\"image\":{\"@id\":\"https:\/\/fkzalgiris.lt\/#\/schema\/logo\/image\/\"},\"sameAs\":[\"https:\/\/www.facebook.com\/fkzalgiris\/\",\"https:\/\/x.com\/fkzalgiris\",\"https:\/\/www.instagram.com\/fkzalgiris\/\",\"https:\/\/www.youtube.com\/channel\/UC1ag8JLxGirltMUoLlzfZLA\"]},{\"@type\":\"Person\",\"@id\":\"https:\/\/fkzalgiris.lt\/#\/schema\/person\/8604babbba794a7d8767be324a3eaac8\",\"name\":\"J\"}]}<\/script>\n<!-- \/ Yoast SEO plugin. -->","yoast_head_json":{"title":"G. Jarusevi\u010dius: \u201eTik\u0117jome, tai parod\u0117me kovoje ir laim\u0117jome\u201c - FK \u017dalgiris","robots":{"index":"index","follow":"follow","max-snippet":"max-snippet:-1","max-image-preview":"max-image-preview:large","max-video-preview":"max-video-preview:-1"},"canonical":"https:\/\/fkzalgiris.lt\/g-jarusevicius-tikejome-tai-parodeme-kovoje-ir-laimejomei\/","og_locale":"lt_LT","og_type":"article","og_title":"G. Jarusevi\u010dius: \u201eTik\u0117jome, tai parod\u0117me kovoje ir laim\u0117jome\u201c - FK \u017dalgiris","og_description":"Po sunkios pergal\u0117s A lygoje \u201e\u017dalgirio\u201c treneris Vladimiras \u010ceburinas pa\u017eym\u0117jo psichologin\u0119 laim\u0117jimo svarb\u0105, o pasi\u017eym\u0117j\u0119s jaunasis saugas Gustas Jarusevi\u010dius teig\u0117, kad teko paaukoti daug j\u0117g\u0173.\u2026","og_url":"https:\/\/fkzalgiris.lt\/g-jarusevicius-tikejome-tai-parodeme-kovoje-ir-laimejomei\/","og_site_name":"FK \u017dalgiris","article_publisher":"https:\/\/www.facebook.com\/fkzalgiris\/","article_published_time":"2021-08-30T08:46:49+00:00","article_modified_time":"2021-08-30T09:01:30+00:00","og_image":[{"width":3356,"height":2259,"url":"https:\/\/fkzalgiris.lt\/wp-content\/uploads\/2024\/02\/social-horiz_Zalgiris_logo_2024.png","type":"image\/png"}],"author":"J","twitter_card":"summary_large_image","twitter_creator":"@fkzalgiris","twitter_site":"@fkzalgiris","twitter_misc":{"Written by":"J","Est. reading time":"2 minut\u0117s"},"schema":{"@context":"https:\/\/schema.org","@graph":[{"@type":"Article","@id":"https:\/\/fkzalgiris.lt\/g-jarusevicius-tikejome-tai-parodeme-kovoje-ir-laimejomei\/#article","isPartOf":{"@id":"https:\/\/fkzalgiris.lt\/g-jarusevicius-tikejome-tai-parodeme-kovoje-ir-laimejomei\/"},"author":{"name":"J","@id":"https:\/\/fkzalgiris.lt\/#\/schema\/person\/8604babbba794a7d8767be324a3eaac8"},"headline":"G. Jarusevi\u010dius: \u201eTik\u0117jome, tai parod\u0117me kovoje ir laim\u0117jome\u201c","datePublished":"2021-08-30T08:46:49+00:00","dateModified":"2021-08-30T09:01:30+00:00","mainEntityOfPage":{"@id":"https:\/\/fkzalgiris.lt\/g-jarusevicius-tikejome-tai-parodeme-kovoje-ir-laimejomei\/"},"wordCount":473,"publisher":{"@id":"https:\/\/fkzalgiris.lt\/#organization"},"inLanguage":"lt-LT"},{"@type":"WebPage","@id":"https:\/\/fkzalgiris.lt\/g-jarusevicius-tikejome-tai-parodeme-kovoje-ir-laimejomei\/","url":"https:\/\/fkzalgiris.lt\/g-jarusevicius-tikejome-tai-parodeme-kovoje-ir-laimejomei\/","name":"G. Jarusevi\u010dius: \u201eTik\u0117jome, tai parod\u0117me kovoje ir laim\u0117jome\u201c - FK \u017dalgiris","isPartOf":{"@id":"https:\/\/fkzalgiris.lt\/#website"},"datePublished":"2021-08-30T08:46:49+00:00","dateModified":"2021-08-30T09:01:30+00:00","breadcrumb":{"@id":"https:\/\/fkzalgiris.lt\/g-jarusevicius-tikejome-tai-parodeme-kovoje-ir-laimejomei\/#breadcrumb"},"inLanguage":"lt-LT","potentialAction":[{"@type":"ReadAction","target":["https:\/\/fkzalgiris.lt\/g-jarusevicius-tikejome-tai-parodeme-kovoje-ir-laimejomei\/"]}]},{"@type":"BreadcrumbList","@id":"https:\/\/fkzalgiris.lt\/g-jarusevicius-tikejome-tai-parodeme-kovoje-ir-laimejomei\/#breadcrumb","itemListElement":[{"@type":"ListItem","position":1,"name":"Home","item":"https:\/\/fkzalgiris.lt\/"},{"@type":"ListItem","position":2,"name":"G. Jarusevi\u010dius: \u201eTik\u0117jome, tai parod\u0117me kovoje ir laim\u0117jome\u201c"}]},{"@type":"WebSite","@id":"https:\/\/fkzalgiris.lt\/#website","url":"https:\/\/fkzalgiris.lt\/","name":"FK \u017dalgiris","description":"oficiali Vilniaus \u201e\u017dalgirio\u201c futbolo klubo svetain\u0117","publisher":{"@id":"https:\/\/fkzalgiris.lt\/#organization"},"potentialAction":[{"@type":"SearchAction","target":{"@type":"EntryPoint","urlTemplate":"https:\/\/fkzalgiris.lt\/?s={search_term_string}"},"query-input":{"@type":"PropertyValueSpecification","valueRequired":true,"valueName":"search_term_string"}}],"inLanguage":"lt-LT"},{"@type":"Organization","@id":"https:\/\/fkzalgiris.lt\/#organization","name":"FK \u017dalgiris","url":"https:\/\/fkzalgiris.lt\/","logo":{"@type":"ImageObject","inLanguage":"lt-LT","@id":"https:\/\/fkzalgiris.lt\/#\/schema\/logo\/image\/","url":"https:\/\/fkzalgiris.lt\/wp-content\/uploads\/2024\/01\/horiz-FK-Zalgiris-logo-2015.png","contentUrl":"https:\/\/fkzalgiris.lt\/wp-content\/uploads\/2024\/01\/horiz-FK-Zalgiris-logo-2015.png","width":3073,"height":2048,"caption":"FK \u017dalgiris"},"image":{"@id":"https:\/\/fkzalgiris.lt\/#\/schema\/logo\/image\/"},"sameAs":["https:\/\/www.facebook.com\/fkzalgiris\/","https:\/\/x.com\/fkzalgiris","https:\/\/www.instagram.com\/fkzalgiris\/","https:\/\/www.youtube.com\/channel\/UC1ag8JLxGirltMUoLlzfZLA"]},{"@type":"Person","@id":"https:\/\/fkzalgiris.lt\/#\/schema\/person\/8604babbba794a7d8767be324a3eaac8","name":"J"}]}},"_links":{"self":[{"href":"https:\/\/fkzalgiris.lt\/api\/wp\/v2\/posts\/6193","targetHints":{"allow":["GET"]}}],"collection":[{"href":"https:\/\/fkzalgiris.lt\/api\/wp\/v2\/posts"}],"about":[{"href":"https:\/\/fkzalgiris.lt\/api\/wp\/v2\/types\/post"}],"author":[{"embeddable":true,"href":"https:\/\/fkzalgiris.lt\/api\/wp\/v2\/users\/4"}],"replies":[{"embeddable":true,"href":"https:\/\/fkzalgiris.lt\/api\/wp\/v2\/comments?post=6193"}],"version-history":[{"count":4,"href":"https:\/\/fkzalgiris.lt\/api\/wp\/v2\/posts\/6193\/revisions"}],"predecessor-version":[{"id":6198,"href":"https:\/\/fkzalgiris.lt\/api\/wp\/v2\/posts\/6193\/revisions\/6198"}],"wp:attachment":[{"href":"https:\/\/fkzalgiris.lt\/api\/wp\/v2\/media?parent=6193"}],"wp:term":[{"taxonomy":"category","embeddable":true,"href":"https:\/\/fkzalgiris.lt\/api\/wp\/v2\/categories?post=6193"}],"curies":[{"name":"wp","href":"https:\/\/api.w.org\/{rel}","templated":true}]}}