{"id":6152,"date":"2021-08-26T00:40:40","date_gmt":"2021-08-25T21:40:40","guid":{"rendered":"https:\/\/fkzalgiris.lt\/?p=6152"},"modified":"2021-08-26T00:41:43","modified_gmt":"2021-08-25T21:41:43","slug":"norvegiskas-zalgirio-dezavu-su-auksta-pergales-kaina","status":"publish","type":"post","link":"https:\/\/fkzalgiris.lt\/norvegiskas-zalgirio-dezavu-su-auksta-pergales-kaina\/","title":{"rendered":"Norvegi\u0161kas \u201e\u017dalgirio\u201c de\u017eavu su auk\u0161ta pergal\u0117s kaina"},"content":{"rendered":"<p>Pergal\u0117s Norvegijoje kaina &#8211; kelialapis ten kur \u201e\u017dalgiris\u201c dar n\u0117ra buv\u0119s. Toks <em>deja vu <\/em>scenarijus Vilniaus komandai susid\u0117liojo antrus metus i\u0161 eil\u0117s. Prie\u0161 beveik metus akistatos su Bud\u0117s \u201eGlimt\u201c prizas buvo kelion\u0117 \u012f \u201eSan Siro\u201c ir akistata su \u201eAC Milan\u201c. \u0160iemet Lietuvos \u010dempionams dvikova su stipriausia norveg\u0173 komanda sve\u010diuose &#8211; paskutinis \u0161ansas \u0161\u012f sezon\u0105 prasibrauti \u012f UEFA turnyr\u0173 grupi\u0173 etap\u0105.<\/p>\n<p>Pernai d\u0117l pandemijos \u201e\u017dalgiris\u201c \u017eaid\u0117 tik vienerias rungtynes ir prie\u0161 \u201eGlimt\u201c pralaim\u0117jo 1:3. \u0160iemet dvikova Norvegijoje bus atsakomoji, ta\u010diau po pirm\u0173j\u0173 rungtyni\u0173 n\u0117 vienai komandai ne\u012fgijus prana\u0161umo. Pasikeitus \u012fvar\u010di\u0173 sve\u010diuose taisyklei Vilniuje u\u017efiksuotas rezultatas 2:2 nepastato \u017ealgirie\u010di\u0173 \u012f sud\u0117tingesn\u0119 pad\u0117t\u012f \u2013 viskas tarsi prasideda i\u0161 naujo.<\/p>\n<p>\u201eGalb\u016bt bus lengviau, o galb\u016bt sunkiau. Jie \u017eaid\u017eia savo stadione su savo aistruoliais. Ta\u010diau visi supranta rungtyni\u0173 svarb\u0105, ne pirmas rungtynes \u017eaid\u017eiame tokiame lygyje. Bandysime \u017eaisti savo \u017eaidim\u0105. Jie yra gerai organizuoti. Jei norime tur\u0117ti prana\u0161um\u0105, turime b\u016bti dar geriau organizuoti. Tai vienerios rungtyn\u0117s, kurios labai daug rei\u0161kia\u201c, &#8211; samprotavo \u201e\u017dalgirio\u201c strategas Vladimiras \u010ceburinas.<\/p>\n<p>Esminis skirtumas nuo pra\u0117jusi\u0173 met\u0173 \u2013 \u0161\u012f kart\u0105 abiej\u0173 komand\u0173 treneriai tur\u0117jo savait\u0119 laiko ir ma\u017eiausiai 90 minu\u010di\u0173 aktualios med\u017eiagos var\u017eov\u0173 analizei. \u201ePirmosios rungtyn\u0117s &#8211; kaip abiej\u0173 komand\u0173 pasiruo\u0161imo i\u0161bandymas. Ie\u0161koma rakt\u0173 prie\u0161 var\u017eov\u0173 \u017eaidim\u0105. K\u0105 ruo\u0161ia oponentas, kokia jo \u017eaidimo filosofija ir stilius. Pirmose rungtyn\u0117se pasitikrinome vienas kit\u0105 &#8211; Kaip \u017eaid\u017eiame mes, kaip \u017eaid\u017eia jie\u201c, &#8211; vertino pirm\u0105 dvikov\u0105 treneris.<\/p>\n<p>Papildomo peno apm\u0105stymams strategams tur\u0117jo suteikti ir savaitgalio rungtyn\u0117s lygoje. \u201e\u017dalgiriui\u201c jos nesusiklost\u0117 \u2013 sve\u010diuose 1:1 su\u017eaista su Kauno \u201eHegelmann Litauen\u201c.<\/p>\n<p>\u201ePersijungti nuo A lygos n\u0117ra paprasta bet \u017eaid\u0117jai yra profesionalai, jie privalo tai padaryti Stengiam\u0117s kad psichologi\u0161kai tas barjeras b\u016bt\u0173 \u012fveiktas, kad pasimir\u0161t\u0173 tos nes\u0117kmingos rungtyn\u0117s A lygoje. Galb\u016bt mintyse labiau buvo dvikova Europoje\u201c, &#8211; svarst\u0117 V. \u010ceburinas.<\/p>\n<div class=\"embed-responsive embed-responsive-16by9 mb-4\"><iframe title=\"TRENERIO KOMENTARAS | PRIE\u0160 RUNGTYNES | \u010cEBURIN | BODO | PRE-MATCH | [CC]\" src=\"https:\/\/www.youtube.com\/embed\/h-xHIB7Hugk?feature=oembed\" frameborder=\"0\" allow=\"accelerometer; autoplay; clipboard-write; encrypted-media; gyroscope; picture-in-picture; web-share\" referrerpolicy=\"strict-origin-when-cross-origin\" allowfullscreen><\/iframe> <\/div>\n<p>\u201eVisi dega dideliu noru, supranta kokio svarbumo tai rungtyn\u0117s. Turime tik\u0117ti savo j\u0117gomis ir \u017eaisti dar geriau nei \u017eaid\u0117me Vilniuje. Esame i\u0161analizav\u0119 var\u017eovus, susipa\u017einome su j\u0173 \u017eaid\u0117jais. \u017dinome k\u0105 turime padaryti ir stengsim\u0117s tai padaryti\u201c, &#8211; prie\u0161 kelion\u0119 \u012f Norvegij\u0105 kalb\u0117jo Ovidijus Verbickas.<\/p>\n<div class=\"embed-responsive embed-responsive-16by9 mb-4\"><iframe title=\"\u017dALIAI BALTA DIENA #27 | BODO | I\u0160VYKA | VERBICKAS | EUROPOS KONFERENCIJ\u0172 LYGA\" src=\"https:\/\/www.youtube.com\/embed\/p1SwnYyZ4hw?feature=oembed\" frameborder=\"0\" allow=\"accelerometer; autoplay; clipboard-write; encrypted-media; gyroscope; picture-in-picture; web-share\" referrerpolicy=\"strict-origin-when-cross-origin\" allowfullscreen><\/iframe> <\/div>\n<p>\u017daidimo Norvegijoje patirties i\u0161 pernai turi keli \u017ealgirie\u010diai \u2013 gyn\u0117jai Nemanja Ljubisavljevi\u010dius, Ivanas Tatomirovi\u010dius, Saulius Mikoli\u016bnas, saugai Hugo Videmontas, Francis Kyeremeh, Mantas Kuklys.<\/p>\n<p>\u201eTai, \u017einoma, pliusas. Jie jau band\u0117 \u0161i\u0105 aik\u0161t\u0119, pajaut\u0117 \u0161\u012f stadion\u0105, pasidar\u0117 sau ka\u017ekokias i\u0161vadas ir patirt\u012f, kuri\u0105 tada sukaup\u0117, gali panaudoti dabar. Tuo labiau, kad pradedame visk\u0105 i\u0161 naujo\u201c, &#8211; teig\u0117 treneris.<\/p>\n<p>Visgi pasak H. Videmonto, \u0161ie metai kitokie \u2013 ne tik d\u0117l saul\u0117to oro ir m\u0117lyno dangaus, kuris pasitiko Norvegijos \u0161iaur\u0117je: \u201eJei tada pralaim\u0117jome 1:3, rei\u0161kia taip ir tur\u0117jo b\u016bti \u2013 taip a\u0161 galvoju. Bet \u0161iemet yra kitaip, komandos pasikeitusios. Apskritai nebegalvoju apie pra\u0117jusi\u0173 met\u0173 rungtynes. Turime \u017eaisti kaip \u017einome ir galime. Turime tik\u0117ti. Tai svarbiausia &#8211; tik\u0117ti.\u201c<\/p>\n<p>Tik\u0117jimo \u017ealgirie\u010diams prid\u0117jo Djibrilio Diaw \u012fvartis per prid\u0117tin\u012f rungtyni\u0173 Vilniuje laik\u0105.<\/p>\n<p>\u201eTas \u012fvartis buvo labai svarbus. Jei sugebi \u012fmu\u0161ti rungtyni\u0173 pabaigoje atkrintam\u0173j\u0173 var\u017eyb\u0173 etape &#8211; parodo, kad gali nuveikti daug, pasiekti ka\u017ek\u0105. Turime \u017eaisti taip, kaip prad\u0117jome rungtynes pra\u0117jusi\u0105 savait\u0119. Su dideliu intensyvumu &#8211; ir \u012fmu\u0161ti daugiau. Reik\u0117s su\u017eaisti idealiai &#8211; ir var\u017eov\u0173 baudos aik\u0161tel\u0117je, ir savo baudos aik\u0161tel\u0117je\u201c, &#8211; kalb\u0117jo H. Videmontas.<\/p>\n<p>Jei \u201e\u017dalgiris\u201c \u012fgijo atsargaus optimizmo, tai norveg\u0173 stovykloje prie\u0161 \u0161i\u0105 akistat\u0105 nuotaikos buvo itin pakilios. Savaitgal\u012f \u0161alies pirmenyb\u0117se \u201eGlimt\u201c namuose 3:0 \u012fveik\u0117 turnyro lentel\u0117s kaimyne buvusi\u0105 \u201eKristiansund\u201c ekip\u0105 ir iki dviej\u0173 ta\u0161k\u0173 suma\u017eino atsilikim\u0105 nuo lyderi\u0173 \u201eMolde\u201c, kurie patyr\u0117 netik\u0117t\u0105 nes\u0117km\u0119.<\/p>\n<p>Visus tris \u012fvar\u010dius peln\u0117 po keitimo aik\u0161t\u0117je pasirod\u0119s naujokas Amahlis Pellegrino. Jis prie \u201eGlimt\u201c prisijung\u0117 tik pra\u0117jusi\u0105 savait\u0119 ir Vilniuje taip pat kilo nuo atsargini\u0173 suolo.<\/p>\n<p>Teigiamo impulso sulauk\u0117 ir kitas puol\u0117jas \u00a0&#8211; Erikas Botheimas. Jis pirm\u0105 kart\u0105 pakviestas \u012f Norvegijos rinktin\u0119. Jai taip pat atstovaus dar du \u201eGlimt\u201c nariai \u2013 gyn\u0117jas Fredrikas Bjorkanas ir saugas Patrickas Bergas.<\/p>\n<p>Bud\u0117s ekip\u0105 palaikys pagal pandeminius standartus pilnas stadionas \u2013 visi prekyboje buv\u0119 bilietai, t.y. apie 50 proc. vis\u0173 stadiono viet\u0173 (2800), i\u0161parduoti dar iki rungtyni\u0173 dienos.<\/p>\n<p>\u201e\u017daisime rungtynes, apie kurias gali kalb\u0117ti 15-20 met\u0173. Tai labai daug rei\u0161kia klubui tiek i\u0161 sportin\u0117s, tiek i\u0161 finansin\u0117s pus\u0117s. Manau, kad buvimas to dalimi ka\u017ek\u0105 duos visam miestui\u201c, &#8211; kalb\u0117jo \u201eGlimt\u201c treneris Kjetilas Knutsenas.<\/p>\n<p>\u201eBodo\u201c ir \u201e\u017dalgirio\u201c dvikova vyks ketvirtadien\u012f, rugpj\u016b\u010dio 26 d. nuo 19 val. Lietuvos laiku.<\/p>\n","protected":false},"excerpt":{"rendered":"<p>Pergal\u0117s Norvegijoje kaina &#8211; kelialapis ten kur \u201e\u017dalgiris\u201c dar n\u0117ra buv\u0119s. Toks deja vu scenarijus Vilniaus komandai susid\u0117liojo antrus metus i\u0161 eil\u0117s. Prie\u0161 beveik metus\u2026<\/p>\n","protected":false},"author":4,"featured_media":0,"comment_status":"closed","ping_status":"closed","sticky":false,"template":"","format":"standard","meta":{"_acf_changed":false,"footnotes":""},"categories":[1],"class_list":["post-6152","post","type-post","status-publish","format-standard","hentry","category-be-kategorijos"],"acf":[],"yoast_head":"<!-- This site is optimized with the Yoast SEO plugin v26.8 - https:\/\/yoast.com\/product\/yoast-seo-wordpress\/ -->\n<title>Norvegi\u0161kas \u201e\u017dalgirio\u201c de\u017eavu su auk\u0161ta pergal\u0117s kaina - FK \u017dalgiris<\/title>\n<meta name=\"robots\" content=\"index, follow, max-snippet:-1, max-image-preview:large, max-video-preview:-1\" \/>\n<link rel=\"canonical\" href=\"https:\/\/fkzalgiris.lt\/norvegiskas-zalgirio-dezavu-su-auksta-pergales-kaina\/\" \/>\n<meta property=\"og:locale\" content=\"lt_LT\" \/>\n<meta property=\"og:type\" content=\"article\" \/>\n<meta property=\"og:title\" content=\"Norvegi\u0161kas \u201e\u017dalgirio\u201c de\u017eavu su auk\u0161ta pergal\u0117s kaina - FK \u017dalgiris\" \/>\n<meta property=\"og:description\" content=\"Pergal\u0117s Norvegijoje kaina &#8211; kelialapis ten kur \u201e\u017dalgiris\u201c dar n\u0117ra buv\u0119s. Toks deja vu scenarijus Vilniaus komandai susid\u0117liojo antrus metus i\u0161 eil\u0117s. Prie\u0161 beveik metus\u2026\" \/>\n<meta property=\"og:url\" content=\"https:\/\/fkzalgiris.lt\/norvegiskas-zalgirio-dezavu-su-auksta-pergales-kaina\/\" \/>\n<meta property=\"og:site_name\" content=\"FK \u017dalgiris\" \/>\n<meta property=\"article:publisher\" content=\"https:\/\/www.facebook.com\/fkzalgiris\/\" \/>\n<meta property=\"article:published_time\" content=\"2021-08-25T21:40:40+00:00\" \/>\n<meta property=\"article:modified_time\" content=\"2021-08-25T21:41:43+00:00\" \/>\n<meta property=\"og:image\" content=\"https:\/\/fkzalgiris.lt\/wp-content\/uploads\/2024\/02\/social-horiz_Zalgiris_logo_2024.png\" \/>\n\t<meta property=\"og:image:width\" content=\"3356\" \/>\n\t<meta property=\"og:image:height\" content=\"2259\" \/>\n\t<meta property=\"og:image:type\" content=\"image\/png\" \/>\n<meta name=\"author\" content=\"J\" \/>\n<meta name=\"twitter:card\" content=\"summary_large_image\" \/>\n<meta name=\"twitter:creator\" content=\"@fkzalgiris\" \/>\n<meta name=\"twitter:site\" content=\"@fkzalgiris\" \/>\n<meta name=\"twitter:label1\" content=\"Written by\" \/>\n\t<meta name=\"twitter:data1\" content=\"J\" \/>\n\t<meta name=\"twitter:label2\" content=\"Est. reading time\" \/>\n\t<meta name=\"twitter:data2\" content=\"4 minut\u0117s\" \/>\n<script type=\"application\/ld+json\" class=\"yoast-schema-graph\">{\"@context\":\"https:\/\/schema.org\",\"@graph\":[{\"@type\":\"Article\",\"@id\":\"https:\/\/fkzalgiris.lt\/norvegiskas-zalgirio-dezavu-su-auksta-pergales-kaina\/#article\",\"isPartOf\":{\"@id\":\"https:\/\/fkzalgiris.lt\/norvegiskas-zalgirio-dezavu-su-auksta-pergales-kaina\/\"},\"author\":{\"name\":\"J\",\"@id\":\"https:\/\/fkzalgiris.lt\/#\/schema\/person\/8604babbba794a7d8767be324a3eaac8\"},\"headline\":\"Norvegi\u0161kas \u201e\u017dalgirio\u201c de\u017eavu su auk\u0161ta pergal\u0117s kaina\",\"datePublished\":\"2021-08-25T21:40:40+00:00\",\"dateModified\":\"2021-08-25T21:41:43+00:00\",\"mainEntityOfPage\":{\"@id\":\"https:\/\/fkzalgiris.lt\/norvegiskas-zalgirio-dezavu-su-auksta-pergales-kaina\/\"},\"wordCount\":806,\"publisher\":{\"@id\":\"https:\/\/fkzalgiris.lt\/#organization\"},\"inLanguage\":\"lt-LT\"},{\"@type\":\"WebPage\",\"@id\":\"https:\/\/fkzalgiris.lt\/norvegiskas-zalgirio-dezavu-su-auksta-pergales-kaina\/\",\"url\":\"https:\/\/fkzalgiris.lt\/norvegiskas-zalgirio-dezavu-su-auksta-pergales-kaina\/\",\"name\":\"Norvegi\u0161kas \u201e\u017dalgirio\u201c de\u017eavu su auk\u0161ta pergal\u0117s kaina - FK \u017dalgiris\",\"isPartOf\":{\"@id\":\"https:\/\/fkzalgiris.lt\/#website\"},\"datePublished\":\"2021-08-25T21:40:40+00:00\",\"dateModified\":\"2021-08-25T21:41:43+00:00\",\"breadcrumb\":{\"@id\":\"https:\/\/fkzalgiris.lt\/norvegiskas-zalgirio-dezavu-su-auksta-pergales-kaina\/#breadcrumb\"},\"inLanguage\":\"lt-LT\",\"potentialAction\":[{\"@type\":\"ReadAction\",\"target\":[\"https:\/\/fkzalgiris.lt\/norvegiskas-zalgirio-dezavu-su-auksta-pergales-kaina\/\"]}]},{\"@type\":\"BreadcrumbList\",\"@id\":\"https:\/\/fkzalgiris.lt\/norvegiskas-zalgirio-dezavu-su-auksta-pergales-kaina\/#breadcrumb\",\"itemListElement\":[{\"@type\":\"ListItem\",\"position\":1,\"name\":\"Home\",\"item\":\"https:\/\/fkzalgiris.lt\/\"},{\"@type\":\"ListItem\",\"position\":2,\"name\":\"Norvegi\u0161kas \u201e\u017dalgirio\u201c de\u017eavu su auk\u0161ta pergal\u0117s kaina\"}]},{\"@type\":\"WebSite\",\"@id\":\"https:\/\/fkzalgiris.lt\/#website\",\"url\":\"https:\/\/fkzalgiris.lt\/\",\"name\":\"FK \u017dalgiris\",\"description\":\"oficiali Vilniaus \u201e\u017dalgirio\u201c futbolo klubo svetain\u0117\",\"publisher\":{\"@id\":\"https:\/\/fkzalgiris.lt\/#organization\"},\"potentialAction\":[{\"@type\":\"SearchAction\",\"target\":{\"@type\":\"EntryPoint\",\"urlTemplate\":\"https:\/\/fkzalgiris.lt\/?s={search_term_string}\"},\"query-input\":{\"@type\":\"PropertyValueSpecification\",\"valueRequired\":true,\"valueName\":\"search_term_string\"}}],\"inLanguage\":\"lt-LT\"},{\"@type\":\"Organization\",\"@id\":\"https:\/\/fkzalgiris.lt\/#organization\",\"name\":\"FK \u017dalgiris\",\"url\":\"https:\/\/fkzalgiris.lt\/\",\"logo\":{\"@type\":\"ImageObject\",\"inLanguage\":\"lt-LT\",\"@id\":\"https:\/\/fkzalgiris.lt\/#\/schema\/logo\/image\/\",\"url\":\"https:\/\/fkzalgiris.lt\/wp-content\/uploads\/2024\/01\/horiz-FK-Zalgiris-logo-2015.png\",\"contentUrl\":\"https:\/\/fkzalgiris.lt\/wp-content\/uploads\/2024\/01\/horiz-FK-Zalgiris-logo-2015.png\",\"width\":3073,\"height\":2048,\"caption\":\"FK \u017dalgiris\"},\"image\":{\"@id\":\"https:\/\/fkzalgiris.lt\/#\/schema\/logo\/image\/\"},\"sameAs\":[\"https:\/\/www.facebook.com\/fkzalgiris\/\",\"https:\/\/x.com\/fkzalgiris\",\"https:\/\/www.instagram.com\/fkzalgiris\/\",\"https:\/\/www.youtube.com\/channel\/UC1ag8JLxGirltMUoLlzfZLA\"]},{\"@type\":\"Person\",\"@id\":\"https:\/\/fkzalgiris.lt\/#\/schema\/person\/8604babbba794a7d8767be324a3eaac8\",\"name\":\"J\"}]}<\/script>\n<!-- \/ Yoast SEO plugin. -->","yoast_head_json":{"title":"Norvegi\u0161kas \u201e\u017dalgirio\u201c de\u017eavu su auk\u0161ta pergal\u0117s kaina - FK \u017dalgiris","robots":{"index":"index","follow":"follow","max-snippet":"max-snippet:-1","max-image-preview":"max-image-preview:large","max-video-preview":"max-video-preview:-1"},"canonical":"https:\/\/fkzalgiris.lt\/norvegiskas-zalgirio-dezavu-su-auksta-pergales-kaina\/","og_locale":"lt_LT","og_type":"article","og_title":"Norvegi\u0161kas \u201e\u017dalgirio\u201c de\u017eavu su auk\u0161ta pergal\u0117s kaina - FK \u017dalgiris","og_description":"Pergal\u0117s Norvegijoje kaina &#8211; kelialapis ten kur \u201e\u017dalgiris\u201c dar n\u0117ra buv\u0119s. Toks deja vu scenarijus Vilniaus komandai susid\u0117liojo antrus metus i\u0161 eil\u0117s. Prie\u0161 beveik metus\u2026","og_url":"https:\/\/fkzalgiris.lt\/norvegiskas-zalgirio-dezavu-su-auksta-pergales-kaina\/","og_site_name":"FK \u017dalgiris","article_publisher":"https:\/\/www.facebook.com\/fkzalgiris\/","article_published_time":"2021-08-25T21:40:40+00:00","article_modified_time":"2021-08-25T21:41:43+00:00","og_image":[{"width":3356,"height":2259,"url":"https:\/\/fkzalgiris.lt\/wp-content\/uploads\/2024\/02\/social-horiz_Zalgiris_logo_2024.png","type":"image\/png"}],"author":"J","twitter_card":"summary_large_image","twitter_creator":"@fkzalgiris","twitter_site":"@fkzalgiris","twitter_misc":{"Written by":"J","Est. reading time":"4 minut\u0117s"},"schema":{"@context":"https:\/\/schema.org","@graph":[{"@type":"Article","@id":"https:\/\/fkzalgiris.lt\/norvegiskas-zalgirio-dezavu-su-auksta-pergales-kaina\/#article","isPartOf":{"@id":"https:\/\/fkzalgiris.lt\/norvegiskas-zalgirio-dezavu-su-auksta-pergales-kaina\/"},"author":{"name":"J","@id":"https:\/\/fkzalgiris.lt\/#\/schema\/person\/8604babbba794a7d8767be324a3eaac8"},"headline":"Norvegi\u0161kas \u201e\u017dalgirio\u201c de\u017eavu su auk\u0161ta pergal\u0117s kaina","datePublished":"2021-08-25T21:40:40+00:00","dateModified":"2021-08-25T21:41:43+00:00","mainEntityOfPage":{"@id":"https:\/\/fkzalgiris.lt\/norvegiskas-zalgirio-dezavu-su-auksta-pergales-kaina\/"},"wordCount":806,"publisher":{"@id":"https:\/\/fkzalgiris.lt\/#organization"},"inLanguage":"lt-LT"},{"@type":"WebPage","@id":"https:\/\/fkzalgiris.lt\/norvegiskas-zalgirio-dezavu-su-auksta-pergales-kaina\/","url":"https:\/\/fkzalgiris.lt\/norvegiskas-zalgirio-dezavu-su-auksta-pergales-kaina\/","name":"Norvegi\u0161kas \u201e\u017dalgirio\u201c de\u017eavu su auk\u0161ta pergal\u0117s kaina - FK \u017dalgiris","isPartOf":{"@id":"https:\/\/fkzalgiris.lt\/#website"},"datePublished":"2021-08-25T21:40:40+00:00","dateModified":"2021-08-25T21:41:43+00:00","breadcrumb":{"@id":"https:\/\/fkzalgiris.lt\/norvegiskas-zalgirio-dezavu-su-auksta-pergales-kaina\/#breadcrumb"},"inLanguage":"lt-LT","potentialAction":[{"@type":"ReadAction","target":["https:\/\/fkzalgiris.lt\/norvegiskas-zalgirio-dezavu-su-auksta-pergales-kaina\/"]}]},{"@type":"BreadcrumbList","@id":"https:\/\/fkzalgiris.lt\/norvegiskas-zalgirio-dezavu-su-auksta-pergales-kaina\/#breadcrumb","itemListElement":[{"@type":"ListItem","position":1,"name":"Home","item":"https:\/\/fkzalgiris.lt\/"},{"@type":"ListItem","position":2,"name":"Norvegi\u0161kas \u201e\u017dalgirio\u201c de\u017eavu su auk\u0161ta pergal\u0117s kaina"}]},{"@type":"WebSite","@id":"https:\/\/fkzalgiris.lt\/#website","url":"https:\/\/fkzalgiris.lt\/","name":"FK \u017dalgiris","description":"oficiali Vilniaus \u201e\u017dalgirio\u201c futbolo klubo svetain\u0117","publisher":{"@id":"https:\/\/fkzalgiris.lt\/#organization"},"potentialAction":[{"@type":"SearchAction","target":{"@type":"EntryPoint","urlTemplate":"https:\/\/fkzalgiris.lt\/?s={search_term_string}"},"query-input":{"@type":"PropertyValueSpecification","valueRequired":true,"valueName":"search_term_string"}}],"inLanguage":"lt-LT"},{"@type":"Organization","@id":"https:\/\/fkzalgiris.lt\/#organization","name":"FK \u017dalgiris","url":"https:\/\/fkzalgiris.lt\/","logo":{"@type":"ImageObject","inLanguage":"lt-LT","@id":"https:\/\/fkzalgiris.lt\/#\/schema\/logo\/image\/","url":"https:\/\/fkzalgiris.lt\/wp-content\/uploads\/2024\/01\/horiz-FK-Zalgiris-logo-2015.png","contentUrl":"https:\/\/fkzalgiris.lt\/wp-content\/uploads\/2024\/01\/horiz-FK-Zalgiris-logo-2015.png","width":3073,"height":2048,"caption":"FK \u017dalgiris"},"image":{"@id":"https:\/\/fkzalgiris.lt\/#\/schema\/logo\/image\/"},"sameAs":["https:\/\/www.facebook.com\/fkzalgiris\/","https:\/\/x.com\/fkzalgiris","https:\/\/www.instagram.com\/fkzalgiris\/","https:\/\/www.youtube.com\/channel\/UC1ag8JLxGirltMUoLlzfZLA"]},{"@type":"Person","@id":"https:\/\/fkzalgiris.lt\/#\/schema\/person\/8604babbba794a7d8767be324a3eaac8","name":"J"}]}},"_links":{"self":[{"href":"https:\/\/fkzalgiris.lt\/api\/wp\/v2\/posts\/6152","targetHints":{"allow":["GET"]}}],"collection":[{"href":"https:\/\/fkzalgiris.lt\/api\/wp\/v2\/posts"}],"about":[{"href":"https:\/\/fkzalgiris.lt\/api\/wp\/v2\/types\/post"}],"author":[{"embeddable":true,"href":"https:\/\/fkzalgiris.lt\/api\/wp\/v2\/users\/4"}],"replies":[{"embeddable":true,"href":"https:\/\/fkzalgiris.lt\/api\/wp\/v2\/comments?post=6152"}],"version-history":[{"count":3,"href":"https:\/\/fkzalgiris.lt\/api\/wp\/v2\/posts\/6152\/revisions"}],"predecessor-version":[{"id":6158,"href":"https:\/\/fkzalgiris.lt\/api\/wp\/v2\/posts\/6152\/revisions\/6158"}],"wp:attachment":[{"href":"https:\/\/fkzalgiris.lt\/api\/wp\/v2\/media?parent=6152"}],"wp:term":[{"taxonomy":"category","embeddable":true,"href":"https:\/\/fkzalgiris.lt\/api\/wp\/v2\/categories?post=6152"}],"curies":[{"name":"wp","href":"https:\/\/api.w.org\/{rel}","templated":true}]}}