{"id":5857,"date":"2021-07-26T19:51:25","date_gmt":"2021-07-26T16:51:25","guid":{"rendered":"https:\/\/fkzalgiris.lt\/?p=5857"},"modified":"2021-07-27T12:50:59","modified_gmt":"2021-07-27T09:50:59","slug":"j-tadicius-eidamas-i-aikste-turi-tiketi-kad-gali-ir-kad-laimesi","status":"publish","type":"post","link":"https:\/\/fkzalgiris.lt\/j-tadicius-eidamas-i-aikste-turi-tiketi-kad-gali-ir-kad-laimesi\/","title":{"rendered":"J. Tadi\u010dius: \u201eEidamas \u012f aik\u0161t\u0119 turi tik\u0117ti, kad gali ir kad laim\u0117si\u201c"},"content":{"rendered":"<p>\u012eveikti pra\u0117jus\u012f sezon\u0105 \u010cempion\u0173 lygos grupi\u0173 etape \u017eaidusi\u0105 komand\u0105 ir tai padaryti bent dviej\u0173 \u012fvar\u010di\u0173 skirtumu. Tokia nelengva u\u017eduotis antradien\u012f namuose laukia \u201e\u017dalgirio\u201c, kuris dvikovoje su Budape\u0161to \u201eFerencvaros\u201c nesiruo\u0161ia vien aklai pulti \u012f priek\u012f.<\/p>\n<p>Daugiau nei de\u0161imt kart\u0173 didesn\u012f biud\u017eet\u0105 turintys Vengrijos \u010dempionai namuose palaikomi daugiau nei 10 t\u016bkst. \u017ei\u016brov\u0173 laim\u0117jo pirmas rungtynes rezultatu 2:0. Antroji dvikova \u2013 antradienio vakare Vilniuje. Pergal\u0117s kaina \u2013 kelialapis \u012f kit\u0105 etap\u0105 ir garantuota vieta bent jau UEFA Europos konferencij\u0173 lygos grupi\u0173 var\u017eybose.<\/p>\n<p>Norint pasiekti pergal\u0119 \u017ealgirie\u010diams prireiks puikaus puol\u0117j\u0173 \u017eaidimo. Vienas j\u0173 \u2013 patyr\u0119s snaiperis Josipas Tadi\u010dius.<\/p>\n<p>\u201e\u017daid\u0117me prie\u0161 ger\u0105 komand\u0105. Pralaim\u0117jome, bet nebuvo blogos rungtyn\u0117s, tur\u0117jome prog\u0173. Parod\u0117me, kad galime \u017eaisti. Gerai tai, kad dar tikime, kad galime ka\u017ek\u0105 nuveikti. Tose rungtyn\u0117se pamat\u0117me, kad yra erdv\u0117s, galimybi\u0173 reikia b\u016bti susitelkusiems ir \u017eaisti\u201c, &#8211; pozityvo \u012f\u017evelg\u0117 J. Tadi\u010dius.<\/p>\n<div class=\"embed-responsive embed-responsive-16by9 mb-4\"><iframe title=\"PRIE\u0160 RUNGTYNES | TADI\u010c | KONFERENCIJA | \u017dALGIRIS - FERENCVAROS  | PRE-MATCH [CC]\" src=\"https:\/\/www.youtube.com\/embed\/fV7DbmOubF0?feature=oembed\" frameborder=\"0\" allow=\"accelerometer; autoplay; clipboard-write; encrypted-media; gyroscope; picture-in-picture; web-share\" referrerpolicy=\"strict-origin-when-cross-origin\" allowfullscreen><\/iframe> <\/div>\n<p>\u201ePirmose rungtyn\u0117se mat\u0117me ir daug \u017ei\u016brov\u0173 stadione. Tai \u0161iuo sunkiu COVID pandemijos laikotarpiu padar\u0117 \u012ftak\u0105 ir \u017eaidimui. Kalbu apie tai tod\u0117l, kad nam\u0173 rungtyn\u0117se jau tur\u0117sime savo aistruoli\u0173 palaikym\u0105. \u017dinome, kaip viskas buvo rungtyn\u0117se su \u201eLinfield\u201c. Tai mums dav\u0117 su papildom\u0173 j\u0117g\u0173\u201c, &#8211; prana\u0161um\u0105 b\u016bsimoje dvikovoje mat\u0117 komandos treneris Vladimiras \u010ceburinas.<\/p>\n<p>Patyr\u0119s treneris akcentavo tai, kad \u0161\u012f kart\u0105 komandos viena kitai ma\u017eiau siurpriz\u0173 ir \u017ealgirie\u010diai bus geriau pasiruo\u0161\u0119 prisitaikyti prie auk\u0161to lygio var\u017eovo.<\/p>\n<p>\u201e\u017daid\u0117jai jau \u017eino i\u0161 var\u017eovus &#8211; nebe i\u0161 analizi\u0173 ir kalb\u0173, o i\u0161 veiksmo \u017eaidime. Tos klaidos, kurias dar\u0117me, jas i\u0161analizavome, nustat\u0117me, ir \u0117m\u0117m\u0117s veiksm\u0173, kad j\u0173 nekartotume. Jos nebuvo b\u016bdingos tiems \u017eaid\u0117jams, kurie klydo. Pagal turimus pliusus ruo\u0161iame savo \u017eaidim\u0105 dvikovai ir siekiame priversti var\u017eovus daugiau gintis. Mums reik\u0117s atakuoti, bet atakuoti protingai\u201c, &#8211; kalb\u0117jo treneris.<\/p>\n<p>Anot J. Tadi\u010diaus, \u017ealgirie\u010di\u0173 stipryb\u0117 komandin\u0117je dvasioje. \u201eEsame kovotojai, \u017eaisime namuose, tikiuosi bus daug \u017ei\u016brov\u0173. Neturime ko prarasti. \u00a0Tikslas yra laim\u0117ti didesne persvara. Turime tik\u0117ti tuo. \u00a0Eidamas \u012f aik\u0161t\u0119 turi tik\u0117ti, kad gali ir kad laim\u0117si, &#8211; kalb\u0117jo kroatas. &#8211; \u201eFerencvaros\u201c turi daug individualiai stipri\u0173 \u017eaid\u0117j\u0173. \u00a0Ta\u010diau jie turi minus\u0173. Turime \u012fmu\u0161ti du \u012fvar\u010dius \u2013 tod\u0117l negalime daug galvoti vien apie gynyb\u0105. Bet negalime vien tik pulti, var\u017eovai gerai pereina i\u0161 gynybos \u012f atak\u0105, tod\u0117l turime tai irgi \u012fvertinti.\u201c<\/p>\n<p>\u201e\u017dalgirio\u201c ir \u201eFerencvaros\u201c akistata vyks liepos 27 d. nuo 20 val. LFF stadione. Bilietus \u012f rungtynes platina \u201e<a href=\"https:\/\/www.bilietai.lt\/lit\/renginiai\/sportas\/futbolas\/uefa-cempionu-lyga-zalgiris-ferencvaros-336804\/\">Bilietai.lt<\/a>\u201c. Rungtyn\u0117s bus transliuojamos internetu svetain\u0117je <a href=\"https:\/\/www.fanseat.com\/livestream?id=s-zalgiris-ltu-ferencvaros-hun-nko5z5\">Fanseat.com<\/a><\/p>\n","protected":false},"excerpt":{"rendered":"<p>\u012eveikti pra\u0117jus\u012f sezon\u0105 \u010cempion\u0173 lygos grupi\u0173 etape \u017eaidusi\u0105 komand\u0105 ir tai padaryti bent dviej\u0173 \u012fvar\u010di\u0173 skirtumu. Tokia nelengva u\u017eduotis antradien\u012f namuose laukia \u201e\u017dalgirio\u201c, kuris dvikovoje\u2026<\/p>\n","protected":false},"author":4,"featured_media":0,"comment_status":"closed","ping_status":"closed","sticky":false,"template":"","format":"standard","meta":{"_acf_changed":false,"footnotes":""},"categories":[1],"class_list":["post-5857","post","type-post","status-publish","format-standard","hentry","category-be-kategorijos"],"acf":[],"yoast_head":"<!-- This site is optimized with the Yoast SEO plugin v26.8 - https:\/\/yoast.com\/product\/yoast-seo-wordpress\/ -->\n<title>J. Tadi\u010dius: \u201eEidamas \u012f aik\u0161t\u0119 turi tik\u0117ti, kad gali ir kad laim\u0117si\u201c - FK \u017dalgiris<\/title>\n<meta name=\"robots\" content=\"index, follow, max-snippet:-1, max-image-preview:large, max-video-preview:-1\" \/>\n<link rel=\"canonical\" href=\"https:\/\/fkzalgiris.lt\/j-tadicius-eidamas-i-aikste-turi-tiketi-kad-gali-ir-kad-laimesi\/\" \/>\n<meta property=\"og:locale\" content=\"lt_LT\" \/>\n<meta property=\"og:type\" content=\"article\" \/>\n<meta property=\"og:title\" content=\"J. Tadi\u010dius: \u201eEidamas \u012f aik\u0161t\u0119 turi tik\u0117ti, kad gali ir kad laim\u0117si\u201c - FK \u017dalgiris\" \/>\n<meta property=\"og:description\" content=\"\u012eveikti pra\u0117jus\u012f sezon\u0105 \u010cempion\u0173 lygos grupi\u0173 etape \u017eaidusi\u0105 komand\u0105 ir tai padaryti bent dviej\u0173 \u012fvar\u010di\u0173 skirtumu. Tokia nelengva u\u017eduotis antradien\u012f namuose laukia \u201e\u017dalgirio\u201c, kuris dvikovoje\u2026\" \/>\n<meta property=\"og:url\" content=\"https:\/\/fkzalgiris.lt\/j-tadicius-eidamas-i-aikste-turi-tiketi-kad-gali-ir-kad-laimesi\/\" \/>\n<meta property=\"og:site_name\" content=\"FK \u017dalgiris\" \/>\n<meta property=\"article:publisher\" content=\"https:\/\/www.facebook.com\/fkzalgiris\/\" \/>\n<meta property=\"article:published_time\" content=\"2021-07-26T16:51:25+00:00\" \/>\n<meta property=\"article:modified_time\" content=\"2021-07-27T09:50:59+00:00\" \/>\n<meta property=\"og:image\" content=\"https:\/\/fkzalgiris.lt\/wp-content\/uploads\/2024\/02\/social-horiz_Zalgiris_logo_2024.png\" \/>\n\t<meta property=\"og:image:width\" content=\"3356\" \/>\n\t<meta property=\"og:image:height\" content=\"2259\" \/>\n\t<meta property=\"og:image:type\" content=\"image\/png\" \/>\n<meta name=\"author\" content=\"J\" \/>\n<meta name=\"twitter:card\" content=\"summary_large_image\" \/>\n<meta name=\"twitter:creator\" content=\"@fkzalgiris\" \/>\n<meta name=\"twitter:site\" content=\"@fkzalgiris\" \/>\n<meta name=\"twitter:label1\" content=\"Written by\" \/>\n\t<meta name=\"twitter:data1\" content=\"J\" \/>\n\t<meta name=\"twitter:label2\" content=\"Est. reading time\" \/>\n\t<meta name=\"twitter:data2\" content=\"2 minut\u0117s\" \/>\n<script type=\"application\/ld+json\" class=\"yoast-schema-graph\">{\"@context\":\"https:\/\/schema.org\",\"@graph\":[{\"@type\":\"Article\",\"@id\":\"https:\/\/fkzalgiris.lt\/j-tadicius-eidamas-i-aikste-turi-tiketi-kad-gali-ir-kad-laimesi\/#article\",\"isPartOf\":{\"@id\":\"https:\/\/fkzalgiris.lt\/j-tadicius-eidamas-i-aikste-turi-tiketi-kad-gali-ir-kad-laimesi\/\"},\"author\":{\"name\":\"J\",\"@id\":\"https:\/\/fkzalgiris.lt\/#\/schema\/person\/8604babbba794a7d8767be324a3eaac8\"},\"headline\":\"J. Tadi\u010dius: \u201eEidamas \u012f aik\u0161t\u0119 turi tik\u0117ti, kad gali ir kad laim\u0117si\u201c\",\"datePublished\":\"2021-07-26T16:51:25+00:00\",\"dateModified\":\"2021-07-27T09:50:59+00:00\",\"mainEntityOfPage\":{\"@id\":\"https:\/\/fkzalgiris.lt\/j-tadicius-eidamas-i-aikste-turi-tiketi-kad-gali-ir-kad-laimesi\/\"},\"wordCount\":452,\"publisher\":{\"@id\":\"https:\/\/fkzalgiris.lt\/#organization\"},\"inLanguage\":\"lt-LT\"},{\"@type\":\"WebPage\",\"@id\":\"https:\/\/fkzalgiris.lt\/j-tadicius-eidamas-i-aikste-turi-tiketi-kad-gali-ir-kad-laimesi\/\",\"url\":\"https:\/\/fkzalgiris.lt\/j-tadicius-eidamas-i-aikste-turi-tiketi-kad-gali-ir-kad-laimesi\/\",\"name\":\"J. Tadi\u010dius: \u201eEidamas \u012f aik\u0161t\u0119 turi tik\u0117ti, kad gali ir kad laim\u0117si\u201c - FK \u017dalgiris\",\"isPartOf\":{\"@id\":\"https:\/\/fkzalgiris.lt\/#website\"},\"datePublished\":\"2021-07-26T16:51:25+00:00\",\"dateModified\":\"2021-07-27T09:50:59+00:00\",\"breadcrumb\":{\"@id\":\"https:\/\/fkzalgiris.lt\/j-tadicius-eidamas-i-aikste-turi-tiketi-kad-gali-ir-kad-laimesi\/#breadcrumb\"},\"inLanguage\":\"lt-LT\",\"potentialAction\":[{\"@type\":\"ReadAction\",\"target\":[\"https:\/\/fkzalgiris.lt\/j-tadicius-eidamas-i-aikste-turi-tiketi-kad-gali-ir-kad-laimesi\/\"]}]},{\"@type\":\"BreadcrumbList\",\"@id\":\"https:\/\/fkzalgiris.lt\/j-tadicius-eidamas-i-aikste-turi-tiketi-kad-gali-ir-kad-laimesi\/#breadcrumb\",\"itemListElement\":[{\"@type\":\"ListItem\",\"position\":1,\"name\":\"Home\",\"item\":\"https:\/\/fkzalgiris.lt\/\"},{\"@type\":\"ListItem\",\"position\":2,\"name\":\"J. Tadi\u010dius: \u201eEidamas \u012f aik\u0161t\u0119 turi tik\u0117ti, kad gali ir kad laim\u0117si\u201c\"}]},{\"@type\":\"WebSite\",\"@id\":\"https:\/\/fkzalgiris.lt\/#website\",\"url\":\"https:\/\/fkzalgiris.lt\/\",\"name\":\"FK \u017dalgiris\",\"description\":\"oficiali Vilniaus \u201e\u017dalgirio\u201c futbolo klubo svetain\u0117\",\"publisher\":{\"@id\":\"https:\/\/fkzalgiris.lt\/#organization\"},\"potentialAction\":[{\"@type\":\"SearchAction\",\"target\":{\"@type\":\"EntryPoint\",\"urlTemplate\":\"https:\/\/fkzalgiris.lt\/?s={search_term_string}\"},\"query-input\":{\"@type\":\"PropertyValueSpecification\",\"valueRequired\":true,\"valueName\":\"search_term_string\"}}],\"inLanguage\":\"lt-LT\"},{\"@type\":\"Organization\",\"@id\":\"https:\/\/fkzalgiris.lt\/#organization\",\"name\":\"FK \u017dalgiris\",\"url\":\"https:\/\/fkzalgiris.lt\/\",\"logo\":{\"@type\":\"ImageObject\",\"inLanguage\":\"lt-LT\",\"@id\":\"https:\/\/fkzalgiris.lt\/#\/schema\/logo\/image\/\",\"url\":\"https:\/\/fkzalgiris.lt\/wp-content\/uploads\/2024\/01\/horiz-FK-Zalgiris-logo-2015.png\",\"contentUrl\":\"https:\/\/fkzalgiris.lt\/wp-content\/uploads\/2024\/01\/horiz-FK-Zalgiris-logo-2015.png\",\"width\":3073,\"height\":2048,\"caption\":\"FK \u017dalgiris\"},\"image\":{\"@id\":\"https:\/\/fkzalgiris.lt\/#\/schema\/logo\/image\/\"},\"sameAs\":[\"https:\/\/www.facebook.com\/fkzalgiris\/\",\"https:\/\/x.com\/fkzalgiris\",\"https:\/\/www.instagram.com\/fkzalgiris\/\",\"https:\/\/www.youtube.com\/channel\/UC1ag8JLxGirltMUoLlzfZLA\"]},{\"@type\":\"Person\",\"@id\":\"https:\/\/fkzalgiris.lt\/#\/schema\/person\/8604babbba794a7d8767be324a3eaac8\",\"name\":\"J\"}]}<\/script>\n<!-- \/ Yoast SEO plugin. -->","yoast_head_json":{"title":"J. Tadi\u010dius: \u201eEidamas \u012f aik\u0161t\u0119 turi tik\u0117ti, kad gali ir kad laim\u0117si\u201c - FK \u017dalgiris","robots":{"index":"index","follow":"follow","max-snippet":"max-snippet:-1","max-image-preview":"max-image-preview:large","max-video-preview":"max-video-preview:-1"},"canonical":"https:\/\/fkzalgiris.lt\/j-tadicius-eidamas-i-aikste-turi-tiketi-kad-gali-ir-kad-laimesi\/","og_locale":"lt_LT","og_type":"article","og_title":"J. Tadi\u010dius: \u201eEidamas \u012f aik\u0161t\u0119 turi tik\u0117ti, kad gali ir kad laim\u0117si\u201c - FK \u017dalgiris","og_description":"\u012eveikti pra\u0117jus\u012f sezon\u0105 \u010cempion\u0173 lygos grupi\u0173 etape \u017eaidusi\u0105 komand\u0105 ir tai padaryti bent dviej\u0173 \u012fvar\u010di\u0173 skirtumu. Tokia nelengva u\u017eduotis antradien\u012f namuose laukia \u201e\u017dalgirio\u201c, kuris dvikovoje\u2026","og_url":"https:\/\/fkzalgiris.lt\/j-tadicius-eidamas-i-aikste-turi-tiketi-kad-gali-ir-kad-laimesi\/","og_site_name":"FK \u017dalgiris","article_publisher":"https:\/\/www.facebook.com\/fkzalgiris\/","article_published_time":"2021-07-26T16:51:25+00:00","article_modified_time":"2021-07-27T09:50:59+00:00","og_image":[{"width":3356,"height":2259,"url":"https:\/\/fkzalgiris.lt\/wp-content\/uploads\/2024\/02\/social-horiz_Zalgiris_logo_2024.png","type":"image\/png"}],"author":"J","twitter_card":"summary_large_image","twitter_creator":"@fkzalgiris","twitter_site":"@fkzalgiris","twitter_misc":{"Written by":"J","Est. reading time":"2 minut\u0117s"},"schema":{"@context":"https:\/\/schema.org","@graph":[{"@type":"Article","@id":"https:\/\/fkzalgiris.lt\/j-tadicius-eidamas-i-aikste-turi-tiketi-kad-gali-ir-kad-laimesi\/#article","isPartOf":{"@id":"https:\/\/fkzalgiris.lt\/j-tadicius-eidamas-i-aikste-turi-tiketi-kad-gali-ir-kad-laimesi\/"},"author":{"name":"J","@id":"https:\/\/fkzalgiris.lt\/#\/schema\/person\/8604babbba794a7d8767be324a3eaac8"},"headline":"J. Tadi\u010dius: \u201eEidamas \u012f aik\u0161t\u0119 turi tik\u0117ti, kad gali ir kad laim\u0117si\u201c","datePublished":"2021-07-26T16:51:25+00:00","dateModified":"2021-07-27T09:50:59+00:00","mainEntityOfPage":{"@id":"https:\/\/fkzalgiris.lt\/j-tadicius-eidamas-i-aikste-turi-tiketi-kad-gali-ir-kad-laimesi\/"},"wordCount":452,"publisher":{"@id":"https:\/\/fkzalgiris.lt\/#organization"},"inLanguage":"lt-LT"},{"@type":"WebPage","@id":"https:\/\/fkzalgiris.lt\/j-tadicius-eidamas-i-aikste-turi-tiketi-kad-gali-ir-kad-laimesi\/","url":"https:\/\/fkzalgiris.lt\/j-tadicius-eidamas-i-aikste-turi-tiketi-kad-gali-ir-kad-laimesi\/","name":"J. Tadi\u010dius: \u201eEidamas \u012f aik\u0161t\u0119 turi tik\u0117ti, kad gali ir kad laim\u0117si\u201c - FK \u017dalgiris","isPartOf":{"@id":"https:\/\/fkzalgiris.lt\/#website"},"datePublished":"2021-07-26T16:51:25+00:00","dateModified":"2021-07-27T09:50:59+00:00","breadcrumb":{"@id":"https:\/\/fkzalgiris.lt\/j-tadicius-eidamas-i-aikste-turi-tiketi-kad-gali-ir-kad-laimesi\/#breadcrumb"},"inLanguage":"lt-LT","potentialAction":[{"@type":"ReadAction","target":["https:\/\/fkzalgiris.lt\/j-tadicius-eidamas-i-aikste-turi-tiketi-kad-gali-ir-kad-laimesi\/"]}]},{"@type":"BreadcrumbList","@id":"https:\/\/fkzalgiris.lt\/j-tadicius-eidamas-i-aikste-turi-tiketi-kad-gali-ir-kad-laimesi\/#breadcrumb","itemListElement":[{"@type":"ListItem","position":1,"name":"Home","item":"https:\/\/fkzalgiris.lt\/"},{"@type":"ListItem","position":2,"name":"J. Tadi\u010dius: \u201eEidamas \u012f aik\u0161t\u0119 turi tik\u0117ti, kad gali ir kad laim\u0117si\u201c"}]},{"@type":"WebSite","@id":"https:\/\/fkzalgiris.lt\/#website","url":"https:\/\/fkzalgiris.lt\/","name":"FK \u017dalgiris","description":"oficiali Vilniaus \u201e\u017dalgirio\u201c futbolo klubo svetain\u0117","publisher":{"@id":"https:\/\/fkzalgiris.lt\/#organization"},"potentialAction":[{"@type":"SearchAction","target":{"@type":"EntryPoint","urlTemplate":"https:\/\/fkzalgiris.lt\/?s={search_term_string}"},"query-input":{"@type":"PropertyValueSpecification","valueRequired":true,"valueName":"search_term_string"}}],"inLanguage":"lt-LT"},{"@type":"Organization","@id":"https:\/\/fkzalgiris.lt\/#organization","name":"FK \u017dalgiris","url":"https:\/\/fkzalgiris.lt\/","logo":{"@type":"ImageObject","inLanguage":"lt-LT","@id":"https:\/\/fkzalgiris.lt\/#\/schema\/logo\/image\/","url":"https:\/\/fkzalgiris.lt\/wp-content\/uploads\/2024\/01\/horiz-FK-Zalgiris-logo-2015.png","contentUrl":"https:\/\/fkzalgiris.lt\/wp-content\/uploads\/2024\/01\/horiz-FK-Zalgiris-logo-2015.png","width":3073,"height":2048,"caption":"FK \u017dalgiris"},"image":{"@id":"https:\/\/fkzalgiris.lt\/#\/schema\/logo\/image\/"},"sameAs":["https:\/\/www.facebook.com\/fkzalgiris\/","https:\/\/x.com\/fkzalgiris","https:\/\/www.instagram.com\/fkzalgiris\/","https:\/\/www.youtube.com\/channel\/UC1ag8JLxGirltMUoLlzfZLA"]},{"@type":"Person","@id":"https:\/\/fkzalgiris.lt\/#\/schema\/person\/8604babbba794a7d8767be324a3eaac8","name":"J"}]}},"_links":{"self":[{"href":"https:\/\/fkzalgiris.lt\/api\/wp\/v2\/posts\/5857","targetHints":{"allow":["GET"]}}],"collection":[{"href":"https:\/\/fkzalgiris.lt\/api\/wp\/v2\/posts"}],"about":[{"href":"https:\/\/fkzalgiris.lt\/api\/wp\/v2\/types\/post"}],"author":[{"embeddable":true,"href":"https:\/\/fkzalgiris.lt\/api\/wp\/v2\/users\/4"}],"replies":[{"embeddable":true,"href":"https:\/\/fkzalgiris.lt\/api\/wp\/v2\/comments?post=5857"}],"version-history":[{"count":6,"href":"https:\/\/fkzalgiris.lt\/api\/wp\/v2\/posts\/5857\/revisions"}],"predecessor-version":[{"id":5869,"href":"https:\/\/fkzalgiris.lt\/api\/wp\/v2\/posts\/5857\/revisions\/5869"}],"wp:attachment":[{"href":"https:\/\/fkzalgiris.lt\/api\/wp\/v2\/media?parent=5857"}],"wp:term":[{"taxonomy":"category","embeddable":true,"href":"https:\/\/fkzalgiris.lt\/api\/wp\/v2\/categories?post=5857"}],"curies":[{"name":"wp","href":"https:\/\/api.w.org\/{rel}","templated":true}]}}