{"id":5642,"date":"2021-07-05T12:01:06","date_gmt":"2021-07-05T09:01:06","guid":{"rendered":"https:\/\/fkzalgiris.lt\/?p=5642"},"modified":"2021-07-05T12:19:03","modified_gmt":"2021-07-05T09:19:03","slug":"pries-cempionu-lyga-smagiu-klipu-serija-su-zalgirieciais","status":"publish","type":"post","link":"https:\/\/fkzalgiris.lt\/pries-cempionu-lyga-smagiu-klipu-serija-su-zalgirieciais\/","title":{"rendered":"Prie\u0161 \u010cempion\u0173 lyg\u0105 \u2013 smagi\u0173 klip\u0173 serija su \u017ealgirie\u010diais"},"content":{"rendered":"<p>Art\u0117jan\u010dios UEFA \u010cempion\u0173 lygos rungtyn\u0117s \u2013 ypatingos \u201e\u017dalgirio\u201c komandai.<\/p>\n<p>Tai bus ne tik pirmas klubo pasirodymas elitiniame \u017eemyno klubiniame turnyre nuo 2017 met\u0173 pertraukos. Rungtyni\u0173 laukia ne tik aistruoliai, bet ir patys \u017eaid\u0117jai \u2013 ne vienam \u00a0tai bus debiutas tokio lygio var\u017eybose.<\/p>\n<p>\u0160ia ypatinga proga \u017ealgirie\u010diai \u2013 kapitonas ir trys vicekapitonai \u2013 nusifilmavo smagiuose reklaminiuose vaizdo mini klipuose, kuriuose kai kurie pasirod\u0117 ne\u012fprastuose vaidmenyse, kartu su savo \u0161eimos nariais, ir \u012fvairiai pademonstravo \u010cempion\u0173 lygos laukim\u0105.<\/p>\n<p>Komandos kapitonas Saulius Mikoli\u016bnas netik\u0117tai treniruot\u0117je \u201epasirod\u0117\u201c su \u017eaidybine apranga \u2013 ir kartu su s\u016bnumi Kajumi, tarsi i\u0161vesdamas j\u012f \u012f aik\u0161t\u0119 prie\u0161 rungtynes.<\/p>\n<div class=\"embed-responsive embed-responsive-16by9 mb-4\"><iframe title=\"Pasiruo\u0161\u0119s\" src=\"https:\/\/www.youtube.com\/embed\/dewZ03R0g8g?feature=oembed\" frameborder=\"0\" allow=\"accelerometer; autoplay; clipboard-write; encrypted-media; gyroscope; picture-in-picture; web-share\" referrerpolicy=\"strict-origin-when-cross-origin\" allowfullscreen><\/iframe> <\/div>\n<p>Saugas Hugo Videmontas kartu su \u017emona Stephanie ir s\u016bnumi sureng\u0117 piknik\u0105 parke, bet greitai j\u012f \u012ftrauk\u0117 b\u016bsim\u0173 rungtyni\u0173 svajon\u0117s.<\/p>\n<div class=\"embed-responsive embed-responsive-16by9 mb-4\"><iframe title=\"Piknikas\" src=\"https:\/\/www.youtube.com\/embed\/DFdxB61x9L0?feature=oembed\" frameborder=\"0\" allow=\"accelerometer; autoplay; clipboard-write; encrypted-media; gyroscope; picture-in-picture; web-share\" referrerpolicy=\"strict-origin-when-cross-origin\" allowfullscreen><\/iframe> <\/div>\n<p>Ogenyi Eddy Onazi, Francis Kyeremeh ir Karolis Uz\u0117la laisvalaik\u012f leido \u017eaisdami kort\u0173 \u017eaidim\u0105 \u2013 ta\u010diau su specialiu \u201ekoziriu\u201c, kuris teko vienam i\u0161 j\u0173.<\/p>\n<div class=\"embed-responsive embed-responsive-16by9 mb-4\"><iframe title=\"Kort\u0173 \u017eaidimas\" src=\"https:\/\/www.youtube.com\/embed\/lL8kzDkNdaM?feature=oembed\" frameborder=\"0\" allow=\"accelerometer; autoplay; clipboard-write; encrypted-media; gyroscope; picture-in-picture; web-share\" referrerpolicy=\"strict-origin-when-cross-origin\" allowfullscreen><\/iframe> <\/div>\n<p>Gyn\u0117jas Ivanas Tatomirovi\u010dius kartu su \u017emona Dunja ir s\u016bnumi i\u0161\u0117jo pasivaik\u0161\u010dioti \u012f Vingio park\u0105 \u2013 ta\u010diau art\u0117jan\u010di\u0173 rungtyni\u0173 gausmas pasivijo ir ten.<\/p>\n<div class=\"embed-responsive embed-responsive-16by9 mb-4\"><iframe title=\"Pasivaik\u0161\u010diojimas\" src=\"https:\/\/www.youtube.com\/embed\/7ytJpoFMh00?feature=oembed\" frameborder=\"0\" allow=\"accelerometer; autoplay; clipboard-write; encrypted-media; gyroscope; picture-in-picture; web-share\" referrerpolicy=\"strict-origin-when-cross-origin\" allowfullscreen><\/iframe> <\/div>\n<p>\u201e\u017dalgirio\u201c ir \u201eLinfield\u201c akistata \u010cempion\u0173 lygoje vyks liepos 6 d. nuo 20 val. LFF stadione. Bilietus \u012f rungtynes platina \u201eBilietai.lt\u201c.<\/p>\n","protected":false},"excerpt":{"rendered":"<p>Art\u0117jan\u010dios UEFA \u010cempion\u0173 lygos rungtyn\u0117s \u2013 ypatingos \u201e\u017dalgirio\u201c komandai. Tai bus ne tik pirmas klubo pasirodymas elitiniame \u017eemyno klubiniame turnyre nuo 2017 met\u0173 pertraukos. Rungtyni\u0173\u2026<\/p>\n","protected":false},"author":4,"featured_media":0,"comment_status":"closed","ping_status":"closed","sticky":false,"template":"","format":"standard","meta":{"_acf_changed":false,"footnotes":""},"categories":[87],"class_list":["post-5642","post","type-post","status-publish","format-standard","hentry","category-zalgiris"],"acf":[],"yoast_head":"<!-- This site is optimized with the Yoast SEO plugin v26.8 - https:\/\/yoast.com\/product\/yoast-seo-wordpress\/ -->\n<title>Prie\u0161 \u010cempion\u0173 lyg\u0105 \u2013 smagi\u0173 klip\u0173 serija su \u017ealgirie\u010diais - FK \u017dalgiris<\/title>\n<meta name=\"robots\" content=\"index, follow, max-snippet:-1, max-image-preview:large, max-video-preview:-1\" \/>\n<link rel=\"canonical\" href=\"https:\/\/fkzalgiris.lt\/pries-cempionu-lyga-smagiu-klipu-serija-su-zalgirieciais\/\" \/>\n<meta property=\"og:locale\" content=\"lt_LT\" \/>\n<meta property=\"og:type\" content=\"article\" \/>\n<meta property=\"og:title\" content=\"Prie\u0161 \u010cempion\u0173 lyg\u0105 \u2013 smagi\u0173 klip\u0173 serija su \u017ealgirie\u010diais - FK \u017dalgiris\" \/>\n<meta property=\"og:description\" content=\"Art\u0117jan\u010dios UEFA \u010cempion\u0173 lygos rungtyn\u0117s \u2013 ypatingos \u201e\u017dalgirio\u201c komandai. Tai bus ne tik pirmas klubo pasirodymas elitiniame \u017eemyno klubiniame turnyre nuo 2017 met\u0173 pertraukos. Rungtyni\u0173\u2026\" \/>\n<meta property=\"og:url\" content=\"https:\/\/fkzalgiris.lt\/pries-cempionu-lyga-smagiu-klipu-serija-su-zalgirieciais\/\" \/>\n<meta property=\"og:site_name\" content=\"FK \u017dalgiris\" \/>\n<meta property=\"article:publisher\" content=\"https:\/\/www.facebook.com\/fkzalgiris\/\" \/>\n<meta property=\"article:published_time\" content=\"2021-07-05T09:01:06+00:00\" \/>\n<meta property=\"article:modified_time\" content=\"2021-07-05T09:19:03+00:00\" \/>\n<meta property=\"og:image\" content=\"https:\/\/fkzalgiris.lt\/wp-content\/uploads\/2024\/02\/social-horiz_Zalgiris_logo_2024.png\" \/>\n\t<meta property=\"og:image:width\" content=\"3356\" \/>\n\t<meta property=\"og:image:height\" content=\"2259\" \/>\n\t<meta property=\"og:image:type\" content=\"image\/png\" \/>\n<meta name=\"author\" content=\"J\" \/>\n<meta name=\"twitter:card\" content=\"summary_large_image\" \/>\n<meta name=\"twitter:creator\" content=\"@fkzalgiris\" \/>\n<meta name=\"twitter:site\" content=\"@fkzalgiris\" \/>\n<meta name=\"twitter:label1\" content=\"Written by\" \/>\n\t<meta name=\"twitter:data1\" content=\"J\" \/>\n\t<meta name=\"twitter:label2\" content=\"Est. reading time\" \/>\n\t<meta name=\"twitter:data2\" content=\"1 minut\u0117\" \/>\n<script type=\"application\/ld+json\" class=\"yoast-schema-graph\">{\"@context\":\"https:\/\/schema.org\",\"@graph\":[{\"@type\":\"Article\",\"@id\":\"https:\/\/fkzalgiris.lt\/pries-cempionu-lyga-smagiu-klipu-serija-su-zalgirieciais\/#article\",\"isPartOf\":{\"@id\":\"https:\/\/fkzalgiris.lt\/pries-cempionu-lyga-smagiu-klipu-serija-su-zalgirieciais\/\"},\"author\":{\"name\":\"J\",\"@id\":\"https:\/\/fkzalgiris.lt\/#\/schema\/person\/8604babbba794a7d8767be324a3eaac8\"},\"headline\":\"Prie\u0161 \u010cempion\u0173 lyg\u0105 \u2013 smagi\u0173 klip\u0173 serija su \u017ealgirie\u010diais\",\"datePublished\":\"2021-07-05T09:01:06+00:00\",\"dateModified\":\"2021-07-05T09:19:03+00:00\",\"mainEntityOfPage\":{\"@id\":\"https:\/\/fkzalgiris.lt\/pries-cempionu-lyga-smagiu-klipu-serija-su-zalgirieciais\/\"},\"wordCount\":235,\"publisher\":{\"@id\":\"https:\/\/fkzalgiris.lt\/#organization\"},\"articleSection\":[\"\u017dalgiris\"],\"inLanguage\":\"lt-LT\"},{\"@type\":\"WebPage\",\"@id\":\"https:\/\/fkzalgiris.lt\/pries-cempionu-lyga-smagiu-klipu-serija-su-zalgirieciais\/\",\"url\":\"https:\/\/fkzalgiris.lt\/pries-cempionu-lyga-smagiu-klipu-serija-su-zalgirieciais\/\",\"name\":\"Prie\u0161 \u010cempion\u0173 lyg\u0105 \u2013 smagi\u0173 klip\u0173 serija su \u017ealgirie\u010diais - FK \u017dalgiris\",\"isPartOf\":{\"@id\":\"https:\/\/fkzalgiris.lt\/#website\"},\"datePublished\":\"2021-07-05T09:01:06+00:00\",\"dateModified\":\"2021-07-05T09:19:03+00:00\",\"breadcrumb\":{\"@id\":\"https:\/\/fkzalgiris.lt\/pries-cempionu-lyga-smagiu-klipu-serija-su-zalgirieciais\/#breadcrumb\"},\"inLanguage\":\"lt-LT\",\"potentialAction\":[{\"@type\":\"ReadAction\",\"target\":[\"https:\/\/fkzalgiris.lt\/pries-cempionu-lyga-smagiu-klipu-serija-su-zalgirieciais\/\"]}]},{\"@type\":\"BreadcrumbList\",\"@id\":\"https:\/\/fkzalgiris.lt\/pries-cempionu-lyga-smagiu-klipu-serija-su-zalgirieciais\/#breadcrumb\",\"itemListElement\":[{\"@type\":\"ListItem\",\"position\":1,\"name\":\"Home\",\"item\":\"https:\/\/fkzalgiris.lt\/\"},{\"@type\":\"ListItem\",\"position\":2,\"name\":\"Prie\u0161 \u010cempion\u0173 lyg\u0105 \u2013 smagi\u0173 klip\u0173 serija su \u017ealgirie\u010diais\"}]},{\"@type\":\"WebSite\",\"@id\":\"https:\/\/fkzalgiris.lt\/#website\",\"url\":\"https:\/\/fkzalgiris.lt\/\",\"name\":\"FK \u017dalgiris\",\"description\":\"oficiali Vilniaus \u201e\u017dalgirio\u201c futbolo klubo svetain\u0117\",\"publisher\":{\"@id\":\"https:\/\/fkzalgiris.lt\/#organization\"},\"potentialAction\":[{\"@type\":\"SearchAction\",\"target\":{\"@type\":\"EntryPoint\",\"urlTemplate\":\"https:\/\/fkzalgiris.lt\/?s={search_term_string}\"},\"query-input\":{\"@type\":\"PropertyValueSpecification\",\"valueRequired\":true,\"valueName\":\"search_term_string\"}}],\"inLanguage\":\"lt-LT\"},{\"@type\":\"Organization\",\"@id\":\"https:\/\/fkzalgiris.lt\/#organization\",\"name\":\"FK \u017dalgiris\",\"url\":\"https:\/\/fkzalgiris.lt\/\",\"logo\":{\"@type\":\"ImageObject\",\"inLanguage\":\"lt-LT\",\"@id\":\"https:\/\/fkzalgiris.lt\/#\/schema\/logo\/image\/\",\"url\":\"https:\/\/fkzalgiris.lt\/wp-content\/uploads\/2024\/01\/horiz-FK-Zalgiris-logo-2015.png\",\"contentUrl\":\"https:\/\/fkzalgiris.lt\/wp-content\/uploads\/2024\/01\/horiz-FK-Zalgiris-logo-2015.png\",\"width\":3073,\"height\":2048,\"caption\":\"FK \u017dalgiris\"},\"image\":{\"@id\":\"https:\/\/fkzalgiris.lt\/#\/schema\/logo\/image\/\"},\"sameAs\":[\"https:\/\/www.facebook.com\/fkzalgiris\/\",\"https:\/\/x.com\/fkzalgiris\",\"https:\/\/www.instagram.com\/fkzalgiris\/\",\"https:\/\/www.youtube.com\/channel\/UC1ag8JLxGirltMUoLlzfZLA\"]},{\"@type\":\"Person\",\"@id\":\"https:\/\/fkzalgiris.lt\/#\/schema\/person\/8604babbba794a7d8767be324a3eaac8\",\"name\":\"J\"}]}<\/script>\n<!-- \/ Yoast SEO plugin. -->","yoast_head_json":{"title":"Prie\u0161 \u010cempion\u0173 lyg\u0105 \u2013 smagi\u0173 klip\u0173 serija su \u017ealgirie\u010diais - FK \u017dalgiris","robots":{"index":"index","follow":"follow","max-snippet":"max-snippet:-1","max-image-preview":"max-image-preview:large","max-video-preview":"max-video-preview:-1"},"canonical":"https:\/\/fkzalgiris.lt\/pries-cempionu-lyga-smagiu-klipu-serija-su-zalgirieciais\/","og_locale":"lt_LT","og_type":"article","og_title":"Prie\u0161 \u010cempion\u0173 lyg\u0105 \u2013 smagi\u0173 klip\u0173 serija su \u017ealgirie\u010diais - FK \u017dalgiris","og_description":"Art\u0117jan\u010dios UEFA \u010cempion\u0173 lygos rungtyn\u0117s \u2013 ypatingos \u201e\u017dalgirio\u201c komandai. Tai bus ne tik pirmas klubo pasirodymas elitiniame \u017eemyno klubiniame turnyre nuo 2017 met\u0173 pertraukos. Rungtyni\u0173\u2026","og_url":"https:\/\/fkzalgiris.lt\/pries-cempionu-lyga-smagiu-klipu-serija-su-zalgirieciais\/","og_site_name":"FK \u017dalgiris","article_publisher":"https:\/\/www.facebook.com\/fkzalgiris\/","article_published_time":"2021-07-05T09:01:06+00:00","article_modified_time":"2021-07-05T09:19:03+00:00","og_image":[{"width":3356,"height":2259,"url":"https:\/\/fkzalgiris.lt\/wp-content\/uploads\/2024\/02\/social-horiz_Zalgiris_logo_2024.png","type":"image\/png"}],"author":"J","twitter_card":"summary_large_image","twitter_creator":"@fkzalgiris","twitter_site":"@fkzalgiris","twitter_misc":{"Written by":"J","Est. reading time":"1 minut\u0117"},"schema":{"@context":"https:\/\/schema.org","@graph":[{"@type":"Article","@id":"https:\/\/fkzalgiris.lt\/pries-cempionu-lyga-smagiu-klipu-serija-su-zalgirieciais\/#article","isPartOf":{"@id":"https:\/\/fkzalgiris.lt\/pries-cempionu-lyga-smagiu-klipu-serija-su-zalgirieciais\/"},"author":{"name":"J","@id":"https:\/\/fkzalgiris.lt\/#\/schema\/person\/8604babbba794a7d8767be324a3eaac8"},"headline":"Prie\u0161 \u010cempion\u0173 lyg\u0105 \u2013 smagi\u0173 klip\u0173 serija su \u017ealgirie\u010diais","datePublished":"2021-07-05T09:01:06+00:00","dateModified":"2021-07-05T09:19:03+00:00","mainEntityOfPage":{"@id":"https:\/\/fkzalgiris.lt\/pries-cempionu-lyga-smagiu-klipu-serija-su-zalgirieciais\/"},"wordCount":235,"publisher":{"@id":"https:\/\/fkzalgiris.lt\/#organization"},"articleSection":["\u017dalgiris"],"inLanguage":"lt-LT"},{"@type":"WebPage","@id":"https:\/\/fkzalgiris.lt\/pries-cempionu-lyga-smagiu-klipu-serija-su-zalgirieciais\/","url":"https:\/\/fkzalgiris.lt\/pries-cempionu-lyga-smagiu-klipu-serija-su-zalgirieciais\/","name":"Prie\u0161 \u010cempion\u0173 lyg\u0105 \u2013 smagi\u0173 klip\u0173 serija su \u017ealgirie\u010diais - FK \u017dalgiris","isPartOf":{"@id":"https:\/\/fkzalgiris.lt\/#website"},"datePublished":"2021-07-05T09:01:06+00:00","dateModified":"2021-07-05T09:19:03+00:00","breadcrumb":{"@id":"https:\/\/fkzalgiris.lt\/pries-cempionu-lyga-smagiu-klipu-serija-su-zalgirieciais\/#breadcrumb"},"inLanguage":"lt-LT","potentialAction":[{"@type":"ReadAction","target":["https:\/\/fkzalgiris.lt\/pries-cempionu-lyga-smagiu-klipu-serija-su-zalgirieciais\/"]}]},{"@type":"BreadcrumbList","@id":"https:\/\/fkzalgiris.lt\/pries-cempionu-lyga-smagiu-klipu-serija-su-zalgirieciais\/#breadcrumb","itemListElement":[{"@type":"ListItem","position":1,"name":"Home","item":"https:\/\/fkzalgiris.lt\/"},{"@type":"ListItem","position":2,"name":"Prie\u0161 \u010cempion\u0173 lyg\u0105 \u2013 smagi\u0173 klip\u0173 serija su \u017ealgirie\u010diais"}]},{"@type":"WebSite","@id":"https:\/\/fkzalgiris.lt\/#website","url":"https:\/\/fkzalgiris.lt\/","name":"FK \u017dalgiris","description":"oficiali Vilniaus \u201e\u017dalgirio\u201c futbolo klubo svetain\u0117","publisher":{"@id":"https:\/\/fkzalgiris.lt\/#organization"},"potentialAction":[{"@type":"SearchAction","target":{"@type":"EntryPoint","urlTemplate":"https:\/\/fkzalgiris.lt\/?s={search_term_string}"},"query-input":{"@type":"PropertyValueSpecification","valueRequired":true,"valueName":"search_term_string"}}],"inLanguage":"lt-LT"},{"@type":"Organization","@id":"https:\/\/fkzalgiris.lt\/#organization","name":"FK \u017dalgiris","url":"https:\/\/fkzalgiris.lt\/","logo":{"@type":"ImageObject","inLanguage":"lt-LT","@id":"https:\/\/fkzalgiris.lt\/#\/schema\/logo\/image\/","url":"https:\/\/fkzalgiris.lt\/wp-content\/uploads\/2024\/01\/horiz-FK-Zalgiris-logo-2015.png","contentUrl":"https:\/\/fkzalgiris.lt\/wp-content\/uploads\/2024\/01\/horiz-FK-Zalgiris-logo-2015.png","width":3073,"height":2048,"caption":"FK \u017dalgiris"},"image":{"@id":"https:\/\/fkzalgiris.lt\/#\/schema\/logo\/image\/"},"sameAs":["https:\/\/www.facebook.com\/fkzalgiris\/","https:\/\/x.com\/fkzalgiris","https:\/\/www.instagram.com\/fkzalgiris\/","https:\/\/www.youtube.com\/channel\/UC1ag8JLxGirltMUoLlzfZLA"]},{"@type":"Person","@id":"https:\/\/fkzalgiris.lt\/#\/schema\/person\/8604babbba794a7d8767be324a3eaac8","name":"J"}]}},"_links":{"self":[{"href":"https:\/\/fkzalgiris.lt\/api\/wp\/v2\/posts\/5642","targetHints":{"allow":["GET"]}}],"collection":[{"href":"https:\/\/fkzalgiris.lt\/api\/wp\/v2\/posts"}],"about":[{"href":"https:\/\/fkzalgiris.lt\/api\/wp\/v2\/types\/post"}],"author":[{"embeddable":true,"href":"https:\/\/fkzalgiris.lt\/api\/wp\/v2\/users\/4"}],"replies":[{"embeddable":true,"href":"https:\/\/fkzalgiris.lt\/api\/wp\/v2\/comments?post=5642"}],"version-history":[{"count":5,"href":"https:\/\/fkzalgiris.lt\/api\/wp\/v2\/posts\/5642\/revisions"}],"predecessor-version":[{"id":5648,"href":"https:\/\/fkzalgiris.lt\/api\/wp\/v2\/posts\/5642\/revisions\/5648"}],"wp:attachment":[{"href":"https:\/\/fkzalgiris.lt\/api\/wp\/v2\/media?parent=5642"}],"wp:term":[{"taxonomy":"category","embeddable":true,"href":"https:\/\/fkzalgiris.lt\/api\/wp\/v2\/categories?post=5642"}],"curies":[{"name":"wp","href":"https:\/\/api.w.org\/{rel}","templated":true}]}}