{"id":5621,"date":"2021-07-03T12:07:05","date_gmt":"2021-07-03T09:07:05","guid":{"rendered":"https:\/\/fkzalgiris.lt\/?p=5621"},"modified":"2021-07-03T12:07:38","modified_gmt":"2021-07-03T09:07:38","slug":"v-ceburinas-buvo-daug-progu-nepavyko-ataku-uzbaigimas","status":"publish","type":"post","link":"https:\/\/fkzalgiris.lt\/v-ceburinas-buvo-daug-progu-nepavyko-ataku-uzbaigimas\/","title":{"rendered":"V. \u010ceburinas: \u201eBuvo daug prog\u0173, nepavyko atak\u0173 u\u017ebaigimas\u201d"},"content":{"rendered":"<p>FK \u201e\u017dalgirio\u201c treneris Vladimiras \u010ceburinas ir vartininkas Edvinas Gertmonas po lygi\u0173j\u0173 su \u201eRiteriais\u201c A lygoje akcentavo nes\u0117kming\u0105 atak\u0173 u\u017ebaigim\u0105.<\/p>\n<p>\u017dalgirie\u010diai tur\u0117jo nema\u017eai prog\u0173 ir tris kartus sudrebino vart\u0173 konstrukcij\u0105, bet rungtyn\u0117s baig\u0117si lygiosiomis 0:0.<\/p>\n<p>\u201eNepavyko u\u017ebaigimas, buvo skersinis, virpstas. Buvo prog\u0173, i\u0161 ties\u0173 daug. Ta\u010diau \u0161iandien ne\u012fmu\u0161\u0117me, o tai neleid\u017eia laim\u0117ti. Rungtyn\u0117s nebuvo blogos, kombinavome, suk\u016br\u0117me. Galb\u016bt buvo daugiau kovos nei gryno \u017eaidimo. Ta\u010diau dvi komandos kov\u0117si gana gerai\u201d, &#8211; reziumavo V. \u010ceburinas.<\/p>\n<p>Jis netur\u0117jo dideli\u0173 priekai\u0161t\u0173 savo aukl\u0117tiniams d\u0117l \u017eaidimo ir noro: \u201eNusiteikimas buvo tikrai geras. \u00a0Nuo pirm\u0173j\u0173 minu\u010di\u0173 rod\u0117me kad norime dominuoti, \u017eaisti pirmu numeriu, kaip visad. Pavykdavo atakos, tarp j\u0173 ir pozicin\u0117s. Buvo u\u017esidegimas pasiekti pergal\u0119. Ta\u010diau ne tai kad var\u017eovai apsigyn\u0117, bet mes nei\u0161naudojome savo prog\u0173. Tai priver\u010dia pam\u0105styti, kad ties tuo reikia daugiau dirbti. Reikia dirbti sunkiau. Geros rungtyn\u0117s, ta\u010diau nelaim\u0117tos\u201d<\/p>\n<p>Keturias rungtynes i\u0161 eil\u0117s A lygoje \u201e\u017dalgiris\u201c nepraleido \u012fvar\u010dio, ta\u010diau \u201esausus\u201c vartus i\u0161saugoj\u0119s Edvinas Gertmonas po lygi\u0173j\u0173 nesl\u0117p\u0117 nusivylimo.<\/p>\n<p>\u201e\u0160iandien praradome du ta\u0161kus. Nepavyko \u012fmu\u0161ti, to pasekoje du ta\u0161kai paleisti. Labiausiai tr\u016bko u\u017ebaigimo, a\u0161trumo priekyje, pora kart\u0173 pataik\u0117me \u012f vart\u0173 konstrukcij\u0105. Tr\u016bko tikslumo. \u201eRiteriai\u201c nebuvo lengvas var\u017eovas, bet tur\u0117jome prog\u0173, tur\u0117jome u\u017ebaigti rungtynes paprastai su \u012fvar\u010diu. Tr\u016bko tikslumo\u201c, &#8211; kalb\u0117jo E. Gertmonas.<\/p>\n<p>Jau antradien\u012f \u201e\u017dalgirio\u201c laukia startas tarptautiniame fronte \u2013 UEFA \u010cempion\u0173 lygos atrankos dvikova su Belfasto \u201eLinfield\u201c Vilniuje. Bilietus \u012f rungtynes platina \u201e<a href=\"https:\/\/www.bilietai.lt\/lit\/renginiai\/sportas\/futbolas\/uefa-cempionu-lyga-zalgiris-linfield-335994\/\">Bilietai.lt<\/a>\u201c.<\/p>\n","protected":false},"excerpt":{"rendered":"<p>FK \u201e\u017dalgirio\u201c treneris Vladimiras \u010ceburinas ir vartininkas Edvinas Gertmonas po lygi\u0173j\u0173 su \u201eRiteriais\u201c A lygoje akcentavo nes\u0117kming\u0105 atak\u0173 u\u017ebaigim\u0105. \u017dalgirie\u010diai tur\u0117jo nema\u017eai prog\u0173 ir tris\u2026<\/p>\n","protected":false},"author":4,"featured_media":0,"comment_status":"closed","ping_status":"closed","sticky":false,"template":"","format":"standard","meta":{"_acf_changed":false,"footnotes":""},"categories":[87],"class_list":["post-5621","post","type-post","status-publish","format-standard","hentry","category-zalgiris"],"acf":[],"yoast_head":"<!-- This site is optimized with the Yoast SEO plugin v26.8 - https:\/\/yoast.com\/product\/yoast-seo-wordpress\/ -->\n<title>V. \u010ceburinas: \u201eBuvo daug prog\u0173, nepavyko atak\u0173 u\u017ebaigimas\u201d - FK \u017dalgiris<\/title>\n<meta name=\"robots\" content=\"index, follow, max-snippet:-1, max-image-preview:large, max-video-preview:-1\" \/>\n<link rel=\"canonical\" href=\"https:\/\/fkzalgiris.lt\/v-ceburinas-buvo-daug-progu-nepavyko-ataku-uzbaigimas\/\" \/>\n<meta property=\"og:locale\" content=\"lt_LT\" \/>\n<meta property=\"og:type\" content=\"article\" \/>\n<meta property=\"og:title\" content=\"V. \u010ceburinas: \u201eBuvo daug prog\u0173, nepavyko atak\u0173 u\u017ebaigimas\u201d - FK \u017dalgiris\" \/>\n<meta property=\"og:description\" content=\"FK \u201e\u017dalgirio\u201c treneris Vladimiras \u010ceburinas ir vartininkas Edvinas Gertmonas po lygi\u0173j\u0173 su \u201eRiteriais\u201c A lygoje akcentavo nes\u0117kming\u0105 atak\u0173 u\u017ebaigim\u0105. \u017dalgirie\u010diai tur\u0117jo nema\u017eai prog\u0173 ir tris\u2026\" \/>\n<meta property=\"og:url\" content=\"https:\/\/fkzalgiris.lt\/v-ceburinas-buvo-daug-progu-nepavyko-ataku-uzbaigimas\/\" \/>\n<meta property=\"og:site_name\" content=\"FK \u017dalgiris\" \/>\n<meta property=\"article:publisher\" content=\"https:\/\/www.facebook.com\/fkzalgiris\/\" \/>\n<meta property=\"article:published_time\" content=\"2021-07-03T09:07:05+00:00\" \/>\n<meta property=\"article:modified_time\" content=\"2021-07-03T09:07:38+00:00\" \/>\n<meta property=\"og:image\" content=\"https:\/\/fkzalgiris.lt\/wp-content\/uploads\/2024\/02\/social-horiz_Zalgiris_logo_2024.png\" \/>\n\t<meta property=\"og:image:width\" content=\"3356\" \/>\n\t<meta property=\"og:image:height\" content=\"2259\" \/>\n\t<meta property=\"og:image:type\" content=\"image\/png\" \/>\n<meta name=\"author\" content=\"J\" \/>\n<meta name=\"twitter:card\" content=\"summary_large_image\" \/>\n<meta name=\"twitter:creator\" content=\"@fkzalgiris\" \/>\n<meta name=\"twitter:site\" content=\"@fkzalgiris\" \/>\n<meta name=\"twitter:label1\" content=\"Written by\" \/>\n\t<meta name=\"twitter:data1\" content=\"J\" \/>\n\t<meta name=\"twitter:label2\" content=\"Est. reading time\" \/>\n\t<meta name=\"twitter:data2\" content=\"1 minut\u0117\" \/>\n<script type=\"application\/ld+json\" class=\"yoast-schema-graph\">{\"@context\":\"https:\/\/schema.org\",\"@graph\":[{\"@type\":\"Article\",\"@id\":\"https:\/\/fkzalgiris.lt\/v-ceburinas-buvo-daug-progu-nepavyko-ataku-uzbaigimas\/#article\",\"isPartOf\":{\"@id\":\"https:\/\/fkzalgiris.lt\/v-ceburinas-buvo-daug-progu-nepavyko-ataku-uzbaigimas\/\"},\"author\":{\"name\":\"J\",\"@id\":\"https:\/\/fkzalgiris.lt\/#\/schema\/person\/8604babbba794a7d8767be324a3eaac8\"},\"headline\":\"V. \u010ceburinas: \u201eBuvo daug prog\u0173, nepavyko atak\u0173 u\u017ebaigimas\u201d\",\"datePublished\":\"2021-07-03T09:07:05+00:00\",\"dateModified\":\"2021-07-03T09:07:38+00:00\",\"mainEntityOfPage\":{\"@id\":\"https:\/\/fkzalgiris.lt\/v-ceburinas-buvo-daug-progu-nepavyko-ataku-uzbaigimas\/\"},\"wordCount\":285,\"publisher\":{\"@id\":\"https:\/\/fkzalgiris.lt\/#organization\"},\"articleSection\":[\"\u017dalgiris\"],\"inLanguage\":\"lt-LT\"},{\"@type\":\"WebPage\",\"@id\":\"https:\/\/fkzalgiris.lt\/v-ceburinas-buvo-daug-progu-nepavyko-ataku-uzbaigimas\/\",\"url\":\"https:\/\/fkzalgiris.lt\/v-ceburinas-buvo-daug-progu-nepavyko-ataku-uzbaigimas\/\",\"name\":\"V. \u010ceburinas: \u201eBuvo daug prog\u0173, nepavyko atak\u0173 u\u017ebaigimas\u201d - FK \u017dalgiris\",\"isPartOf\":{\"@id\":\"https:\/\/fkzalgiris.lt\/#website\"},\"datePublished\":\"2021-07-03T09:07:05+00:00\",\"dateModified\":\"2021-07-03T09:07:38+00:00\",\"breadcrumb\":{\"@id\":\"https:\/\/fkzalgiris.lt\/v-ceburinas-buvo-daug-progu-nepavyko-ataku-uzbaigimas\/#breadcrumb\"},\"inLanguage\":\"lt-LT\",\"potentialAction\":[{\"@type\":\"ReadAction\",\"target\":[\"https:\/\/fkzalgiris.lt\/v-ceburinas-buvo-daug-progu-nepavyko-ataku-uzbaigimas\/\"]}]},{\"@type\":\"BreadcrumbList\",\"@id\":\"https:\/\/fkzalgiris.lt\/v-ceburinas-buvo-daug-progu-nepavyko-ataku-uzbaigimas\/#breadcrumb\",\"itemListElement\":[{\"@type\":\"ListItem\",\"position\":1,\"name\":\"Home\",\"item\":\"https:\/\/fkzalgiris.lt\/\"},{\"@type\":\"ListItem\",\"position\":2,\"name\":\"V. \u010ceburinas: \u201eBuvo daug prog\u0173, nepavyko atak\u0173 u\u017ebaigimas\u201d\"}]},{\"@type\":\"WebSite\",\"@id\":\"https:\/\/fkzalgiris.lt\/#website\",\"url\":\"https:\/\/fkzalgiris.lt\/\",\"name\":\"FK \u017dalgiris\",\"description\":\"oficiali Vilniaus \u201e\u017dalgirio\u201c futbolo klubo svetain\u0117\",\"publisher\":{\"@id\":\"https:\/\/fkzalgiris.lt\/#organization\"},\"potentialAction\":[{\"@type\":\"SearchAction\",\"target\":{\"@type\":\"EntryPoint\",\"urlTemplate\":\"https:\/\/fkzalgiris.lt\/?s={search_term_string}\"},\"query-input\":{\"@type\":\"PropertyValueSpecification\",\"valueRequired\":true,\"valueName\":\"search_term_string\"}}],\"inLanguage\":\"lt-LT\"},{\"@type\":\"Organization\",\"@id\":\"https:\/\/fkzalgiris.lt\/#organization\",\"name\":\"FK \u017dalgiris\",\"url\":\"https:\/\/fkzalgiris.lt\/\",\"logo\":{\"@type\":\"ImageObject\",\"inLanguage\":\"lt-LT\",\"@id\":\"https:\/\/fkzalgiris.lt\/#\/schema\/logo\/image\/\",\"url\":\"https:\/\/fkzalgiris.lt\/wp-content\/uploads\/2024\/01\/horiz-FK-Zalgiris-logo-2015.png\",\"contentUrl\":\"https:\/\/fkzalgiris.lt\/wp-content\/uploads\/2024\/01\/horiz-FK-Zalgiris-logo-2015.png\",\"width\":3073,\"height\":2048,\"caption\":\"FK \u017dalgiris\"},\"image\":{\"@id\":\"https:\/\/fkzalgiris.lt\/#\/schema\/logo\/image\/\"},\"sameAs\":[\"https:\/\/www.facebook.com\/fkzalgiris\/\",\"https:\/\/x.com\/fkzalgiris\",\"https:\/\/www.instagram.com\/fkzalgiris\/\",\"https:\/\/www.youtube.com\/channel\/UC1ag8JLxGirltMUoLlzfZLA\"]},{\"@type\":\"Person\",\"@id\":\"https:\/\/fkzalgiris.lt\/#\/schema\/person\/8604babbba794a7d8767be324a3eaac8\",\"name\":\"J\"}]}<\/script>\n<!-- \/ Yoast SEO plugin. -->","yoast_head_json":{"title":"V. \u010ceburinas: \u201eBuvo daug prog\u0173, nepavyko atak\u0173 u\u017ebaigimas\u201d - FK \u017dalgiris","robots":{"index":"index","follow":"follow","max-snippet":"max-snippet:-1","max-image-preview":"max-image-preview:large","max-video-preview":"max-video-preview:-1"},"canonical":"https:\/\/fkzalgiris.lt\/v-ceburinas-buvo-daug-progu-nepavyko-ataku-uzbaigimas\/","og_locale":"lt_LT","og_type":"article","og_title":"V. \u010ceburinas: \u201eBuvo daug prog\u0173, nepavyko atak\u0173 u\u017ebaigimas\u201d - FK \u017dalgiris","og_description":"FK \u201e\u017dalgirio\u201c treneris Vladimiras \u010ceburinas ir vartininkas Edvinas Gertmonas po lygi\u0173j\u0173 su \u201eRiteriais\u201c A lygoje akcentavo nes\u0117kming\u0105 atak\u0173 u\u017ebaigim\u0105. \u017dalgirie\u010diai tur\u0117jo nema\u017eai prog\u0173 ir tris\u2026","og_url":"https:\/\/fkzalgiris.lt\/v-ceburinas-buvo-daug-progu-nepavyko-ataku-uzbaigimas\/","og_site_name":"FK \u017dalgiris","article_publisher":"https:\/\/www.facebook.com\/fkzalgiris\/","article_published_time":"2021-07-03T09:07:05+00:00","article_modified_time":"2021-07-03T09:07:38+00:00","og_image":[{"width":3356,"height":2259,"url":"https:\/\/fkzalgiris.lt\/wp-content\/uploads\/2024\/02\/social-horiz_Zalgiris_logo_2024.png","type":"image\/png"}],"author":"J","twitter_card":"summary_large_image","twitter_creator":"@fkzalgiris","twitter_site":"@fkzalgiris","twitter_misc":{"Written by":"J","Est. reading time":"1 minut\u0117"},"schema":{"@context":"https:\/\/schema.org","@graph":[{"@type":"Article","@id":"https:\/\/fkzalgiris.lt\/v-ceburinas-buvo-daug-progu-nepavyko-ataku-uzbaigimas\/#article","isPartOf":{"@id":"https:\/\/fkzalgiris.lt\/v-ceburinas-buvo-daug-progu-nepavyko-ataku-uzbaigimas\/"},"author":{"name":"J","@id":"https:\/\/fkzalgiris.lt\/#\/schema\/person\/8604babbba794a7d8767be324a3eaac8"},"headline":"V. \u010ceburinas: \u201eBuvo daug prog\u0173, nepavyko atak\u0173 u\u017ebaigimas\u201d","datePublished":"2021-07-03T09:07:05+00:00","dateModified":"2021-07-03T09:07:38+00:00","mainEntityOfPage":{"@id":"https:\/\/fkzalgiris.lt\/v-ceburinas-buvo-daug-progu-nepavyko-ataku-uzbaigimas\/"},"wordCount":285,"publisher":{"@id":"https:\/\/fkzalgiris.lt\/#organization"},"articleSection":["\u017dalgiris"],"inLanguage":"lt-LT"},{"@type":"WebPage","@id":"https:\/\/fkzalgiris.lt\/v-ceburinas-buvo-daug-progu-nepavyko-ataku-uzbaigimas\/","url":"https:\/\/fkzalgiris.lt\/v-ceburinas-buvo-daug-progu-nepavyko-ataku-uzbaigimas\/","name":"V. \u010ceburinas: \u201eBuvo daug prog\u0173, nepavyko atak\u0173 u\u017ebaigimas\u201d - FK \u017dalgiris","isPartOf":{"@id":"https:\/\/fkzalgiris.lt\/#website"},"datePublished":"2021-07-03T09:07:05+00:00","dateModified":"2021-07-03T09:07:38+00:00","breadcrumb":{"@id":"https:\/\/fkzalgiris.lt\/v-ceburinas-buvo-daug-progu-nepavyko-ataku-uzbaigimas\/#breadcrumb"},"inLanguage":"lt-LT","potentialAction":[{"@type":"ReadAction","target":["https:\/\/fkzalgiris.lt\/v-ceburinas-buvo-daug-progu-nepavyko-ataku-uzbaigimas\/"]}]},{"@type":"BreadcrumbList","@id":"https:\/\/fkzalgiris.lt\/v-ceburinas-buvo-daug-progu-nepavyko-ataku-uzbaigimas\/#breadcrumb","itemListElement":[{"@type":"ListItem","position":1,"name":"Home","item":"https:\/\/fkzalgiris.lt\/"},{"@type":"ListItem","position":2,"name":"V. \u010ceburinas: \u201eBuvo daug prog\u0173, nepavyko atak\u0173 u\u017ebaigimas\u201d"}]},{"@type":"WebSite","@id":"https:\/\/fkzalgiris.lt\/#website","url":"https:\/\/fkzalgiris.lt\/","name":"FK \u017dalgiris","description":"oficiali Vilniaus \u201e\u017dalgirio\u201c futbolo klubo svetain\u0117","publisher":{"@id":"https:\/\/fkzalgiris.lt\/#organization"},"potentialAction":[{"@type":"SearchAction","target":{"@type":"EntryPoint","urlTemplate":"https:\/\/fkzalgiris.lt\/?s={search_term_string}"},"query-input":{"@type":"PropertyValueSpecification","valueRequired":true,"valueName":"search_term_string"}}],"inLanguage":"lt-LT"},{"@type":"Organization","@id":"https:\/\/fkzalgiris.lt\/#organization","name":"FK \u017dalgiris","url":"https:\/\/fkzalgiris.lt\/","logo":{"@type":"ImageObject","inLanguage":"lt-LT","@id":"https:\/\/fkzalgiris.lt\/#\/schema\/logo\/image\/","url":"https:\/\/fkzalgiris.lt\/wp-content\/uploads\/2024\/01\/horiz-FK-Zalgiris-logo-2015.png","contentUrl":"https:\/\/fkzalgiris.lt\/wp-content\/uploads\/2024\/01\/horiz-FK-Zalgiris-logo-2015.png","width":3073,"height":2048,"caption":"FK \u017dalgiris"},"image":{"@id":"https:\/\/fkzalgiris.lt\/#\/schema\/logo\/image\/"},"sameAs":["https:\/\/www.facebook.com\/fkzalgiris\/","https:\/\/x.com\/fkzalgiris","https:\/\/www.instagram.com\/fkzalgiris\/","https:\/\/www.youtube.com\/channel\/UC1ag8JLxGirltMUoLlzfZLA"]},{"@type":"Person","@id":"https:\/\/fkzalgiris.lt\/#\/schema\/person\/8604babbba794a7d8767be324a3eaac8","name":"J"}]}},"_links":{"self":[{"href":"https:\/\/fkzalgiris.lt\/api\/wp\/v2\/posts\/5621","targetHints":{"allow":["GET"]}}],"collection":[{"href":"https:\/\/fkzalgiris.lt\/api\/wp\/v2\/posts"}],"about":[{"href":"https:\/\/fkzalgiris.lt\/api\/wp\/v2\/types\/post"}],"author":[{"embeddable":true,"href":"https:\/\/fkzalgiris.lt\/api\/wp\/v2\/users\/4"}],"replies":[{"embeddable":true,"href":"https:\/\/fkzalgiris.lt\/api\/wp\/v2\/comments?post=5621"}],"version-history":[{"count":3,"href":"https:\/\/fkzalgiris.lt\/api\/wp\/v2\/posts\/5621\/revisions"}],"predecessor-version":[{"id":5625,"href":"https:\/\/fkzalgiris.lt\/api\/wp\/v2\/posts\/5621\/revisions\/5625"}],"wp:attachment":[{"href":"https:\/\/fkzalgiris.lt\/api\/wp\/v2\/media?parent=5621"}],"wp:term":[{"taxonomy":"category","embeddable":true,"href":"https:\/\/fkzalgiris.lt\/api\/wp\/v2\/categories?post=5621"}],"curies":[{"name":"wp","href":"https:\/\/api.w.org\/{rel}","templated":true}]}}