{"id":5565,"date":"2021-06-28T12:40:51","date_gmt":"2021-06-28T09:40:51","guid":{"rendered":"https:\/\/fkzalgiris.lt\/?p=5565"},"modified":"2021-06-28T12:41:38","modified_gmt":"2021-06-28T09:41:38","slug":"v-ceburinas-problemu-su-nusiteikimu-nebuvo","status":"publish","type":"post","link":"https:\/\/fkzalgiris.lt\/v-ceburinas-problemu-su-nusiteikimu-nebuvo\/","title":{"rendered":"V. \u010ceburinas: \u201eProblem\u0173 su nusiteikimu nebuvo\u201c"},"content":{"rendered":"<p>\u201e\u017dalgirio\u201c treneris Vladimiras \u010ceburinas po ketvirtos i\u0161 eil\u0117s komandos pergal\u0117s laiko patekintas \u017eaid\u0117j\u0173 nusiteiki, o gyn\u0117jas Djibril Diaw \u2013 i\u0161saugotais \u201esausais\u201c vartais.<\/p>\n<p>\u201e\u017dalgiris\u201c rezultatu 2:0 pranoko A lygos autsaider\u012f \u201eNev\u0117\u017e\u012f\u201c ir \u012ftvirtino pirm\u0105 viet\u0105 lentel\u0117je. \u017dalgirie\u010di\u0173 prana\u0161umas \u0161iose rungtyn\u0117se nepaliko abejoni\u0173.<\/p>\n<p>\u201ePrie\u0161 rungtynes kalb\u0117jome apie galim\u0105 atsipalaidavim\u0105: psichologija gali b\u016bti klastinga. Manau, jog problem\u0173 nebuvo. Komanda nuo pirm\u0173 minu\u010di\u0173 buvo u\u017esidegusi. Tur\u0117jo tikrai daug prog\u0173 k\u0117linio eigoje. Kai kur var\u017eovus gelb\u0117jo gerai su\u017eaid\u0119s vartininkas. Galb\u016bt ir mes nebuvome geriausi u\u017ebaigiamojoje stadijoje. Ta\u010diau komanda su\u017eaid\u0117 geras rungtynes. Var\u017eovas neu\u017esidar\u0117 ir prie 0:2, band\u0117 kontratakuoti, band\u0117 kurti progas, eiti prie m\u016bs\u0173 baudos aik\u0161tel\u0117s Ta\u010diau \u0161iandien \u017dalgiris \u017eaid\u0117 taip, kad kontroliavo situacij\u0105\u201c, &#8211; reziumavo dvikov\u0105 V. \u010ceburinas.<\/p>\n<div class=\"embed-responsive embed-responsive-16by9 mb-4\"><iframe title=\"TRENERIO KOMENTARAS | \u010cEBURIN | \u017dALGIRIS - NEV\u0116\u017dIS | A LYGA | REACTION [CC]\" src=\"https:\/\/www.youtube.com\/embed\/BHhb7RFmlQM?feature=oembed\" frameborder=\"0\" allow=\"accelerometer; autoplay; clipboard-write; encrypted-media; gyroscope; picture-in-picture; web-share\" referrerpolicy=\"strict-origin-when-cross-origin\" allowfullscreen><\/iframe> <\/div>\n<p>\u201eMums tai buvo sunkios rungtyn\u0117s. Svarbios d\u0117l turnyro lentel\u0117s situacijos. Atlikome darb\u0105 gerai\u201c, &#8211; vertino D. Diaw.<\/p>\n<p>\u017dalgirie\u010diai \u0161iose rungtyn\u0117se gal\u0117jo \u012fmu\u0161ti ir daugiau \u012fvar\u010di\u0173, bet nepasinaudojo progomis: \u201eToks futbolas, visuomet yra ties kuo dirbti, \u012f k\u0105 atkreipti d\u0117mes\u012f. \u00a0Kai kur reikia individualiai padirb\u0117ti su \u017eaid\u0117jais. Progas kuria visa komanda, u\u017ebaigti reikia vienam. Reikia s\u0117km\u0117s, geros pozicijos ar meistri\u0161ko i\u0161pildymo. Visuomet yra ties kuo epizod\u0173 ties kuo dirbti, k\u0105 tobulinti.\u201c<\/p>\n<p>\u201eSvarbiausia, kad suk\u016br\u0117me prog\u0173. Turime strategij\u0105 atakuoti, svarbu tai atlikti gerai\u201c, &#8211; kalb\u0117jo gyn\u0117jas D. Diaw.<\/p>\n<p>Per paskutines ketverias laim\u0117tas rungtynes \u017ealgirie\u010diai nepraleido \u012fvar\u010di\u0173.<\/p>\n<p>\u201eTai svarbu visai komandai. Tai duoda pasitik\u0117jimo visai komandai kad tai darome, galime, ir darysime. \u201eSausi\u201c vartai yra labai svarbu\u201c, &#8211; tikino treneris.<\/p>\n<p>\u201eVisuomet d\u017eiaugiuosi, kaip gyn\u0117jas, kad nepraleid\u017eiame \u012fvar\u010di\u0173. Tai komandinis darbas\u201c, &#8211; kalb\u0117jo gyn\u0117jas.<\/p>\n<p>Kitas rungtynes \u201e\u017dalgiris\u201c \u017eais liepos 2 d. Vilniuje su \u201eRiteriais\u201c.<\/p>\n<p>&nbsp;<\/p>\n","protected":false},"excerpt":{"rendered":"<p>\u201e\u017dalgirio\u201c treneris Vladimiras \u010ceburinas po ketvirtos i\u0161 eil\u0117s komandos pergal\u0117s laiko patekintas \u017eaid\u0117j\u0173 nusiteiki, o gyn\u0117jas Djibril Diaw \u2013 i\u0161saugotais \u201esausais\u201c vartais. \u201e\u017dalgiris\u201c rezultatu 2:0\u2026<\/p>\n","protected":false},"author":4,"featured_media":0,"comment_status":"closed","ping_status":"closed","sticky":false,"template":"","format":"standard","meta":{"_acf_changed":false,"footnotes":""},"categories":[87],"class_list":["post-5565","post","type-post","status-publish","format-standard","hentry","category-zalgiris"],"acf":[],"yoast_head":"<!-- This site is optimized with the Yoast SEO plugin v26.8 - https:\/\/yoast.com\/product\/yoast-seo-wordpress\/ -->\n<title>V. \u010ceburinas: \u201eProblem\u0173 su nusiteikimu nebuvo\u201c - FK \u017dalgiris<\/title>\n<meta name=\"robots\" content=\"index, follow, max-snippet:-1, max-image-preview:large, max-video-preview:-1\" \/>\n<link rel=\"canonical\" href=\"https:\/\/fkzalgiris.lt\/v-ceburinas-problemu-su-nusiteikimu-nebuvo\/\" \/>\n<meta property=\"og:locale\" content=\"lt_LT\" \/>\n<meta property=\"og:type\" content=\"article\" \/>\n<meta property=\"og:title\" content=\"V. \u010ceburinas: \u201eProblem\u0173 su nusiteikimu nebuvo\u201c - FK \u017dalgiris\" \/>\n<meta property=\"og:description\" content=\"\u201e\u017dalgirio\u201c treneris Vladimiras \u010ceburinas po ketvirtos i\u0161 eil\u0117s komandos pergal\u0117s laiko patekintas \u017eaid\u0117j\u0173 nusiteiki, o gyn\u0117jas Djibril Diaw \u2013 i\u0161saugotais \u201esausais\u201c vartais. \u201e\u017dalgiris\u201c rezultatu 2:0\u2026\" \/>\n<meta property=\"og:url\" content=\"https:\/\/fkzalgiris.lt\/v-ceburinas-problemu-su-nusiteikimu-nebuvo\/\" \/>\n<meta property=\"og:site_name\" content=\"FK \u017dalgiris\" \/>\n<meta property=\"article:publisher\" content=\"https:\/\/www.facebook.com\/fkzalgiris\/\" \/>\n<meta property=\"article:published_time\" content=\"2021-06-28T09:40:51+00:00\" \/>\n<meta property=\"article:modified_time\" content=\"2021-06-28T09:41:38+00:00\" \/>\n<meta property=\"og:image\" content=\"https:\/\/fkzalgiris.lt\/wp-content\/uploads\/2024\/02\/social-horiz_Zalgiris_logo_2024.png\" \/>\n\t<meta property=\"og:image:width\" content=\"3356\" \/>\n\t<meta property=\"og:image:height\" content=\"2259\" \/>\n\t<meta property=\"og:image:type\" content=\"image\/png\" \/>\n<meta name=\"author\" content=\"J\" \/>\n<meta name=\"twitter:card\" content=\"summary_large_image\" \/>\n<meta name=\"twitter:creator\" content=\"@fkzalgiris\" \/>\n<meta name=\"twitter:site\" content=\"@fkzalgiris\" \/>\n<meta name=\"twitter:label1\" content=\"Written by\" \/>\n\t<meta name=\"twitter:data1\" content=\"J\" \/>\n\t<meta name=\"twitter:label2\" content=\"Est. reading time\" \/>\n\t<meta name=\"twitter:data2\" content=\"2 minut\u0117s\" \/>\n<script type=\"application\/ld+json\" class=\"yoast-schema-graph\">{\"@context\":\"https:\/\/schema.org\",\"@graph\":[{\"@type\":\"Article\",\"@id\":\"https:\/\/fkzalgiris.lt\/v-ceburinas-problemu-su-nusiteikimu-nebuvo\/#article\",\"isPartOf\":{\"@id\":\"https:\/\/fkzalgiris.lt\/v-ceburinas-problemu-su-nusiteikimu-nebuvo\/\"},\"author\":{\"name\":\"J\",\"@id\":\"https:\/\/fkzalgiris.lt\/#\/schema\/person\/8604babbba794a7d8767be324a3eaac8\"},\"headline\":\"V. \u010ceburinas: \u201eProblem\u0173 su nusiteikimu nebuvo\u201c\",\"datePublished\":\"2021-06-28T09:40:51+00:00\",\"dateModified\":\"2021-06-28T09:41:38+00:00\",\"mainEntityOfPage\":{\"@id\":\"https:\/\/fkzalgiris.lt\/v-ceburinas-problemu-su-nusiteikimu-nebuvo\/\"},\"wordCount\":322,\"publisher\":{\"@id\":\"https:\/\/fkzalgiris.lt\/#organization\"},\"articleSection\":[\"\u017dalgiris\"],\"inLanguage\":\"lt-LT\"},{\"@type\":\"WebPage\",\"@id\":\"https:\/\/fkzalgiris.lt\/v-ceburinas-problemu-su-nusiteikimu-nebuvo\/\",\"url\":\"https:\/\/fkzalgiris.lt\/v-ceburinas-problemu-su-nusiteikimu-nebuvo\/\",\"name\":\"V. \u010ceburinas: \u201eProblem\u0173 su nusiteikimu nebuvo\u201c - FK \u017dalgiris\",\"isPartOf\":{\"@id\":\"https:\/\/fkzalgiris.lt\/#website\"},\"datePublished\":\"2021-06-28T09:40:51+00:00\",\"dateModified\":\"2021-06-28T09:41:38+00:00\",\"breadcrumb\":{\"@id\":\"https:\/\/fkzalgiris.lt\/v-ceburinas-problemu-su-nusiteikimu-nebuvo\/#breadcrumb\"},\"inLanguage\":\"lt-LT\",\"potentialAction\":[{\"@type\":\"ReadAction\",\"target\":[\"https:\/\/fkzalgiris.lt\/v-ceburinas-problemu-su-nusiteikimu-nebuvo\/\"]}]},{\"@type\":\"BreadcrumbList\",\"@id\":\"https:\/\/fkzalgiris.lt\/v-ceburinas-problemu-su-nusiteikimu-nebuvo\/#breadcrumb\",\"itemListElement\":[{\"@type\":\"ListItem\",\"position\":1,\"name\":\"Home\",\"item\":\"https:\/\/fkzalgiris.lt\/\"},{\"@type\":\"ListItem\",\"position\":2,\"name\":\"V. \u010ceburinas: \u201eProblem\u0173 su nusiteikimu nebuvo\u201c\"}]},{\"@type\":\"WebSite\",\"@id\":\"https:\/\/fkzalgiris.lt\/#website\",\"url\":\"https:\/\/fkzalgiris.lt\/\",\"name\":\"FK \u017dalgiris\",\"description\":\"oficiali Vilniaus \u201e\u017dalgirio\u201c futbolo klubo svetain\u0117\",\"publisher\":{\"@id\":\"https:\/\/fkzalgiris.lt\/#organization\"},\"potentialAction\":[{\"@type\":\"SearchAction\",\"target\":{\"@type\":\"EntryPoint\",\"urlTemplate\":\"https:\/\/fkzalgiris.lt\/?s={search_term_string}\"},\"query-input\":{\"@type\":\"PropertyValueSpecification\",\"valueRequired\":true,\"valueName\":\"search_term_string\"}}],\"inLanguage\":\"lt-LT\"},{\"@type\":\"Organization\",\"@id\":\"https:\/\/fkzalgiris.lt\/#organization\",\"name\":\"FK \u017dalgiris\",\"url\":\"https:\/\/fkzalgiris.lt\/\",\"logo\":{\"@type\":\"ImageObject\",\"inLanguage\":\"lt-LT\",\"@id\":\"https:\/\/fkzalgiris.lt\/#\/schema\/logo\/image\/\",\"url\":\"https:\/\/fkzalgiris.lt\/wp-content\/uploads\/2024\/01\/horiz-FK-Zalgiris-logo-2015.png\",\"contentUrl\":\"https:\/\/fkzalgiris.lt\/wp-content\/uploads\/2024\/01\/horiz-FK-Zalgiris-logo-2015.png\",\"width\":3073,\"height\":2048,\"caption\":\"FK \u017dalgiris\"},\"image\":{\"@id\":\"https:\/\/fkzalgiris.lt\/#\/schema\/logo\/image\/\"},\"sameAs\":[\"https:\/\/www.facebook.com\/fkzalgiris\/\",\"https:\/\/x.com\/fkzalgiris\",\"https:\/\/www.instagram.com\/fkzalgiris\/\",\"https:\/\/www.youtube.com\/channel\/UC1ag8JLxGirltMUoLlzfZLA\"]},{\"@type\":\"Person\",\"@id\":\"https:\/\/fkzalgiris.lt\/#\/schema\/person\/8604babbba794a7d8767be324a3eaac8\",\"name\":\"J\"}]}<\/script>\n<!-- \/ Yoast SEO plugin. -->","yoast_head_json":{"title":"V. \u010ceburinas: \u201eProblem\u0173 su nusiteikimu nebuvo\u201c - FK \u017dalgiris","robots":{"index":"index","follow":"follow","max-snippet":"max-snippet:-1","max-image-preview":"max-image-preview:large","max-video-preview":"max-video-preview:-1"},"canonical":"https:\/\/fkzalgiris.lt\/v-ceburinas-problemu-su-nusiteikimu-nebuvo\/","og_locale":"lt_LT","og_type":"article","og_title":"V. \u010ceburinas: \u201eProblem\u0173 su nusiteikimu nebuvo\u201c - FK \u017dalgiris","og_description":"\u201e\u017dalgirio\u201c treneris Vladimiras \u010ceburinas po ketvirtos i\u0161 eil\u0117s komandos pergal\u0117s laiko patekintas \u017eaid\u0117j\u0173 nusiteiki, o gyn\u0117jas Djibril Diaw \u2013 i\u0161saugotais \u201esausais\u201c vartais. \u201e\u017dalgiris\u201c rezultatu 2:0\u2026","og_url":"https:\/\/fkzalgiris.lt\/v-ceburinas-problemu-su-nusiteikimu-nebuvo\/","og_site_name":"FK \u017dalgiris","article_publisher":"https:\/\/www.facebook.com\/fkzalgiris\/","article_published_time":"2021-06-28T09:40:51+00:00","article_modified_time":"2021-06-28T09:41:38+00:00","og_image":[{"width":3356,"height":2259,"url":"https:\/\/fkzalgiris.lt\/wp-content\/uploads\/2024\/02\/social-horiz_Zalgiris_logo_2024.png","type":"image\/png"}],"author":"J","twitter_card":"summary_large_image","twitter_creator":"@fkzalgiris","twitter_site":"@fkzalgiris","twitter_misc":{"Written by":"J","Est. reading time":"2 minut\u0117s"},"schema":{"@context":"https:\/\/schema.org","@graph":[{"@type":"Article","@id":"https:\/\/fkzalgiris.lt\/v-ceburinas-problemu-su-nusiteikimu-nebuvo\/#article","isPartOf":{"@id":"https:\/\/fkzalgiris.lt\/v-ceburinas-problemu-su-nusiteikimu-nebuvo\/"},"author":{"name":"J","@id":"https:\/\/fkzalgiris.lt\/#\/schema\/person\/8604babbba794a7d8767be324a3eaac8"},"headline":"V. \u010ceburinas: \u201eProblem\u0173 su nusiteikimu nebuvo\u201c","datePublished":"2021-06-28T09:40:51+00:00","dateModified":"2021-06-28T09:41:38+00:00","mainEntityOfPage":{"@id":"https:\/\/fkzalgiris.lt\/v-ceburinas-problemu-su-nusiteikimu-nebuvo\/"},"wordCount":322,"publisher":{"@id":"https:\/\/fkzalgiris.lt\/#organization"},"articleSection":["\u017dalgiris"],"inLanguage":"lt-LT"},{"@type":"WebPage","@id":"https:\/\/fkzalgiris.lt\/v-ceburinas-problemu-su-nusiteikimu-nebuvo\/","url":"https:\/\/fkzalgiris.lt\/v-ceburinas-problemu-su-nusiteikimu-nebuvo\/","name":"V. \u010ceburinas: \u201eProblem\u0173 su nusiteikimu nebuvo\u201c - FK \u017dalgiris","isPartOf":{"@id":"https:\/\/fkzalgiris.lt\/#website"},"datePublished":"2021-06-28T09:40:51+00:00","dateModified":"2021-06-28T09:41:38+00:00","breadcrumb":{"@id":"https:\/\/fkzalgiris.lt\/v-ceburinas-problemu-su-nusiteikimu-nebuvo\/#breadcrumb"},"inLanguage":"lt-LT","potentialAction":[{"@type":"ReadAction","target":["https:\/\/fkzalgiris.lt\/v-ceburinas-problemu-su-nusiteikimu-nebuvo\/"]}]},{"@type":"BreadcrumbList","@id":"https:\/\/fkzalgiris.lt\/v-ceburinas-problemu-su-nusiteikimu-nebuvo\/#breadcrumb","itemListElement":[{"@type":"ListItem","position":1,"name":"Home","item":"https:\/\/fkzalgiris.lt\/"},{"@type":"ListItem","position":2,"name":"V. \u010ceburinas: \u201eProblem\u0173 su nusiteikimu nebuvo\u201c"}]},{"@type":"WebSite","@id":"https:\/\/fkzalgiris.lt\/#website","url":"https:\/\/fkzalgiris.lt\/","name":"FK \u017dalgiris","description":"oficiali Vilniaus \u201e\u017dalgirio\u201c futbolo klubo svetain\u0117","publisher":{"@id":"https:\/\/fkzalgiris.lt\/#organization"},"potentialAction":[{"@type":"SearchAction","target":{"@type":"EntryPoint","urlTemplate":"https:\/\/fkzalgiris.lt\/?s={search_term_string}"},"query-input":{"@type":"PropertyValueSpecification","valueRequired":true,"valueName":"search_term_string"}}],"inLanguage":"lt-LT"},{"@type":"Organization","@id":"https:\/\/fkzalgiris.lt\/#organization","name":"FK \u017dalgiris","url":"https:\/\/fkzalgiris.lt\/","logo":{"@type":"ImageObject","inLanguage":"lt-LT","@id":"https:\/\/fkzalgiris.lt\/#\/schema\/logo\/image\/","url":"https:\/\/fkzalgiris.lt\/wp-content\/uploads\/2024\/01\/horiz-FK-Zalgiris-logo-2015.png","contentUrl":"https:\/\/fkzalgiris.lt\/wp-content\/uploads\/2024\/01\/horiz-FK-Zalgiris-logo-2015.png","width":3073,"height":2048,"caption":"FK \u017dalgiris"},"image":{"@id":"https:\/\/fkzalgiris.lt\/#\/schema\/logo\/image\/"},"sameAs":["https:\/\/www.facebook.com\/fkzalgiris\/","https:\/\/x.com\/fkzalgiris","https:\/\/www.instagram.com\/fkzalgiris\/","https:\/\/www.youtube.com\/channel\/UC1ag8JLxGirltMUoLlzfZLA"]},{"@type":"Person","@id":"https:\/\/fkzalgiris.lt\/#\/schema\/person\/8604babbba794a7d8767be324a3eaac8","name":"J"}]}},"_links":{"self":[{"href":"https:\/\/fkzalgiris.lt\/api\/wp\/v2\/posts\/5565","targetHints":{"allow":["GET"]}}],"collection":[{"href":"https:\/\/fkzalgiris.lt\/api\/wp\/v2\/posts"}],"about":[{"href":"https:\/\/fkzalgiris.lt\/api\/wp\/v2\/types\/post"}],"author":[{"embeddable":true,"href":"https:\/\/fkzalgiris.lt\/api\/wp\/v2\/users\/4"}],"replies":[{"embeddable":true,"href":"https:\/\/fkzalgiris.lt\/api\/wp\/v2\/comments?post=5565"}],"version-history":[{"count":4,"href":"https:\/\/fkzalgiris.lt\/api\/wp\/v2\/posts\/5565\/revisions"}],"predecessor-version":[{"id":5571,"href":"https:\/\/fkzalgiris.lt\/api\/wp\/v2\/posts\/5565\/revisions\/5571"}],"wp:attachment":[{"href":"https:\/\/fkzalgiris.lt\/api\/wp\/v2\/media?parent=5565"}],"wp:term":[{"taxonomy":"category","embeddable":true,"href":"https:\/\/fkzalgiris.lt\/api\/wp\/v2\/categories?post=5565"}],"curies":[{"name":"wp","href":"https:\/\/api.w.org\/{rel}","templated":true}]}}