{"id":5308,"date":"2021-05-27T15:37:19","date_gmt":"2021-05-27T12:37:19","guid":{"rendered":"https:\/\/fkzalgiris.lt\/?p=5308"},"modified":"2021-05-27T15:40:02","modified_gmt":"2021-05-27T12:40:02","slug":"t-kisas-apie-rankini-aistruoliu-meile-nusivylimus-p-korejoje-ir-baltarusijoje-bei-kroatu-rinktine","status":"publish","type":"post","link":"https:\/\/fkzalgiris.lt\/t-kisas-apie-rankini-aistruoliu-meile-nusivylimus-p-korejoje-ir-baltarusijoje-bei-kroatu-rinktine\/","title":{"rendered":"T. Ki\u0161as apie rankin\u012f, nusivylimus P. Kor\u0117joje ir Baltarusijoje bei kroat\u0173 rinktin\u0119"},"content":{"rendered":"<p>Antr\u0105 sezon\u0105 \u2013 po met\u0173 pertraukos \u2013 Vilniuje \u017eaid\u017eiantis puol\u0117jas i\u0161 Kroatijos Tomislavas Ki\u0161as tiki, kad jo t\u0117vynainiai gali toli nukeliauti Europos \u010dempionate ir papasakojo apie dviprasmi\u0161kus \u017eaidimo bei gyvenimo metus Piet\u0173 Kor\u0117joje, Baltarusijoje ir kitus karjeros epizodus.<\/p>\n<p>T. Ki\u0161o karjera futbole gal\u0117jo ir neprasid\u0117ti, nes vaikyst\u0117je b\u016bsim\u0105 futbolinink\u0105 buvo suvilioj\u0119s rankinis.<\/p>\n<p>\u201eKroatijoje b\u016bdami vaikai i\u0161bandome visas sporto \u0161akas. \u017daid\u017eiame rankin\u012f, krep\u0161in\u012f, netgi beisbol\u0105. \u017daid\u017eiame visk\u0105. Rankin\u012f m\u0117gstu \u017ei\u016br\u0117ti. Kai buvau vaikas, prad\u0117jau dom\u0117tis ir man patiko. Treniruotes lankiau gal tik savait\u0119. Mokykla tur\u0117jo ger\u0105 rankinio komand\u0105, bet jiems tr\u016bko vartininko. Taigi pakviet\u0117 mane, kad pad\u0117\u010diau. Keliskart nu\u0117jau pad\u0117ti. Mano t\u0117vai apie tai nieko ne\u017einojo. \u0116jau \u012f rankin\u012f nieko nepasak\u0119s t\u0117vams. Bet viename futbolo turnyre per rungtynes \u012fmu\u0161iau 9 \u012fvar\u010dius, ir tada pasakiau: vis tik futbolas yra mano sporto \u0161aka\u201c, &#8211; pasakojo kroatas.<\/p>\n<p>27 met\u0173 futbolininkui prie\u0161 de\u0161imtmet\u012f karjeros prad\u017ei\u0105 sutrukd\u0117 sunki trauma, kurios pasekm\u0117 jau\u010diasi iki \u0161iol.<\/p>\n<p>\u201eSusilau\u017eiau \u017eandikaul\u012f. Galvojau, kod\u0117l tai nutiko b\u016btent man? Prad\u0117jau taip gerai, ir nutiko tai&#8230; Bet po viso to tapau stipresnis. Buvo sunku, nes l\u016b\u017eis buvo abiejose pus\u0117se. Iki \u0161iol turiu metalines plok\u0161teles. Kartais, pavyzd\u017eiui, kei\u010diantis orui jau\u010diu skausmus. Bet i\u0161\u0117mimas yra ilgas procesas, o tam neturiu laiko\u201c, &#8211; teig\u0117 T. Ki\u0161as.<\/p>\n<p>I\u0161 Zagrebo kil\u0119s \u017eaid\u0117jas vienu metu tapo vieno populiariausi\u0173 \u0161alies klubo Splito \u201eHajduk\u201c aistruoli\u0173 numyl\u0117tini\u0173. \u201eKaskart, kai \u017eaisdavau, skanduodavo \u201eKi\u0161! Ki\u0161! Ki\u0161!\u201c. Kai gr\u012f\u017eau po t\u0173 nuom\u0173, pamenu, \u017eaid\u0117me pirm\u0105sias rungtynes Europoje. Kai \u012f\u0117jau \u012f aik\u0161t\u0119, v\u0117l visas stadionas \u201eKi\u0161! Ki\u0161! Ki\u0161!\u201c. Ka\u017ekas ypatingo. Nes kai \u201eHajduk\u201c \u017eaid\u017eia Europoje \u2013 \u00a0rungtyn\u0117s b\u016bna ypatingos. Stadionas pilnas. Atmosfera beproti\u0161ka. \u00a0Dar prie\u0161 rungtynes b\u016bna beproti\u0161ka. Sirgaliai i\u0161vakar\u0117se atvyksta prie vie\u0161bu\u010dio, degina fejerverkus, dainuoja\u201c, &#8211; prisimin\u0117 puol\u0117jas.<\/p>\n<p>V\u0117liau jo karjera pasuko \u012f Belgij\u0105, Baltarusij\u0105, ta\u010diau pastarojoje \u0161alyje kroatas neu\u017esibuvo, ir ne d\u0117l \u017eaidimo. Futbolininkas nepritapo Salihorsko mieste, kur atstovavo \u201e\u0160achtior\u201c komandai.<\/p>\n<p>\u201eNemalon\u016bs prisiminimai. Miestas&#8230; Nenoriu nieko sakyti&#8230; bet tai buvo kaimas. Ten nieko nebuvo. Bet tikrai nieko. Ai\u0161ku, klubas geras, s\u0105lygos treniruotis geros. \u00a0Pirm\u0105 pusmet\u012f \u017eaid\u017eiau ir viskas buvo gerai. Bet negal\u0117jau ten i\u0161tverti daugiau nei pusmet\u012f. Mano \u017emona buvo n\u0117\u0161\u010dia, ir ji negal\u0117jo atvykti pas mane, buvo daug problem\u0173 d\u0117l vizos. Su klubu buvo viskas gerai, bet kai mintimis esi ka\u017ekur kitur&#8230; Negal\u0117jau daugiau ten b\u016bti\u201c, &#8211; atviravo T. Ki\u0161as.<\/p>\n<p>Po Baltarusijos jis atvyko \u012f \u201e\u017dalgir\u012f\u201c ir puikiai u\u017esirekomendav\u0119s A lygoje \u2013 kur tapo rezultatyviausiu \u017eaid\u0117ju \u2013 sulauk\u0117 pasi\u016blymo i\u0161 Piet\u0173 Kor\u0117jos.<\/p>\n<p>Futbolininkui nebuvo lengva pritapti prie kor\u0117jie\u010di\u0173 valgymo \u012fpro\u010di\u0173, buvo nelengva susikalb\u0117ti, ta\u010diau labiausiai nustebino po\u017ei\u016bris \u012f legionierius.<\/p>\n<p>\u201eNiekad ne\u017einai, kada \u017eaisi, kada ne\u017eaisi. Pelniau \u012fvar\u010dius dviejuose ma\u010duose i\u0161 eil\u0117s, bet tre\u010diose rungtyn\u0117se ne\u017eaid\u017eiau. Tur\u0117jau draug\u0173, kuriems buvo taip pat \u2013 \u00a0\u017eaid\u017eia, mu\u0161a ir staiga net ne ant suolo. Klausi \u201ekod\u0117l?\u201c, bet jie neatsako\u201c, &#8211; steb\u0117josi T. Ki\u0161as.<\/p>\n<p>Anot kroato, jo \u0161alies rinktin\u0117s \u012fsp\u016bdingas pasirodymas \u2013 pasiektas finalas 2018 m. Pasaulio \u010dempionate nebuvo didel\u0117 staigmena, nes kroatai turi puiki \u017eaid\u0117j\u0173. Nema\u017e\u0173 l\u016bkes\u010di\u0173 nepaisant pasikeitim\u0173 rinktin\u0117je jis turi dabar.<\/p>\n<p>\u201eDabar vyksta kart\u0173 kaita, bet vis tiek turime labai gerus \u017eaid\u0117jus. Tai Kroatija, niekad ne\u017einai, ko tik\u0117tis&#8230; Bet mes tikime komanda, ir kad ji gali toli nueiti. Turime gerus \u017eaid\u0117jus ir m\u016bs\u0173 mentalitetas toks&#8230; \u00a0Negaliu sakyti, kad \u017eaisime finale, bet tikiuosi ir nor\u0117\u010diau\u201c, &#8211; sak\u0117 T. Ki\u0161as.<\/p>\n<p>Visas pokalbis su T. Ki\u0161u \u2013 \u201e\u017dalgiris TV\u201c rubrikoje \u201e\u017daliai Baltas Legionas\u201c. Legionieri\u0173 i\u0161 Kroatijos kalbino \u201e\u017dalgirio\u201c aistruolis, laid\u0173 ved\u0117jas ir komikas Paulius Ambrazevi\u010dius.<\/p>\n<p>T. Ki\u0161o su \u017ealgirie\u010diais penktadien\u012f laukia svarbi dvikova A lygoje &#8211; akistata su turnyro lentel\u0117s kaimynu \u201eKauno \u017dalgiriu\u201c. Bilietus \u012f rungtynes platina \u201eBilietai.lt\u201c. Dvikov\u0105 tiesiogiai transliuos TV6 televizija.<\/p>\n","protected":false},"excerpt":{"rendered":"<p>Antr\u0105 sezon\u0105 \u2013 po met\u0173 pertraukos \u2013 Vilniuje \u017eaid\u017eiantis puol\u0117jas i\u0161 Kroatijos Tomislavas Ki\u0161as tiki, kad jo t\u0117vynainiai gali toli nukeliauti Europos \u010dempionate ir papasakojo\u2026<\/p>\n","protected":false},"author":4,"featured_media":0,"comment_status":"closed","ping_status":"closed","sticky":false,"template":"","format":"standard","meta":{"_acf_changed":false,"footnotes":""},"categories":[87],"class_list":["post-5308","post","type-post","status-publish","format-standard","hentry","category-zalgiris"],"acf":[],"yoast_head":"<!-- This site is optimized with the Yoast SEO plugin v26.8 - https:\/\/yoast.com\/product\/yoast-seo-wordpress\/ -->\n<title>T. Ki\u0161as apie rankin\u012f, nusivylimus P. Kor\u0117joje ir Baltarusijoje bei kroat\u0173 rinktin\u0119 - FK \u017dalgiris<\/title>\n<meta name=\"robots\" content=\"index, follow, max-snippet:-1, max-image-preview:large, max-video-preview:-1\" \/>\n<link rel=\"canonical\" href=\"https:\/\/fkzalgiris.lt\/t-kisas-apie-rankini-aistruoliu-meile-nusivylimus-p-korejoje-ir-baltarusijoje-bei-kroatu-rinktine\/\" \/>\n<meta property=\"og:locale\" content=\"lt_LT\" \/>\n<meta property=\"og:type\" content=\"article\" \/>\n<meta property=\"og:title\" content=\"T. Ki\u0161as apie rankin\u012f, nusivylimus P. Kor\u0117joje ir Baltarusijoje bei kroat\u0173 rinktin\u0119 - FK \u017dalgiris\" \/>\n<meta property=\"og:description\" content=\"Antr\u0105 sezon\u0105 \u2013 po met\u0173 pertraukos \u2013 Vilniuje \u017eaid\u017eiantis puol\u0117jas i\u0161 Kroatijos Tomislavas Ki\u0161as tiki, kad jo t\u0117vynainiai gali toli nukeliauti Europos \u010dempionate ir papasakojo\u2026\" \/>\n<meta property=\"og:url\" content=\"https:\/\/fkzalgiris.lt\/t-kisas-apie-rankini-aistruoliu-meile-nusivylimus-p-korejoje-ir-baltarusijoje-bei-kroatu-rinktine\/\" \/>\n<meta property=\"og:site_name\" content=\"FK \u017dalgiris\" \/>\n<meta property=\"article:publisher\" content=\"https:\/\/www.facebook.com\/fkzalgiris\/\" \/>\n<meta property=\"article:published_time\" content=\"2021-05-27T12:37:19+00:00\" \/>\n<meta property=\"article:modified_time\" content=\"2021-05-27T12:40:02+00:00\" \/>\n<meta property=\"og:image\" content=\"https:\/\/fkzalgiris.lt\/wp-content\/uploads\/2024\/02\/social-horiz_Zalgiris_logo_2024.png\" \/>\n\t<meta property=\"og:image:width\" content=\"3356\" \/>\n\t<meta property=\"og:image:height\" content=\"2259\" \/>\n\t<meta property=\"og:image:type\" content=\"image\/png\" \/>\n<meta name=\"author\" content=\"J\" \/>\n<meta name=\"twitter:card\" content=\"summary_large_image\" \/>\n<meta name=\"twitter:creator\" content=\"@fkzalgiris\" \/>\n<meta name=\"twitter:site\" content=\"@fkzalgiris\" \/>\n<meta name=\"twitter:label1\" content=\"Written by\" \/>\n\t<meta name=\"twitter:data1\" content=\"J\" \/>\n\t<meta name=\"twitter:label2\" content=\"Est. reading time\" \/>\n\t<meta name=\"twitter:data2\" content=\"3 minut\u0117s\" \/>\n<script type=\"application\/ld+json\" class=\"yoast-schema-graph\">{\"@context\":\"https:\/\/schema.org\",\"@graph\":[{\"@type\":\"Article\",\"@id\":\"https:\/\/fkzalgiris.lt\/t-kisas-apie-rankini-aistruoliu-meile-nusivylimus-p-korejoje-ir-baltarusijoje-bei-kroatu-rinktine\/#article\",\"isPartOf\":{\"@id\":\"https:\/\/fkzalgiris.lt\/t-kisas-apie-rankini-aistruoliu-meile-nusivylimus-p-korejoje-ir-baltarusijoje-bei-kroatu-rinktine\/\"},\"author\":{\"name\":\"J\",\"@id\":\"https:\/\/fkzalgiris.lt\/#\/schema\/person\/8604babbba794a7d8767be324a3eaac8\"},\"headline\":\"T. Ki\u0161as apie rankin\u012f, nusivylimus P. Kor\u0117joje ir Baltarusijoje bei kroat\u0173 rinktin\u0119\",\"datePublished\":\"2021-05-27T12:37:19+00:00\",\"dateModified\":\"2021-05-27T12:40:02+00:00\",\"mainEntityOfPage\":{\"@id\":\"https:\/\/fkzalgiris.lt\/t-kisas-apie-rankini-aistruoliu-meile-nusivylimus-p-korejoje-ir-baltarusijoje-bei-kroatu-rinktine\/\"},\"wordCount\":703,\"publisher\":{\"@id\":\"https:\/\/fkzalgiris.lt\/#organization\"},\"articleSection\":[\"\u017dalgiris\"],\"inLanguage\":\"lt-LT\"},{\"@type\":\"WebPage\",\"@id\":\"https:\/\/fkzalgiris.lt\/t-kisas-apie-rankini-aistruoliu-meile-nusivylimus-p-korejoje-ir-baltarusijoje-bei-kroatu-rinktine\/\",\"url\":\"https:\/\/fkzalgiris.lt\/t-kisas-apie-rankini-aistruoliu-meile-nusivylimus-p-korejoje-ir-baltarusijoje-bei-kroatu-rinktine\/\",\"name\":\"T. Ki\u0161as apie rankin\u012f, nusivylimus P. Kor\u0117joje ir Baltarusijoje bei kroat\u0173 rinktin\u0119 - FK \u017dalgiris\",\"isPartOf\":{\"@id\":\"https:\/\/fkzalgiris.lt\/#website\"},\"datePublished\":\"2021-05-27T12:37:19+00:00\",\"dateModified\":\"2021-05-27T12:40:02+00:00\",\"breadcrumb\":{\"@id\":\"https:\/\/fkzalgiris.lt\/t-kisas-apie-rankini-aistruoliu-meile-nusivylimus-p-korejoje-ir-baltarusijoje-bei-kroatu-rinktine\/#breadcrumb\"},\"inLanguage\":\"lt-LT\",\"potentialAction\":[{\"@type\":\"ReadAction\",\"target\":[\"https:\/\/fkzalgiris.lt\/t-kisas-apie-rankini-aistruoliu-meile-nusivylimus-p-korejoje-ir-baltarusijoje-bei-kroatu-rinktine\/\"]}]},{\"@type\":\"BreadcrumbList\",\"@id\":\"https:\/\/fkzalgiris.lt\/t-kisas-apie-rankini-aistruoliu-meile-nusivylimus-p-korejoje-ir-baltarusijoje-bei-kroatu-rinktine\/#breadcrumb\",\"itemListElement\":[{\"@type\":\"ListItem\",\"position\":1,\"name\":\"Home\",\"item\":\"https:\/\/fkzalgiris.lt\/\"},{\"@type\":\"ListItem\",\"position\":2,\"name\":\"T. Ki\u0161as apie rankin\u012f, nusivylimus P. Kor\u0117joje ir Baltarusijoje bei kroat\u0173 rinktin\u0119\"}]},{\"@type\":\"WebSite\",\"@id\":\"https:\/\/fkzalgiris.lt\/#website\",\"url\":\"https:\/\/fkzalgiris.lt\/\",\"name\":\"FK \u017dalgiris\",\"description\":\"oficiali Vilniaus \u201e\u017dalgirio\u201c futbolo klubo svetain\u0117\",\"publisher\":{\"@id\":\"https:\/\/fkzalgiris.lt\/#organization\"},\"potentialAction\":[{\"@type\":\"SearchAction\",\"target\":{\"@type\":\"EntryPoint\",\"urlTemplate\":\"https:\/\/fkzalgiris.lt\/?s={search_term_string}\"},\"query-input\":{\"@type\":\"PropertyValueSpecification\",\"valueRequired\":true,\"valueName\":\"search_term_string\"}}],\"inLanguage\":\"lt-LT\"},{\"@type\":\"Organization\",\"@id\":\"https:\/\/fkzalgiris.lt\/#organization\",\"name\":\"FK \u017dalgiris\",\"url\":\"https:\/\/fkzalgiris.lt\/\",\"logo\":{\"@type\":\"ImageObject\",\"inLanguage\":\"lt-LT\",\"@id\":\"https:\/\/fkzalgiris.lt\/#\/schema\/logo\/image\/\",\"url\":\"https:\/\/fkzalgiris.lt\/wp-content\/uploads\/2024\/01\/horiz-FK-Zalgiris-logo-2015.png\",\"contentUrl\":\"https:\/\/fkzalgiris.lt\/wp-content\/uploads\/2024\/01\/horiz-FK-Zalgiris-logo-2015.png\",\"width\":3073,\"height\":2048,\"caption\":\"FK \u017dalgiris\"},\"image\":{\"@id\":\"https:\/\/fkzalgiris.lt\/#\/schema\/logo\/image\/\"},\"sameAs\":[\"https:\/\/www.facebook.com\/fkzalgiris\/\",\"https:\/\/x.com\/fkzalgiris\",\"https:\/\/www.instagram.com\/fkzalgiris\/\",\"https:\/\/www.youtube.com\/channel\/UC1ag8JLxGirltMUoLlzfZLA\"]},{\"@type\":\"Person\",\"@id\":\"https:\/\/fkzalgiris.lt\/#\/schema\/person\/8604babbba794a7d8767be324a3eaac8\",\"name\":\"J\"}]}<\/script>\n<!-- \/ Yoast SEO plugin. -->","yoast_head_json":{"title":"T. Ki\u0161as apie rankin\u012f, nusivylimus P. Kor\u0117joje ir Baltarusijoje bei kroat\u0173 rinktin\u0119 - FK \u017dalgiris","robots":{"index":"index","follow":"follow","max-snippet":"max-snippet:-1","max-image-preview":"max-image-preview:large","max-video-preview":"max-video-preview:-1"},"canonical":"https:\/\/fkzalgiris.lt\/t-kisas-apie-rankini-aistruoliu-meile-nusivylimus-p-korejoje-ir-baltarusijoje-bei-kroatu-rinktine\/","og_locale":"lt_LT","og_type":"article","og_title":"T. Ki\u0161as apie rankin\u012f, nusivylimus P. Kor\u0117joje ir Baltarusijoje bei kroat\u0173 rinktin\u0119 - FK \u017dalgiris","og_description":"Antr\u0105 sezon\u0105 \u2013 po met\u0173 pertraukos \u2013 Vilniuje \u017eaid\u017eiantis puol\u0117jas i\u0161 Kroatijos Tomislavas Ki\u0161as tiki, kad jo t\u0117vynainiai gali toli nukeliauti Europos \u010dempionate ir papasakojo\u2026","og_url":"https:\/\/fkzalgiris.lt\/t-kisas-apie-rankini-aistruoliu-meile-nusivylimus-p-korejoje-ir-baltarusijoje-bei-kroatu-rinktine\/","og_site_name":"FK \u017dalgiris","article_publisher":"https:\/\/www.facebook.com\/fkzalgiris\/","article_published_time":"2021-05-27T12:37:19+00:00","article_modified_time":"2021-05-27T12:40:02+00:00","og_image":[{"width":3356,"height":2259,"url":"https:\/\/fkzalgiris.lt\/wp-content\/uploads\/2024\/02\/social-horiz_Zalgiris_logo_2024.png","type":"image\/png"}],"author":"J","twitter_card":"summary_large_image","twitter_creator":"@fkzalgiris","twitter_site":"@fkzalgiris","twitter_misc":{"Written by":"J","Est. reading time":"3 minut\u0117s"},"schema":{"@context":"https:\/\/schema.org","@graph":[{"@type":"Article","@id":"https:\/\/fkzalgiris.lt\/t-kisas-apie-rankini-aistruoliu-meile-nusivylimus-p-korejoje-ir-baltarusijoje-bei-kroatu-rinktine\/#article","isPartOf":{"@id":"https:\/\/fkzalgiris.lt\/t-kisas-apie-rankini-aistruoliu-meile-nusivylimus-p-korejoje-ir-baltarusijoje-bei-kroatu-rinktine\/"},"author":{"name":"J","@id":"https:\/\/fkzalgiris.lt\/#\/schema\/person\/8604babbba794a7d8767be324a3eaac8"},"headline":"T. Ki\u0161as apie rankin\u012f, nusivylimus P. Kor\u0117joje ir Baltarusijoje bei kroat\u0173 rinktin\u0119","datePublished":"2021-05-27T12:37:19+00:00","dateModified":"2021-05-27T12:40:02+00:00","mainEntityOfPage":{"@id":"https:\/\/fkzalgiris.lt\/t-kisas-apie-rankini-aistruoliu-meile-nusivylimus-p-korejoje-ir-baltarusijoje-bei-kroatu-rinktine\/"},"wordCount":703,"publisher":{"@id":"https:\/\/fkzalgiris.lt\/#organization"},"articleSection":["\u017dalgiris"],"inLanguage":"lt-LT"},{"@type":"WebPage","@id":"https:\/\/fkzalgiris.lt\/t-kisas-apie-rankini-aistruoliu-meile-nusivylimus-p-korejoje-ir-baltarusijoje-bei-kroatu-rinktine\/","url":"https:\/\/fkzalgiris.lt\/t-kisas-apie-rankini-aistruoliu-meile-nusivylimus-p-korejoje-ir-baltarusijoje-bei-kroatu-rinktine\/","name":"T. Ki\u0161as apie rankin\u012f, nusivylimus P. Kor\u0117joje ir Baltarusijoje bei kroat\u0173 rinktin\u0119 - FK \u017dalgiris","isPartOf":{"@id":"https:\/\/fkzalgiris.lt\/#website"},"datePublished":"2021-05-27T12:37:19+00:00","dateModified":"2021-05-27T12:40:02+00:00","breadcrumb":{"@id":"https:\/\/fkzalgiris.lt\/t-kisas-apie-rankini-aistruoliu-meile-nusivylimus-p-korejoje-ir-baltarusijoje-bei-kroatu-rinktine\/#breadcrumb"},"inLanguage":"lt-LT","potentialAction":[{"@type":"ReadAction","target":["https:\/\/fkzalgiris.lt\/t-kisas-apie-rankini-aistruoliu-meile-nusivylimus-p-korejoje-ir-baltarusijoje-bei-kroatu-rinktine\/"]}]},{"@type":"BreadcrumbList","@id":"https:\/\/fkzalgiris.lt\/t-kisas-apie-rankini-aistruoliu-meile-nusivylimus-p-korejoje-ir-baltarusijoje-bei-kroatu-rinktine\/#breadcrumb","itemListElement":[{"@type":"ListItem","position":1,"name":"Home","item":"https:\/\/fkzalgiris.lt\/"},{"@type":"ListItem","position":2,"name":"T. Ki\u0161as apie rankin\u012f, nusivylimus P. Kor\u0117joje ir Baltarusijoje bei kroat\u0173 rinktin\u0119"}]},{"@type":"WebSite","@id":"https:\/\/fkzalgiris.lt\/#website","url":"https:\/\/fkzalgiris.lt\/","name":"FK \u017dalgiris","description":"oficiali Vilniaus \u201e\u017dalgirio\u201c futbolo klubo svetain\u0117","publisher":{"@id":"https:\/\/fkzalgiris.lt\/#organization"},"potentialAction":[{"@type":"SearchAction","target":{"@type":"EntryPoint","urlTemplate":"https:\/\/fkzalgiris.lt\/?s={search_term_string}"},"query-input":{"@type":"PropertyValueSpecification","valueRequired":true,"valueName":"search_term_string"}}],"inLanguage":"lt-LT"},{"@type":"Organization","@id":"https:\/\/fkzalgiris.lt\/#organization","name":"FK \u017dalgiris","url":"https:\/\/fkzalgiris.lt\/","logo":{"@type":"ImageObject","inLanguage":"lt-LT","@id":"https:\/\/fkzalgiris.lt\/#\/schema\/logo\/image\/","url":"https:\/\/fkzalgiris.lt\/wp-content\/uploads\/2024\/01\/horiz-FK-Zalgiris-logo-2015.png","contentUrl":"https:\/\/fkzalgiris.lt\/wp-content\/uploads\/2024\/01\/horiz-FK-Zalgiris-logo-2015.png","width":3073,"height":2048,"caption":"FK \u017dalgiris"},"image":{"@id":"https:\/\/fkzalgiris.lt\/#\/schema\/logo\/image\/"},"sameAs":["https:\/\/www.facebook.com\/fkzalgiris\/","https:\/\/x.com\/fkzalgiris","https:\/\/www.instagram.com\/fkzalgiris\/","https:\/\/www.youtube.com\/channel\/UC1ag8JLxGirltMUoLlzfZLA"]},{"@type":"Person","@id":"https:\/\/fkzalgiris.lt\/#\/schema\/person\/8604babbba794a7d8767be324a3eaac8","name":"J"}]}},"_links":{"self":[{"href":"https:\/\/fkzalgiris.lt\/api\/wp\/v2\/posts\/5308","targetHints":{"allow":["GET"]}}],"collection":[{"href":"https:\/\/fkzalgiris.lt\/api\/wp\/v2\/posts"}],"about":[{"href":"https:\/\/fkzalgiris.lt\/api\/wp\/v2\/types\/post"}],"author":[{"embeddable":true,"href":"https:\/\/fkzalgiris.lt\/api\/wp\/v2\/users\/4"}],"replies":[{"embeddable":true,"href":"https:\/\/fkzalgiris.lt\/api\/wp\/v2\/comments?post=5308"}],"version-history":[{"count":4,"href":"https:\/\/fkzalgiris.lt\/api\/wp\/v2\/posts\/5308\/revisions"}],"predecessor-version":[{"id":5320,"href":"https:\/\/fkzalgiris.lt\/api\/wp\/v2\/posts\/5308\/revisions\/5320"}],"wp:attachment":[{"href":"https:\/\/fkzalgiris.lt\/api\/wp\/v2\/media?parent=5308"}],"wp:term":[{"taxonomy":"category","embeddable":true,"href":"https:\/\/fkzalgiris.lt\/api\/wp\/v2\/categories?post=5308"}],"curies":[{"name":"wp","href":"https:\/\/api.w.org\/{rel}","templated":true}]}}