{"id":5221,"date":"2021-05-15T12:46:22","date_gmt":"2021-05-15T09:46:22","guid":{"rendered":"https:\/\/fkzalgiris.lt\/?p=5221"},"modified":"2021-05-15T12:47:28","modified_gmt":"2021-05-15T09:47:28","slug":"v-ceburinas-visko-imusti-nepavyksta-bet-to-reikia-siekti","status":"publish","type":"post","link":"https:\/\/fkzalgiris.lt\/v-ceburinas-visko-imusti-nepavyksta-bet-to-reikia-siekti\/","title":{"rendered":"V. \u010ceburinas: \u201eVisko \u012fmu\u0161ti nepavyksta, bet to reikia siekti\u201c"},"content":{"rendered":"<p>Po antr\u0173j\u0173 i\u0161 eil\u0117s rungtyni\u0173 FK \u201e\u017dalgirio\u201c treneris Vladimiras \u010ceburinas ir \u017eaid\u0117jai kalb\u0117jo apie sunkiai pasiekt\u0105 pergal\u0119 ir aptar\u0117 traum\u0173 situacij\u0105.<\/p>\n<p>Pergal\u0119 \u201e\u017dalgiriui\u201c nul\u0117m\u0117 legionieriaus i\u0161 Senegalo Djibrilio Diaw sm\u016bgis galva pirmojo k\u0117linio pabaigoje.<\/p>\n<p>\u201eBuvo tikrai sunkios rungtyn\u0117s. Kartais taip b\u016bna futbole. Visgi svarbiausia yra \u012fmu\u0161ti ir nepraleisti, laim\u0117ti. D\u0117l savo \u012fvar\u010dio labai laimingas. Ta\u010diau dar labiau laimingas kai nepraleid\u017eiame \u012fvar\u010dio\u201c, &#8211; i\u0161 karto po rungtyni\u0173 kalb\u0117jo \u012fvar\u010dio autorius D. Diaw.<\/p>\n<p>\u201e\u017dinoma, mes dirbame ties standartais, kaip ir kitos komandos. Tam skiriame savo laiko. Jis \u012fmu\u0161\u0117 pirm\u0105 \u012fvart\u012f. Djibrilis tas \u017eaid\u0117jas, i\u0161 kurio to tikim\u0117s standartin\u0117se situacijose. Jis ilg\u0105 laik\u0105 ne\u017eaid\u0117, lauk\u0117 savo progos. Prog\u0105 jis stengiasi i\u0161naudoti, \u0161aunuolis. Galiu pad\u0117koti visai komandai ir jam. Savo pozicijoje jis padar\u0117 ma\u017eiau klaid\u0173. Ta\u010diau dar analizuosime, yra ties kuo dirbti\u201c, &#8211; gyn\u0117jo pasirodym\u0105 \u012fvertino V. \u010ceburinas.<\/p>\n<div class=\"embed-responsive embed-responsive-16by9 mb-4\"><iframe title=\"KOMENTARAI | DIAW | \u010cEBURIN | \u017dALGIRIS - PANEV\u0116\u017dYS | A LYGA | REACTION\" src=\"https:\/\/www.youtube.com\/embed\/2rSW_cx6UCs?feature=oembed\" frameborder=\"0\" allow=\"accelerometer; autoplay; clipboard-write; encrypted-media; gyroscope; picture-in-picture; web-share\" referrerpolicy=\"strict-origin-when-cross-origin\" allowfullscreen><\/iframe> <\/div>\n<p>Kalb\u0117damas apie rungtynes, jis pripa\u017eino, jog jos permainingos ir atkaklios: \u201ePergal\u0117 nelengva. Lengv\u0173 pergali\u0173 ir neb\u016bna. Pirmajame k\u0117linyje buvome pasiruo\u0161\u0119 \u012fvairioms variacijoms: spaudimui, \u017eaidimui ilgais perdavimais. To tik\u0117jom\u0117s, apie tai kalb\u0117jome. Pirmajame k\u0117linyje dav\u0117me var\u017eovams kelias progas priart\u0117ti prie vart\u0173. Patys \u012fmu\u0161\u0117me, taip pat tur\u0117jome prog\u0173. Apskritai rungtyn\u0117se buvo intensyvi kova, daug dvikov\u0173, daug atak\u0173 &#8211; tai vienos, tai kitos komandos, tokios s\u016bpuokl\u0117s. Antrajame k\u0117linyje \u201ePanev\u0117\u017eys\u201c prad\u0117jo labiau su iniciatyva. Ta\u010diau prog\u0173 mes suk\u016br\u0117me dar daugiau nei pirmajame k\u0117linyje. Buvo tikrai ger\u0173 prog\u0173 pasi\u017eym\u0117ti. Visko \u012fmu\u0161ti nepavyksta, bet to reikia siekti.\u201c<\/p>\n<p>Pasak gyn\u0117jo I. Tatomirovi\u010diaus, \u0161is laim\u0117jimas buvo itin svarbus: \u201eLabai svarbi pergal\u0117 \u0161iuo \u012ftemptu laikotarpiu, \u017eaid\u0117me dukart su tuo pa\u010diu var\u017eovu. \u017dinojome, kad \u0161ios rungtyn\u0117s bus sunkesn\u0117s nei pra\u0117jusios. Atidav\u0117me maksimaliai j\u0117g\u0173 ir d\u0117l to kad buvome dr\u0105s\u016bs, tur\u0117jome ir s\u0117km\u0117s. Kas yra dr\u0105s\u016bs nusipelno ir ka\u017ekokios s\u0117km\u0117s. Kartais tenka atsitraukti ir daugiau gintis. \u0160iandien patiko kaip veik\u0117 gynyba, nes jie tur\u0117jo tik vien\u0105 ger\u0105 prog\u0105. Mes tur\u0117jome bent dvi geras progas. Labai d\u017eiaugiuosi, nes laim\u0117jome, gavome tris ta\u0161kus ir t\u0119siame kov\u0105.\u201c<\/p>\n<p>\u201e\u017dalgiriui\u201c jau de\u0161imt\u0105 minut\u0119 teko atlikti keitim\u0105, nes \u017eaidimo negal\u0117jo t\u0119sti Ogenyi Onazi. \u201eJis tur\u0117jo traum\u0105. Iki paskutinio momento abejojome, ar jis gal\u0117s \u017eaisti. \u017daid\u0117jo noras buvo didelis. Pagalvojome ir nusprend\u0117me kad jo reiks aik\u0161t\u0117je. Ta\u010diau pasirod\u0117, kad trauma pakankamai rimta ir neleis jam t\u0119sti rungtyni\u0173. Reik\u0117jo keisti pirmo k\u0117linio prad\u017eioje ir tai \u017einoma n\u0117ra gerai. Taip jau b\u016bna\u201c, &#8211; situacij\u0105 komentavo V. \u010ceburinas.<\/p>\n<p>Traum\u0105 rungtyni\u0173 pabaigoje patyr\u0117 ir vienas \u201e\u017dalgirio\u201c gynybos rams\u010di\u0173 I. Tatomirovi\u010dius. \u201eTik\u0117kim\u0117s kad nieko rimto. \u017dinoma tokie momentai nemalon\u016bs. Nes laikotarpis \u012ftemptas, daug rungtyni\u0173. Ma\u017eai laiko atsistatymui. Tai palieka savo p\u0117dsak\u0105\u201c, &#8211; sak\u0117 V. \u010ceburinas.<\/p>\n<p>\u201eTurime kit\u0173 \u017eaid\u0117j\u0173, kurie gali \u017eaisti mano pozicijoje. Tikiuosi, jog \u00a0Nemanja Ljubisavljevi\u010dius gr\u012f\u0161 \u012f aik\u0161t\u0119 ir prat\u0119sime pergaling\u0105 serij\u0105\u201c, &#8211; optimisti\u0161kas i\u0161liko pats I. Tatomirovi\u010dius.<\/p>\n<p>Vienas sugr\u012f\u017eimas jau \u012fvyko \u2013 po m\u0117nesio pertraukos A lygos rungtyn\u0117se \u017eaid\u0117 Karolis Uz\u0117la. Ta\u010diau jo pasirodymas, anot V. \u010ceburino, buvo labiau i\u0161 reikalo: \u201eJam reikia gr\u012f\u017eti po truput\u012f, pajausti \u017eaidimo ritm\u0105. \u012evykus \u0161iam priverstiniam keitimui jis i\u0161\u0117jo, pad\u0117jo, \u0161aunuolis.\u201c<\/p>\n<p>Tre\u010di\u0105 kart\u0105 per keturis susitikimus aik\u0161t\u0117je pasirod\u0117 jaunasis puol\u0117jas Meinardas Mikul\u0117nas.<\/p>\n<p>\u201eTikime juo ir kitais jaunais \u017eaid\u0117jais. Klubo strategijoje yra savo \u017eaid\u0117j\u0173 ugdymas. Pagal galimybes suteikiame jiems laiko aik\u0161t\u0117je. Mikul\u0117nas labai gerai u\u017esirekomendavo \u201e\u017dalgiris\u201c B komandoje. Stebime j\u0173 rungtynes, analizuojame. I\u0161\u0117j\u0119s \u012f aik\u0161t\u0119 jis prid\u0117jo naudos. Jis nenuvyl\u0117, atidirbo pilnai. Kai ko dar tr\u016bksta, matosi kad n\u0117ra rungtyni\u0173 patirties. Ta\u010diau pas jaunim\u0105 yra noro ir u\u017esidegimo. Mes tai stebime ir labai rimtai atkreipiame d\u0117mes\u012f \u012f jaunim\u0105. Bandome duoti \u0161ans\u0173 ir tokiose rungtyn\u0117se. Tokiose rungtyn\u0117se jie auga, gerina savo meistri\u0161kum\u0105. Tokiose rungtyn\u0117se \u012fgyja vertingos, ne\u012fkainojamos \u017eaidybin\u0117s patirties. \u017di\u016brime ir \u012f ateit\u012f\u201c, &#8211; tikino V. \u010ceburinas.<\/p>\n<p>Kitos rungtyn\u0117s \u201e\u017dalgirio\u201c laukia gegu\u017e\u0117s 20 d. Vilnie\u010diai sve\u010diuose \u017eais su Garg\u017ed\u0173 \u201eBangos\u201c komanda.<\/p>\n","protected":false},"excerpt":{"rendered":"<p>Po antr\u0173j\u0173 i\u0161 eil\u0117s rungtyni\u0173 FK \u201e\u017dalgirio\u201c treneris Vladimiras \u010ceburinas ir \u017eaid\u0117jai kalb\u0117jo apie sunkiai pasiekt\u0105 pergal\u0119 ir aptar\u0117 traum\u0173 situacij\u0105. Pergal\u0119 \u201e\u017dalgiriui\u201c nul\u0117m\u0117 legionieriaus\u2026<\/p>\n","protected":false},"author":4,"featured_media":0,"comment_status":"closed","ping_status":"closed","sticky":false,"template":"","format":"standard","meta":{"_acf_changed":false,"footnotes":""},"categories":[87],"class_list":["post-5221","post","type-post","status-publish","format-standard","hentry","category-zalgiris"],"acf":[],"yoast_head":"<!-- This site is optimized with the Yoast SEO plugin v26.8 - https:\/\/yoast.com\/product\/yoast-seo-wordpress\/ -->\n<title>V. \u010ceburinas: \u201eVisko \u012fmu\u0161ti nepavyksta, bet to reikia siekti\u201c - FK \u017dalgiris<\/title>\n<meta name=\"robots\" content=\"index, follow, max-snippet:-1, max-image-preview:large, max-video-preview:-1\" \/>\n<link rel=\"canonical\" href=\"https:\/\/fkzalgiris.lt\/v-ceburinas-visko-imusti-nepavyksta-bet-to-reikia-siekti\/\" \/>\n<meta property=\"og:locale\" content=\"lt_LT\" \/>\n<meta property=\"og:type\" content=\"article\" \/>\n<meta property=\"og:title\" content=\"V. \u010ceburinas: \u201eVisko \u012fmu\u0161ti nepavyksta, bet to reikia siekti\u201c - FK \u017dalgiris\" \/>\n<meta property=\"og:description\" content=\"Po antr\u0173j\u0173 i\u0161 eil\u0117s rungtyni\u0173 FK \u201e\u017dalgirio\u201c treneris Vladimiras \u010ceburinas ir \u017eaid\u0117jai kalb\u0117jo apie sunkiai pasiekt\u0105 pergal\u0119 ir aptar\u0117 traum\u0173 situacij\u0105. Pergal\u0119 \u201e\u017dalgiriui\u201c nul\u0117m\u0117 legionieriaus\u2026\" \/>\n<meta property=\"og:url\" content=\"https:\/\/fkzalgiris.lt\/v-ceburinas-visko-imusti-nepavyksta-bet-to-reikia-siekti\/\" \/>\n<meta property=\"og:site_name\" content=\"FK \u017dalgiris\" \/>\n<meta property=\"article:publisher\" content=\"https:\/\/www.facebook.com\/fkzalgiris\/\" \/>\n<meta property=\"article:published_time\" content=\"2021-05-15T09:46:22+00:00\" \/>\n<meta property=\"article:modified_time\" content=\"2021-05-15T09:47:28+00:00\" \/>\n<meta property=\"og:image\" content=\"https:\/\/fkzalgiris.lt\/wp-content\/uploads\/2024\/02\/social-horiz_Zalgiris_logo_2024.png\" \/>\n\t<meta property=\"og:image:width\" content=\"3356\" \/>\n\t<meta property=\"og:image:height\" content=\"2259\" \/>\n\t<meta property=\"og:image:type\" content=\"image\/png\" \/>\n<meta name=\"author\" content=\"J\" \/>\n<meta name=\"twitter:card\" content=\"summary_large_image\" \/>\n<meta name=\"twitter:creator\" content=\"@fkzalgiris\" \/>\n<meta name=\"twitter:site\" content=\"@fkzalgiris\" \/>\n<meta name=\"twitter:label1\" content=\"Written by\" \/>\n\t<meta name=\"twitter:data1\" content=\"J\" \/>\n\t<meta name=\"twitter:label2\" content=\"Est. reading time\" \/>\n\t<meta name=\"twitter:data2\" content=\"4 minut\u0117s\" \/>\n<script type=\"application\/ld+json\" class=\"yoast-schema-graph\">{\"@context\":\"https:\/\/schema.org\",\"@graph\":[{\"@type\":\"Article\",\"@id\":\"https:\/\/fkzalgiris.lt\/v-ceburinas-visko-imusti-nepavyksta-bet-to-reikia-siekti\/#article\",\"isPartOf\":{\"@id\":\"https:\/\/fkzalgiris.lt\/v-ceburinas-visko-imusti-nepavyksta-bet-to-reikia-siekti\/\"},\"author\":{\"name\":\"J\",\"@id\":\"https:\/\/fkzalgiris.lt\/#\/schema\/person\/8604babbba794a7d8767be324a3eaac8\"},\"headline\":\"V. \u010ceburinas: \u201eVisko \u012fmu\u0161ti nepavyksta, bet to reikia siekti\u201c\",\"datePublished\":\"2021-05-15T09:46:22+00:00\",\"dateModified\":\"2021-05-15T09:47:28+00:00\",\"mainEntityOfPage\":{\"@id\":\"https:\/\/fkzalgiris.lt\/v-ceburinas-visko-imusti-nepavyksta-bet-to-reikia-siekti\/\"},\"wordCount\":752,\"publisher\":{\"@id\":\"https:\/\/fkzalgiris.lt\/#organization\"},\"articleSection\":[\"\u017dalgiris\"],\"inLanguage\":\"lt-LT\"},{\"@type\":\"WebPage\",\"@id\":\"https:\/\/fkzalgiris.lt\/v-ceburinas-visko-imusti-nepavyksta-bet-to-reikia-siekti\/\",\"url\":\"https:\/\/fkzalgiris.lt\/v-ceburinas-visko-imusti-nepavyksta-bet-to-reikia-siekti\/\",\"name\":\"V. \u010ceburinas: \u201eVisko \u012fmu\u0161ti nepavyksta, bet to reikia siekti\u201c - FK \u017dalgiris\",\"isPartOf\":{\"@id\":\"https:\/\/fkzalgiris.lt\/#website\"},\"datePublished\":\"2021-05-15T09:46:22+00:00\",\"dateModified\":\"2021-05-15T09:47:28+00:00\",\"breadcrumb\":{\"@id\":\"https:\/\/fkzalgiris.lt\/v-ceburinas-visko-imusti-nepavyksta-bet-to-reikia-siekti\/#breadcrumb\"},\"inLanguage\":\"lt-LT\",\"potentialAction\":[{\"@type\":\"ReadAction\",\"target\":[\"https:\/\/fkzalgiris.lt\/v-ceburinas-visko-imusti-nepavyksta-bet-to-reikia-siekti\/\"]}]},{\"@type\":\"BreadcrumbList\",\"@id\":\"https:\/\/fkzalgiris.lt\/v-ceburinas-visko-imusti-nepavyksta-bet-to-reikia-siekti\/#breadcrumb\",\"itemListElement\":[{\"@type\":\"ListItem\",\"position\":1,\"name\":\"Home\",\"item\":\"https:\/\/fkzalgiris.lt\/\"},{\"@type\":\"ListItem\",\"position\":2,\"name\":\"V. \u010ceburinas: \u201eVisko \u012fmu\u0161ti nepavyksta, bet to reikia siekti\u201c\"}]},{\"@type\":\"WebSite\",\"@id\":\"https:\/\/fkzalgiris.lt\/#website\",\"url\":\"https:\/\/fkzalgiris.lt\/\",\"name\":\"FK \u017dalgiris\",\"description\":\"oficiali Vilniaus \u201e\u017dalgirio\u201c futbolo klubo svetain\u0117\",\"publisher\":{\"@id\":\"https:\/\/fkzalgiris.lt\/#organization\"},\"potentialAction\":[{\"@type\":\"SearchAction\",\"target\":{\"@type\":\"EntryPoint\",\"urlTemplate\":\"https:\/\/fkzalgiris.lt\/?s={search_term_string}\"},\"query-input\":{\"@type\":\"PropertyValueSpecification\",\"valueRequired\":true,\"valueName\":\"search_term_string\"}}],\"inLanguage\":\"lt-LT\"},{\"@type\":\"Organization\",\"@id\":\"https:\/\/fkzalgiris.lt\/#organization\",\"name\":\"FK \u017dalgiris\",\"url\":\"https:\/\/fkzalgiris.lt\/\",\"logo\":{\"@type\":\"ImageObject\",\"inLanguage\":\"lt-LT\",\"@id\":\"https:\/\/fkzalgiris.lt\/#\/schema\/logo\/image\/\",\"url\":\"https:\/\/fkzalgiris.lt\/wp-content\/uploads\/2024\/01\/horiz-FK-Zalgiris-logo-2015.png\",\"contentUrl\":\"https:\/\/fkzalgiris.lt\/wp-content\/uploads\/2024\/01\/horiz-FK-Zalgiris-logo-2015.png\",\"width\":3073,\"height\":2048,\"caption\":\"FK \u017dalgiris\"},\"image\":{\"@id\":\"https:\/\/fkzalgiris.lt\/#\/schema\/logo\/image\/\"},\"sameAs\":[\"https:\/\/www.facebook.com\/fkzalgiris\/\",\"https:\/\/x.com\/fkzalgiris\",\"https:\/\/www.instagram.com\/fkzalgiris\/\",\"https:\/\/www.youtube.com\/channel\/UC1ag8JLxGirltMUoLlzfZLA\"]},{\"@type\":\"Person\",\"@id\":\"https:\/\/fkzalgiris.lt\/#\/schema\/person\/8604babbba794a7d8767be324a3eaac8\",\"name\":\"J\"}]}<\/script>\n<!-- \/ Yoast SEO plugin. -->","yoast_head_json":{"title":"V. \u010ceburinas: \u201eVisko \u012fmu\u0161ti nepavyksta, bet to reikia siekti\u201c - FK \u017dalgiris","robots":{"index":"index","follow":"follow","max-snippet":"max-snippet:-1","max-image-preview":"max-image-preview:large","max-video-preview":"max-video-preview:-1"},"canonical":"https:\/\/fkzalgiris.lt\/v-ceburinas-visko-imusti-nepavyksta-bet-to-reikia-siekti\/","og_locale":"lt_LT","og_type":"article","og_title":"V. \u010ceburinas: \u201eVisko \u012fmu\u0161ti nepavyksta, bet to reikia siekti\u201c - FK \u017dalgiris","og_description":"Po antr\u0173j\u0173 i\u0161 eil\u0117s rungtyni\u0173 FK \u201e\u017dalgirio\u201c treneris Vladimiras \u010ceburinas ir \u017eaid\u0117jai kalb\u0117jo apie sunkiai pasiekt\u0105 pergal\u0119 ir aptar\u0117 traum\u0173 situacij\u0105. Pergal\u0119 \u201e\u017dalgiriui\u201c nul\u0117m\u0117 legionieriaus\u2026","og_url":"https:\/\/fkzalgiris.lt\/v-ceburinas-visko-imusti-nepavyksta-bet-to-reikia-siekti\/","og_site_name":"FK \u017dalgiris","article_publisher":"https:\/\/www.facebook.com\/fkzalgiris\/","article_published_time":"2021-05-15T09:46:22+00:00","article_modified_time":"2021-05-15T09:47:28+00:00","og_image":[{"width":3356,"height":2259,"url":"https:\/\/fkzalgiris.lt\/wp-content\/uploads\/2024\/02\/social-horiz_Zalgiris_logo_2024.png","type":"image\/png"}],"author":"J","twitter_card":"summary_large_image","twitter_creator":"@fkzalgiris","twitter_site":"@fkzalgiris","twitter_misc":{"Written by":"J","Est. reading time":"4 minut\u0117s"},"schema":{"@context":"https:\/\/schema.org","@graph":[{"@type":"Article","@id":"https:\/\/fkzalgiris.lt\/v-ceburinas-visko-imusti-nepavyksta-bet-to-reikia-siekti\/#article","isPartOf":{"@id":"https:\/\/fkzalgiris.lt\/v-ceburinas-visko-imusti-nepavyksta-bet-to-reikia-siekti\/"},"author":{"name":"J","@id":"https:\/\/fkzalgiris.lt\/#\/schema\/person\/8604babbba794a7d8767be324a3eaac8"},"headline":"V. \u010ceburinas: \u201eVisko \u012fmu\u0161ti nepavyksta, bet to reikia siekti\u201c","datePublished":"2021-05-15T09:46:22+00:00","dateModified":"2021-05-15T09:47:28+00:00","mainEntityOfPage":{"@id":"https:\/\/fkzalgiris.lt\/v-ceburinas-visko-imusti-nepavyksta-bet-to-reikia-siekti\/"},"wordCount":752,"publisher":{"@id":"https:\/\/fkzalgiris.lt\/#organization"},"articleSection":["\u017dalgiris"],"inLanguage":"lt-LT"},{"@type":"WebPage","@id":"https:\/\/fkzalgiris.lt\/v-ceburinas-visko-imusti-nepavyksta-bet-to-reikia-siekti\/","url":"https:\/\/fkzalgiris.lt\/v-ceburinas-visko-imusti-nepavyksta-bet-to-reikia-siekti\/","name":"V. \u010ceburinas: \u201eVisko \u012fmu\u0161ti nepavyksta, bet to reikia siekti\u201c - FK \u017dalgiris","isPartOf":{"@id":"https:\/\/fkzalgiris.lt\/#website"},"datePublished":"2021-05-15T09:46:22+00:00","dateModified":"2021-05-15T09:47:28+00:00","breadcrumb":{"@id":"https:\/\/fkzalgiris.lt\/v-ceburinas-visko-imusti-nepavyksta-bet-to-reikia-siekti\/#breadcrumb"},"inLanguage":"lt-LT","potentialAction":[{"@type":"ReadAction","target":["https:\/\/fkzalgiris.lt\/v-ceburinas-visko-imusti-nepavyksta-bet-to-reikia-siekti\/"]}]},{"@type":"BreadcrumbList","@id":"https:\/\/fkzalgiris.lt\/v-ceburinas-visko-imusti-nepavyksta-bet-to-reikia-siekti\/#breadcrumb","itemListElement":[{"@type":"ListItem","position":1,"name":"Home","item":"https:\/\/fkzalgiris.lt\/"},{"@type":"ListItem","position":2,"name":"V. \u010ceburinas: \u201eVisko \u012fmu\u0161ti nepavyksta, bet to reikia siekti\u201c"}]},{"@type":"WebSite","@id":"https:\/\/fkzalgiris.lt\/#website","url":"https:\/\/fkzalgiris.lt\/","name":"FK \u017dalgiris","description":"oficiali Vilniaus \u201e\u017dalgirio\u201c futbolo klubo svetain\u0117","publisher":{"@id":"https:\/\/fkzalgiris.lt\/#organization"},"potentialAction":[{"@type":"SearchAction","target":{"@type":"EntryPoint","urlTemplate":"https:\/\/fkzalgiris.lt\/?s={search_term_string}"},"query-input":{"@type":"PropertyValueSpecification","valueRequired":true,"valueName":"search_term_string"}}],"inLanguage":"lt-LT"},{"@type":"Organization","@id":"https:\/\/fkzalgiris.lt\/#organization","name":"FK \u017dalgiris","url":"https:\/\/fkzalgiris.lt\/","logo":{"@type":"ImageObject","inLanguage":"lt-LT","@id":"https:\/\/fkzalgiris.lt\/#\/schema\/logo\/image\/","url":"https:\/\/fkzalgiris.lt\/wp-content\/uploads\/2024\/01\/horiz-FK-Zalgiris-logo-2015.png","contentUrl":"https:\/\/fkzalgiris.lt\/wp-content\/uploads\/2024\/01\/horiz-FK-Zalgiris-logo-2015.png","width":3073,"height":2048,"caption":"FK \u017dalgiris"},"image":{"@id":"https:\/\/fkzalgiris.lt\/#\/schema\/logo\/image\/"},"sameAs":["https:\/\/www.facebook.com\/fkzalgiris\/","https:\/\/x.com\/fkzalgiris","https:\/\/www.instagram.com\/fkzalgiris\/","https:\/\/www.youtube.com\/channel\/UC1ag8JLxGirltMUoLlzfZLA"]},{"@type":"Person","@id":"https:\/\/fkzalgiris.lt\/#\/schema\/person\/8604babbba794a7d8767be324a3eaac8","name":"J"}]}},"_links":{"self":[{"href":"https:\/\/fkzalgiris.lt\/api\/wp\/v2\/posts\/5221","targetHints":{"allow":["GET"]}}],"collection":[{"href":"https:\/\/fkzalgiris.lt\/api\/wp\/v2\/posts"}],"about":[{"href":"https:\/\/fkzalgiris.lt\/api\/wp\/v2\/types\/post"}],"author":[{"embeddable":true,"href":"https:\/\/fkzalgiris.lt\/api\/wp\/v2\/users\/4"}],"replies":[{"embeddable":true,"href":"https:\/\/fkzalgiris.lt\/api\/wp\/v2\/comments?post=5221"}],"version-history":[{"count":3,"href":"https:\/\/fkzalgiris.lt\/api\/wp\/v2\/posts\/5221\/revisions"}],"predecessor-version":[{"id":5225,"href":"https:\/\/fkzalgiris.lt\/api\/wp\/v2\/posts\/5221\/revisions\/5225"}],"wp:attachment":[{"href":"https:\/\/fkzalgiris.lt\/api\/wp\/v2\/media?parent=5221"}],"wp:term":[{"taxonomy":"category","embeddable":true,"href":"https:\/\/fkzalgiris.lt\/api\/wp\/v2\/categories?post=5221"}],"curies":[{"name":"wp","href":"https:\/\/api.w.org\/{rel}","templated":true}]}}