{"id":5191,"date":"2021-05-12T10:36:20","date_gmt":"2021-05-12T07:36:20","guid":{"rendered":"https:\/\/fkzalgiris.lt\/?p=5191"},"modified":"2021-05-12T10:36:50","modified_gmt":"2021-05-12T07:36:50","slug":"v-ceburinas-zaidejai-atidave-visas-jegas-del-pergales","status":"publish","type":"post","link":"https:\/\/fkzalgiris.lt\/v-ceburinas-zaidejai-atidave-visas-jegas-del-pergales\/","title":{"rendered":"V. \u010ceburinas: \u201e\u017daid\u0117jai atidav\u0117 visas j\u0117gas d\u0117l pergal\u0117s\u201c"},"content":{"rendered":"<p>FK \u201e\u017dalgirio\u201c treneris Vladimiras \u010ceburinas po pergal\u0117s prie\u0161 \u201ePanev\u0117\u017e\u012f\u201c sve\u010diuose d\u0117kojo \u017eaid\u0117jams u\u017e atsidavim\u0105.<\/p>\n<p>Atid\u0117tose A lygos rungtyn\u0117se \u201e\u017dalgiris\u201c i\u0161kovojo pergal\u0119 rezultatu 2:0 ir atsities\u0117 po patirtos nes\u0117km\u0117s Kaune pra\u0117jus\u012f savaitgal\u012f.<\/p>\n<p>\u201e\u0160iandien pavyko geros rungtyn\u0117s. Tai buvo pirmos rungtyn\u0117s ant nat\u016bralios vejos. Buvo ne\u012fprasta ir mums, ir var\u017eovams. Daug laiko praleidome atakuodami. \u012emu\u0161\u0117me vien\u0105, antr\u0105 \u012fvart\u012f. Buvo dar prog\u0173. Pirmajame k\u0117linyje atakavo ir var\u017eovai. Ta\u010diau netur\u0117jo ger\u0173 prog\u0173. Antrajame k\u0117linyje var\u017eovai siek\u0117 tur\u0117ti iniciatyv\u0105, perk\u0117l\u0117 \u017eaidim\u0105 \u012f m\u016bs\u0173 aik\u0161t\u0117s pus\u0119, neretai kontroliavo kamuol\u012f. Mes kontratakavome, tur\u0117jome ger\u0173 prog\u0173 padidinti persvar\u0105. Geros rungtyn\u0117s i\u0161 abiej\u0173 komand\u0173. \u00a0M\u016bs\u0173 nusiteikimas \u0161iandien buvo labai geras. D\u0117koju \u017eaid\u0117jams, jie atidav\u0117 visas j\u0117gas, visk\u0105 k\u0105 gali. Jie parod\u0117 k\u0105 gali, ir tai atne\u0161\u0117 rezultat\u0105\u201c, &#8211; kalb\u0117jo V. \u010ceburinas.<\/p>\n<p>Antrajame k\u0117linyje \u201ePanev\u0117\u017eys\u201c da\u017eniau buvo su kamuoliu ir treneris ne kart\u0105 pra\u0161\u0117 savo aukl\u0117tini\u0173 geresn\u0117s kamuolio kontrol\u0117s.<\/p>\n<p>\u201ePasteb\u0117jome, kad atgavus kamuol\u012f per ma\u017eai atsidengiame. Trukdavo trumpos pauz\u0117s, kad \u00a0tie \u017eaid\u0117jai, kurie turi u\u017epildyti savo zonas atsidurt\u0173 jose. Tod\u0117l m\u016bs\u0173 perdavimai nepasiekdavo tikslo. Tod\u0117l papra\u0161iau kontrol\u0117s, kad tur\u0117tume galimyb\u0119, kad perdavimai pasiekt\u0173 adresat\u0105\u201c, &#8211; ai\u0161kino V. \u010ceburinas.<\/p>\n<p>Antrojo k\u0117linio prad\u017eioje aik\u0161t\u0119 paliko Francis Kyeremeh, keitimo pra\u0161\u0117si Hugo Videmontas. Pasak trenerio, tai s\u0105lygojo ne konkre\u010dios traumos.<\/p>\n<p>\u201eLabiau saky\u010diau, kad jie neatsigavo po pra\u0117jusi\u0173 rungtyni\u0173. Dabar \u012ftemptas grafikas, nepakanka laiko atsigauti. F. Kyeremeh pasijaut\u0117 \u0161iek tiek blogai, tod\u0117l buvo pakeistas. Hugo taip pat. Abu jie atidav\u0117 visas j\u0117gas aik\u0161t\u0117je. Atidav\u0117 j\u0117gas d\u0117l \u0161ios pergal\u0117s\u201c, &#8211; teig\u0117 treneris.<\/p>\n<p>\u201e\u017dalgirio\u201c \u012ftemptame grafike kitos rungtyn\u0117s laukia jau penktadien\u012f su tuo pa\u010diu \u201ePanev\u0117\u017eiu\u201c \u2013 baland\u017eio 14 d. komandos susitiks LFF stadione.<\/p>\n","protected":false},"excerpt":{"rendered":"<p>FK \u201e\u017dalgirio\u201c treneris Vladimiras \u010ceburinas po pergal\u0117s prie\u0161 \u201ePanev\u0117\u017e\u012f\u201c sve\u010diuose d\u0117kojo \u017eaid\u0117jams u\u017e atsidavim\u0105. Atid\u0117tose A lygos rungtyn\u0117se \u201e\u017dalgiris\u201c i\u0161kovojo pergal\u0119 rezultatu 2:0 ir atsities\u0117\u2026<\/p>\n","protected":false},"author":4,"featured_media":0,"comment_status":"closed","ping_status":"closed","sticky":false,"template":"","format":"standard","meta":{"_acf_changed":false,"footnotes":""},"categories":[87],"class_list":["post-5191","post","type-post","status-publish","format-standard","hentry","category-zalgiris"],"acf":[],"yoast_head":"<!-- This site is optimized with the Yoast SEO plugin v26.8 - https:\/\/yoast.com\/product\/yoast-seo-wordpress\/ -->\n<title>V. \u010ceburinas: \u201e\u017daid\u0117jai atidav\u0117 visas j\u0117gas d\u0117l pergal\u0117s\u201c - FK \u017dalgiris<\/title>\n<meta name=\"robots\" content=\"index, follow, max-snippet:-1, max-image-preview:large, max-video-preview:-1\" \/>\n<link rel=\"canonical\" href=\"https:\/\/fkzalgiris.lt\/v-ceburinas-zaidejai-atidave-visas-jegas-del-pergales\/\" \/>\n<meta property=\"og:locale\" content=\"lt_LT\" \/>\n<meta property=\"og:type\" content=\"article\" \/>\n<meta property=\"og:title\" content=\"V. \u010ceburinas: \u201e\u017daid\u0117jai atidav\u0117 visas j\u0117gas d\u0117l pergal\u0117s\u201c - FK \u017dalgiris\" \/>\n<meta property=\"og:description\" content=\"FK \u201e\u017dalgirio\u201c treneris Vladimiras \u010ceburinas po pergal\u0117s prie\u0161 \u201ePanev\u0117\u017e\u012f\u201c sve\u010diuose d\u0117kojo \u017eaid\u0117jams u\u017e atsidavim\u0105. Atid\u0117tose A lygos rungtyn\u0117se \u201e\u017dalgiris\u201c i\u0161kovojo pergal\u0119 rezultatu 2:0 ir atsities\u0117\u2026\" \/>\n<meta property=\"og:url\" content=\"https:\/\/fkzalgiris.lt\/v-ceburinas-zaidejai-atidave-visas-jegas-del-pergales\/\" \/>\n<meta property=\"og:site_name\" content=\"FK \u017dalgiris\" \/>\n<meta property=\"article:publisher\" content=\"https:\/\/www.facebook.com\/fkzalgiris\/\" \/>\n<meta property=\"article:published_time\" content=\"2021-05-12T07:36:20+00:00\" \/>\n<meta property=\"article:modified_time\" content=\"2021-05-12T07:36:50+00:00\" \/>\n<meta property=\"og:image\" content=\"https:\/\/fkzalgiris.lt\/wp-content\/uploads\/2024\/02\/social-horiz_Zalgiris_logo_2024.png\" \/>\n\t<meta property=\"og:image:width\" content=\"3356\" \/>\n\t<meta property=\"og:image:height\" content=\"2259\" \/>\n\t<meta property=\"og:image:type\" content=\"image\/png\" \/>\n<meta name=\"author\" content=\"J\" \/>\n<meta name=\"twitter:card\" content=\"summary_large_image\" \/>\n<meta name=\"twitter:creator\" content=\"@fkzalgiris\" \/>\n<meta name=\"twitter:site\" content=\"@fkzalgiris\" \/>\n<meta name=\"twitter:label1\" content=\"Written by\" \/>\n\t<meta name=\"twitter:data1\" content=\"J\" \/>\n\t<meta name=\"twitter:label2\" content=\"Est. reading time\" \/>\n\t<meta name=\"twitter:data2\" content=\"2 minut\u0117s\" \/>\n<script type=\"application\/ld+json\" class=\"yoast-schema-graph\">{\"@context\":\"https:\/\/schema.org\",\"@graph\":[{\"@type\":\"Article\",\"@id\":\"https:\/\/fkzalgiris.lt\/v-ceburinas-zaidejai-atidave-visas-jegas-del-pergales\/#article\",\"isPartOf\":{\"@id\":\"https:\/\/fkzalgiris.lt\/v-ceburinas-zaidejai-atidave-visas-jegas-del-pergales\/\"},\"author\":{\"name\":\"J\",\"@id\":\"https:\/\/fkzalgiris.lt\/#\/schema\/person\/8604babbba794a7d8767be324a3eaac8\"},\"headline\":\"V. \u010ceburinas: \u201e\u017daid\u0117jai atidav\u0117 visas j\u0117gas d\u0117l pergal\u0117s\u201c\",\"datePublished\":\"2021-05-12T07:36:20+00:00\",\"dateModified\":\"2021-05-12T07:36:50+00:00\",\"mainEntityOfPage\":{\"@id\":\"https:\/\/fkzalgiris.lt\/v-ceburinas-zaidejai-atidave-visas-jegas-del-pergales\/\"},\"wordCount\":335,\"publisher\":{\"@id\":\"https:\/\/fkzalgiris.lt\/#organization\"},\"articleSection\":[\"\u017dalgiris\"],\"inLanguage\":\"lt-LT\"},{\"@type\":\"WebPage\",\"@id\":\"https:\/\/fkzalgiris.lt\/v-ceburinas-zaidejai-atidave-visas-jegas-del-pergales\/\",\"url\":\"https:\/\/fkzalgiris.lt\/v-ceburinas-zaidejai-atidave-visas-jegas-del-pergales\/\",\"name\":\"V. \u010ceburinas: \u201e\u017daid\u0117jai atidav\u0117 visas j\u0117gas d\u0117l pergal\u0117s\u201c - FK \u017dalgiris\",\"isPartOf\":{\"@id\":\"https:\/\/fkzalgiris.lt\/#website\"},\"datePublished\":\"2021-05-12T07:36:20+00:00\",\"dateModified\":\"2021-05-12T07:36:50+00:00\",\"breadcrumb\":{\"@id\":\"https:\/\/fkzalgiris.lt\/v-ceburinas-zaidejai-atidave-visas-jegas-del-pergales\/#breadcrumb\"},\"inLanguage\":\"lt-LT\",\"potentialAction\":[{\"@type\":\"ReadAction\",\"target\":[\"https:\/\/fkzalgiris.lt\/v-ceburinas-zaidejai-atidave-visas-jegas-del-pergales\/\"]}]},{\"@type\":\"BreadcrumbList\",\"@id\":\"https:\/\/fkzalgiris.lt\/v-ceburinas-zaidejai-atidave-visas-jegas-del-pergales\/#breadcrumb\",\"itemListElement\":[{\"@type\":\"ListItem\",\"position\":1,\"name\":\"Home\",\"item\":\"https:\/\/fkzalgiris.lt\/\"},{\"@type\":\"ListItem\",\"position\":2,\"name\":\"V. \u010ceburinas: \u201e\u017daid\u0117jai atidav\u0117 visas j\u0117gas d\u0117l pergal\u0117s\u201c\"}]},{\"@type\":\"WebSite\",\"@id\":\"https:\/\/fkzalgiris.lt\/#website\",\"url\":\"https:\/\/fkzalgiris.lt\/\",\"name\":\"FK \u017dalgiris\",\"description\":\"oficiali Vilniaus \u201e\u017dalgirio\u201c futbolo klubo svetain\u0117\",\"publisher\":{\"@id\":\"https:\/\/fkzalgiris.lt\/#organization\"},\"potentialAction\":[{\"@type\":\"SearchAction\",\"target\":{\"@type\":\"EntryPoint\",\"urlTemplate\":\"https:\/\/fkzalgiris.lt\/?s={search_term_string}\"},\"query-input\":{\"@type\":\"PropertyValueSpecification\",\"valueRequired\":true,\"valueName\":\"search_term_string\"}}],\"inLanguage\":\"lt-LT\"},{\"@type\":\"Organization\",\"@id\":\"https:\/\/fkzalgiris.lt\/#organization\",\"name\":\"FK \u017dalgiris\",\"url\":\"https:\/\/fkzalgiris.lt\/\",\"logo\":{\"@type\":\"ImageObject\",\"inLanguage\":\"lt-LT\",\"@id\":\"https:\/\/fkzalgiris.lt\/#\/schema\/logo\/image\/\",\"url\":\"https:\/\/fkzalgiris.lt\/wp-content\/uploads\/2024\/01\/horiz-FK-Zalgiris-logo-2015.png\",\"contentUrl\":\"https:\/\/fkzalgiris.lt\/wp-content\/uploads\/2024\/01\/horiz-FK-Zalgiris-logo-2015.png\",\"width\":3073,\"height\":2048,\"caption\":\"FK \u017dalgiris\"},\"image\":{\"@id\":\"https:\/\/fkzalgiris.lt\/#\/schema\/logo\/image\/\"},\"sameAs\":[\"https:\/\/www.facebook.com\/fkzalgiris\/\",\"https:\/\/x.com\/fkzalgiris\",\"https:\/\/www.instagram.com\/fkzalgiris\/\",\"https:\/\/www.youtube.com\/channel\/UC1ag8JLxGirltMUoLlzfZLA\"]},{\"@type\":\"Person\",\"@id\":\"https:\/\/fkzalgiris.lt\/#\/schema\/person\/8604babbba794a7d8767be324a3eaac8\",\"name\":\"J\"}]}<\/script>\n<!-- \/ Yoast SEO plugin. -->","yoast_head_json":{"title":"V. \u010ceburinas: \u201e\u017daid\u0117jai atidav\u0117 visas j\u0117gas d\u0117l pergal\u0117s\u201c - FK \u017dalgiris","robots":{"index":"index","follow":"follow","max-snippet":"max-snippet:-1","max-image-preview":"max-image-preview:large","max-video-preview":"max-video-preview:-1"},"canonical":"https:\/\/fkzalgiris.lt\/v-ceburinas-zaidejai-atidave-visas-jegas-del-pergales\/","og_locale":"lt_LT","og_type":"article","og_title":"V. \u010ceburinas: \u201e\u017daid\u0117jai atidav\u0117 visas j\u0117gas d\u0117l pergal\u0117s\u201c - FK \u017dalgiris","og_description":"FK \u201e\u017dalgirio\u201c treneris Vladimiras \u010ceburinas po pergal\u0117s prie\u0161 \u201ePanev\u0117\u017e\u012f\u201c sve\u010diuose d\u0117kojo \u017eaid\u0117jams u\u017e atsidavim\u0105. Atid\u0117tose A lygos rungtyn\u0117se \u201e\u017dalgiris\u201c i\u0161kovojo pergal\u0119 rezultatu 2:0 ir atsities\u0117\u2026","og_url":"https:\/\/fkzalgiris.lt\/v-ceburinas-zaidejai-atidave-visas-jegas-del-pergales\/","og_site_name":"FK \u017dalgiris","article_publisher":"https:\/\/www.facebook.com\/fkzalgiris\/","article_published_time":"2021-05-12T07:36:20+00:00","article_modified_time":"2021-05-12T07:36:50+00:00","og_image":[{"width":3356,"height":2259,"url":"https:\/\/fkzalgiris.lt\/wp-content\/uploads\/2024\/02\/social-horiz_Zalgiris_logo_2024.png","type":"image\/png"}],"author":"J","twitter_card":"summary_large_image","twitter_creator":"@fkzalgiris","twitter_site":"@fkzalgiris","twitter_misc":{"Written by":"J","Est. reading time":"2 minut\u0117s"},"schema":{"@context":"https:\/\/schema.org","@graph":[{"@type":"Article","@id":"https:\/\/fkzalgiris.lt\/v-ceburinas-zaidejai-atidave-visas-jegas-del-pergales\/#article","isPartOf":{"@id":"https:\/\/fkzalgiris.lt\/v-ceburinas-zaidejai-atidave-visas-jegas-del-pergales\/"},"author":{"name":"J","@id":"https:\/\/fkzalgiris.lt\/#\/schema\/person\/8604babbba794a7d8767be324a3eaac8"},"headline":"V. \u010ceburinas: \u201e\u017daid\u0117jai atidav\u0117 visas j\u0117gas d\u0117l pergal\u0117s\u201c","datePublished":"2021-05-12T07:36:20+00:00","dateModified":"2021-05-12T07:36:50+00:00","mainEntityOfPage":{"@id":"https:\/\/fkzalgiris.lt\/v-ceburinas-zaidejai-atidave-visas-jegas-del-pergales\/"},"wordCount":335,"publisher":{"@id":"https:\/\/fkzalgiris.lt\/#organization"},"articleSection":["\u017dalgiris"],"inLanguage":"lt-LT"},{"@type":"WebPage","@id":"https:\/\/fkzalgiris.lt\/v-ceburinas-zaidejai-atidave-visas-jegas-del-pergales\/","url":"https:\/\/fkzalgiris.lt\/v-ceburinas-zaidejai-atidave-visas-jegas-del-pergales\/","name":"V. \u010ceburinas: \u201e\u017daid\u0117jai atidav\u0117 visas j\u0117gas d\u0117l pergal\u0117s\u201c - FK \u017dalgiris","isPartOf":{"@id":"https:\/\/fkzalgiris.lt\/#website"},"datePublished":"2021-05-12T07:36:20+00:00","dateModified":"2021-05-12T07:36:50+00:00","breadcrumb":{"@id":"https:\/\/fkzalgiris.lt\/v-ceburinas-zaidejai-atidave-visas-jegas-del-pergales\/#breadcrumb"},"inLanguage":"lt-LT","potentialAction":[{"@type":"ReadAction","target":["https:\/\/fkzalgiris.lt\/v-ceburinas-zaidejai-atidave-visas-jegas-del-pergales\/"]}]},{"@type":"BreadcrumbList","@id":"https:\/\/fkzalgiris.lt\/v-ceburinas-zaidejai-atidave-visas-jegas-del-pergales\/#breadcrumb","itemListElement":[{"@type":"ListItem","position":1,"name":"Home","item":"https:\/\/fkzalgiris.lt\/"},{"@type":"ListItem","position":2,"name":"V. \u010ceburinas: \u201e\u017daid\u0117jai atidav\u0117 visas j\u0117gas d\u0117l pergal\u0117s\u201c"}]},{"@type":"WebSite","@id":"https:\/\/fkzalgiris.lt\/#website","url":"https:\/\/fkzalgiris.lt\/","name":"FK \u017dalgiris","description":"oficiali Vilniaus \u201e\u017dalgirio\u201c futbolo klubo svetain\u0117","publisher":{"@id":"https:\/\/fkzalgiris.lt\/#organization"},"potentialAction":[{"@type":"SearchAction","target":{"@type":"EntryPoint","urlTemplate":"https:\/\/fkzalgiris.lt\/?s={search_term_string}"},"query-input":{"@type":"PropertyValueSpecification","valueRequired":true,"valueName":"search_term_string"}}],"inLanguage":"lt-LT"},{"@type":"Organization","@id":"https:\/\/fkzalgiris.lt\/#organization","name":"FK \u017dalgiris","url":"https:\/\/fkzalgiris.lt\/","logo":{"@type":"ImageObject","inLanguage":"lt-LT","@id":"https:\/\/fkzalgiris.lt\/#\/schema\/logo\/image\/","url":"https:\/\/fkzalgiris.lt\/wp-content\/uploads\/2024\/01\/horiz-FK-Zalgiris-logo-2015.png","contentUrl":"https:\/\/fkzalgiris.lt\/wp-content\/uploads\/2024\/01\/horiz-FK-Zalgiris-logo-2015.png","width":3073,"height":2048,"caption":"FK \u017dalgiris"},"image":{"@id":"https:\/\/fkzalgiris.lt\/#\/schema\/logo\/image\/"},"sameAs":["https:\/\/www.facebook.com\/fkzalgiris\/","https:\/\/x.com\/fkzalgiris","https:\/\/www.instagram.com\/fkzalgiris\/","https:\/\/www.youtube.com\/channel\/UC1ag8JLxGirltMUoLlzfZLA"]},{"@type":"Person","@id":"https:\/\/fkzalgiris.lt\/#\/schema\/person\/8604babbba794a7d8767be324a3eaac8","name":"J"}]}},"_links":{"self":[{"href":"https:\/\/fkzalgiris.lt\/api\/wp\/v2\/posts\/5191","targetHints":{"allow":["GET"]}}],"collection":[{"href":"https:\/\/fkzalgiris.lt\/api\/wp\/v2\/posts"}],"about":[{"href":"https:\/\/fkzalgiris.lt\/api\/wp\/v2\/types\/post"}],"author":[{"embeddable":true,"href":"https:\/\/fkzalgiris.lt\/api\/wp\/v2\/users\/4"}],"replies":[{"embeddable":true,"href":"https:\/\/fkzalgiris.lt\/api\/wp\/v2\/comments?post=5191"}],"version-history":[{"count":2,"href":"https:\/\/fkzalgiris.lt\/api\/wp\/v2\/posts\/5191\/revisions"}],"predecessor-version":[{"id":5194,"href":"https:\/\/fkzalgiris.lt\/api\/wp\/v2\/posts\/5191\/revisions\/5194"}],"wp:attachment":[{"href":"https:\/\/fkzalgiris.lt\/api\/wp\/v2\/media?parent=5191"}],"wp:term":[{"taxonomy":"category","embeddable":true,"href":"https:\/\/fkzalgiris.lt\/api\/wp\/v2\/categories?post=5191"}],"curies":[{"name":"wp","href":"https:\/\/api.w.org\/{rel}","templated":true}]}}