{"id":5015,"date":"2021-04-29T22:56:49","date_gmt":"2021-04-29T19:56:49","guid":{"rendered":"https:\/\/fkzalgiris.lt\/?p=5015"},"modified":"2021-04-29T22:56:49","modified_gmt":"2021-04-29T19:56:49","slug":"buves-zalgirietis-r-zdancius-apie-gyvenimo-mokykla-internate-ir-zaidima-epochu-sanduroje","status":"publish","type":"post","link":"https:\/\/fkzalgiris.lt\/buves-zalgirietis-r-zdancius-apie-gyvenimo-mokykla-internate-ir-zaidima-epochu-sanduroje\/","title":{"rendered":"Buv\u0119s \u017ealgirietis R. Zdan\u010dius apie gyvenimo mokykl\u0105 internate ir \u017eaidim\u0105 epoch\u0173 sand\u016broje"},"content":{"rendered":"<p>Kai po Nepriklausomyb\u0117s atk\u016brimo atsinaujin\u0119s Vilniaus \u201e\u017dalgiris\u201c 1991 ir 1992 metais i\u0161kovojo du \u010dempion\u0173 titulus, vienu i\u0161 komandos vedli\u0173 buvo Ri\u010dardas Zdan\u010dius.<\/p>\n<p>Garg\u017eduose kartu su \u012f\u017eymiuoju Arminu Narbekovu pana\u0161iu metu prad\u0117j\u0119s futbol\u0105 \u017eaisti R. Zdan\u010dius rimt\u0105 futbolo ir gyvenimo mokykl\u0105 per\u0117jo Panev\u0117\u017eio sporto internate.<\/p>\n<p>\u201eTen buvo disciplina. Prie\u0161 7 skambutis, keliam\u0117s, tvarkom\u0117s kambar\u012f, pusry\u010diaujame, dvi pamokos, treniruot\u0117, gr\u012f\u017eti prie\u0161pie\u010diai, v\u0117l \u012f mokykl\u0105, kelios pamokos, pamok\u0173 ruo\u0161a, treniruot\u0117 ir miegoti. \u017dinoma, ir tais laikais ten buvo \u201ebiezdari\u0173\u201c, o tie kurie nor\u0117jo \u2013 siek\u0117 rezultato. A\u0161 nor\u0117jau b\u016bti geras, geresnis u\u017e savo draugus ir to siekiau\u201c, &#8211; prisimin\u0117 buv\u0119s futbolininkas.<\/p>\n<p>Po interneto jis dar atstovavo Panev\u0117\u017eio \u201eEkranui\u201c, laim\u0117jo Lietuvos \u010dempionat\u0105, ir pagaliau atsid\u016br\u0117 ten kur visi futbolininkai svajojo \u2013 \u201e\u017dalgiryje\u201c.<\/p>\n<p>R. Zdan\u010dius atstovavo garsiausiai Lietuvos futbolo komandai ir sovietin\u0117je epochoje, ir v\u0117liau gr\u012f\u017eo \u012f Vilni\u0173 po Nepriklausomyb\u0117s atk\u016brimo. \u201e\u017dalgiris\u201c padedamas R. Zdan\u010diaus 1991-1992 m. laim\u0117jo \u0161alies \u010dempionat\u0105, o 1991 ir 1993 m. i\u0161kovojo taur\u0119.<\/p>\n<p>Ta\u010diau nauja realyb\u0117 pirmaisiais savaranki\u0161kum\u0105 atk\u016brusios valstyb\u0117s metais buvo nelengva \u2013 geriausi \u017eaid\u0117jai i\u0161vyko d\u0117l ekonomini\u0173 prie\u017ea\u0161\u010di\u0173, \u017eenkliai suma\u017e\u0117jo \u017ei\u016brov\u0173 stadionuose.<\/p>\n<p>Palik\u0119s Lietuv\u0105 R. Zdan\u010dius ragavo legionieriaus duonos Estijos, \u0160veicarijos, Vokietijos komandose.<\/p>\n<p>Buv\u0119s saugas \u201e\u017dalgiris TV\u201c rubrikoje \u201e\u017dalia Balta Legenda\u201c Mindaugui Ponomariovui papasakojo apie sunkius ir smagius karjeros epizodus &#8211; nuo internato Panev\u0117\u017eyje ypatum\u0173 iki nuklydim\u0173 ir draugyst\u0117s su krep\u0161inio \u017evaig\u017ed\u0117mis, \u017eaidim\u0105 sud\u0117tingomis s\u0105lygomis bei kita.<\/p>\n","protected":false},"excerpt":{"rendered":"<p>Kai po Nepriklausomyb\u0117s atk\u016brimo atsinaujin\u0119s Vilniaus \u201e\u017dalgiris\u201c 1991 ir 1992 metais i\u0161kovojo du \u010dempion\u0173 titulus, vienu i\u0161 komandos vedli\u0173 buvo Ri\u010dardas Zdan\u010dius. Garg\u017eduose kartu su\u2026<\/p>\n","protected":false},"author":4,"featured_media":0,"comment_status":"closed","ping_status":"closed","sticky":false,"template":"","format":"standard","meta":{"_acf_changed":false,"footnotes":""},"categories":[87],"class_list":["post-5015","post","type-post","status-publish","format-standard","hentry","category-zalgiris"],"acf":[],"yoast_head":"<!-- This site is optimized with the Yoast SEO plugin v26.8 - https:\/\/yoast.com\/product\/yoast-seo-wordpress\/ -->\n<title>Buv\u0119s \u017ealgirietis R. Zdan\u010dius apie gyvenimo mokykl\u0105 internate ir \u017eaidim\u0105 epoch\u0173 sand\u016broje - FK \u017dalgiris<\/title>\n<meta name=\"robots\" content=\"index, follow, max-snippet:-1, max-image-preview:large, max-video-preview:-1\" \/>\n<link rel=\"canonical\" href=\"https:\/\/fkzalgiris.lt\/buves-zalgirietis-r-zdancius-apie-gyvenimo-mokykla-internate-ir-zaidima-epochu-sanduroje\/\" \/>\n<meta property=\"og:locale\" content=\"lt_LT\" \/>\n<meta property=\"og:type\" content=\"article\" \/>\n<meta property=\"og:title\" content=\"Buv\u0119s \u017ealgirietis R. Zdan\u010dius apie gyvenimo mokykl\u0105 internate ir \u017eaidim\u0105 epoch\u0173 sand\u016broje - FK \u017dalgiris\" \/>\n<meta property=\"og:description\" content=\"Kai po Nepriklausomyb\u0117s atk\u016brimo atsinaujin\u0119s Vilniaus \u201e\u017dalgiris\u201c 1991 ir 1992 metais i\u0161kovojo du \u010dempion\u0173 titulus, vienu i\u0161 komandos vedli\u0173 buvo Ri\u010dardas Zdan\u010dius. Garg\u017eduose kartu su\u2026\" \/>\n<meta property=\"og:url\" content=\"https:\/\/fkzalgiris.lt\/buves-zalgirietis-r-zdancius-apie-gyvenimo-mokykla-internate-ir-zaidima-epochu-sanduroje\/\" \/>\n<meta property=\"og:site_name\" content=\"FK \u017dalgiris\" \/>\n<meta property=\"article:publisher\" content=\"https:\/\/www.facebook.com\/fkzalgiris\/\" \/>\n<meta property=\"article:published_time\" content=\"2021-04-29T19:56:49+00:00\" \/>\n<meta property=\"og:image\" content=\"https:\/\/fkzalgiris.lt\/wp-content\/uploads\/2024\/02\/social-horiz_Zalgiris_logo_2024.png\" \/>\n\t<meta property=\"og:image:width\" content=\"3356\" \/>\n\t<meta property=\"og:image:height\" content=\"2259\" \/>\n\t<meta property=\"og:image:type\" content=\"image\/png\" \/>\n<meta name=\"author\" content=\"J\" \/>\n<meta name=\"twitter:card\" content=\"summary_large_image\" \/>\n<meta name=\"twitter:creator\" content=\"@fkzalgiris\" \/>\n<meta name=\"twitter:site\" content=\"@fkzalgiris\" \/>\n<meta name=\"twitter:label1\" content=\"Written by\" \/>\n\t<meta name=\"twitter:data1\" content=\"J\" \/>\n\t<meta name=\"twitter:label2\" content=\"Est. reading time\" \/>\n\t<meta name=\"twitter:data2\" content=\"1 minut\u0117\" \/>\n<script type=\"application\/ld+json\" class=\"yoast-schema-graph\">{\"@context\":\"https:\/\/schema.org\",\"@graph\":[{\"@type\":\"Article\",\"@id\":\"https:\/\/fkzalgiris.lt\/buves-zalgirietis-r-zdancius-apie-gyvenimo-mokykla-internate-ir-zaidima-epochu-sanduroje\/#article\",\"isPartOf\":{\"@id\":\"https:\/\/fkzalgiris.lt\/buves-zalgirietis-r-zdancius-apie-gyvenimo-mokykla-internate-ir-zaidima-epochu-sanduroje\/\"},\"author\":{\"name\":\"J\",\"@id\":\"https:\/\/fkzalgiris.lt\/#\/schema\/person\/8604babbba794a7d8767be324a3eaac8\"},\"headline\":\"Buv\u0119s \u017ealgirietis R. Zdan\u010dius apie gyvenimo mokykl\u0105 internate ir \u017eaidim\u0105 epoch\u0173 sand\u016broje\",\"datePublished\":\"2021-04-29T19:56:49+00:00\",\"mainEntityOfPage\":{\"@id\":\"https:\/\/fkzalgiris.lt\/buves-zalgirietis-r-zdancius-apie-gyvenimo-mokykla-internate-ir-zaidima-epochu-sanduroje\/\"},\"wordCount\":281,\"publisher\":{\"@id\":\"https:\/\/fkzalgiris.lt\/#organization\"},\"articleSection\":[\"\u017dalgiris\"],\"inLanguage\":\"lt-LT\"},{\"@type\":\"WebPage\",\"@id\":\"https:\/\/fkzalgiris.lt\/buves-zalgirietis-r-zdancius-apie-gyvenimo-mokykla-internate-ir-zaidima-epochu-sanduroje\/\",\"url\":\"https:\/\/fkzalgiris.lt\/buves-zalgirietis-r-zdancius-apie-gyvenimo-mokykla-internate-ir-zaidima-epochu-sanduroje\/\",\"name\":\"Buv\u0119s \u017ealgirietis R. Zdan\u010dius apie gyvenimo mokykl\u0105 internate ir \u017eaidim\u0105 epoch\u0173 sand\u016broje - FK \u017dalgiris\",\"isPartOf\":{\"@id\":\"https:\/\/fkzalgiris.lt\/#website\"},\"datePublished\":\"2021-04-29T19:56:49+00:00\",\"breadcrumb\":{\"@id\":\"https:\/\/fkzalgiris.lt\/buves-zalgirietis-r-zdancius-apie-gyvenimo-mokykla-internate-ir-zaidima-epochu-sanduroje\/#breadcrumb\"},\"inLanguage\":\"lt-LT\",\"potentialAction\":[{\"@type\":\"ReadAction\",\"target\":[\"https:\/\/fkzalgiris.lt\/buves-zalgirietis-r-zdancius-apie-gyvenimo-mokykla-internate-ir-zaidima-epochu-sanduroje\/\"]}]},{\"@type\":\"BreadcrumbList\",\"@id\":\"https:\/\/fkzalgiris.lt\/buves-zalgirietis-r-zdancius-apie-gyvenimo-mokykla-internate-ir-zaidima-epochu-sanduroje\/#breadcrumb\",\"itemListElement\":[{\"@type\":\"ListItem\",\"position\":1,\"name\":\"Home\",\"item\":\"https:\/\/fkzalgiris.lt\/\"},{\"@type\":\"ListItem\",\"position\":2,\"name\":\"Buv\u0119s \u017ealgirietis R. Zdan\u010dius apie gyvenimo mokykl\u0105 internate ir \u017eaidim\u0105 epoch\u0173 sand\u016broje\"}]},{\"@type\":\"WebSite\",\"@id\":\"https:\/\/fkzalgiris.lt\/#website\",\"url\":\"https:\/\/fkzalgiris.lt\/\",\"name\":\"FK \u017dalgiris\",\"description\":\"oficiali Vilniaus \u201e\u017dalgirio\u201c futbolo klubo svetain\u0117\",\"publisher\":{\"@id\":\"https:\/\/fkzalgiris.lt\/#organization\"},\"potentialAction\":[{\"@type\":\"SearchAction\",\"target\":{\"@type\":\"EntryPoint\",\"urlTemplate\":\"https:\/\/fkzalgiris.lt\/?s={search_term_string}\"},\"query-input\":{\"@type\":\"PropertyValueSpecification\",\"valueRequired\":true,\"valueName\":\"search_term_string\"}}],\"inLanguage\":\"lt-LT\"},{\"@type\":\"Organization\",\"@id\":\"https:\/\/fkzalgiris.lt\/#organization\",\"name\":\"FK \u017dalgiris\",\"url\":\"https:\/\/fkzalgiris.lt\/\",\"logo\":{\"@type\":\"ImageObject\",\"inLanguage\":\"lt-LT\",\"@id\":\"https:\/\/fkzalgiris.lt\/#\/schema\/logo\/image\/\",\"url\":\"https:\/\/fkzalgiris.lt\/wp-content\/uploads\/2024\/01\/horiz-FK-Zalgiris-logo-2015.png\",\"contentUrl\":\"https:\/\/fkzalgiris.lt\/wp-content\/uploads\/2024\/01\/horiz-FK-Zalgiris-logo-2015.png\",\"width\":3073,\"height\":2048,\"caption\":\"FK \u017dalgiris\"},\"image\":{\"@id\":\"https:\/\/fkzalgiris.lt\/#\/schema\/logo\/image\/\"},\"sameAs\":[\"https:\/\/www.facebook.com\/fkzalgiris\/\",\"https:\/\/x.com\/fkzalgiris\",\"https:\/\/www.instagram.com\/fkzalgiris\/\",\"https:\/\/www.youtube.com\/channel\/UC1ag8JLxGirltMUoLlzfZLA\"]},{\"@type\":\"Person\",\"@id\":\"https:\/\/fkzalgiris.lt\/#\/schema\/person\/8604babbba794a7d8767be324a3eaac8\",\"name\":\"J\"}]}<\/script>\n<!-- \/ Yoast SEO plugin. -->","yoast_head_json":{"title":"Buv\u0119s \u017ealgirietis R. Zdan\u010dius apie gyvenimo mokykl\u0105 internate ir \u017eaidim\u0105 epoch\u0173 sand\u016broje - FK \u017dalgiris","robots":{"index":"index","follow":"follow","max-snippet":"max-snippet:-1","max-image-preview":"max-image-preview:large","max-video-preview":"max-video-preview:-1"},"canonical":"https:\/\/fkzalgiris.lt\/buves-zalgirietis-r-zdancius-apie-gyvenimo-mokykla-internate-ir-zaidima-epochu-sanduroje\/","og_locale":"lt_LT","og_type":"article","og_title":"Buv\u0119s \u017ealgirietis R. Zdan\u010dius apie gyvenimo mokykl\u0105 internate ir \u017eaidim\u0105 epoch\u0173 sand\u016broje - FK \u017dalgiris","og_description":"Kai po Nepriklausomyb\u0117s atk\u016brimo atsinaujin\u0119s Vilniaus \u201e\u017dalgiris\u201c 1991 ir 1992 metais i\u0161kovojo du \u010dempion\u0173 titulus, vienu i\u0161 komandos vedli\u0173 buvo Ri\u010dardas Zdan\u010dius. Garg\u017eduose kartu su\u2026","og_url":"https:\/\/fkzalgiris.lt\/buves-zalgirietis-r-zdancius-apie-gyvenimo-mokykla-internate-ir-zaidima-epochu-sanduroje\/","og_site_name":"FK \u017dalgiris","article_publisher":"https:\/\/www.facebook.com\/fkzalgiris\/","article_published_time":"2021-04-29T19:56:49+00:00","og_image":[{"width":3356,"height":2259,"url":"https:\/\/fkzalgiris.lt\/wp-content\/uploads\/2024\/02\/social-horiz_Zalgiris_logo_2024.png","type":"image\/png"}],"author":"J","twitter_card":"summary_large_image","twitter_creator":"@fkzalgiris","twitter_site":"@fkzalgiris","twitter_misc":{"Written by":"J","Est. reading time":"1 minut\u0117"},"schema":{"@context":"https:\/\/schema.org","@graph":[{"@type":"Article","@id":"https:\/\/fkzalgiris.lt\/buves-zalgirietis-r-zdancius-apie-gyvenimo-mokykla-internate-ir-zaidima-epochu-sanduroje\/#article","isPartOf":{"@id":"https:\/\/fkzalgiris.lt\/buves-zalgirietis-r-zdancius-apie-gyvenimo-mokykla-internate-ir-zaidima-epochu-sanduroje\/"},"author":{"name":"J","@id":"https:\/\/fkzalgiris.lt\/#\/schema\/person\/8604babbba794a7d8767be324a3eaac8"},"headline":"Buv\u0119s \u017ealgirietis R. Zdan\u010dius apie gyvenimo mokykl\u0105 internate ir \u017eaidim\u0105 epoch\u0173 sand\u016broje","datePublished":"2021-04-29T19:56:49+00:00","mainEntityOfPage":{"@id":"https:\/\/fkzalgiris.lt\/buves-zalgirietis-r-zdancius-apie-gyvenimo-mokykla-internate-ir-zaidima-epochu-sanduroje\/"},"wordCount":281,"publisher":{"@id":"https:\/\/fkzalgiris.lt\/#organization"},"articleSection":["\u017dalgiris"],"inLanguage":"lt-LT"},{"@type":"WebPage","@id":"https:\/\/fkzalgiris.lt\/buves-zalgirietis-r-zdancius-apie-gyvenimo-mokykla-internate-ir-zaidima-epochu-sanduroje\/","url":"https:\/\/fkzalgiris.lt\/buves-zalgirietis-r-zdancius-apie-gyvenimo-mokykla-internate-ir-zaidima-epochu-sanduroje\/","name":"Buv\u0119s \u017ealgirietis R. Zdan\u010dius apie gyvenimo mokykl\u0105 internate ir \u017eaidim\u0105 epoch\u0173 sand\u016broje - FK \u017dalgiris","isPartOf":{"@id":"https:\/\/fkzalgiris.lt\/#website"},"datePublished":"2021-04-29T19:56:49+00:00","breadcrumb":{"@id":"https:\/\/fkzalgiris.lt\/buves-zalgirietis-r-zdancius-apie-gyvenimo-mokykla-internate-ir-zaidima-epochu-sanduroje\/#breadcrumb"},"inLanguage":"lt-LT","potentialAction":[{"@type":"ReadAction","target":["https:\/\/fkzalgiris.lt\/buves-zalgirietis-r-zdancius-apie-gyvenimo-mokykla-internate-ir-zaidima-epochu-sanduroje\/"]}]},{"@type":"BreadcrumbList","@id":"https:\/\/fkzalgiris.lt\/buves-zalgirietis-r-zdancius-apie-gyvenimo-mokykla-internate-ir-zaidima-epochu-sanduroje\/#breadcrumb","itemListElement":[{"@type":"ListItem","position":1,"name":"Home","item":"https:\/\/fkzalgiris.lt\/"},{"@type":"ListItem","position":2,"name":"Buv\u0119s \u017ealgirietis R. Zdan\u010dius apie gyvenimo mokykl\u0105 internate ir \u017eaidim\u0105 epoch\u0173 sand\u016broje"}]},{"@type":"WebSite","@id":"https:\/\/fkzalgiris.lt\/#website","url":"https:\/\/fkzalgiris.lt\/","name":"FK \u017dalgiris","description":"oficiali Vilniaus \u201e\u017dalgirio\u201c futbolo klubo svetain\u0117","publisher":{"@id":"https:\/\/fkzalgiris.lt\/#organization"},"potentialAction":[{"@type":"SearchAction","target":{"@type":"EntryPoint","urlTemplate":"https:\/\/fkzalgiris.lt\/?s={search_term_string}"},"query-input":{"@type":"PropertyValueSpecification","valueRequired":true,"valueName":"search_term_string"}}],"inLanguage":"lt-LT"},{"@type":"Organization","@id":"https:\/\/fkzalgiris.lt\/#organization","name":"FK \u017dalgiris","url":"https:\/\/fkzalgiris.lt\/","logo":{"@type":"ImageObject","inLanguage":"lt-LT","@id":"https:\/\/fkzalgiris.lt\/#\/schema\/logo\/image\/","url":"https:\/\/fkzalgiris.lt\/wp-content\/uploads\/2024\/01\/horiz-FK-Zalgiris-logo-2015.png","contentUrl":"https:\/\/fkzalgiris.lt\/wp-content\/uploads\/2024\/01\/horiz-FK-Zalgiris-logo-2015.png","width":3073,"height":2048,"caption":"FK \u017dalgiris"},"image":{"@id":"https:\/\/fkzalgiris.lt\/#\/schema\/logo\/image\/"},"sameAs":["https:\/\/www.facebook.com\/fkzalgiris\/","https:\/\/x.com\/fkzalgiris","https:\/\/www.instagram.com\/fkzalgiris\/","https:\/\/www.youtube.com\/channel\/UC1ag8JLxGirltMUoLlzfZLA"]},{"@type":"Person","@id":"https:\/\/fkzalgiris.lt\/#\/schema\/person\/8604babbba794a7d8767be324a3eaac8","name":"J"}]}},"_links":{"self":[{"href":"https:\/\/fkzalgiris.lt\/api\/wp\/v2\/posts\/5015","targetHints":{"allow":["GET"]}}],"collection":[{"href":"https:\/\/fkzalgiris.lt\/api\/wp\/v2\/posts"}],"about":[{"href":"https:\/\/fkzalgiris.lt\/api\/wp\/v2\/types\/post"}],"author":[{"embeddable":true,"href":"https:\/\/fkzalgiris.lt\/api\/wp\/v2\/users\/4"}],"replies":[{"embeddable":true,"href":"https:\/\/fkzalgiris.lt\/api\/wp\/v2\/comments?post=5015"}],"version-history":[{"count":3,"href":"https:\/\/fkzalgiris.lt\/api\/wp\/v2\/posts\/5015\/revisions"}],"predecessor-version":[{"id":5019,"href":"https:\/\/fkzalgiris.lt\/api\/wp\/v2\/posts\/5015\/revisions\/5019"}],"wp:attachment":[{"href":"https:\/\/fkzalgiris.lt\/api\/wp\/v2\/media?parent=5015"}],"wp:term":[{"taxonomy":"category","embeddable":true,"href":"https:\/\/fkzalgiris.lt\/api\/wp\/v2\/categories?post=5015"}],"curies":[{"name":"wp","href":"https:\/\/api.w.org\/{rel}","templated":true}]}}