{"id":4979,"date":"2021-04-24T09:39:37","date_gmt":"2021-04-24T06:39:37","guid":{"rendered":"https:\/\/fkzalgiris.lt\/?p=4979"},"modified":"2021-04-24T09:39:37","modified_gmt":"2021-04-24T06:39:37","slug":"v-ceburinas-zaidejai-atsidave-kiek-galejo","status":"publish","type":"post","link":"https:\/\/fkzalgiris.lt\/v-ceburinas-zaidejai-atsidave-kiek-galejo\/","title":{"rendered":"V. \u010ceburinas: \u201e\u017daid\u0117jai atsidav\u0117 kiek gal\u0117jo\u201c"},"content":{"rendered":"<p>FK \u201e\u017dalgirio\u201c treneris Vladimiras \u010ceburinas po lygi\u0173j\u0173 1:1 snieguotame Vilniaus derbyje su \u201eRiteriais\u201c d\u0117kojo \u017eaid\u0117jams u\u017e atsidavim\u0105 ir apgailestavo d\u0117l greitai praleisto i\u0161lyginamojo \u012fvar\u010dio.<\/p>\n<p>Prie\u0161 A lygos 10-ojo turo rungtynes LFF stadiono aik\u0161t\u0119 nuklojo sniegas. Komandoms prie \u0161i\u0173 s\u0105lyg\u0173 pirmajame k\u0117linyje antrajame sek\u0117si prisitaikyti sunkiai, ta\u010diau ilgainiui \u017eaidybin\u012f prana\u0161um\u0105 \u012fgijo \u201e\u017dalgiris\u201c, kuris ir \u012fmu\u0161\u0117 pirm\u0105 \u012fvart\u012f po Tomislavo Ki\u0161o sm\u016bgio. Bet \u201eRiteriai\u201c i\u0161 karto rezultat\u0105 i\u0161lygino.<\/p>\n<p>\u201eOras \u012fne\u0161\u0117 korektyv\u0173, ta\u010diau abi komandos buvo atsidavusios ir parod\u0117 ger\u0105 kov\u0105. Mes jau \u012fprat\u0119 kad prie\u0161 mus \u201estato autobus\u0105\u201c. Tai turb\u016bt yra \u0161iandienin\u0117 taktika prie\u0161 \u201e\u017dalgir\u012f\u201c. Mes nuveik\u0117me daug gero darbo. \u012emu\u0161\u0117me ger\u0105, darbin\u012f \u012fvart\u012f. Ta\u010diau praleidome gana greitai. Galima sakyti kad tai susikaupimo stoka. Mes vis padarome tokias klaidas kuri\u0173 nesinor\u0117t\u0173 matyti. Tokios klaidos suteikia ger\u0105 \u0161ans\u0105 var\u017eovams. Ta\u010diau bendrai rungtyn\u0117s neblogos. Buvo geras atsidavimas. Prie toki\u0173 oro s\u0105lyg\u0173 komandos parod\u0117 ger\u0105 futbol\u0105\u201c, &#8211; teig\u0117 V. \u010ceburinas.<\/p>\n<p>Jis pa\u017eym\u0117jo, jog komandos \u017eaidimas po truput\u012f ger\u0117ja, ta\u010diau tai dar neatne\u0161a rezultato ir tai ned\u017eiugina: \u201ePatenkinti b\u016bsime tuomet, kai i\u0161kovosime tris ta\u0161kus. \u0160iandien tai nepavyko. Ta\u010diau \u017eingsniai pirmyn matomi. Matome t\u0105 \u017eaidim\u0105, kurio siekiame. Einame link jo. M\u016bs\u0173 \u017eaid\u0117j\u0173 atsidavimas, \u00a0\u017eaidimo ry\u0161iai su komandos draugais juda pirmyn. Ta\u010diau yra vienas \u201ebet\u201c: kai rungtyn\u0117s nelaim\u0117tos. Lygiosios &#8211; ne pralaim\u0117jimas, bet ir ne laim\u0117jimas. Du ta\u0161kai nukrito ne \u012f m\u016bs\u0173 taupykl\u0119.\u201c<\/p>\n<p>Kaip ir pra\u0117jusiose rungtyn\u0117se su \u201eD\u017eiugu\u201c, taip ir \u0161\u012f kart\u0105 \u201e\u017dalgiris\u201c tur\u0117jo dar kelias geras progas \u012fmu\u0161ti, bet jomis nepasinaudojo. \u201eApie prog\u0173 realizacij\u0105 visuomet galvojame. Analizuojame, kur ka\u017eko tr\u016bksta, kad \u012fmu\u0161tume daug daugiau \u012fvar\u010di\u0173. Jei neb\u016bt\u0173 sukurt\u0173 prog\u0173, galvotume apie tai. Dabar pastaruoju metu sukuriame prog\u0173, bet kai kur puikiai su\u017eaid\u017eia vartininkas, kai kur patys netiksliai i\u0161pildome, neatsiduriame tinkamoje vietoje tinkamu laiku. Reikia ties tuo dirbti\u201c, &#8211; kalb\u0117jo V. \u010ceburinas.<\/p>\n<p>Abiems komandoms tai buvo antrosios rungtyn\u0117s per keturias dienas, ta\u010diau anot \u201e\u017dalgirio\u201c trenerio, sunkiau buvo jo aukl\u0117tiniams, kurie siek\u0117 laim\u0117ti ir daugiau atakavo.<\/p>\n<p>\u201eDvi rungtynes per kelias dienas visuomet sunku. Ta\u010diau nor\u0117\u010diau dar kart\u0105 pad\u0117koti \u017eaid\u0117jams. Jie atsidav\u0117 aik\u0161t\u0117je kiek gal\u0117jo, tikrai gerai. Gintis tokiose rungtyn\u0117se galima ilgai. Ta\u010diau atakuoti tok\u012f ilg\u0105 laik\u0105 tikrai sunku. Tai kainuoja daug energijos. T\u0105 \u0161iandien ir pamat\u0117me. Pamat\u0117me komandin\u012f futbol\u0105. Ta\u010diau vieno \u012fvar\u010dio neu\u017etenka\u201c, &#8211; pripa\u017eino treneris.<\/p>\n<p>\u201e\u017dalgiris\u201c kitas rungtynes \u017eais baland\u017eio 30 d. su Alytaus \u201eDainava\u201c.<\/p>\n<p>&nbsp;<\/p>\n","protected":false},"excerpt":{"rendered":"<p>FK \u201e\u017dalgirio\u201c treneris Vladimiras \u010ceburinas po lygi\u0173j\u0173 1:1 snieguotame Vilniaus derbyje su \u201eRiteriais\u201c d\u0117kojo \u017eaid\u0117jams u\u017e atsidavim\u0105 ir apgailestavo d\u0117l greitai praleisto i\u0161lyginamojo \u012fvar\u010dio. Prie\u0161\u2026<\/p>\n","protected":false},"author":4,"featured_media":0,"comment_status":"closed","ping_status":"closed","sticky":false,"template":"","format":"standard","meta":{"_acf_changed":false,"footnotes":""},"categories":[87],"class_list":["post-4979","post","type-post","status-publish","format-standard","hentry","category-zalgiris"],"acf":[],"yoast_head":"<!-- This site is optimized with the Yoast SEO plugin v26.8 - https:\/\/yoast.com\/product\/yoast-seo-wordpress\/ -->\n<title>V. \u010ceburinas: \u201e\u017daid\u0117jai atsidav\u0117 kiek gal\u0117jo\u201c - FK \u017dalgiris<\/title>\n<meta name=\"robots\" content=\"index, follow, max-snippet:-1, max-image-preview:large, max-video-preview:-1\" \/>\n<link rel=\"canonical\" href=\"https:\/\/fkzalgiris.lt\/v-ceburinas-zaidejai-atsidave-kiek-galejo\/\" \/>\n<meta property=\"og:locale\" content=\"lt_LT\" \/>\n<meta property=\"og:type\" content=\"article\" \/>\n<meta property=\"og:title\" content=\"V. \u010ceburinas: \u201e\u017daid\u0117jai atsidav\u0117 kiek gal\u0117jo\u201c - FK \u017dalgiris\" \/>\n<meta property=\"og:description\" content=\"FK \u201e\u017dalgirio\u201c treneris Vladimiras \u010ceburinas po lygi\u0173j\u0173 1:1 snieguotame Vilniaus derbyje su \u201eRiteriais\u201c d\u0117kojo \u017eaid\u0117jams u\u017e atsidavim\u0105 ir apgailestavo d\u0117l greitai praleisto i\u0161lyginamojo \u012fvar\u010dio. Prie\u0161\u2026\" \/>\n<meta property=\"og:url\" content=\"https:\/\/fkzalgiris.lt\/v-ceburinas-zaidejai-atsidave-kiek-galejo\/\" \/>\n<meta property=\"og:site_name\" content=\"FK \u017dalgiris\" \/>\n<meta property=\"article:publisher\" content=\"https:\/\/www.facebook.com\/fkzalgiris\/\" \/>\n<meta property=\"article:published_time\" content=\"2021-04-24T06:39:37+00:00\" \/>\n<meta property=\"og:image\" content=\"https:\/\/fkzalgiris.lt\/wp-content\/uploads\/2024\/02\/social-horiz_Zalgiris_logo_2024.png\" \/>\n\t<meta property=\"og:image:width\" content=\"3356\" \/>\n\t<meta property=\"og:image:height\" content=\"2259\" \/>\n\t<meta property=\"og:image:type\" content=\"image\/png\" \/>\n<meta name=\"author\" content=\"J\" \/>\n<meta name=\"twitter:card\" content=\"summary_large_image\" \/>\n<meta name=\"twitter:creator\" content=\"@fkzalgiris\" \/>\n<meta name=\"twitter:site\" content=\"@fkzalgiris\" \/>\n<meta name=\"twitter:label1\" content=\"Written by\" \/>\n\t<meta name=\"twitter:data1\" content=\"J\" \/>\n\t<meta name=\"twitter:label2\" content=\"Est. reading time\" \/>\n\t<meta name=\"twitter:data2\" content=\"2 minut\u0117s\" \/>\n<script type=\"application\/ld+json\" class=\"yoast-schema-graph\">{\"@context\":\"https:\/\/schema.org\",\"@graph\":[{\"@type\":\"Article\",\"@id\":\"https:\/\/fkzalgiris.lt\/v-ceburinas-zaidejai-atsidave-kiek-galejo\/#article\",\"isPartOf\":{\"@id\":\"https:\/\/fkzalgiris.lt\/v-ceburinas-zaidejai-atsidave-kiek-galejo\/\"},\"author\":{\"name\":\"J\",\"@id\":\"https:\/\/fkzalgiris.lt\/#\/schema\/person\/8604babbba794a7d8767be324a3eaac8\"},\"headline\":\"V. \u010ceburinas: \u201e\u017daid\u0117jai atsidav\u0117 kiek gal\u0117jo\u201c\",\"datePublished\":\"2021-04-24T06:39:37+00:00\",\"mainEntityOfPage\":{\"@id\":\"https:\/\/fkzalgiris.lt\/v-ceburinas-zaidejai-atsidave-kiek-galejo\/\"},\"wordCount\":452,\"publisher\":{\"@id\":\"https:\/\/fkzalgiris.lt\/#organization\"},\"articleSection\":[\"\u017dalgiris\"],\"inLanguage\":\"lt-LT\"},{\"@type\":\"WebPage\",\"@id\":\"https:\/\/fkzalgiris.lt\/v-ceburinas-zaidejai-atsidave-kiek-galejo\/\",\"url\":\"https:\/\/fkzalgiris.lt\/v-ceburinas-zaidejai-atsidave-kiek-galejo\/\",\"name\":\"V. \u010ceburinas: \u201e\u017daid\u0117jai atsidav\u0117 kiek gal\u0117jo\u201c - FK \u017dalgiris\",\"isPartOf\":{\"@id\":\"https:\/\/fkzalgiris.lt\/#website\"},\"datePublished\":\"2021-04-24T06:39:37+00:00\",\"breadcrumb\":{\"@id\":\"https:\/\/fkzalgiris.lt\/v-ceburinas-zaidejai-atsidave-kiek-galejo\/#breadcrumb\"},\"inLanguage\":\"lt-LT\",\"potentialAction\":[{\"@type\":\"ReadAction\",\"target\":[\"https:\/\/fkzalgiris.lt\/v-ceburinas-zaidejai-atsidave-kiek-galejo\/\"]}]},{\"@type\":\"BreadcrumbList\",\"@id\":\"https:\/\/fkzalgiris.lt\/v-ceburinas-zaidejai-atsidave-kiek-galejo\/#breadcrumb\",\"itemListElement\":[{\"@type\":\"ListItem\",\"position\":1,\"name\":\"Home\",\"item\":\"https:\/\/fkzalgiris.lt\/\"},{\"@type\":\"ListItem\",\"position\":2,\"name\":\"V. \u010ceburinas: \u201e\u017daid\u0117jai atsidav\u0117 kiek gal\u0117jo\u201c\"}]},{\"@type\":\"WebSite\",\"@id\":\"https:\/\/fkzalgiris.lt\/#website\",\"url\":\"https:\/\/fkzalgiris.lt\/\",\"name\":\"FK \u017dalgiris\",\"description\":\"oficiali Vilniaus \u201e\u017dalgirio\u201c futbolo klubo svetain\u0117\",\"publisher\":{\"@id\":\"https:\/\/fkzalgiris.lt\/#organization\"},\"potentialAction\":[{\"@type\":\"SearchAction\",\"target\":{\"@type\":\"EntryPoint\",\"urlTemplate\":\"https:\/\/fkzalgiris.lt\/?s={search_term_string}\"},\"query-input\":{\"@type\":\"PropertyValueSpecification\",\"valueRequired\":true,\"valueName\":\"search_term_string\"}}],\"inLanguage\":\"lt-LT\"},{\"@type\":\"Organization\",\"@id\":\"https:\/\/fkzalgiris.lt\/#organization\",\"name\":\"FK \u017dalgiris\",\"url\":\"https:\/\/fkzalgiris.lt\/\",\"logo\":{\"@type\":\"ImageObject\",\"inLanguage\":\"lt-LT\",\"@id\":\"https:\/\/fkzalgiris.lt\/#\/schema\/logo\/image\/\",\"url\":\"https:\/\/fkzalgiris.lt\/wp-content\/uploads\/2024\/01\/horiz-FK-Zalgiris-logo-2015.png\",\"contentUrl\":\"https:\/\/fkzalgiris.lt\/wp-content\/uploads\/2024\/01\/horiz-FK-Zalgiris-logo-2015.png\",\"width\":3073,\"height\":2048,\"caption\":\"FK \u017dalgiris\"},\"image\":{\"@id\":\"https:\/\/fkzalgiris.lt\/#\/schema\/logo\/image\/\"},\"sameAs\":[\"https:\/\/www.facebook.com\/fkzalgiris\/\",\"https:\/\/x.com\/fkzalgiris\",\"https:\/\/www.instagram.com\/fkzalgiris\/\",\"https:\/\/www.youtube.com\/channel\/UC1ag8JLxGirltMUoLlzfZLA\"]},{\"@type\":\"Person\",\"@id\":\"https:\/\/fkzalgiris.lt\/#\/schema\/person\/8604babbba794a7d8767be324a3eaac8\",\"name\":\"J\"}]}<\/script>\n<!-- \/ Yoast SEO plugin. -->","yoast_head_json":{"title":"V. \u010ceburinas: \u201e\u017daid\u0117jai atsidav\u0117 kiek gal\u0117jo\u201c - FK \u017dalgiris","robots":{"index":"index","follow":"follow","max-snippet":"max-snippet:-1","max-image-preview":"max-image-preview:large","max-video-preview":"max-video-preview:-1"},"canonical":"https:\/\/fkzalgiris.lt\/v-ceburinas-zaidejai-atsidave-kiek-galejo\/","og_locale":"lt_LT","og_type":"article","og_title":"V. \u010ceburinas: \u201e\u017daid\u0117jai atsidav\u0117 kiek gal\u0117jo\u201c - FK \u017dalgiris","og_description":"FK \u201e\u017dalgirio\u201c treneris Vladimiras \u010ceburinas po lygi\u0173j\u0173 1:1 snieguotame Vilniaus derbyje su \u201eRiteriais\u201c d\u0117kojo \u017eaid\u0117jams u\u017e atsidavim\u0105 ir apgailestavo d\u0117l greitai praleisto i\u0161lyginamojo \u012fvar\u010dio. Prie\u0161\u2026","og_url":"https:\/\/fkzalgiris.lt\/v-ceburinas-zaidejai-atsidave-kiek-galejo\/","og_site_name":"FK \u017dalgiris","article_publisher":"https:\/\/www.facebook.com\/fkzalgiris\/","article_published_time":"2021-04-24T06:39:37+00:00","og_image":[{"width":3356,"height":2259,"url":"https:\/\/fkzalgiris.lt\/wp-content\/uploads\/2024\/02\/social-horiz_Zalgiris_logo_2024.png","type":"image\/png"}],"author":"J","twitter_card":"summary_large_image","twitter_creator":"@fkzalgiris","twitter_site":"@fkzalgiris","twitter_misc":{"Written by":"J","Est. reading time":"2 minut\u0117s"},"schema":{"@context":"https:\/\/schema.org","@graph":[{"@type":"Article","@id":"https:\/\/fkzalgiris.lt\/v-ceburinas-zaidejai-atsidave-kiek-galejo\/#article","isPartOf":{"@id":"https:\/\/fkzalgiris.lt\/v-ceburinas-zaidejai-atsidave-kiek-galejo\/"},"author":{"name":"J","@id":"https:\/\/fkzalgiris.lt\/#\/schema\/person\/8604babbba794a7d8767be324a3eaac8"},"headline":"V. \u010ceburinas: \u201e\u017daid\u0117jai atsidav\u0117 kiek gal\u0117jo\u201c","datePublished":"2021-04-24T06:39:37+00:00","mainEntityOfPage":{"@id":"https:\/\/fkzalgiris.lt\/v-ceburinas-zaidejai-atsidave-kiek-galejo\/"},"wordCount":452,"publisher":{"@id":"https:\/\/fkzalgiris.lt\/#organization"},"articleSection":["\u017dalgiris"],"inLanguage":"lt-LT"},{"@type":"WebPage","@id":"https:\/\/fkzalgiris.lt\/v-ceburinas-zaidejai-atsidave-kiek-galejo\/","url":"https:\/\/fkzalgiris.lt\/v-ceburinas-zaidejai-atsidave-kiek-galejo\/","name":"V. \u010ceburinas: \u201e\u017daid\u0117jai atsidav\u0117 kiek gal\u0117jo\u201c - FK \u017dalgiris","isPartOf":{"@id":"https:\/\/fkzalgiris.lt\/#website"},"datePublished":"2021-04-24T06:39:37+00:00","breadcrumb":{"@id":"https:\/\/fkzalgiris.lt\/v-ceburinas-zaidejai-atsidave-kiek-galejo\/#breadcrumb"},"inLanguage":"lt-LT","potentialAction":[{"@type":"ReadAction","target":["https:\/\/fkzalgiris.lt\/v-ceburinas-zaidejai-atsidave-kiek-galejo\/"]}]},{"@type":"BreadcrumbList","@id":"https:\/\/fkzalgiris.lt\/v-ceburinas-zaidejai-atsidave-kiek-galejo\/#breadcrumb","itemListElement":[{"@type":"ListItem","position":1,"name":"Home","item":"https:\/\/fkzalgiris.lt\/"},{"@type":"ListItem","position":2,"name":"V. \u010ceburinas: \u201e\u017daid\u0117jai atsidav\u0117 kiek gal\u0117jo\u201c"}]},{"@type":"WebSite","@id":"https:\/\/fkzalgiris.lt\/#website","url":"https:\/\/fkzalgiris.lt\/","name":"FK \u017dalgiris","description":"oficiali Vilniaus \u201e\u017dalgirio\u201c futbolo klubo svetain\u0117","publisher":{"@id":"https:\/\/fkzalgiris.lt\/#organization"},"potentialAction":[{"@type":"SearchAction","target":{"@type":"EntryPoint","urlTemplate":"https:\/\/fkzalgiris.lt\/?s={search_term_string}"},"query-input":{"@type":"PropertyValueSpecification","valueRequired":true,"valueName":"search_term_string"}}],"inLanguage":"lt-LT"},{"@type":"Organization","@id":"https:\/\/fkzalgiris.lt\/#organization","name":"FK \u017dalgiris","url":"https:\/\/fkzalgiris.lt\/","logo":{"@type":"ImageObject","inLanguage":"lt-LT","@id":"https:\/\/fkzalgiris.lt\/#\/schema\/logo\/image\/","url":"https:\/\/fkzalgiris.lt\/wp-content\/uploads\/2024\/01\/horiz-FK-Zalgiris-logo-2015.png","contentUrl":"https:\/\/fkzalgiris.lt\/wp-content\/uploads\/2024\/01\/horiz-FK-Zalgiris-logo-2015.png","width":3073,"height":2048,"caption":"FK \u017dalgiris"},"image":{"@id":"https:\/\/fkzalgiris.lt\/#\/schema\/logo\/image\/"},"sameAs":["https:\/\/www.facebook.com\/fkzalgiris\/","https:\/\/x.com\/fkzalgiris","https:\/\/www.instagram.com\/fkzalgiris\/","https:\/\/www.youtube.com\/channel\/UC1ag8JLxGirltMUoLlzfZLA"]},{"@type":"Person","@id":"https:\/\/fkzalgiris.lt\/#\/schema\/person\/8604babbba794a7d8767be324a3eaac8","name":"J"}]}},"_links":{"self":[{"href":"https:\/\/fkzalgiris.lt\/api\/wp\/v2\/posts\/4979","targetHints":{"allow":["GET"]}}],"collection":[{"href":"https:\/\/fkzalgiris.lt\/api\/wp\/v2\/posts"}],"about":[{"href":"https:\/\/fkzalgiris.lt\/api\/wp\/v2\/types\/post"}],"author":[{"embeddable":true,"href":"https:\/\/fkzalgiris.lt\/api\/wp\/v2\/users\/4"}],"replies":[{"embeddable":true,"href":"https:\/\/fkzalgiris.lt\/api\/wp\/v2\/comments?post=4979"}],"version-history":[{"count":3,"href":"https:\/\/fkzalgiris.lt\/api\/wp\/v2\/posts\/4979\/revisions"}],"predecessor-version":[{"id":4983,"href":"https:\/\/fkzalgiris.lt\/api\/wp\/v2\/posts\/4979\/revisions\/4983"}],"wp:attachment":[{"href":"https:\/\/fkzalgiris.lt\/api\/wp\/v2\/media?parent=4979"}],"wp:term":[{"taxonomy":"category","embeddable":true,"href":"https:\/\/fkzalgiris.lt\/api\/wp\/v2\/categories?post=4979"}],"curies":[{"name":"wp","href":"https:\/\/api.w.org\/{rel}","templated":true}]}}