{"id":4883,"date":"2021-04-16T11:01:50","date_gmt":"2021-04-16T08:01:50","guid":{"rendered":"https:\/\/fkzalgiris.lt\/?p=4883"},"modified":"2021-04-16T11:18:48","modified_gmt":"2021-04-16T08:18:48","slug":"o-verbickas-rungtynes-pries-buvusia-komanda-papildoma-motyvacija","status":"publish","type":"post","link":"https:\/\/fkzalgiris.lt\/o-verbickas-rungtynes-pries-buvusia-komanda-papildoma-motyvacija\/","title":{"rendered":"O. Verbickas: \u201eRungtyn\u0117s prie\u0161 buvusi\u0105 komand\u0105 &#8211; papildoma motyvacija\u201c"},"content":{"rendered":"<p>Trejus metus \u201eS\u016bduvai\u201c atstovav\u0119s Vilniaus \u201e\u017dalgirio\u201c saugas Ovidijus Verbickas teigia prie\u0161 buvusi\u0105 komand\u0105 \u017eaisiantis su papildoma motyvacija ir nor\u0117siantis \u012frodyti, kad prie\u0161 \u0161\u012f sezon\u0105 pasirinko teisingai.<\/p>\n<p>O. Verbickas \u201eS\u016bduvai\u201c atstovavo 2017-2019 metais, pernai rungtyniavo Kazachstane, o \u0161iemet prisijung\u0117 prie \u201e\u017dalgirio\u201c.<\/p>\n<p>Penktadien\u012f dvikova su \u201eS\u016bduva\u201c jam bus pirmoji akistata su komanda, kurioje jis triskart laim\u0117jo \u010dempion\u0173 vardus.<\/p>\n<p>\u201eMan asmeni\u0161kai tai papildoma motyvacija. Prie\u0161 sezon\u0105 tur\u0117jau pasirinkim\u0105 tarp \u201e\u017dalgirio\u201c ir \u201eS\u016bduvos\u201c. Kadangi pasirinkau \u201e\u017dalgir\u012f\u201c, nor\u0117siu atiduoti ir atiduosiu visas j\u0117gas, kad pasiekti pergal\u0119 ir \u012frodyti kad mano pasirinkimas buvo teisingas\u201c, &#8211; teig\u0117 O. Verbickas.<\/p>\n<p>Jis teig\u0117, jog savo per\u0117jimo nelaiko i\u0161\u0117jimu \u012f var\u017eov\u0173 gretas, nes \u012f Vilni\u0173 atvyko ne i\u0161 Marijampol\u0117s, o i\u0161 Kazachstano klubo: \u201eJei \u012fmu\u0161iu \u012fvart\u012f ar nugal\u0117sime &#8211; tikrai d\u017eiaugsiuosi. Stengsiuosi \u012fmu\u0161ti ir bus daug d\u017eiaugsmo jei pavyks.\u201c<\/p>\n<p>Jis pamena, jog atstovaudamas Klaip\u0117dos \u201eAtlantui\u201c buvusio \u0161io komandos stratego, a.a. Konstantino Sarsanijos, buvo ypatingai nuteikiamas dvikovai su \u201e\u017dalgiriu\u201c.<\/p>\n<p>\u201eBuvo \u012fskiepyta kad \u201e\u017dalgiris\u201c kaip didelis prie\u0161as ir turime atiduoti visas j\u0117gas, kad pasiekti pergal\u0119. Po keli\u0173 met\u0173 perva\u017eiavau \u012f \u201eS\u016bduv\u0105\u201c. Ten taip nebuvo, bet visada kovojome d\u0117l \u010dempion\u0173 titulo. I\u0161eidavo kaip papildoma motyvacija\u201c, &#8211; prisimin\u0117 saugas.<\/p>\n<p>\u201e\u017dalgiris\u201c ir \u201eS\u016bduva\u201c susitiks penktadien\u012f nuo 18 val. Rungtynes tiesiogiai transliuos TV6 televizija, taip pat bus galima steb\u0117ti internetu TV3Play.lt svetain\u0117je.<\/p>\n<p>O. Verbicko trumpas interviu prie\u0161 rungtynes, naujienos apie sugr\u012f\u017eim\u0105 ir kitos \u012fdomyb\u0117s i\u0161 \u201e\u017dalgirio\u201c stovyklos \u2013 mini laidoje \u201e\u017daliai Balta Diena\u201c.<\/p>\n<p>&nbsp;<\/p>\n","protected":false},"excerpt":{"rendered":"<p>Trejus metus \u201eS\u016bduvai\u201c atstovav\u0119s Vilniaus \u201e\u017dalgirio\u201c saugas Ovidijus Verbickas teigia prie\u0161 buvusi\u0105 komand\u0105 \u017eaisiantis su papildoma motyvacija ir nor\u0117siantis \u012frodyti, kad prie\u0161 \u0161\u012f sezon\u0105 pasirinko\u2026<\/p>\n","protected":false},"author":4,"featured_media":0,"comment_status":"closed","ping_status":"closed","sticky":false,"template":"","format":"standard","meta":{"_acf_changed":false,"footnotes":""},"categories":[87],"class_list":["post-4883","post","type-post","status-publish","format-standard","hentry","category-zalgiris"],"acf":[],"yoast_head":"<!-- This site is optimized with the Yoast SEO plugin v26.8 - https:\/\/yoast.com\/product\/yoast-seo-wordpress\/ -->\n<title>O. Verbickas: \u201eRungtyn\u0117s prie\u0161 buvusi\u0105 komand\u0105 - papildoma motyvacija\u201c - FK \u017dalgiris<\/title>\n<meta name=\"robots\" content=\"index, follow, max-snippet:-1, max-image-preview:large, max-video-preview:-1\" \/>\n<link rel=\"canonical\" href=\"https:\/\/fkzalgiris.lt\/o-verbickas-rungtynes-pries-buvusia-komanda-papildoma-motyvacija\/\" \/>\n<meta property=\"og:locale\" content=\"lt_LT\" \/>\n<meta property=\"og:type\" content=\"article\" \/>\n<meta property=\"og:title\" content=\"O. Verbickas: \u201eRungtyn\u0117s prie\u0161 buvusi\u0105 komand\u0105 - papildoma motyvacija\u201c - FK \u017dalgiris\" \/>\n<meta property=\"og:description\" content=\"Trejus metus \u201eS\u016bduvai\u201c atstovav\u0119s Vilniaus \u201e\u017dalgirio\u201c saugas Ovidijus Verbickas teigia prie\u0161 buvusi\u0105 komand\u0105 \u017eaisiantis su papildoma motyvacija ir nor\u0117siantis \u012frodyti, kad prie\u0161 \u0161\u012f sezon\u0105 pasirinko\u2026\" \/>\n<meta property=\"og:url\" content=\"https:\/\/fkzalgiris.lt\/o-verbickas-rungtynes-pries-buvusia-komanda-papildoma-motyvacija\/\" \/>\n<meta property=\"og:site_name\" content=\"FK \u017dalgiris\" \/>\n<meta property=\"article:publisher\" content=\"https:\/\/www.facebook.com\/fkzalgiris\/\" \/>\n<meta property=\"article:published_time\" content=\"2021-04-16T08:01:50+00:00\" \/>\n<meta property=\"article:modified_time\" content=\"2021-04-16T08:18:48+00:00\" \/>\n<meta property=\"og:image\" content=\"https:\/\/fkzalgiris.lt\/wp-content\/uploads\/2024\/02\/social-horiz_Zalgiris_logo_2024.png\" \/>\n\t<meta property=\"og:image:width\" content=\"3356\" \/>\n\t<meta property=\"og:image:height\" content=\"2259\" \/>\n\t<meta property=\"og:image:type\" content=\"image\/png\" \/>\n<meta name=\"author\" content=\"J\" \/>\n<meta name=\"twitter:card\" content=\"summary_large_image\" \/>\n<meta name=\"twitter:creator\" content=\"@fkzalgiris\" \/>\n<meta name=\"twitter:site\" content=\"@fkzalgiris\" \/>\n<meta name=\"twitter:label1\" content=\"Written by\" \/>\n\t<meta name=\"twitter:data1\" content=\"J\" \/>\n\t<meta name=\"twitter:label2\" content=\"Est. reading time\" \/>\n\t<meta name=\"twitter:data2\" content=\"1 minut\u0117\" \/>\n<script type=\"application\/ld+json\" class=\"yoast-schema-graph\">{\"@context\":\"https:\/\/schema.org\",\"@graph\":[{\"@type\":\"Article\",\"@id\":\"https:\/\/fkzalgiris.lt\/o-verbickas-rungtynes-pries-buvusia-komanda-papildoma-motyvacija\/#article\",\"isPartOf\":{\"@id\":\"https:\/\/fkzalgiris.lt\/o-verbickas-rungtynes-pries-buvusia-komanda-papildoma-motyvacija\/\"},\"author\":{\"name\":\"J\",\"@id\":\"https:\/\/fkzalgiris.lt\/#\/schema\/person\/8604babbba794a7d8767be324a3eaac8\"},\"headline\":\"O. Verbickas: \u201eRungtyn\u0117s prie\u0161 buvusi\u0105 komand\u0105 &#8211; papildoma motyvacija\u201c\",\"datePublished\":\"2021-04-16T08:01:50+00:00\",\"dateModified\":\"2021-04-16T08:18:48+00:00\",\"mainEntityOfPage\":{\"@id\":\"https:\/\/fkzalgiris.lt\/o-verbickas-rungtynes-pries-buvusia-komanda-papildoma-motyvacija\/\"},\"wordCount\":267,\"publisher\":{\"@id\":\"https:\/\/fkzalgiris.lt\/#organization\"},\"articleSection\":[\"\u017dalgiris\"],\"inLanguage\":\"lt-LT\"},{\"@type\":\"WebPage\",\"@id\":\"https:\/\/fkzalgiris.lt\/o-verbickas-rungtynes-pries-buvusia-komanda-papildoma-motyvacija\/\",\"url\":\"https:\/\/fkzalgiris.lt\/o-verbickas-rungtynes-pries-buvusia-komanda-papildoma-motyvacija\/\",\"name\":\"O. Verbickas: \u201eRungtyn\u0117s prie\u0161 buvusi\u0105 komand\u0105 - papildoma motyvacija\u201c - FK \u017dalgiris\",\"isPartOf\":{\"@id\":\"https:\/\/fkzalgiris.lt\/#website\"},\"datePublished\":\"2021-04-16T08:01:50+00:00\",\"dateModified\":\"2021-04-16T08:18:48+00:00\",\"breadcrumb\":{\"@id\":\"https:\/\/fkzalgiris.lt\/o-verbickas-rungtynes-pries-buvusia-komanda-papildoma-motyvacija\/#breadcrumb\"},\"inLanguage\":\"lt-LT\",\"potentialAction\":[{\"@type\":\"ReadAction\",\"target\":[\"https:\/\/fkzalgiris.lt\/o-verbickas-rungtynes-pries-buvusia-komanda-papildoma-motyvacija\/\"]}]},{\"@type\":\"BreadcrumbList\",\"@id\":\"https:\/\/fkzalgiris.lt\/o-verbickas-rungtynes-pries-buvusia-komanda-papildoma-motyvacija\/#breadcrumb\",\"itemListElement\":[{\"@type\":\"ListItem\",\"position\":1,\"name\":\"Home\",\"item\":\"https:\/\/fkzalgiris.lt\/\"},{\"@type\":\"ListItem\",\"position\":2,\"name\":\"O. Verbickas: \u201eRungtyn\u0117s prie\u0161 buvusi\u0105 komand\u0105 &#8211; papildoma motyvacija\u201c\"}]},{\"@type\":\"WebSite\",\"@id\":\"https:\/\/fkzalgiris.lt\/#website\",\"url\":\"https:\/\/fkzalgiris.lt\/\",\"name\":\"FK \u017dalgiris\",\"description\":\"oficiali Vilniaus \u201e\u017dalgirio\u201c futbolo klubo svetain\u0117\",\"publisher\":{\"@id\":\"https:\/\/fkzalgiris.lt\/#organization\"},\"potentialAction\":[{\"@type\":\"SearchAction\",\"target\":{\"@type\":\"EntryPoint\",\"urlTemplate\":\"https:\/\/fkzalgiris.lt\/?s={search_term_string}\"},\"query-input\":{\"@type\":\"PropertyValueSpecification\",\"valueRequired\":true,\"valueName\":\"search_term_string\"}}],\"inLanguage\":\"lt-LT\"},{\"@type\":\"Organization\",\"@id\":\"https:\/\/fkzalgiris.lt\/#organization\",\"name\":\"FK \u017dalgiris\",\"url\":\"https:\/\/fkzalgiris.lt\/\",\"logo\":{\"@type\":\"ImageObject\",\"inLanguage\":\"lt-LT\",\"@id\":\"https:\/\/fkzalgiris.lt\/#\/schema\/logo\/image\/\",\"url\":\"https:\/\/fkzalgiris.lt\/wp-content\/uploads\/2024\/01\/horiz-FK-Zalgiris-logo-2015.png\",\"contentUrl\":\"https:\/\/fkzalgiris.lt\/wp-content\/uploads\/2024\/01\/horiz-FK-Zalgiris-logo-2015.png\",\"width\":3073,\"height\":2048,\"caption\":\"FK \u017dalgiris\"},\"image\":{\"@id\":\"https:\/\/fkzalgiris.lt\/#\/schema\/logo\/image\/\"},\"sameAs\":[\"https:\/\/www.facebook.com\/fkzalgiris\/\",\"https:\/\/x.com\/fkzalgiris\",\"https:\/\/www.instagram.com\/fkzalgiris\/\",\"https:\/\/www.youtube.com\/channel\/UC1ag8JLxGirltMUoLlzfZLA\"]},{\"@type\":\"Person\",\"@id\":\"https:\/\/fkzalgiris.lt\/#\/schema\/person\/8604babbba794a7d8767be324a3eaac8\",\"name\":\"J\"}]}<\/script>\n<!-- \/ Yoast SEO plugin. -->","yoast_head_json":{"title":"O. Verbickas: \u201eRungtyn\u0117s prie\u0161 buvusi\u0105 komand\u0105 - papildoma motyvacija\u201c - FK \u017dalgiris","robots":{"index":"index","follow":"follow","max-snippet":"max-snippet:-1","max-image-preview":"max-image-preview:large","max-video-preview":"max-video-preview:-1"},"canonical":"https:\/\/fkzalgiris.lt\/o-verbickas-rungtynes-pries-buvusia-komanda-papildoma-motyvacija\/","og_locale":"lt_LT","og_type":"article","og_title":"O. Verbickas: \u201eRungtyn\u0117s prie\u0161 buvusi\u0105 komand\u0105 - papildoma motyvacija\u201c - FK \u017dalgiris","og_description":"Trejus metus \u201eS\u016bduvai\u201c atstovav\u0119s Vilniaus \u201e\u017dalgirio\u201c saugas Ovidijus Verbickas teigia prie\u0161 buvusi\u0105 komand\u0105 \u017eaisiantis su papildoma motyvacija ir nor\u0117siantis \u012frodyti, kad prie\u0161 \u0161\u012f sezon\u0105 pasirinko\u2026","og_url":"https:\/\/fkzalgiris.lt\/o-verbickas-rungtynes-pries-buvusia-komanda-papildoma-motyvacija\/","og_site_name":"FK \u017dalgiris","article_publisher":"https:\/\/www.facebook.com\/fkzalgiris\/","article_published_time":"2021-04-16T08:01:50+00:00","article_modified_time":"2021-04-16T08:18:48+00:00","og_image":[{"width":3356,"height":2259,"url":"https:\/\/fkzalgiris.lt\/wp-content\/uploads\/2024\/02\/social-horiz_Zalgiris_logo_2024.png","type":"image\/png"}],"author":"J","twitter_card":"summary_large_image","twitter_creator":"@fkzalgiris","twitter_site":"@fkzalgiris","twitter_misc":{"Written by":"J","Est. reading time":"1 minut\u0117"},"schema":{"@context":"https:\/\/schema.org","@graph":[{"@type":"Article","@id":"https:\/\/fkzalgiris.lt\/o-verbickas-rungtynes-pries-buvusia-komanda-papildoma-motyvacija\/#article","isPartOf":{"@id":"https:\/\/fkzalgiris.lt\/o-verbickas-rungtynes-pries-buvusia-komanda-papildoma-motyvacija\/"},"author":{"name":"J","@id":"https:\/\/fkzalgiris.lt\/#\/schema\/person\/8604babbba794a7d8767be324a3eaac8"},"headline":"O. Verbickas: \u201eRungtyn\u0117s prie\u0161 buvusi\u0105 komand\u0105 &#8211; papildoma motyvacija\u201c","datePublished":"2021-04-16T08:01:50+00:00","dateModified":"2021-04-16T08:18:48+00:00","mainEntityOfPage":{"@id":"https:\/\/fkzalgiris.lt\/o-verbickas-rungtynes-pries-buvusia-komanda-papildoma-motyvacija\/"},"wordCount":267,"publisher":{"@id":"https:\/\/fkzalgiris.lt\/#organization"},"articleSection":["\u017dalgiris"],"inLanguage":"lt-LT"},{"@type":"WebPage","@id":"https:\/\/fkzalgiris.lt\/o-verbickas-rungtynes-pries-buvusia-komanda-papildoma-motyvacija\/","url":"https:\/\/fkzalgiris.lt\/o-verbickas-rungtynes-pries-buvusia-komanda-papildoma-motyvacija\/","name":"O. Verbickas: \u201eRungtyn\u0117s prie\u0161 buvusi\u0105 komand\u0105 - papildoma motyvacija\u201c - FK \u017dalgiris","isPartOf":{"@id":"https:\/\/fkzalgiris.lt\/#website"},"datePublished":"2021-04-16T08:01:50+00:00","dateModified":"2021-04-16T08:18:48+00:00","breadcrumb":{"@id":"https:\/\/fkzalgiris.lt\/o-verbickas-rungtynes-pries-buvusia-komanda-papildoma-motyvacija\/#breadcrumb"},"inLanguage":"lt-LT","potentialAction":[{"@type":"ReadAction","target":["https:\/\/fkzalgiris.lt\/o-verbickas-rungtynes-pries-buvusia-komanda-papildoma-motyvacija\/"]}]},{"@type":"BreadcrumbList","@id":"https:\/\/fkzalgiris.lt\/o-verbickas-rungtynes-pries-buvusia-komanda-papildoma-motyvacija\/#breadcrumb","itemListElement":[{"@type":"ListItem","position":1,"name":"Home","item":"https:\/\/fkzalgiris.lt\/"},{"@type":"ListItem","position":2,"name":"O. Verbickas: \u201eRungtyn\u0117s prie\u0161 buvusi\u0105 komand\u0105 &#8211; papildoma motyvacija\u201c"}]},{"@type":"WebSite","@id":"https:\/\/fkzalgiris.lt\/#website","url":"https:\/\/fkzalgiris.lt\/","name":"FK \u017dalgiris","description":"oficiali Vilniaus \u201e\u017dalgirio\u201c futbolo klubo svetain\u0117","publisher":{"@id":"https:\/\/fkzalgiris.lt\/#organization"},"potentialAction":[{"@type":"SearchAction","target":{"@type":"EntryPoint","urlTemplate":"https:\/\/fkzalgiris.lt\/?s={search_term_string}"},"query-input":{"@type":"PropertyValueSpecification","valueRequired":true,"valueName":"search_term_string"}}],"inLanguage":"lt-LT"},{"@type":"Organization","@id":"https:\/\/fkzalgiris.lt\/#organization","name":"FK \u017dalgiris","url":"https:\/\/fkzalgiris.lt\/","logo":{"@type":"ImageObject","inLanguage":"lt-LT","@id":"https:\/\/fkzalgiris.lt\/#\/schema\/logo\/image\/","url":"https:\/\/fkzalgiris.lt\/wp-content\/uploads\/2024\/01\/horiz-FK-Zalgiris-logo-2015.png","contentUrl":"https:\/\/fkzalgiris.lt\/wp-content\/uploads\/2024\/01\/horiz-FK-Zalgiris-logo-2015.png","width":3073,"height":2048,"caption":"FK \u017dalgiris"},"image":{"@id":"https:\/\/fkzalgiris.lt\/#\/schema\/logo\/image\/"},"sameAs":["https:\/\/www.facebook.com\/fkzalgiris\/","https:\/\/x.com\/fkzalgiris","https:\/\/www.instagram.com\/fkzalgiris\/","https:\/\/www.youtube.com\/channel\/UC1ag8JLxGirltMUoLlzfZLA"]},{"@type":"Person","@id":"https:\/\/fkzalgiris.lt\/#\/schema\/person\/8604babbba794a7d8767be324a3eaac8","name":"J"}]}},"_links":{"self":[{"href":"https:\/\/fkzalgiris.lt\/api\/wp\/v2\/posts\/4883","targetHints":{"allow":["GET"]}}],"collection":[{"href":"https:\/\/fkzalgiris.lt\/api\/wp\/v2\/posts"}],"about":[{"href":"https:\/\/fkzalgiris.lt\/api\/wp\/v2\/types\/post"}],"author":[{"embeddable":true,"href":"https:\/\/fkzalgiris.lt\/api\/wp\/v2\/users\/4"}],"replies":[{"embeddable":true,"href":"https:\/\/fkzalgiris.lt\/api\/wp\/v2\/comments?post=4883"}],"version-history":[{"count":3,"href":"https:\/\/fkzalgiris.lt\/api\/wp\/v2\/posts\/4883\/revisions"}],"predecessor-version":[{"id":4887,"href":"https:\/\/fkzalgiris.lt\/api\/wp\/v2\/posts\/4883\/revisions\/4887"}],"wp:attachment":[{"href":"https:\/\/fkzalgiris.lt\/api\/wp\/v2\/media?parent=4883"}],"wp:term":[{"taxonomy":"category","embeddable":true,"href":"https:\/\/fkzalgiris.lt\/api\/wp\/v2\/categories?post=4883"}],"curies":[{"name":"wp","href":"https:\/\/api.w.org\/{rel}","templated":true}]}}