{"id":47362,"date":"2026-04-27T01:35:14","date_gmt":"2026-04-26T22:35:14","guid":{"rendered":"https:\/\/fkzalgiris.lt\/?p=47362"},"modified":"2026-04-27T02:00:03","modified_gmt":"2026-04-26T23:00:03","slug":"moteru-a-lygoje-itikinama-pergale-pries-vilniaus-rajono-atstoves","status":"publish","type":"post","link":"https:\/\/fkzalgiris.lt\/moteru-a-lygoje-itikinama-pergale-pries-vilniaus-rajono-atstoves\/","title":{"rendered":"Moter\u0173 A lygoje &#8211; \u012ftikinama pergal\u0117 prie\u0161 Vilniaus rajono atstoves"},"content":{"rendered":"<p data-start=\"302\" data-end=\"495\">Po rinktini\u0173 pertraukos \u012f moter\u0173 A lygos kovas gr\u012f\u017e\u0119s FK \u201e\u017dalgiris\u201c 5 turo rungtyn\u0117se i\u0161kovojo pergal\u0119 prie\u0161 Vilniaus rajono \u201eTransINVEST\u201c. \u017dalgiriet\u0117s var\u017eoves \u012fveik\u0117 rezultatu 3:0.<\/p>\n<p data-start=\"497\" data-end=\"726\">Pirmajame k\u0117linyje \u201e\u017dalgiriui\u201c sunkiai sek\u0117si rasti savo \u017eaidim\u0105, o \u201eTransINVEST\u201c grasino sm\u016bgiais i\u0161 toli. Rungtyni\u0173 prad\u017eioje \u0161ans\u0105 tur\u0117jo Jhoagny Contreras, bet atsid\u016brusi viena prie\u0161 vien\u0105 ne\u012fveik\u0117 vartinink\u0117s.<\/p>\n<p data-start=\"728\" data-end=\"861\">40 minut\u0119 \u017ealgiriet\u0117ms pavyko i\u0161siver\u017eti \u012f priek\u012f. Po Irinos Topal prasiver\u017eimo kairiu kra\u0161tu ir perdavimo atak\u0105 tiksliai u\u017ebaig\u0117 Lolita \u017di\u017eyt\u0117 \u2013 1:0.<\/p>\n<p data-start=\"863\" data-end=\"1016\">Antrojo k\u0117linio prad\u017eioje \u201e\u017dalgiris\u201c padvigubino persvar\u0105. I. Topal individualiu reidu kairiuoju kra\u0161tu \u012fveik\u0117 var\u017eoves ir pati u\u017ebaig\u0117 atak\u0105 tiksliu sm\u016bgiu \u2013 2:0.<\/p>\n<p data-start=\"1018\" data-end=\"1396\">Po pertraukos, \u017eaisdamos pav\u0117jui, \u017ealgiriet\u0117s rungtyniavo kokybi\u0161kiau, da\u017eniau k\u016br\u0117 pavojingas atakas ir geriau i\u0161naudojo erdves var\u017eovi\u0173 aik\u0161t\u0117s pus\u0117je.<\/p>\n<p>K\u0117liniui \u012fpus\u0117jus sve\u010di\u0173 komanda tur\u0117jo pora \u0161ans\u0173, ta\u010diau sm\u016bgiavo pro \u0161al\u012f.<\/p>\n<p data-start=\"1018\" data-end=\"1396\">65 minut\u0119 \u0161eiminink\u0117s \u012ftvirtino pergal\u0119. Po \u017ealgirie\u010di\u0173 kombinacijos ir Aust\u0117jos Pocevi\u010di\u016bt\u0117s perdavimo Agata Marija Kairyt\u0117 tiksliu sm\u016bgiu i\u0161 baudos aik\u0161tel\u0117s prieig\u0173 peln\u0117 tre\u010di\u0105j\u012f komandos \u012fvart\u012f.<\/p>\n<p data-start=\"1398\" data-end=\"1599\">\u201e\u017dalgiris\u201c dar suk\u016br\u0117 prog\u0173 ir gal\u0117jo padidinti persvar\u0105, ta\u010diau puikiai \u017eaid\u0117 var\u017eovi\u0173 vartinink\u0117 Margarita Panova.<\/p>\n<p data-start=\"0\" data-end=\"259\">Po rungtyni\u0173 \u201e\u017dalgirio\u201c treneris Justas Klevinskas pripa\u017eino, kad pergal\u0117 nebuvo lengva. \u201eTikrai rungtyn\u0117s nebuvo lengvos. Pirm\u0105 k\u0117lin\u012f ypa\u010d var\u017eov\u0117s aktyviai mus spaud\u0117, \u017eaid\u0117m prie\u0161 v\u0117j\u0105, tai tikrai var\u017eov\u0117s tur\u0117jo prog\u0173 pasi\u017eym\u0117ti\u201c, \u2013 sak\u0117 treneris.<\/p>\n<p data-start=\"261\" data-end=\"576\">J. Klevinskas nesl\u0117p\u0117, kad komandos \u017eaidimo kokyb\u0117 netenkino: \u201eKaip trener\u012f tikrai ned\u017eiugina \u017eaidimas ir, kaip viena mergina r\u016bbin\u0117j pasak\u0117: \u0161iandien \u017eaid\u0117m baisiai, bet gra\u017eiai laim\u0117jom.\u201c Vis d\u0117lto treneris i\u0161skyr\u0117 ir pozityv\u0105: \u201eI\u0161kovojom pergal\u0119, \u010dempionate dar nepraleidom nei vieno \u012fvar\u010dio, tas irgi d\u017eiugina.\u201c<\/p>\n<p data-start=\"578\" data-end=\"822\">\u012evar\u010diu ir rezultatyviu perdavimu prie pergal\u0117s prisid\u0117jusi Irina Topal taip pat akcentavo, kad rungtyn\u0117s nebuvo lengvos. \u201e\u017daidimas nebuvo lengvas, tur\u0117jome daug moment\u0173, kuri\u0173, deja, nerealizavome. Bet yra kur padirb\u0117ti\u201c, \u2013 teig\u0117 futbolinink\u0117.<\/p>\n<p data-start=\"1601\" data-end=\"1659\">Kitas rungtynes FK \u201e\u017dalgiris\u201c moter\u0173 A lygoje \u017eais gegu\u017e\u0117s 3 dien\u0105 prie\u0161 MFA \u201e\u017dalgiris\u201c-MRU komand\u0105.<\/p>\n<p data-start=\"1661\" data-end=\"2050\"><strong data-start=\"1661\" data-end=\"1676\">FK \u201e\u017dalgirio\u201c sud\u0117tis:<\/strong> Au\u0161rin\u0117 Bikut\u0117, Emperatriz Garcia, August\u0117 Andrijevskyt\u0117 (73 min. Alina \u0160pakovskaja), Greta Valikonien\u0117, Karina Klevinskait\u0117, Milda Liu\u017einait\u0117, Ineta \u0160uk\u0161tulyt\u0117 (46 min. Agata\u00a0 Kairyt\u0117), Valerija Postol (73 min. Elz\u0117 Ki\u0161k\u016bnait\u0117), Irina Topal, Jhoagny Contreras (60 min. Aust\u0117ja Pocevi\u010di\u016bt\u0117), Lolita \u017di\u017eyt\u0117 (82 min. Dija Laniauskait\u0117). Atsargoje: Aneta Chwojnicka.<\/p>\n<p data-start=\"2052\" data-end=\"2089\">\n","protected":false},"excerpt":{"rendered":"<p>Po rinktini\u0173 pertraukos \u012f moter\u0173 A lygos kovas gr\u012f\u017e\u0119s FK \u201e\u017dalgiris\u201c 5 turo rungtyn\u0117se i\u0161kovojo pergal\u0119 prie\u0161 Vilniaus rajono \u201eTransINVEST\u201c. \u017dalgiriet\u0117s var\u017eoves \u012fveik\u0117 rezultatu 3:0.\u2026<\/p>\n","protected":false},"author":4,"featured_media":0,"comment_status":"closed","ping_status":"closed","sticky":false,"template":"","format":"standard","meta":{"_acf_changed":false,"footnotes":""},"categories":[183],"class_list":["post-47362","post","type-post","status-publish","format-standard","hentry","category-zalgiris-m"],"acf":[],"yoast_head":"<!-- This site is optimized with the Yoast SEO plugin v26.8 - https:\/\/yoast.com\/product\/yoast-seo-wordpress\/ -->\n<title>Moter\u0173 A lygoje - \u012ftikinama pergal\u0117 prie\u0161 Vilniaus rajono atstoves - FK \u017dalgiris<\/title>\n<meta name=\"robots\" content=\"index, follow, max-snippet:-1, max-image-preview:large, max-video-preview:-1\" \/>\n<link rel=\"canonical\" href=\"https:\/\/fkzalgiris.lt\/moteru-a-lygoje-itikinama-pergale-pries-vilniaus-rajono-atstoves\/\" \/>\n<meta property=\"og:locale\" content=\"lt_LT\" \/>\n<meta property=\"og:type\" content=\"article\" \/>\n<meta property=\"og:title\" content=\"Moter\u0173 A lygoje - \u012ftikinama pergal\u0117 prie\u0161 Vilniaus rajono atstoves - FK \u017dalgiris\" \/>\n<meta property=\"og:description\" content=\"Po rinktini\u0173 pertraukos \u012f moter\u0173 A lygos kovas gr\u012f\u017e\u0119s FK \u201e\u017dalgiris\u201c 5 turo rungtyn\u0117se i\u0161kovojo pergal\u0119 prie\u0161 Vilniaus rajono \u201eTransINVEST\u201c. \u017dalgiriet\u0117s var\u017eoves \u012fveik\u0117 rezultatu 3:0.\u2026\" \/>\n<meta property=\"og:url\" content=\"https:\/\/fkzalgiris.lt\/moteru-a-lygoje-itikinama-pergale-pries-vilniaus-rajono-atstoves\/\" \/>\n<meta property=\"og:site_name\" content=\"FK \u017dalgiris\" \/>\n<meta property=\"article:publisher\" content=\"https:\/\/www.facebook.com\/fkzalgiris\/\" \/>\n<meta property=\"article:published_time\" content=\"2026-04-26T22:35:14+00:00\" \/>\n<meta property=\"article:modified_time\" content=\"2026-04-26T23:00:03+00:00\" \/>\n<meta property=\"og:image\" content=\"https:\/\/fkzalgiris.lt\/wp-content\/uploads\/2024\/02\/social-horiz_Zalgiris_logo_2024.png\" \/>\n\t<meta property=\"og:image:width\" content=\"3356\" \/>\n\t<meta property=\"og:image:height\" content=\"2259\" \/>\n\t<meta property=\"og:image:type\" content=\"image\/png\" \/>\n<meta name=\"author\" content=\"J\" \/>\n<meta name=\"twitter:card\" content=\"summary_large_image\" \/>\n<meta name=\"twitter:creator\" content=\"@fkzalgiris\" \/>\n<meta name=\"twitter:site\" content=\"@fkzalgiris\" \/>\n<meta name=\"twitter:label1\" content=\"Written by\" \/>\n\t<meta name=\"twitter:data1\" content=\"J\" \/>\n\t<meta name=\"twitter:label2\" content=\"Est. reading time\" \/>\n\t<meta name=\"twitter:data2\" content=\"2 minut\u0117s\" \/>\n<script type=\"application\/ld+json\" class=\"yoast-schema-graph\">{\"@context\":\"https:\/\/schema.org\",\"@graph\":[{\"@type\":\"Article\",\"@id\":\"https:\/\/fkzalgiris.lt\/moteru-a-lygoje-itikinama-pergale-pries-vilniaus-rajono-atstoves\/#article\",\"isPartOf\":{\"@id\":\"https:\/\/fkzalgiris.lt\/moteru-a-lygoje-itikinama-pergale-pries-vilniaus-rajono-atstoves\/\"},\"author\":{\"name\":\"J\",\"@id\":\"https:\/\/fkzalgiris.lt\/#\/schema\/person\/8604babbba794a7d8767be324a3eaac8\"},\"headline\":\"Moter\u0173 A lygoje &#8211; \u012ftikinama pergal\u0117 prie\u0161 Vilniaus rajono atstoves\",\"datePublished\":\"2026-04-26T22:35:14+00:00\",\"dateModified\":\"2026-04-26T23:00:03+00:00\",\"mainEntityOfPage\":{\"@id\":\"https:\/\/fkzalgiris.lt\/moteru-a-lygoje-itikinama-pergale-pries-vilniaus-rajono-atstoves\/\"},\"wordCount\":427,\"publisher\":{\"@id\":\"https:\/\/fkzalgiris.lt\/#organization\"},\"articleSection\":[\"\u017dalgiris M\"],\"inLanguage\":\"lt-LT\"},{\"@type\":\"WebPage\",\"@id\":\"https:\/\/fkzalgiris.lt\/moteru-a-lygoje-itikinama-pergale-pries-vilniaus-rajono-atstoves\/\",\"url\":\"https:\/\/fkzalgiris.lt\/moteru-a-lygoje-itikinama-pergale-pries-vilniaus-rajono-atstoves\/\",\"name\":\"Moter\u0173 A lygoje - \u012ftikinama pergal\u0117 prie\u0161 Vilniaus rajono atstoves - FK \u017dalgiris\",\"isPartOf\":{\"@id\":\"https:\/\/fkzalgiris.lt\/#website\"},\"datePublished\":\"2026-04-26T22:35:14+00:00\",\"dateModified\":\"2026-04-26T23:00:03+00:00\",\"breadcrumb\":{\"@id\":\"https:\/\/fkzalgiris.lt\/moteru-a-lygoje-itikinama-pergale-pries-vilniaus-rajono-atstoves\/#breadcrumb\"},\"inLanguage\":\"lt-LT\",\"potentialAction\":[{\"@type\":\"ReadAction\",\"target\":[\"https:\/\/fkzalgiris.lt\/moteru-a-lygoje-itikinama-pergale-pries-vilniaus-rajono-atstoves\/\"]}]},{\"@type\":\"BreadcrumbList\",\"@id\":\"https:\/\/fkzalgiris.lt\/moteru-a-lygoje-itikinama-pergale-pries-vilniaus-rajono-atstoves\/#breadcrumb\",\"itemListElement\":[{\"@type\":\"ListItem\",\"position\":1,\"name\":\"Home\",\"item\":\"https:\/\/fkzalgiris.lt\/\"},{\"@type\":\"ListItem\",\"position\":2,\"name\":\"Moter\u0173 A lygoje &#8211; \u012ftikinama pergal\u0117 prie\u0161 Vilniaus rajono atstoves\"}]},{\"@type\":\"WebSite\",\"@id\":\"https:\/\/fkzalgiris.lt\/#website\",\"url\":\"https:\/\/fkzalgiris.lt\/\",\"name\":\"FK \u017dalgiris\",\"description\":\"oficiali Vilniaus \u201e\u017dalgirio\u201c futbolo klubo svetain\u0117\",\"publisher\":{\"@id\":\"https:\/\/fkzalgiris.lt\/#organization\"},\"potentialAction\":[{\"@type\":\"SearchAction\",\"target\":{\"@type\":\"EntryPoint\",\"urlTemplate\":\"https:\/\/fkzalgiris.lt\/?s={search_term_string}\"},\"query-input\":{\"@type\":\"PropertyValueSpecification\",\"valueRequired\":true,\"valueName\":\"search_term_string\"}}],\"inLanguage\":\"lt-LT\"},{\"@type\":\"Organization\",\"@id\":\"https:\/\/fkzalgiris.lt\/#organization\",\"name\":\"FK \u017dalgiris\",\"url\":\"https:\/\/fkzalgiris.lt\/\",\"logo\":{\"@type\":\"ImageObject\",\"inLanguage\":\"lt-LT\",\"@id\":\"https:\/\/fkzalgiris.lt\/#\/schema\/logo\/image\/\",\"url\":\"https:\/\/fkzalgiris.lt\/wp-content\/uploads\/2024\/01\/horiz-FK-Zalgiris-logo-2015.png\",\"contentUrl\":\"https:\/\/fkzalgiris.lt\/wp-content\/uploads\/2024\/01\/horiz-FK-Zalgiris-logo-2015.png\",\"width\":3073,\"height\":2048,\"caption\":\"FK \u017dalgiris\"},\"image\":{\"@id\":\"https:\/\/fkzalgiris.lt\/#\/schema\/logo\/image\/\"},\"sameAs\":[\"https:\/\/www.facebook.com\/fkzalgiris\/\",\"https:\/\/x.com\/fkzalgiris\",\"https:\/\/www.instagram.com\/fkzalgiris\/\",\"https:\/\/www.youtube.com\/channel\/UC1ag8JLxGirltMUoLlzfZLA\"]},{\"@type\":\"Person\",\"@id\":\"https:\/\/fkzalgiris.lt\/#\/schema\/person\/8604babbba794a7d8767be324a3eaac8\",\"name\":\"J\"}]}<\/script>\n<!-- \/ Yoast SEO plugin. -->","yoast_head_json":{"title":"Moter\u0173 A lygoje - \u012ftikinama pergal\u0117 prie\u0161 Vilniaus rajono atstoves - FK \u017dalgiris","robots":{"index":"index","follow":"follow","max-snippet":"max-snippet:-1","max-image-preview":"max-image-preview:large","max-video-preview":"max-video-preview:-1"},"canonical":"https:\/\/fkzalgiris.lt\/moteru-a-lygoje-itikinama-pergale-pries-vilniaus-rajono-atstoves\/","og_locale":"lt_LT","og_type":"article","og_title":"Moter\u0173 A lygoje - \u012ftikinama pergal\u0117 prie\u0161 Vilniaus rajono atstoves - FK \u017dalgiris","og_description":"Po rinktini\u0173 pertraukos \u012f moter\u0173 A lygos kovas gr\u012f\u017e\u0119s FK \u201e\u017dalgiris\u201c 5 turo rungtyn\u0117se i\u0161kovojo pergal\u0119 prie\u0161 Vilniaus rajono \u201eTransINVEST\u201c. \u017dalgiriet\u0117s var\u017eoves \u012fveik\u0117 rezultatu 3:0.\u2026","og_url":"https:\/\/fkzalgiris.lt\/moteru-a-lygoje-itikinama-pergale-pries-vilniaus-rajono-atstoves\/","og_site_name":"FK \u017dalgiris","article_publisher":"https:\/\/www.facebook.com\/fkzalgiris\/","article_published_time":"2026-04-26T22:35:14+00:00","article_modified_time":"2026-04-26T23:00:03+00:00","og_image":[{"width":3356,"height":2259,"url":"https:\/\/fkzalgiris.lt\/wp-content\/uploads\/2024\/02\/social-horiz_Zalgiris_logo_2024.png","type":"image\/png"}],"author":"J","twitter_card":"summary_large_image","twitter_creator":"@fkzalgiris","twitter_site":"@fkzalgiris","twitter_misc":{"Written by":"J","Est. reading time":"2 minut\u0117s"},"schema":{"@context":"https:\/\/schema.org","@graph":[{"@type":"Article","@id":"https:\/\/fkzalgiris.lt\/moteru-a-lygoje-itikinama-pergale-pries-vilniaus-rajono-atstoves\/#article","isPartOf":{"@id":"https:\/\/fkzalgiris.lt\/moteru-a-lygoje-itikinama-pergale-pries-vilniaus-rajono-atstoves\/"},"author":{"name":"J","@id":"https:\/\/fkzalgiris.lt\/#\/schema\/person\/8604babbba794a7d8767be324a3eaac8"},"headline":"Moter\u0173 A lygoje &#8211; \u012ftikinama pergal\u0117 prie\u0161 Vilniaus rajono atstoves","datePublished":"2026-04-26T22:35:14+00:00","dateModified":"2026-04-26T23:00:03+00:00","mainEntityOfPage":{"@id":"https:\/\/fkzalgiris.lt\/moteru-a-lygoje-itikinama-pergale-pries-vilniaus-rajono-atstoves\/"},"wordCount":427,"publisher":{"@id":"https:\/\/fkzalgiris.lt\/#organization"},"articleSection":["\u017dalgiris M"],"inLanguage":"lt-LT"},{"@type":"WebPage","@id":"https:\/\/fkzalgiris.lt\/moteru-a-lygoje-itikinama-pergale-pries-vilniaus-rajono-atstoves\/","url":"https:\/\/fkzalgiris.lt\/moteru-a-lygoje-itikinama-pergale-pries-vilniaus-rajono-atstoves\/","name":"Moter\u0173 A lygoje - \u012ftikinama pergal\u0117 prie\u0161 Vilniaus rajono atstoves - FK \u017dalgiris","isPartOf":{"@id":"https:\/\/fkzalgiris.lt\/#website"},"datePublished":"2026-04-26T22:35:14+00:00","dateModified":"2026-04-26T23:00:03+00:00","breadcrumb":{"@id":"https:\/\/fkzalgiris.lt\/moteru-a-lygoje-itikinama-pergale-pries-vilniaus-rajono-atstoves\/#breadcrumb"},"inLanguage":"lt-LT","potentialAction":[{"@type":"ReadAction","target":["https:\/\/fkzalgiris.lt\/moteru-a-lygoje-itikinama-pergale-pries-vilniaus-rajono-atstoves\/"]}]},{"@type":"BreadcrumbList","@id":"https:\/\/fkzalgiris.lt\/moteru-a-lygoje-itikinama-pergale-pries-vilniaus-rajono-atstoves\/#breadcrumb","itemListElement":[{"@type":"ListItem","position":1,"name":"Home","item":"https:\/\/fkzalgiris.lt\/"},{"@type":"ListItem","position":2,"name":"Moter\u0173 A lygoje &#8211; \u012ftikinama pergal\u0117 prie\u0161 Vilniaus rajono atstoves"}]},{"@type":"WebSite","@id":"https:\/\/fkzalgiris.lt\/#website","url":"https:\/\/fkzalgiris.lt\/","name":"FK \u017dalgiris","description":"oficiali Vilniaus \u201e\u017dalgirio\u201c futbolo klubo svetain\u0117","publisher":{"@id":"https:\/\/fkzalgiris.lt\/#organization"},"potentialAction":[{"@type":"SearchAction","target":{"@type":"EntryPoint","urlTemplate":"https:\/\/fkzalgiris.lt\/?s={search_term_string}"},"query-input":{"@type":"PropertyValueSpecification","valueRequired":true,"valueName":"search_term_string"}}],"inLanguage":"lt-LT"},{"@type":"Organization","@id":"https:\/\/fkzalgiris.lt\/#organization","name":"FK \u017dalgiris","url":"https:\/\/fkzalgiris.lt\/","logo":{"@type":"ImageObject","inLanguage":"lt-LT","@id":"https:\/\/fkzalgiris.lt\/#\/schema\/logo\/image\/","url":"https:\/\/fkzalgiris.lt\/wp-content\/uploads\/2024\/01\/horiz-FK-Zalgiris-logo-2015.png","contentUrl":"https:\/\/fkzalgiris.lt\/wp-content\/uploads\/2024\/01\/horiz-FK-Zalgiris-logo-2015.png","width":3073,"height":2048,"caption":"FK \u017dalgiris"},"image":{"@id":"https:\/\/fkzalgiris.lt\/#\/schema\/logo\/image\/"},"sameAs":["https:\/\/www.facebook.com\/fkzalgiris\/","https:\/\/x.com\/fkzalgiris","https:\/\/www.instagram.com\/fkzalgiris\/","https:\/\/www.youtube.com\/channel\/UC1ag8JLxGirltMUoLlzfZLA"]},{"@type":"Person","@id":"https:\/\/fkzalgiris.lt\/#\/schema\/person\/8604babbba794a7d8767be324a3eaac8","name":"J"}]}},"_links":{"self":[{"href":"https:\/\/fkzalgiris.lt\/api\/wp\/v2\/posts\/47362","targetHints":{"allow":["GET"]}}],"collection":[{"href":"https:\/\/fkzalgiris.lt\/api\/wp\/v2\/posts"}],"about":[{"href":"https:\/\/fkzalgiris.lt\/api\/wp\/v2\/types\/post"}],"author":[{"embeddable":true,"href":"https:\/\/fkzalgiris.lt\/api\/wp\/v2\/users\/4"}],"replies":[{"embeddable":true,"href":"https:\/\/fkzalgiris.lt\/api\/wp\/v2\/comments?post=47362"}],"version-history":[{"count":6,"href":"https:\/\/fkzalgiris.lt\/api\/wp\/v2\/posts\/47362\/revisions"}],"predecessor-version":[{"id":47370,"href":"https:\/\/fkzalgiris.lt\/api\/wp\/v2\/posts\/47362\/revisions\/47370"}],"wp:attachment":[{"href":"https:\/\/fkzalgiris.lt\/api\/wp\/v2\/media?parent=47362"}],"wp:term":[{"taxonomy":"category","embeddable":true,"href":"https:\/\/fkzalgiris.lt\/api\/wp\/v2\/categories?post=47362"}],"curies":[{"name":"wp","href":"https:\/\/api.w.org\/{rel}","templated":true}]}}