{"id":47349,"date":"2026-04-26T19:03:37","date_gmt":"2026-04-26T16:03:37","guid":{"rendered":"https:\/\/fkzalgiris.lt\/?p=47349"},"modified":"2026-04-27T01:37:36","modified_gmt":"2026-04-26T22:37:36","slug":"zalgiris-grizo-i-pergaliu-kelia-klaipedoje-itikinamai-atsirevansavo-dziugui","status":"publish","type":"post","link":"https:\/\/fkzalgiris.lt\/zalgiris-grizo-i-pergaliu-kelia-klaipedoje-itikinamai-atsirevansavo-dziugui\/","title":{"rendered":"Gr\u012f\u017eta \u012f pergali\u0173 keli\u0105 \u2013 Klaip\u0117doje atsirevan\u0161uota \u201eD\u017eiugui\u201c"},"content":{"rendered":"<p>\u012etikinamai vien\u0105 \u201eToplygos\u201c lyderi\u0173 \u012fveik\u0119s Vilniaus \u201e\u017dalgiris\u201c nutrauk\u0117 nelaim\u0117t\u0173 rungtyni\u0173 serij\u0105. Vilnie\u010diai Klaip\u0117doje, siau\u010diant galingiems paj\u016brio v\u0117jams, 3:0 (1:0) \u012fveik\u0117 Tel\u0161i\u0173 \u201eD\u017eiug\u0105\u201c.<\/p>\n<p>Tai buvo pirmoji \u017ealgirie\u010di\u0173 pergal\u0117 prie komandos vairo stovint Andriui Skerlai. J\u0105 l\u0117m\u0117 Liviu Antalio (30 min. i\u0161 11 m), Jurijaus Kendy\u0161o (62 min.) ir Bryano Teixeiros (90+6 min.) pelnyti \u012fvar\u010diai.<\/p>\n<p>Prie pirm\u0173 dviej\u0173 s\u0117kmingai pasibaigusi\u0173 atak\u0173 Klaip\u0117dos dirbtin\u0117s dangos stadione prisid\u0117jo Deividas \u0160e\u0161plaukis.<\/p>\n<p>29 min. jis sm\u016bgiavo \u012f \u201eD\u017eiugo\u201c vartus. Kamuolys nuo var\u017eov\u0173 gyn\u0117jo v\u0117l at\u0161oko D. \u0160e\u0161plaukiui, o nuo jo kojos pataik\u0117 \u012f \u0161eiminink\u0173 \u017eaid\u0117jo rank\u0105. Baudin\u012f s\u0117kmingai realizavo \u201e\u017dalgirio\u201c atak\u0173 lyderis L. Antalis, peln\u0119s 4 \u012fvart\u012f \u0161\u012f sezon\u0105.<\/p>\n<p>62 min. po tel\u0161i\u0161ki\u0173 pra\u017eangos prie\u0161 Pauli\u0173 Golubick\u0105 toli nuo vart\u0173 D. \u0160e\u0161plaukis s\u0117kmingai pak\u0117l\u0117 kamuol\u012f \u012f baudos aik\u0161tel\u0119, kur J. Kendy\u0161as ky\u0161tel\u0117jo galv\u0105 ir \u012fsira\u0161\u0117 \u012fvart\u012f \u012f savo s\u0105skait\u0105.<\/p>\n<p>Galutin\u012f ta\u0161k\u0105 \u017ealgirie\u010diai pad\u0117jo jau tiksint paskutinei prid\u0117to laiko minutei, kai trise atsid\u016br\u0117 prie\u0161 \u201eD\u017eiugo\u201c vartinink\u0105 Mari\u0173 Pauk\u0161t\u0119 ir po geriausiu ma\u010do \u017eaid\u0117ju i\u0161rinkto J. Kendy\u0161o perdavimo pasi\u017eym\u0117jo B. Teixeira.<\/p>\n<figure id=\"attachment_47350\" aria-describedby=\"caption-attachment-47350\" style=\"width: 630px\" class=\"wp-caption alignnone\"><img loading=\"lazy\" decoding=\"async\" class=\"wp-image-47350 \" src=\"https:\/\/fkzalgiris.lt\/wp-content\/uploads\/2026\/04\/X2_0118-scaled.jpg\" alt=\"\" width=\"630\" height=\"420\" srcset=\"https:\/\/fkzalgiris.lt\/wp-content\/uploads\/2026\/04\/X2_0118-scaled.jpg 2560w, https:\/\/fkzalgiris.lt\/wp-content\/uploads\/2026\/04\/X2_0118-300x200.jpg 300w, https:\/\/fkzalgiris.lt\/wp-content\/uploads\/2026\/04\/X2_0118-1024x683.jpg 1024w, https:\/\/fkzalgiris.lt\/wp-content\/uploads\/2026\/04\/X2_0118-768x512.jpg 768w, https:\/\/fkzalgiris.lt\/wp-content\/uploads\/2026\/04\/X2_0118-1536x1024.jpg 1536w, https:\/\/fkzalgiris.lt\/wp-content\/uploads\/2026\/04\/X2_0118-2048x1365.jpg 2048w, https:\/\/fkzalgiris.lt\/wp-content\/uploads\/2026\/04\/X2_0118-150x100.jpg 150w, https:\/\/fkzalgiris.lt\/wp-content\/uploads\/2026\/04\/X2_0118-840x560.jpg 840w, https:\/\/fkzalgiris.lt\/wp-content\/uploads\/2026\/04\/X2_0118-570x380.jpg 570w, https:\/\/fkzalgiris.lt\/wp-content\/uploads\/2026\/04\/X2_0118-30x20.jpg 30w\" sizes=\"auto, (max-width: 630px) 100vw, 630px\" \/><figcaption id=\"caption-attachment-47350\" class=\"wp-caption-text\">I\u0161 kair\u0117s: J. Kendy\u0161as, L. Antalis, P. Golubickas. Alfredo Reivy\u010dio nuotr.<\/figcaption><\/figure>\n<p>\u012e Klaip\u0117d\u0105 \u201e\u017dalgiris\u201c atvyko po skaudaus sm\u016bgio Ma\u017eeikiuose, kur LFF taur\u0117s \u0161e\u0161ioliktfinalyje 1:2 neatsilaik\u0117 prie\u0161 Ma\u017eeiki\u0173 \u201eAtmosfer\u0105\u201c.<\/p>\n<p>\u201ePo toki\u0173 rungtyni\u0173 tik\u0117jausi \u017eaid\u0117j\u0173 reakcijos. D\u017eiaugiuosi, kad j\u0105 pama\u010diau.\u00a0Ne\u017einau, ar tik\u0117jausi tokio rezultato, ar galima buvo pagalvoti, kad \u012fmu\u0161ime tiek \u012fvar\u010di\u0173 \u2013 gal j\u0173 net \u0161iek tiek per daug. Svarbiausia buvo laim\u0117ti, nes \u0161iuo metu situacija n\u0117ra lengviausia nei komandai, nei man. \u017daidimas gal ir nebuvo gra\u017eus, bet efektyvus. A\u0161 dar tik savait\u0119 klube, pradedu perprasti \u017eaid\u0117jus. Bus matyti, kas k\u0105 gali, ko a\u0161 galiu tik\u0117tis. \u0160iuo metu nor\u0117\u010diau matyti daugiau komandos pasitik\u0117jimo aik\u0161t\u0117je\u201c, \u2013 po pergal\u0117s Klaip\u0117doje, \u012f kuri\u0105 \u017ealgirie\u010diai atvyko ma\u010do i\u0161vakar\u0117se, kalb\u0117jo A. Skerla.<\/p>\n<p>Treneris pripa\u017eino, kad \u017eaidim\u0105 sunkino ir paj\u016bryje siaut\u0119 v\u0117jai \u2013 kamuolys kartais keit\u0117 krypt\u012f ne nuo \u017eaid\u0117j\u0173 sm\u016bgi\u0173, bet nuo galing\u0173 g\u016bsi\u0173: \u201eS\u0105lygos buvo vienodos \u2013 sunku buvo abiem komandoms.\u201c<\/p>\n<div class=\"embed-responsive embed-responsive-16by9 mb-4\"><iframe title=\"Komentaras | D\u017eiugas - \u017dalgiris | Toplyga | Skerla | Interview\" src=\"https:\/\/www.youtube.com\/embed\/GS1QpLK9zTo?feature=oembed\" frameborder=\"0\" allow=\"accelerometer; autoplay; clipboard-write; encrypted-media; gyroscope; picture-in-picture; web-share\" referrerpolicy=\"strict-origin-when-cross-origin\" allowfullscreen><\/iframe> <\/div>\n<p>Po penki\u0173 i\u0161 eil\u0117s nelaim\u0117t\u0173 \u201eToplygos\u201c rungtyni\u0173 pergal\u0117s skon\u012f toliausiai nuo sostin\u0117s nutolusiame stadione v\u0117l pajut\u0119 \u017ealgirie\u010diai savo s\u0105skaitoje turi 15 ta\u0161k\u0173 ir po 10 tur\u0173 yra penkti. Nam\u0173 rungtynes pastaruoju metu Klaip\u0117doje \u017eaid\u017eiantis \u201eD\u017eiugas\u201c yra sukaup\u0119s 17 ta\u0161k\u0173. Tiek pat turi ir Vilniaus rajono \u201eTransINVEST\u201c. Pirmauja \u201eKauno \u017dalgiris\u201c (25 ta\u0161kai), o ketvirta \u017eengia Marijampol\u0117s \u201eS\u016bduva\u201c (16).<\/p>\n<p>\u201eDar tik prasid\u0117jo antrasis ratas. Pora rungtyni\u0173 laimi ar pralaimi ir v\u0117l ka\u017ekur viduryje atsiduri. Kol kas \u012f vietas lentel\u0117je neverta \u017ei\u016br\u0117ti\u201c, \u2013 tikino A. Skerla.<\/p>\n<p>Klaip\u0117doje \u201e\u017dalgiris\u201c atsirevan\u0161avo \u201eD\u017eiugui\u201c u\u017e nes\u0117km\u0119 pirmose \u0161io sezono \u201eToplygos\u201c rungtyn\u0117se, kai vasario 21 d. \u017demaitijos klubas sostin\u0117s \u201eSportimos\u201c manie\u017ee 3:2 \u012fveik\u0117 dukart pirmavusius aik\u0161t\u0117s \u0161eimininkus.<\/p>\n<p>Kitas \u201eToplygos\u201c rungtynes \u201e\u017dalgiris\u201c \u017eais gegu\u017e\u0117s 3 d. sve\u010diuose su \u201ePanev\u0117\u017eiu\u201c, o \u012f savo nam\u0173 stadion\u0105 sugr\u012f\u0161 gegu\u017e\u0117s 6 d., kai rungsis su \u201e\u0160iauliais\u201c.<\/p>\n<p><strong>\u00a0Komand\u0173 sud\u0117tys:<\/strong><\/p>\n<p><strong>Tel\u0161i\u0173 \u201eD\u017eiugas\u201c:<\/strong> Marius Pauk\u0161t\u0117, Ibrahimas Cisse, Joshua Okpolokpo, Valentino Vermeulenas, Jakubas Waw\u0161\u010dykas (81 min. Tomas Stelmokas), Lukas Ankudinovas, Denysas Bun\u010dukovas, Nikita Pavlovskis (58 min. Ikeras Scotto), Gastonas Romano, Deitonas Vinckus, Ronaldas Sobowale.<\/p>\n<p>Atsargoje: Vladyslavas Riabenka, Mykyta Ryb\u010dynskis, Brendanas Asomugha, Artemas Mar\u010diukas, Simas Rimantas Patella, Vilius Piliukaitis, Denisas \u017dev\u017eikovas.<\/p>\n<p><strong>Vilniaus \u201e\u017dalgiris\u201c:<\/strong> Carlosas Olsesas, Petaras Bosan\u010di\u010dius, Jurijus Kendy\u0161as, Patrikas Maty\u017eonokas, Grigore Turda, Klaudijus Upstas (73 min. Martynas \u0160etkus), Marko Capanas (73 min. Ovidijus Verbickas), Paulius Golubickas (82 min. Gustas Jarusevi\u010dius), Deividas \u0160e\u0161plaukis, Liviu Antalis (66 min. Nikola Petkovi\u010dius), Bryanas Teixeira.<\/p>\n<p>Atsargoje: Vincentas \u0160arkauskas, Saba Mamaca\u0161vili, Kajus Bi\u010dka, Nemanja Mihajlovi\u010dius.<\/p>\n","protected":false},"excerpt":{"rendered":"<p>\u012etikinamai vien\u0105 \u201eToplygos\u201c lyderi\u0173 \u012fveik\u0119s Vilniaus \u201e\u017dalgiris\u201c nutrauk\u0117 nelaim\u0117t\u0173 rungtyni\u0173 serij\u0105. Vilnie\u010diai Klaip\u0117doje, siau\u010diant galingiems paj\u016brio v\u0117jams, 3:0 (1:0) \u012fveik\u0117 Tel\u0161i\u0173 \u201eD\u017eiug\u0105\u201c. Tai buvo pirmoji\u2026<\/p>\n","protected":false},"author":21,"featured_media":0,"comment_status":"closed","ping_status":"closed","sticky":false,"template":"","format":"standard","meta":{"_acf_changed":false,"footnotes":""},"categories":[87],"class_list":["post-47349","post","type-post","status-publish","format-standard","hentry","category-zalgiris"],"acf":[],"yoast_head":"<!-- This site is optimized with the Yoast SEO plugin v26.8 - https:\/\/yoast.com\/product\/yoast-seo-wordpress\/ -->\n<title>Gr\u012f\u017eta \u012f pergali\u0173 keli\u0105 \u2013 Klaip\u0117doje atsirevan\u0161uota \u201eD\u017eiugui\u201c - FK \u017dalgiris<\/title>\n<meta name=\"robots\" content=\"index, follow, max-snippet:-1, max-image-preview:large, max-video-preview:-1\" \/>\n<link rel=\"canonical\" href=\"https:\/\/fkzalgiris.lt\/zalgiris-grizo-i-pergaliu-kelia-klaipedoje-itikinamai-atsirevansavo-dziugui\/\" \/>\n<meta property=\"og:locale\" content=\"lt_LT\" \/>\n<meta property=\"og:type\" content=\"article\" \/>\n<meta property=\"og:title\" content=\"Gr\u012f\u017eta \u012f pergali\u0173 keli\u0105 \u2013 Klaip\u0117doje atsirevan\u0161uota \u201eD\u017eiugui\u201c - FK \u017dalgiris\" \/>\n<meta property=\"og:description\" content=\"\u012etikinamai vien\u0105 \u201eToplygos\u201c lyderi\u0173 \u012fveik\u0119s Vilniaus \u201e\u017dalgiris\u201c nutrauk\u0117 nelaim\u0117t\u0173 rungtyni\u0173 serij\u0105. Vilnie\u010diai Klaip\u0117doje, siau\u010diant galingiems paj\u016brio v\u0117jams, 3:0 (1:0) \u012fveik\u0117 Tel\u0161i\u0173 \u201eD\u017eiug\u0105\u201c. Tai buvo pirmoji\u2026\" \/>\n<meta property=\"og:url\" content=\"https:\/\/fkzalgiris.lt\/zalgiris-grizo-i-pergaliu-kelia-klaipedoje-itikinamai-atsirevansavo-dziugui\/\" \/>\n<meta property=\"og:site_name\" content=\"FK \u017dalgiris\" \/>\n<meta property=\"article:publisher\" content=\"https:\/\/www.facebook.com\/fkzalgiris\/\" \/>\n<meta property=\"article:published_time\" content=\"2026-04-26T16:03:37+00:00\" \/>\n<meta property=\"article:modified_time\" content=\"2026-04-26T22:37:36+00:00\" \/>\n<meta property=\"og:image\" content=\"https:\/\/fkzalgiris.lt\/wp-content\/uploads\/2026\/04\/X2_0118-scaled.jpg\" \/>\n\t<meta property=\"og:image:width\" content=\"2560\" \/>\n\t<meta property=\"og:image:height\" content=\"1707\" \/>\n\t<meta property=\"og:image:type\" content=\"image\/jpeg\" \/>\n<meta name=\"author\" content=\"Vytenis Kazlauskas\" \/>\n<meta name=\"twitter:card\" content=\"summary_large_image\" \/>\n<meta name=\"twitter:creator\" content=\"@fkzalgiris\" \/>\n<meta name=\"twitter:site\" content=\"@fkzalgiris\" \/>\n<meta name=\"twitter:label1\" content=\"Written by\" \/>\n\t<meta name=\"twitter:data1\" content=\"Vytenis Kazlauskas\" \/>\n\t<meta name=\"twitter:label2\" content=\"Est. reading time\" \/>\n\t<meta name=\"twitter:data2\" content=\"4 minut\u0117s\" \/>\n<script type=\"application\/ld+json\" class=\"yoast-schema-graph\">{\"@context\":\"https:\/\/schema.org\",\"@graph\":[{\"@type\":\"Article\",\"@id\":\"https:\/\/fkzalgiris.lt\/zalgiris-grizo-i-pergaliu-kelia-klaipedoje-itikinamai-atsirevansavo-dziugui\/#article\",\"isPartOf\":{\"@id\":\"https:\/\/fkzalgiris.lt\/zalgiris-grizo-i-pergaliu-kelia-klaipedoje-itikinamai-atsirevansavo-dziugui\/\"},\"author\":{\"name\":\"Vytenis Kazlauskas\",\"@id\":\"https:\/\/fkzalgiris.lt\/#\/schema\/person\/4f9d803317bb1803c6736492969126dd\"},\"headline\":\"Gr\u012f\u017eta \u012f pergali\u0173 keli\u0105 \u2013 Klaip\u0117doje atsirevan\u0161uota \u201eD\u017eiugui\u201c\",\"datePublished\":\"2026-04-26T16:03:37+00:00\",\"dateModified\":\"2026-04-26T22:37:36+00:00\",\"mainEntityOfPage\":{\"@id\":\"https:\/\/fkzalgiris.lt\/zalgiris-grizo-i-pergaliu-kelia-klaipedoje-itikinamai-atsirevansavo-dziugui\/\"},\"wordCount\":674,\"publisher\":{\"@id\":\"https:\/\/fkzalgiris.lt\/#organization\"},\"image\":{\"@id\":\"https:\/\/fkzalgiris.lt\/zalgiris-grizo-i-pergaliu-kelia-klaipedoje-itikinamai-atsirevansavo-dziugui\/#primaryimage\"},\"thumbnailUrl\":\"https:\/\/fkzalgiris.lt\/wp-content\/uploads\/2026\/04\/X2_0118-scaled.jpg\",\"articleSection\":[\"\u017dalgiris\"],\"inLanguage\":\"lt-LT\"},{\"@type\":\"WebPage\",\"@id\":\"https:\/\/fkzalgiris.lt\/zalgiris-grizo-i-pergaliu-kelia-klaipedoje-itikinamai-atsirevansavo-dziugui\/\",\"url\":\"https:\/\/fkzalgiris.lt\/zalgiris-grizo-i-pergaliu-kelia-klaipedoje-itikinamai-atsirevansavo-dziugui\/\",\"name\":\"Gr\u012f\u017eta \u012f pergali\u0173 keli\u0105 \u2013 Klaip\u0117doje atsirevan\u0161uota \u201eD\u017eiugui\u201c - FK \u017dalgiris\",\"isPartOf\":{\"@id\":\"https:\/\/fkzalgiris.lt\/#website\"},\"primaryImageOfPage\":{\"@id\":\"https:\/\/fkzalgiris.lt\/zalgiris-grizo-i-pergaliu-kelia-klaipedoje-itikinamai-atsirevansavo-dziugui\/#primaryimage\"},\"image\":{\"@id\":\"https:\/\/fkzalgiris.lt\/zalgiris-grizo-i-pergaliu-kelia-klaipedoje-itikinamai-atsirevansavo-dziugui\/#primaryimage\"},\"thumbnailUrl\":\"https:\/\/fkzalgiris.lt\/wp-content\/uploads\/2026\/04\/X2_0118-scaled.jpg\",\"datePublished\":\"2026-04-26T16:03:37+00:00\",\"dateModified\":\"2026-04-26T22:37:36+00:00\",\"breadcrumb\":{\"@id\":\"https:\/\/fkzalgiris.lt\/zalgiris-grizo-i-pergaliu-kelia-klaipedoje-itikinamai-atsirevansavo-dziugui\/#breadcrumb\"},\"inLanguage\":\"lt-LT\",\"potentialAction\":[{\"@type\":\"ReadAction\",\"target\":[\"https:\/\/fkzalgiris.lt\/zalgiris-grizo-i-pergaliu-kelia-klaipedoje-itikinamai-atsirevansavo-dziugui\/\"]}]},{\"@type\":\"ImageObject\",\"inLanguage\":\"lt-LT\",\"@id\":\"https:\/\/fkzalgiris.lt\/zalgiris-grizo-i-pergaliu-kelia-klaipedoje-itikinamai-atsirevansavo-dziugui\/#primaryimage\",\"url\":\"https:\/\/fkzalgiris.lt\/wp-content\/uploads\/2026\/04\/X2_0118-scaled.jpg\",\"contentUrl\":\"https:\/\/fkzalgiris.lt\/wp-content\/uploads\/2026\/04\/X2_0118-scaled.jpg\",\"width\":2560,\"height\":1707},{\"@type\":\"BreadcrumbList\",\"@id\":\"https:\/\/fkzalgiris.lt\/zalgiris-grizo-i-pergaliu-kelia-klaipedoje-itikinamai-atsirevansavo-dziugui\/#breadcrumb\",\"itemListElement\":[{\"@type\":\"ListItem\",\"position\":1,\"name\":\"Home\",\"item\":\"https:\/\/fkzalgiris.lt\/\"},{\"@type\":\"ListItem\",\"position\":2,\"name\":\"Gr\u012f\u017eta \u012f pergali\u0173 keli\u0105 \u2013 Klaip\u0117doje atsirevan\u0161uota \u201eD\u017eiugui\u201c\"}]},{\"@type\":\"WebSite\",\"@id\":\"https:\/\/fkzalgiris.lt\/#website\",\"url\":\"https:\/\/fkzalgiris.lt\/\",\"name\":\"FK \u017dalgiris\",\"description\":\"oficiali Vilniaus \u201e\u017dalgirio\u201c futbolo klubo svetain\u0117\",\"publisher\":{\"@id\":\"https:\/\/fkzalgiris.lt\/#organization\"},\"potentialAction\":[{\"@type\":\"SearchAction\",\"target\":{\"@type\":\"EntryPoint\",\"urlTemplate\":\"https:\/\/fkzalgiris.lt\/?s={search_term_string}\"},\"query-input\":{\"@type\":\"PropertyValueSpecification\",\"valueRequired\":true,\"valueName\":\"search_term_string\"}}],\"inLanguage\":\"lt-LT\"},{\"@type\":\"Organization\",\"@id\":\"https:\/\/fkzalgiris.lt\/#organization\",\"name\":\"FK \u017dalgiris\",\"url\":\"https:\/\/fkzalgiris.lt\/\",\"logo\":{\"@type\":\"ImageObject\",\"inLanguage\":\"lt-LT\",\"@id\":\"https:\/\/fkzalgiris.lt\/#\/schema\/logo\/image\/\",\"url\":\"https:\/\/fkzalgiris.lt\/wp-content\/uploads\/2024\/01\/horiz-FK-Zalgiris-logo-2015.png\",\"contentUrl\":\"https:\/\/fkzalgiris.lt\/wp-content\/uploads\/2024\/01\/horiz-FK-Zalgiris-logo-2015.png\",\"width\":3073,\"height\":2048,\"caption\":\"FK \u017dalgiris\"},\"image\":{\"@id\":\"https:\/\/fkzalgiris.lt\/#\/schema\/logo\/image\/\"},\"sameAs\":[\"https:\/\/www.facebook.com\/fkzalgiris\/\",\"https:\/\/x.com\/fkzalgiris\",\"https:\/\/www.instagram.com\/fkzalgiris\/\",\"https:\/\/www.youtube.com\/channel\/UC1ag8JLxGirltMUoLlzfZLA\"]},{\"@type\":\"Person\",\"@id\":\"https:\/\/fkzalgiris.lt\/#\/schema\/person\/4f9d803317bb1803c6736492969126dd\",\"name\":\"Vytenis Kazlauskas\"}]}<\/script>\n<!-- \/ Yoast SEO plugin. -->","yoast_head_json":{"title":"Gr\u012f\u017eta \u012f pergali\u0173 keli\u0105 \u2013 Klaip\u0117doje atsirevan\u0161uota \u201eD\u017eiugui\u201c - FK \u017dalgiris","robots":{"index":"index","follow":"follow","max-snippet":"max-snippet:-1","max-image-preview":"max-image-preview:large","max-video-preview":"max-video-preview:-1"},"canonical":"https:\/\/fkzalgiris.lt\/zalgiris-grizo-i-pergaliu-kelia-klaipedoje-itikinamai-atsirevansavo-dziugui\/","og_locale":"lt_LT","og_type":"article","og_title":"Gr\u012f\u017eta \u012f pergali\u0173 keli\u0105 \u2013 Klaip\u0117doje atsirevan\u0161uota \u201eD\u017eiugui\u201c - FK \u017dalgiris","og_description":"\u012etikinamai vien\u0105 \u201eToplygos\u201c lyderi\u0173 \u012fveik\u0119s Vilniaus \u201e\u017dalgiris\u201c nutrauk\u0117 nelaim\u0117t\u0173 rungtyni\u0173 serij\u0105. Vilnie\u010diai Klaip\u0117doje, siau\u010diant galingiems paj\u016brio v\u0117jams, 3:0 (1:0) \u012fveik\u0117 Tel\u0161i\u0173 \u201eD\u017eiug\u0105\u201c. Tai buvo pirmoji\u2026","og_url":"https:\/\/fkzalgiris.lt\/zalgiris-grizo-i-pergaliu-kelia-klaipedoje-itikinamai-atsirevansavo-dziugui\/","og_site_name":"FK \u017dalgiris","article_publisher":"https:\/\/www.facebook.com\/fkzalgiris\/","article_published_time":"2026-04-26T16:03:37+00:00","article_modified_time":"2026-04-26T22:37:36+00:00","og_image":[{"width":2560,"height":1707,"url":"https:\/\/fkzalgiris.lt\/wp-content\/uploads\/2026\/04\/X2_0118-scaled.jpg","type":"image\/jpeg"}],"author":"Vytenis Kazlauskas","twitter_card":"summary_large_image","twitter_creator":"@fkzalgiris","twitter_site":"@fkzalgiris","twitter_misc":{"Written by":"Vytenis Kazlauskas","Est. reading time":"4 minut\u0117s"},"schema":{"@context":"https:\/\/schema.org","@graph":[{"@type":"Article","@id":"https:\/\/fkzalgiris.lt\/zalgiris-grizo-i-pergaliu-kelia-klaipedoje-itikinamai-atsirevansavo-dziugui\/#article","isPartOf":{"@id":"https:\/\/fkzalgiris.lt\/zalgiris-grizo-i-pergaliu-kelia-klaipedoje-itikinamai-atsirevansavo-dziugui\/"},"author":{"name":"Vytenis Kazlauskas","@id":"https:\/\/fkzalgiris.lt\/#\/schema\/person\/4f9d803317bb1803c6736492969126dd"},"headline":"Gr\u012f\u017eta \u012f pergali\u0173 keli\u0105 \u2013 Klaip\u0117doje atsirevan\u0161uota \u201eD\u017eiugui\u201c","datePublished":"2026-04-26T16:03:37+00:00","dateModified":"2026-04-26T22:37:36+00:00","mainEntityOfPage":{"@id":"https:\/\/fkzalgiris.lt\/zalgiris-grizo-i-pergaliu-kelia-klaipedoje-itikinamai-atsirevansavo-dziugui\/"},"wordCount":674,"publisher":{"@id":"https:\/\/fkzalgiris.lt\/#organization"},"image":{"@id":"https:\/\/fkzalgiris.lt\/zalgiris-grizo-i-pergaliu-kelia-klaipedoje-itikinamai-atsirevansavo-dziugui\/#primaryimage"},"thumbnailUrl":"https:\/\/fkzalgiris.lt\/wp-content\/uploads\/2026\/04\/X2_0118-scaled.jpg","articleSection":["\u017dalgiris"],"inLanguage":"lt-LT"},{"@type":"WebPage","@id":"https:\/\/fkzalgiris.lt\/zalgiris-grizo-i-pergaliu-kelia-klaipedoje-itikinamai-atsirevansavo-dziugui\/","url":"https:\/\/fkzalgiris.lt\/zalgiris-grizo-i-pergaliu-kelia-klaipedoje-itikinamai-atsirevansavo-dziugui\/","name":"Gr\u012f\u017eta \u012f pergali\u0173 keli\u0105 \u2013 Klaip\u0117doje atsirevan\u0161uota \u201eD\u017eiugui\u201c - FK \u017dalgiris","isPartOf":{"@id":"https:\/\/fkzalgiris.lt\/#website"},"primaryImageOfPage":{"@id":"https:\/\/fkzalgiris.lt\/zalgiris-grizo-i-pergaliu-kelia-klaipedoje-itikinamai-atsirevansavo-dziugui\/#primaryimage"},"image":{"@id":"https:\/\/fkzalgiris.lt\/zalgiris-grizo-i-pergaliu-kelia-klaipedoje-itikinamai-atsirevansavo-dziugui\/#primaryimage"},"thumbnailUrl":"https:\/\/fkzalgiris.lt\/wp-content\/uploads\/2026\/04\/X2_0118-scaled.jpg","datePublished":"2026-04-26T16:03:37+00:00","dateModified":"2026-04-26T22:37:36+00:00","breadcrumb":{"@id":"https:\/\/fkzalgiris.lt\/zalgiris-grizo-i-pergaliu-kelia-klaipedoje-itikinamai-atsirevansavo-dziugui\/#breadcrumb"},"inLanguage":"lt-LT","potentialAction":[{"@type":"ReadAction","target":["https:\/\/fkzalgiris.lt\/zalgiris-grizo-i-pergaliu-kelia-klaipedoje-itikinamai-atsirevansavo-dziugui\/"]}]},{"@type":"ImageObject","inLanguage":"lt-LT","@id":"https:\/\/fkzalgiris.lt\/zalgiris-grizo-i-pergaliu-kelia-klaipedoje-itikinamai-atsirevansavo-dziugui\/#primaryimage","url":"https:\/\/fkzalgiris.lt\/wp-content\/uploads\/2026\/04\/X2_0118-scaled.jpg","contentUrl":"https:\/\/fkzalgiris.lt\/wp-content\/uploads\/2026\/04\/X2_0118-scaled.jpg","width":2560,"height":1707},{"@type":"BreadcrumbList","@id":"https:\/\/fkzalgiris.lt\/zalgiris-grizo-i-pergaliu-kelia-klaipedoje-itikinamai-atsirevansavo-dziugui\/#breadcrumb","itemListElement":[{"@type":"ListItem","position":1,"name":"Home","item":"https:\/\/fkzalgiris.lt\/"},{"@type":"ListItem","position":2,"name":"Gr\u012f\u017eta \u012f pergali\u0173 keli\u0105 \u2013 Klaip\u0117doje atsirevan\u0161uota \u201eD\u017eiugui\u201c"}]},{"@type":"WebSite","@id":"https:\/\/fkzalgiris.lt\/#website","url":"https:\/\/fkzalgiris.lt\/","name":"FK \u017dalgiris","description":"oficiali Vilniaus \u201e\u017dalgirio\u201c futbolo klubo svetain\u0117","publisher":{"@id":"https:\/\/fkzalgiris.lt\/#organization"},"potentialAction":[{"@type":"SearchAction","target":{"@type":"EntryPoint","urlTemplate":"https:\/\/fkzalgiris.lt\/?s={search_term_string}"},"query-input":{"@type":"PropertyValueSpecification","valueRequired":true,"valueName":"search_term_string"}}],"inLanguage":"lt-LT"},{"@type":"Organization","@id":"https:\/\/fkzalgiris.lt\/#organization","name":"FK \u017dalgiris","url":"https:\/\/fkzalgiris.lt\/","logo":{"@type":"ImageObject","inLanguage":"lt-LT","@id":"https:\/\/fkzalgiris.lt\/#\/schema\/logo\/image\/","url":"https:\/\/fkzalgiris.lt\/wp-content\/uploads\/2024\/01\/horiz-FK-Zalgiris-logo-2015.png","contentUrl":"https:\/\/fkzalgiris.lt\/wp-content\/uploads\/2024\/01\/horiz-FK-Zalgiris-logo-2015.png","width":3073,"height":2048,"caption":"FK \u017dalgiris"},"image":{"@id":"https:\/\/fkzalgiris.lt\/#\/schema\/logo\/image\/"},"sameAs":["https:\/\/www.facebook.com\/fkzalgiris\/","https:\/\/x.com\/fkzalgiris","https:\/\/www.instagram.com\/fkzalgiris\/","https:\/\/www.youtube.com\/channel\/UC1ag8JLxGirltMUoLlzfZLA"]},{"@type":"Person","@id":"https:\/\/fkzalgiris.lt\/#\/schema\/person\/4f9d803317bb1803c6736492969126dd","name":"Vytenis Kazlauskas"}]}},"_links":{"self":[{"href":"https:\/\/fkzalgiris.lt\/api\/wp\/v2\/posts\/47349","targetHints":{"allow":["GET"]}}],"collection":[{"href":"https:\/\/fkzalgiris.lt\/api\/wp\/v2\/posts"}],"about":[{"href":"https:\/\/fkzalgiris.lt\/api\/wp\/v2\/types\/post"}],"author":[{"embeddable":true,"href":"https:\/\/fkzalgiris.lt\/api\/wp\/v2\/users\/21"}],"replies":[{"embeddable":true,"href":"https:\/\/fkzalgiris.lt\/api\/wp\/v2\/comments?post=47349"}],"version-history":[{"count":9,"href":"https:\/\/fkzalgiris.lt\/api\/wp\/v2\/posts\/47349\/revisions"}],"predecessor-version":[{"id":47368,"href":"https:\/\/fkzalgiris.lt\/api\/wp\/v2\/posts\/47349\/revisions\/47368"}],"wp:attachment":[{"href":"https:\/\/fkzalgiris.lt\/api\/wp\/v2\/media?parent=47349"}],"wp:term":[{"taxonomy":"category","embeddable":true,"href":"https:\/\/fkzalgiris.lt\/api\/wp\/v2\/categories?post=47349"}],"curies":[{"name":"wp","href":"https:\/\/api.w.org\/{rel}","templated":true}]}}